{"id":10522,"date":"2023-09-20T16:06:44","date_gmt":"2023-09-20T16:06:44","guid":{"rendered":"https:\/\/www.carroaluguel.com\/blog\/?p=10522"},"modified":"2025-07-30T14:41:02","modified_gmt":"2025-07-30T14:41:02","slug":"cidades-proximas-ao-rio-de-janeiro-para-visitar-de-carro","status":"publish","type":"post","link":"https:\/\/www.carroaluguel.com\/blog\/cidades-proximas-ao-rio-de-janeiro-para-visitar-de-carro\/","title":{"rendered":"17 cidades pr\u00f3ximas ao Rio de Janeiro para visitar de carro"},"content":{"rendered":"<p>O estado do Rio de Janeiro \u00e9 frequentemente associado \u00e0s suas famosas paisagens urbanas e praias da capital, mas a verdadeira magia come\u00e7a a se revelar quando se parte em uma viagem explorando seus arredores. Cada curva das estradas pode revelar um peda\u00e7o escondido do para\u00edso, seja na forma de um vilarejo hist\u00f3rico, uma praia intocada ou uma montanha que promete as vistas mais espetaculares. Nessas jornadas, cada destino tem sua pr\u00f3pria hist\u00f3ria, seu pr\u00f3prio sabor e seu pr\u00f3prio ritmo esperando ser descoberto por viajantes aventureiros.<\/p>\n<p>Se voc\u00ea est\u00e1 buscando experi\u00eancias aut\u00eanticas e ricas, que abrangem desde a vibrante vida cultural at\u00e9 retiros tranquilos em meio \u00e0 natureza, n\u00e3o h\u00e1 melhor maneira de explorar essas preciosidades do que no conforto do seu pr\u00f3prio ve\u00edculo. A liberdade de viajar no seu ritmo, fazer pausas espont\u00e2neas e mergulhar profundamente na ess\u00eancia de cada lugar, transforma a viagem em uma experi\u00eancia personalizada e inesquec\u00edvel.<\/p>\n<p>Ent\u00e3o, por que esperar? H\u00e1 um universo de descobertas logo ali, a apenas uma chave de igni\u00e7\u00e3o de dist\u00e2ncia!<\/p>\n<h2>Niter\u00f3i<\/h2>\n<p><strong>Dist\u00e2ncia do Rio:<\/strong> apenas 13 km, pela ic\u00f4nica Ponte Rio-Niter\u00f3i.<\/p>\n<div id=\"attachment_10503\" style=\"width: 811px\" class=\"wp-caption aligncenter\"><img decoding=\"async\" aria-describedby=\"caption-attachment-10503\" class=\"lazyload wp-image-10503 size-full\" src=\"https:\/\/www.carroaluguel.com\/blog\/wp-content\/uploads\/2023\/09\/Artboard-2-copia-100.webp\" data-orig-src=\"https:\/\/www.carroaluguel.com\/blog\/wp-content\/uploads\/2023\/09\/Artboard-2-copia-100.webp\" alt=\"Museu de Arte Contempor\u00e2nea (MAC) em Niter\u00f3i\" width=\"801\" height=\"601\" srcset=\"data:image\/svg+xml,%3Csvg%20xmlns%3D%27http%3A%2F%2Fwww.w3.org%2F2000%2Fsvg%27%20width%3D%27801%27%20height%3D%27601%27%20viewBox%3D%270%200%20801%20601%27%3E%3Crect%20width%3D%27801%27%20height%3D%27601%27%20fill-opacity%3D%220%22%2F%3E%3C%2Fsvg%3E\" data-srcset=\"https:\/\/www.carroaluguel.com\/blog\/wp-content\/uploads\/2023\/09\/Artboard-2-copia-100-200x150.webp 200w, https:\/\/www.carroaluguel.com\/blog\/wp-content\/uploads\/2023\/09\/Artboard-2-copia-100-300x225.webp 300w, https:\/\/www.carroaluguel.com\/blog\/wp-content\/uploads\/2023\/09\/Artboard-2-copia-100-400x300.webp 400w, https:\/\/www.carroaluguel.com\/blog\/wp-content\/uploads\/2023\/09\/Artboard-2-copia-100-600x450.webp 600w, https:\/\/www.carroaluguel.com\/blog\/wp-content\/uploads\/2023\/09\/Artboard-2-copia-100-768x576.webp 768w, https:\/\/www.carroaluguel.com\/blog\/wp-content\/uploads\/2023\/09\/Artboard-2-copia-100.webp 801w\" data-sizes=\"auto\" data-orig-sizes=\"(max-width: 801px) 100vw, 801px\" \/><p id=\"caption-attachment-10503\" class=\"wp-caption-text\">Niter\u00f3i<\/p><\/div>\n<p>Nas cercanias da Ba\u00eda de Guanabara, Niter\u00f3i se ergue n\u00e3o apenas como a irm\u00e3 do Rio de Janeiro, mas como um epicentro de riqueza cultural e belezas naturais. O horizonte da cidade \u00e9 pontuado pelo marcante Museu de Arte Contempor\u00e2nea, fruto da imagina\u00e7\u00e3o de Oscar Niemeyer. Tal estrutura n\u00e3o s\u00f3 abriga as preciosidades da arte moderna, mas tamb\u00e9m \u00e9, em si, uma joia arquitet\u00f4nica.<\/p>\n<p>No entanto, o vibrante pulso cultural da cidade n\u00e3o se resume ao seu famoso museu. Pelas vias de Niter\u00f3i, teatros, ateli\u00eas e espa\u00e7os culturais diversificados mant\u00eam o esp\u00edrito criativo em ebuli\u00e7\u00e3o.<\/p>\n<p>Para quem aprecia espa\u00e7os verdes e vistas impressionantes, o Parque da Cidade \u00e9 outro destino essencial. Com panoramas que abarcam o Rio de Janeiro, este ref\u00fagio natural \u00e9 perfeito para piqueniques, aventuras de parapente ou momentos de aprecia\u00e7\u00e3o do crep\u00fasculo sobre a ba\u00eda.<\/p>\n<p>J\u00e1 a Praia de Icara\u00ed convida com sua faixa de areia cintilante e \u00e1guas tranquilas, configurando-se como um santu\u00e1rio para os dias ensolarados ou caminhadas ao anoitecer.<\/p>\n<p>Niter\u00f3i \u00e9 um reduto de sabores aut\u00eanticos, destacando-se a tradicional &#8220;Peixada \u00e0 Niteroiense&#8221; e os saborosos &#8220;Bolinhos de Bacalhau&#8221;. O Mercado S\u00e3o Pedro \u00e9 um marco, oferecendo peixes e frutos do mar frescos, enquanto a regi\u00e3o da Cantareira re\u00fane bares e restaurantes que real\u00e7am a ess\u00eancia da culin\u00e1ria local \u00e0 beira da Ba\u00eda de Guanabara.<\/p>\n<p>A melhor janela para se encantar por Niter\u00f3i \u00e9 entre maio e setembro, quando o clima amig\u00e1vel torna a explora\u00e7\u00e3o das atra\u00e7\u00f5es da cidade ainda mais prazerosa.<\/p>\n<h2>Cabo Frio<\/h2>\n<p><strong>Dist\u00e2ncia do Rio:<\/strong> aproximadamente 155 km.<\/p>\n<div id=\"attachment_10508\" style=\"width: 811px\" class=\"wp-caption aligncenter\"><img decoding=\"async\" aria-describedby=\"caption-attachment-10508\" class=\"lazyload wp-image-10508 size-full\" src=\"https:\/\/www.carroaluguel.com\/blog\/wp-content\/uploads\/2023\/09\/Artboard-2-copy-3-copia-2-100.webp\" data-orig-src=\"https:\/\/www.carroaluguel.com\/blog\/wp-content\/uploads\/2023\/09\/Artboard-2-copy-3-copia-2-100.webp\" alt=\"Canh\u00f5es no Forte S\u00e3o Matheus em Cabo Frio\" width=\"801\" height=\"601\" srcset=\"data:image\/svg+xml,%3Csvg%20xmlns%3D%27http%3A%2F%2Fwww.w3.org%2F2000%2Fsvg%27%20width%3D%27801%27%20height%3D%27601%27%20viewBox%3D%270%200%20801%20601%27%3E%3Crect%20width%3D%27801%27%20height%3D%27601%27%20fill-opacity%3D%220%22%2F%3E%3C%2Fsvg%3E\" data-srcset=\"https:\/\/www.carroaluguel.com\/blog\/wp-content\/uploads\/2023\/09\/Artboard-2-copy-3-copia-2-100-200x150.webp 200w, https:\/\/www.carroaluguel.com\/blog\/wp-content\/uploads\/2023\/09\/Artboard-2-copy-3-copia-2-100-300x225.webp 300w, https:\/\/www.carroaluguel.com\/blog\/wp-content\/uploads\/2023\/09\/Artboard-2-copy-3-copia-2-100-400x300.webp 400w, https:\/\/www.carroaluguel.com\/blog\/wp-content\/uploads\/2023\/09\/Artboard-2-copy-3-copia-2-100-600x450.webp 600w, https:\/\/www.carroaluguel.com\/blog\/wp-content\/uploads\/2023\/09\/Artboard-2-copy-3-copia-2-100-768x576.webp 768w, https:\/\/www.carroaluguel.com\/blog\/wp-content\/uploads\/2023\/09\/Artboard-2-copy-3-copia-2-100.webp 801w\" data-sizes=\"auto\" data-orig-sizes=\"(max-width: 801px) 100vw, 801px\" \/><p id=\"caption-attachment-10508\" class=\"wp-caption-text\">Cabo Frio<\/p><\/div>\n<p>Nas margens da Regi\u00e3o dos Lagos, Cabo Frio se destaca com sua rica tape\u00e7aria de praias cintilantes, patrim\u00f4nio hist\u00f3rico e saborosa gastronomia. A Praia do Forte \u00e9 um espet\u00e1culo \u00e0 parte: sua extensa faixa de areia luminosa se une a um mar de tom azul-turquesa, tudo sob a vigil\u00e2ncia do hist\u00f3rico Forte S\u00e3o Mateus, sentinela do s\u00e9culo XVII que guarda muitos epis\u00f3dios do passado.<\/p>\n<p>Ao explorar a cidade, n\u00e3o se pode ignorar o Bairro da Passagem. As charmosas ruas de pedra, flanqueadas por constru\u00e7\u00f5es coloniais, transportam os visitantes para os prim\u00f3rdios do Brasil, criando um ambiente de pura nostalgia.<\/p>\n<p>Na culin\u00e1ria, Cabo Frio serve deliciosas especialidades como a &#8220;Moqueca de Peixe \u00e0 Cabo-Friense&#8221; e o crocante &#8220;Pastel de Siri&#8221;, ambos refletindo o riqu\u00edssimo sabor do litoral. E \u00e9 claro, o camar\u00e3o, servido de diversas maneiras, que permanece como o prato emblem\u00e1tico da regi\u00e3o, especialmente em restaurantes \u00e0 beira-mar que proporcionam vistas majestosas para o oceano.<\/p>\n<p>O per\u00edodo entre outubro e dezembro surge como o ideal para conhecer Cabo Frio. \u00c9 uma \u00e9poca em que o sol se apresenta generoso, as margens do oceano acolhem com serenidade, e o munic\u00edpio ressoa em ritmo animado e festivo.<\/p>\n<h2>B\u00fazios<\/h2>\n<p><strong>Dist\u00e2ncia do Rio:<\/strong> aproximadamente 173 km.<\/p>\n<div id=\"attachment_10509\" style=\"width: 811px\" class=\"wp-caption aligncenter\"><img decoding=\"async\" aria-describedby=\"caption-attachment-10509\" class=\"lazyload wp-image-10509 size-full\" src=\"https:\/\/www.carroaluguel.com\/blog\/wp-content\/uploads\/2023\/09\/Artboard-2-copy-3-copia-3-100.webp\" data-orig-src=\"https:\/\/www.carroaluguel.com\/blog\/wp-content\/uploads\/2023\/09\/Artboard-2-copy-3-copia-3-100.webp\" alt=\"Praia da Ferradura em B\u00fazios\" width=\"801\" height=\"601\" srcset=\"data:image\/svg+xml,%3Csvg%20xmlns%3D%27http%3A%2F%2Fwww.w3.org%2F2000%2Fsvg%27%20width%3D%27801%27%20height%3D%27601%27%20viewBox%3D%270%200%20801%20601%27%3E%3Crect%20width%3D%27801%27%20height%3D%27601%27%20fill-opacity%3D%220%22%2F%3E%3C%2Fsvg%3E\" data-srcset=\"https:\/\/www.carroaluguel.com\/blog\/wp-content\/uploads\/2023\/09\/Artboard-2-copy-3-copia-3-100-200x150.webp 200w, https:\/\/www.carroaluguel.com\/blog\/wp-content\/uploads\/2023\/09\/Artboard-2-copy-3-copia-3-100-300x225.webp 300w, https:\/\/www.carroaluguel.com\/blog\/wp-content\/uploads\/2023\/09\/Artboard-2-copy-3-copia-3-100-400x300.webp 400w, https:\/\/www.carroaluguel.com\/blog\/wp-content\/uploads\/2023\/09\/Artboard-2-copy-3-copia-3-100-600x450.webp 600w, https:\/\/www.carroaluguel.com\/blog\/wp-content\/uploads\/2023\/09\/Artboard-2-copy-3-copia-3-100-768x576.webp 768w, https:\/\/www.carroaluguel.com\/blog\/wp-content\/uploads\/2023\/09\/Artboard-2-copy-3-copia-3-100.webp 801w\" data-sizes=\"auto\" data-orig-sizes=\"(max-width: 801px) 100vw, 801px\" \/><p id=\"caption-attachment-10509\" class=\"wp-caption-text\">B\u00fazios<\/p><\/div>\n<p>Considerada a &#8220;Saint-Tropez brasileira&#8221;, B\u00fazios encanta com sua variedade de praias e atmosfera internacional. Cada recanto litor\u00e2neo tem sua peculiaridade: Gerib\u00e1 \u00e9 famosa pelo ambiente jovial e suas ondas, enquanto Ferradura se destaca pelas \u00e1guas pac\u00edficas, ideais para momentos relaxantes.<\/p>\n<p>Al\u00e9m das belezas naturais, o centro da cidade, especialmente a Rua das Pedras, \u00e9 um ponto de interesse. Com um charmoso cal\u00e7ad\u00e3o de pedras irregulares, a \u00e1rea re\u00fane boutiques elegantes, galerias, restaurantes variados e bares vibrantes, tornando-se um atrativo para passeios ao cair da noite.<\/p>\n<p>Na culin\u00e1ria, B\u00fazios exibe uma rica paleta de sabores, principalmente centrada em frutos do mar frescos, como ostras e o tradicional &#8220;Camar\u00e3o na Moranga&#8221;. O local tamb\u00e9m se destaca por sua moqueca, que capta a ess\u00eancia do litoral, e pelo &#8220;Pastel de Siri&#8221;, um petisco crocante e saboroso. Al\u00e9m disso, a influ\u00eancia internacional \u00e9 sentida atrav\u00e9s da diversidade de cozinhas, desde a italiana at\u00e9 a asi\u00e1tica. Sem esquecer, claro, das refrescantes caipirinhas que ganham um toque especial com frutas locais. Muitos desses pratos e bebidas s\u00e3o melhor apreciados em restaurantes \u00e0 beira-mar, que proporcionam vistas majestosas para o oceano.<\/p>\n<p>A dica para quem deseja aproveitar ao m\u00e1ximo \u00e9 visitar entre setembro e novembro. Durante esses meses, as temperaturas s\u00e3o agrad\u00e1veis e os espa\u00e7os tur\u00edsticos menos congestionados, proporcionando uma experi\u00eancia mais tranquila e aut\u00eantica.<\/p>\n<h2>Arraial do Cabo<\/h2>\n<p><strong>Dist\u00e2ncia do Rio:<\/strong> aproximadamente 165 km.<\/p>\n<div id=\"attachment_10505\" style=\"width: 811px\" class=\"wp-caption aligncenter\"><img decoding=\"async\" aria-describedby=\"caption-attachment-10505\" class=\"lazyload wp-image-10505 size-full\" src=\"https:\/\/www.carroaluguel.com\/blog\/wp-content\/uploads\/2023\/09\/Artboard-2-copy-2-copia-3-100.webp\" data-orig-src=\"https:\/\/www.carroaluguel.com\/blog\/wp-content\/uploads\/2023\/09\/Artboard-2-copy-2-copia-3-100.webp\" alt=\"Barcos de turismo ancorados em praia de Arraial do Cabo\" width=\"801\" height=\"601\" srcset=\"data:image\/svg+xml,%3Csvg%20xmlns%3D%27http%3A%2F%2Fwww.w3.org%2F2000%2Fsvg%27%20width%3D%27801%27%20height%3D%27601%27%20viewBox%3D%270%200%20801%20601%27%3E%3Crect%20width%3D%27801%27%20height%3D%27601%27%20fill-opacity%3D%220%22%2F%3E%3C%2Fsvg%3E\" data-srcset=\"https:\/\/www.carroaluguel.com\/blog\/wp-content\/uploads\/2023\/09\/Artboard-2-copy-2-copia-3-100-200x150.webp 200w, https:\/\/www.carroaluguel.com\/blog\/wp-content\/uploads\/2023\/09\/Artboard-2-copy-2-copia-3-100-300x225.webp 300w, https:\/\/www.carroaluguel.com\/blog\/wp-content\/uploads\/2023\/09\/Artboard-2-copy-2-copia-3-100-400x300.webp 400w, https:\/\/www.carroaluguel.com\/blog\/wp-content\/uploads\/2023\/09\/Artboard-2-copy-2-copia-3-100-600x450.webp 600w, https:\/\/www.carroaluguel.com\/blog\/wp-content\/uploads\/2023\/09\/Artboard-2-copy-2-copia-3-100-768x576.webp 768w, https:\/\/www.carroaluguel.com\/blog\/wp-content\/uploads\/2023\/09\/Artboard-2-copy-2-copia-3-100.webp 801w\" data-sizes=\"auto\" data-orig-sizes=\"(max-width: 801px) 100vw, 801px\" \/><p id=\"caption-attachment-10505\" class=\"wp-caption-text\">Arraial do Cabo<\/p><\/div>\n<p>Reconhecido por suas \u00e1guas l\u00edmpidas e areias alvas, Arraial do Cabo \u00e9 frequentemente comparado ao para\u00edso caribenho. Al\u00e9m do passeio pelo Pontal do Atalaia, a cidade ostenta maravilhas naturais como a Prainha, a Gruta Azul e a Praia dos Anjos, de onde se iniciam excurs\u00f5es para a ilha do Farol. O Mirante do Pontal \u00e9 outro ponto de interesse, proporcionando uma perspectiva panor\u00e2mica da regi\u00e3o. Para entusiastas do mergulho, as \u00e1guas transl\u00facidas de Arraial garantem uma visibilidade incr\u00edvel, consolidando o local entre os melhores lugares de mergulho do Brasil.<\/p>\n<p>No \u00e2mbito gastron\u00f4mico, Arraial se destaca pelo predom\u00ednio dos frutos do mar. &#8220;Bolinhos de Bacalhau&#8221;, &#8220;Casquinha de Siri&#8221; e &#8220;Lagosta&#8221; s\u00e3o alguns dos pratos emblem\u00e1ticos. Mesmo a &#8220;Moqueca Capixaba&#8221;, origin\u00e1ria do Esp\u00edrito Santo, encontrou seu lugar nas redondezas, evidenciando a intera\u00e7\u00e3o de tradi\u00e7\u00f5es culin\u00e1rias. E, ap\u00f3s um dia ensolarado, nada melhor que degustar caipirinhas enriquecidas com frutas tropicais da regi\u00e3o.<\/p>\n<p>Para aproveitar a autenticidade de Arraial, a visita entre setembro e novembro \u00e9 recomendada. Durante o per\u00edodo, h\u00e1 menos fluxo de turistas e o ambiente \u00e9 mais acolhedor.<\/p>\n<h2>Silva Jardim<\/h2>\n<p><strong>Dist\u00e2ncia do Rio:<\/strong> aproximadamente 120 km.<\/p>\n<div id=\"attachment_10504\" style=\"width: 811px\" class=\"wp-caption aligncenter\"><img decoding=\"async\" aria-describedby=\"caption-attachment-10504\" class=\"lazyload wp-image-10504 size-full\" src=\"https:\/\/www.carroaluguel.com\/blog\/wp-content\/uploads\/2023\/09\/Artboard-2-copy-2-copia-2-100.webp\" data-orig-src=\"https:\/\/www.carroaluguel.com\/blog\/wp-content\/uploads\/2023\/09\/Artboard-2-copy-2-copia-2-100.webp\" alt=\"Colinas e estrada em Silva Jardim\" width=\"801\" height=\"601\" srcset=\"data:image\/svg+xml,%3Csvg%20xmlns%3D%27http%3A%2F%2Fwww.w3.org%2F2000%2Fsvg%27%20width%3D%27801%27%20height%3D%27601%27%20viewBox%3D%270%200%20801%20601%27%3E%3Crect%20width%3D%27801%27%20height%3D%27601%27%20fill-opacity%3D%220%22%2F%3E%3C%2Fsvg%3E\" data-srcset=\"https:\/\/www.carroaluguel.com\/blog\/wp-content\/uploads\/2023\/09\/Artboard-2-copy-2-copia-2-100-200x150.webp 200w, https:\/\/www.carroaluguel.com\/blog\/wp-content\/uploads\/2023\/09\/Artboard-2-copy-2-copia-2-100-300x225.webp 300w, https:\/\/www.carroaluguel.com\/blog\/wp-content\/uploads\/2023\/09\/Artboard-2-copy-2-copia-2-100-400x300.webp 400w, https:\/\/www.carroaluguel.com\/blog\/wp-content\/uploads\/2023\/09\/Artboard-2-copy-2-copia-2-100-600x450.webp 600w, https:\/\/www.carroaluguel.com\/blog\/wp-content\/uploads\/2023\/09\/Artboard-2-copy-2-copia-2-100-768x576.webp 768w, https:\/\/www.carroaluguel.com\/blog\/wp-content\/uploads\/2023\/09\/Artboard-2-copy-2-copia-2-100.webp 801w\" data-sizes=\"auto\" data-orig-sizes=\"(max-width: 801px) 100vw, 801px\" \/><p id=\"caption-attachment-10504\" class=\"wp-caption-text\">Silva Jardim<\/p><\/div>\n<p>Silva Jardim, localizada no interior do estado do Rio de Janeiro, \u00e9 um ref\u00fagio de belezas naturais e hist\u00f3ria. Reconhecida como uma das principais \u00e1reas de preserva\u00e7\u00e3o da Mata Atl\u00e2ntica, essa cidade cativa seus visitantes com a rica biodiversidade e a tranquilidade que s\u00f3 o interior pode oferecer.<\/p>\n<p>Para os apaixonados por ecoturismo e aventuras, a Reserva Biol\u00f3gica de Po\u00e7o das Antas \u00e9 um dos destaques da regi\u00e3o. O local \u00e9 lar do mico-le\u00e3o-dourado, uma esp\u00e9cie em risco de extin\u00e7\u00e3o e s\u00edmbolo de conserva\u00e7\u00e3o. A trilha leva os visitantes a paisagens de tirar o f\u00f4lego, com cachoeiras, mirantes e oportunidades de observa\u00e7\u00e3o de fauna e flora.<\/p>\n<p>A culin\u00e1ria local tamb\u00e9m \u00e9 um convite \u00e0 descoberta. Silva Jardim orgulha-se de seus pratos t\u00edpicos baseados em peixes de \u00e1gua doce, frutas tropicais e, claro, a tradicional tapioca, que \u00e9 preparada de forma \u00fanica na regi\u00e3o. Um dos eventos mais aguardados \u00e9 o Festival da Tapioca, onde os moradores e visitantes t\u00eam a chance de degustar diversas vers\u00f5es dessa iguaria.<\/p>\n<p>O centro hist\u00f3rico da cidade, com sua arquitetura colonial e pra\u00e7as arborizadas, \u00e9 um \u00f3timo local para um passeio tranquilo e repleto de cultura. Os casar\u00f5es antigos contam hist\u00f3rias do Brasil colonial, e as pequenas lojinhas de artesanato local oferecem produtos \u00fanicos e aut\u00eanticos.<\/p>\n<p>A melhor \u00e9poca para visitar Silva Jardim \u00e9 entre abril e outubro, per\u00edodo em que a cidade tem menos chuvas, facilitando as atividades ao ar livre e explorando as riquezas naturais da regi\u00e3o.<\/p>\n<h2>Angra dos Reis<\/h2>\n<p><strong>Dist\u00e2ncia do Rio:<\/strong> aproximadamente 168 km.<\/p>\n<div id=\"attachment_10512\" style=\"width: 811px\" class=\"wp-caption aligncenter\"><img decoding=\"async\" aria-describedby=\"caption-attachment-10512\" class=\"lazyload wp-image-10512 size-full\" src=\"https:\/\/www.carroaluguel.com\/blog\/wp-content\/uploads\/2023\/09\/Artboard-2-copy-4-copia-3-100.webp\" data-orig-src=\"https:\/\/www.carroaluguel.com\/blog\/wp-content\/uploads\/2023\/09\/Artboard-2-copy-4-copia-3-100.webp\" alt=\"Barco ancorado e turistas em \u00e1gua cristalina de Angra dos Reis\" width=\"801\" height=\"601\" srcset=\"data:image\/svg+xml,%3Csvg%20xmlns%3D%27http%3A%2F%2Fwww.w3.org%2F2000%2Fsvg%27%20width%3D%27801%27%20height%3D%27601%27%20viewBox%3D%270%200%20801%20601%27%3E%3Crect%20width%3D%27801%27%20height%3D%27601%27%20fill-opacity%3D%220%22%2F%3E%3C%2Fsvg%3E\" data-srcset=\"https:\/\/www.carroaluguel.com\/blog\/wp-content\/uploads\/2023\/09\/Artboard-2-copy-4-copia-3-100-200x150.webp 200w, https:\/\/www.carroaluguel.com\/blog\/wp-content\/uploads\/2023\/09\/Artboard-2-copy-4-copia-3-100-300x225.webp 300w, https:\/\/www.carroaluguel.com\/blog\/wp-content\/uploads\/2023\/09\/Artboard-2-copy-4-copia-3-100-400x300.webp 400w, https:\/\/www.carroaluguel.com\/blog\/wp-content\/uploads\/2023\/09\/Artboard-2-copy-4-copia-3-100-600x450.webp 600w, https:\/\/www.carroaluguel.com\/blog\/wp-content\/uploads\/2023\/09\/Artboard-2-copy-4-copia-3-100-768x576.webp 768w, https:\/\/www.carroaluguel.com\/blog\/wp-content\/uploads\/2023\/09\/Artboard-2-copy-4-copia-3-100.webp 801w\" data-sizes=\"auto\" data-orig-sizes=\"(max-width: 801px) 100vw, 801px\" \/><p id=\"caption-attachment-10512\" class=\"wp-caption-text\">Angra dos Reis<\/p><\/div>\n<p>Angra dos Reis \u00e9 mais do que apenas um destino; \u00e9 um mosaico de belezas naturais intercaladas por momentos hist\u00f3ricos. Com um arquip\u00e9lago composto por 365 ilhas, cada peda\u00e7o desse para\u00edso traz uma experi\u00eancia \u00fanica. A Ilha Grande, a mais famosa do conjunto, \u00e9 um ref\u00fagio de biodiversidade e praias que parecem esculpidas \u00e0 m\u00e3o. J\u00e1 no continente, locais como a Praia do Dentista e a Lagoa Azul s\u00e3o cart\u00f5es-postais que encantam por sua vivacidade aqu\u00e1tica e paisagens inigual\u00e1veis.<\/p>\n<p>Por outro lado, a hist\u00f3ria ressoa nas ruas de Angra. A Igreja Matriz, imponente, relata a f\u00e9 e dedica\u00e7\u00e3o dos habitantes, enquanto o Convento S\u00e3o Bernardino de Sena \u00e9 um marco de arquitetura e tradi\u00e7\u00e3o. Juntos, eles contam um cap\u00edtulo vibrante da saga brasileira.<\/p>\n<p>Na gastronomia, Angra se destaca pela variedade. Enquanto a moqueca local \u00e9 preparada com um toque especial de temperos regionais, outros pratos como o &#8220;Peixe \u00e0 Belle Meuni\u00e8re&#8221; e &#8220;Camar\u00f5es na Moranga&#8221; capturam a ess\u00eancia da vida marinha abundante da regi\u00e3o. Tamb\u00e9m vale ressaltar o sabor marcante dos mariscos, que muitas vezes s\u00e3o acompanhados por &#8220;Pur\u00ea de Aipim&#8221;, refletindo uma combina\u00e7\u00e3o \u00fanica do mar com a terra.<\/p>\n<p>Para aproveitar Angra dos Reis em toda sua magnitude, o per\u00edodo entre setembro e novembro \u00e9 o mais indicado. Durante tais meses, o clima \u00e9 mais ameno e a cidade se torna um retiro ideal para quem busca tranquilidade aliada \u00e0 exuber\u00e2ncia natural.<\/p>\n<h2>Ilha Grande<\/h2>\n<p><strong>Dist\u00e2ncia do Rio:<\/strong> aproximadamente 154 km at\u00e9 Mangaratiba, mais a travessia de barco.<\/p>\n<div id=\"attachment_10513\" style=\"width: 811px\" class=\"wp-caption aligncenter\"><img decoding=\"async\" aria-describedby=\"caption-attachment-10513\" class=\"lazyload wp-image-10513 size-full\" src=\"https:\/\/www.carroaluguel.com\/blog\/wp-content\/uploads\/2023\/09\/Artboard-2-copy-4-copia-4-100.webp\" data-orig-src=\"https:\/\/www.carroaluguel.com\/blog\/wp-content\/uploads\/2023\/09\/Artboard-2-copy-4-copia-4-100.webp\" alt=\"Barcos ancorados na orla de Ilha Grande\" width=\"801\" height=\"601\" srcset=\"data:image\/svg+xml,%3Csvg%20xmlns%3D%27http%3A%2F%2Fwww.w3.org%2F2000%2Fsvg%27%20width%3D%27801%27%20height%3D%27601%27%20viewBox%3D%270%200%20801%20601%27%3E%3Crect%20width%3D%27801%27%20height%3D%27601%27%20fill-opacity%3D%220%22%2F%3E%3C%2Fsvg%3E\" data-srcset=\"https:\/\/www.carroaluguel.com\/blog\/wp-content\/uploads\/2023\/09\/Artboard-2-copy-4-copia-4-100-200x150.webp 200w, https:\/\/www.carroaluguel.com\/blog\/wp-content\/uploads\/2023\/09\/Artboard-2-copy-4-copia-4-100-300x225.webp 300w, https:\/\/www.carroaluguel.com\/blog\/wp-content\/uploads\/2023\/09\/Artboard-2-copy-4-copia-4-100-400x300.webp 400w, https:\/\/www.carroaluguel.com\/blog\/wp-content\/uploads\/2023\/09\/Artboard-2-copy-4-copia-4-100-600x450.webp 600w, https:\/\/www.carroaluguel.com\/blog\/wp-content\/uploads\/2023\/09\/Artboard-2-copy-4-copia-4-100-768x576.webp 768w, https:\/\/www.carroaluguel.com\/blog\/wp-content\/uploads\/2023\/09\/Artboard-2-copy-4-copia-4-100.webp 801w\" data-sizes=\"auto\" data-orig-sizes=\"(max-width: 801px) 100vw, 801px\" \/><p id=\"caption-attachment-10513\" class=\"wp-caption-text\">Ilha Grande<\/p><\/div>\n<p>Ilha Grande, uma verdadeira p\u00e9rola no litoral do Rio de Janeiro, \u00e9 reconhecida tanto por sua biodiversidade quanto por suas paisagens de tirar o f\u00f4lego. A praia de Lopes Mendes, com suas areias finas e \u00e1guas l\u00edmpidas, convida \u00e0 contempla\u00e7\u00e3o e ao descanso, enquanto a Praia do Aventureiro, escondida entre coqueiros, \u00e9 o local ideal para os que buscam um ref\u00fagio mais reservado. Al\u00e9m das belezas litor\u00e2neas, a ilha apresenta desafios para os amantes do trekking: a trilha at\u00e9 o Pico do Papagaio \u00e9 um convite irrecus\u00e1vel, levando os mais audaciosos a pontos com vistas panor\u00e2micas do vasto azul atl\u00e2ntico.<\/p>\n<p>A culin\u00e1ria de Ilha Grande \u00e9 uma experi\u00eancia sensorial \u00e0 parte. A abund\u00e2ncia da vida marinha se reflete diretamente nos pratos servidos. Peixadas, ensopados e moquecas s\u00e3o preparados com peixes frescos pescados nas imedia\u00e7\u00f5es. Mariscos e camar\u00f5es tamb\u00e9m t\u00eam destaque, frequentemente apresentados em pratos aromatizados com ervas locais e acompanhados por guarni\u00e7\u00f5es tradicionais, como a farofa e o pir\u00e3o.<\/p>\n<p>Para quem busca desfrutar das maravilhas da Ilha Grande com clima ameno e menor concentra\u00e7\u00e3o de visitantes, os meses de abril a junho s\u00e3o os mais recomendados. Durante esse per\u00edodo, as chuvas s\u00e3o escassas, permitindo explorar cada recanto desta joia fluminense com maior comodidade.<\/p>\n<h2>Paraty<\/h2>\n<p><strong>Dist\u00e2ncia do Rio:<\/strong> aproximadamente 258 km.<\/p>\n<div id=\"attachment_10514\" style=\"width: 811px\" class=\"wp-caption aligncenter\"><img decoding=\"async\" aria-describedby=\"caption-attachment-10514\" class=\"lazyload wp-image-10514 size-full\" src=\"https:\/\/www.carroaluguel.com\/blog\/wp-content\/uploads\/2023\/09\/Artboard-2-copy-4-copia-5-100.webp\" data-orig-src=\"https:\/\/www.carroaluguel.com\/blog\/wp-content\/uploads\/2023\/09\/Artboard-2-copy-4-copia-5-100.webp\" alt=\"Turistas nadando em praia de Paraty\" width=\"801\" height=\"600\" srcset=\"data:image\/svg+xml,%3Csvg%20xmlns%3D%27http%3A%2F%2Fwww.w3.org%2F2000%2Fsvg%27%20width%3D%27801%27%20height%3D%27600%27%20viewBox%3D%270%200%20801%20600%27%3E%3Crect%20width%3D%27801%27%20height%3D%27600%27%20fill-opacity%3D%220%22%2F%3E%3C%2Fsvg%3E\" data-srcset=\"https:\/\/www.carroaluguel.com\/blog\/wp-content\/uploads\/2023\/09\/Artboard-2-copy-4-copia-5-100-200x150.webp 200w, https:\/\/www.carroaluguel.com\/blog\/wp-content\/uploads\/2023\/09\/Artboard-2-copy-4-copia-5-100-300x225.webp 300w, https:\/\/www.carroaluguel.com\/blog\/wp-content\/uploads\/2023\/09\/Artboard-2-copy-4-copia-5-100-400x300.webp 400w, https:\/\/www.carroaluguel.com\/blog\/wp-content\/uploads\/2023\/09\/Artboard-2-copy-4-copia-5-100-600x449.webp 600w, https:\/\/www.carroaluguel.com\/blog\/wp-content\/uploads\/2023\/09\/Artboard-2-copy-4-copia-5-100-768x575.webp 768w, https:\/\/www.carroaluguel.com\/blog\/wp-content\/uploads\/2023\/09\/Artboard-2-copy-4-copia-5-100.webp 801w\" data-sizes=\"auto\" data-orig-sizes=\"(max-width: 801px) 100vw, 801px\" \/><p id=\"caption-attachment-10514\" class=\"wp-caption-text\">Paraty<\/p><\/div>\n<p>Paraty \u00e9 um lugar onde o tempo parece ter parado para admirar a harmonia entre cultura e natureza. Seu centro hist\u00f3rico, protegido por uma moldura de montanhas cobertas de Mata Atl\u00e2ntica, \u00e9 uma verdadeira viagem ao passado. As ruas, pavimentadas com pedras p\u00e9-de-moleque, conduzem turistas por entre casar\u00f5es seculares e igrejas barrocas, revelando hist\u00f3rias de cors\u00e1rios e de um Brasil emergente.<\/p>\n<p>E falando em florescer, a vida em Paraty se desdobra al\u00e9m de sua rica tape\u00e7aria arquitet\u00f4nica. A cidade \u00e9 cercada por praias id\u00edlicas e cachoeiras que descem das montanhas, criando recantos de encanto. As ilhas pr\u00f3ximas, como a Ilha do Pelado e a Ilha da Sapeca, s\u00e3o ideais para um dia de mergulho e relaxamento.<\/p>\n<p>A gastronomia local carrega a tradi\u00e7\u00e3o cai\u00e7ara, sendo pratos \u00e0 base de peixes e frutos do mar uma constante. No entanto, o verdadeiro \u00edcone da cidade \u00e9 a cacha\u00e7a artesanal. Com in\u00fameras destilarias espalhadas pela regi\u00e3o, Paraty tornou-se refer\u00eancia em cacha\u00e7a de qualidade, produzida atrav\u00e9s de m\u00e9todos ancestrais. O Festival da Cacha\u00e7a, realizado entre maio e julho, \u00e9 uma \u00f3tima oportunidade para degustar diferentes r\u00f3tulos e entender mais sobre a elabora\u00e7\u00e3o da bebida.<\/p>\n<p>Recomenda-se visitar a cidade durante os meses de maio a julho para desfrutar de um clima ameno e da vibrante atmosfera do festival.<\/p>\n<h2>Valen\u00e7a<\/h2>\n<p><strong>Dist\u00e2ncia do Rio:<\/strong> aproximadamente 158 km.<\/p>\n<div id=\"attachment_10517\" style=\"width: 811px\" class=\"wp-caption aligncenter\"><img decoding=\"async\" aria-describedby=\"caption-attachment-10517\" class=\"lazyload wp-image-10517 size-full\" src=\"https:\/\/www.carroaluguel.com\/blog\/wp-content\/uploads\/2023\/09\/Artboard-2-copy-copia-2-100.webp\" data-orig-src=\"https:\/\/www.carroaluguel.com\/blog\/wp-content\/uploads\/2023\/09\/Artboard-2-copy-copia-2-100.webp\" alt=\"Catedral Nossa Senhora da Gl\u00f3ria em Valen\u00e7a\" width=\"801\" height=\"601\" srcset=\"data:image\/svg+xml,%3Csvg%20xmlns%3D%27http%3A%2F%2Fwww.w3.org%2F2000%2Fsvg%27%20width%3D%27801%27%20height%3D%27601%27%20viewBox%3D%270%200%20801%20601%27%3E%3Crect%20width%3D%27801%27%20height%3D%27601%27%20fill-opacity%3D%220%22%2F%3E%3C%2Fsvg%3E\" data-srcset=\"https:\/\/www.carroaluguel.com\/blog\/wp-content\/uploads\/2023\/09\/Artboard-2-copy-copia-2-100-200x150.webp 200w, https:\/\/www.carroaluguel.com\/blog\/wp-content\/uploads\/2023\/09\/Artboard-2-copy-copia-2-100-300x225.webp 300w, https:\/\/www.carroaluguel.com\/blog\/wp-content\/uploads\/2023\/09\/Artboard-2-copy-copia-2-100-400x300.webp 400w, https:\/\/www.carroaluguel.com\/blog\/wp-content\/uploads\/2023\/09\/Artboard-2-copy-copia-2-100-600x450.webp 600w, https:\/\/www.carroaluguel.com\/blog\/wp-content\/uploads\/2023\/09\/Artboard-2-copy-copia-2-100-768x576.webp 768w, https:\/\/www.carroaluguel.com\/blog\/wp-content\/uploads\/2023\/09\/Artboard-2-copy-copia-2-100.webp 801w\" data-sizes=\"auto\" data-orig-sizes=\"(max-width: 801px) 100vw, 801px\" \/><p id=\"caption-attachment-10517\" class=\"wp-caption-text\">Valen\u00e7a<\/p><\/div>\n<p>Localizada no Vale do Caf\u00e9, Valen\u00e7a \u00e9 um munic\u00edpio que mistura hist\u00f3ria, esplendor natural e um ambiente receptivo. No passado, destacou-se como uma das primordiais produtoras de caf\u00e9 do Brasil, e seu legado permanece evidente nas antigas fazendas que adornam a paisagem.<\/p>\n<p>Inicie sua jornada pelo Centro Hist\u00f3rico, onde a arquitetura colonial convive com lojas e ateli\u00eas dedicados ao artesanato local. O Santu\u00e1rio de Nossa Senhora da Gl\u00f3ria, situado em uma eleva\u00e7\u00e3o, proporciona uma vis\u00e3o ampla do munic\u00edpio e \u00e9 o local perfeito para apreciar o p\u00f4r do sol.<\/p>\n<p>O Parque Natural Municipal do A\u00e7ude da Conc\u00f3rdia emerge como uma das principais belezas naturais de Valen\u00e7a. Com rotas para caminhadas, cascatas e um lago, torna-se o ambiente ideal para relaxar e se reconectar com a natureza.<\/p>\n<p>A culin\u00e1ria de Valen\u00e7a \u00e9 diversificada e saborosa. Os destaques s\u00e3o o &#8220;Feij\u00e3o Amigo&#8221; e o &#8220;Frango \u00e0 Pururuca&#8221;. Ademais, doces elaborados com caf\u00e9, reminisc\u00eancia da \u00e9poca dourada do local, s\u00e3o essenciais na sua visita.<\/p>\n<p>Recomenda-se conhecer Valen\u00e7a de abril a setembro, per\u00edodo em que o clima \u00e9 agrad\u00e1vel e ocorrem in\u00fameros eventos culturais, como o Festival do Caf\u00e9.<\/p>\n<h2>Rio das Flores<\/h2>\n<p><strong>Dist\u00e2ncia do Rio:<\/strong> aproximadamente 185 km.<\/p>\n<div id=\"attachment_10502\" style=\"width: 811px\" class=\"wp-caption aligncenter\"><img decoding=\"async\" aria-describedby=\"caption-attachment-10502\" class=\"lazyload wp-image-10502 size-full\" src=\"https:\/\/www.carroaluguel.com\/blog\/wp-content\/uploads\/2023\/09\/Artboard-2-copia-2-100.webp\" data-orig-src=\"https:\/\/www.carroaluguel.com\/blog\/wp-content\/uploads\/2023\/09\/Artboard-2-copia-2-100.webp\" alt=\"Homem andando em estrada de Rio das Flores\" width=\"801\" height=\"601\" srcset=\"data:image\/svg+xml,%3Csvg%20xmlns%3D%27http%3A%2F%2Fwww.w3.org%2F2000%2Fsvg%27%20width%3D%27801%27%20height%3D%27601%27%20viewBox%3D%270%200%20801%20601%27%3E%3Crect%20width%3D%27801%27%20height%3D%27601%27%20fill-opacity%3D%220%22%2F%3E%3C%2Fsvg%3E\" data-srcset=\"https:\/\/www.carroaluguel.com\/blog\/wp-content\/uploads\/2023\/09\/Artboard-2-copia-2-100-200x150.webp 200w, https:\/\/www.carroaluguel.com\/blog\/wp-content\/uploads\/2023\/09\/Artboard-2-copia-2-100-300x225.webp 300w, https:\/\/www.carroaluguel.com\/blog\/wp-content\/uploads\/2023\/09\/Artboard-2-copia-2-100-400x300.webp 400w, https:\/\/www.carroaluguel.com\/blog\/wp-content\/uploads\/2023\/09\/Artboard-2-copia-2-100-600x450.webp 600w, https:\/\/www.carroaluguel.com\/blog\/wp-content\/uploads\/2023\/09\/Artboard-2-copia-2-100-768x576.webp 768w, https:\/\/www.carroaluguel.com\/blog\/wp-content\/uploads\/2023\/09\/Artboard-2-copia-2-100.webp 801w\" data-sizes=\"auto\" data-orig-sizes=\"(max-width: 801px) 100vw, 801px\" \/><p id=\"caption-attachment-10502\" class=\"wp-caption-text\">Rio das Flores<\/p><\/div>\n<p>Rio das Flores \u00e9 uma das joias escondidas do Estado do Rio de Janeiro. Encravada entre montanhas e rios cristalinos, essa localidade proporciona aos seus visitantes um verdadeiro respiro longe da agita\u00e7\u00e3o urbana.<\/p>\n<p>Sua hist\u00f3ria \u00e9 profundamente ligada ao Ciclo do Caf\u00e9. Os casar\u00f5es e fazendas seculares s\u00e3o testemunhos vivos dessa \u00e9poca. A Fazenda Uni\u00e3o e a Fazenda do Para\u00edzo s\u00e3o propriedades que transportam o visitante diretamente para o s\u00e9culo XIX, com seus jardins bem cuidados, arquitetura imponente e hist\u00f3rias fascinantes.<\/p>\n<p>Para quem busca contato com a natureza, Rio das Flores \u00e9 um verdadeiro o\u00e1sis. As cachoeiras, como a do Galo e a do Fundo, s\u00e3o imperd\u00edveis, assim como as trilhas que cortam a Mata Atl\u00e2ntica, proporcionando vistas panor\u00e2micas de tirar o f\u00f4lego.<\/p>\n<p>A gastronomia do munic\u00edpio \u00e9 variada e saborosa. O local \u00e9 conhecido por seus pratos \u00e0 base de truta, um peixe que se adapta perfeitamente ao clima da regi\u00e3o. E os doces artesanais, como compotas e geleias feitas com frutas locais, s\u00e3o um deleite para quem passa por l\u00e1.<\/p>\n<p>O per\u00edodo entre junho e setembro \u00e9 especialmente convidativo para quem visita Rio das Flores. Com temperaturas amenas e um cen\u00e1rio em plena flora\u00e7\u00e3o, o munic\u00edpio justifica plenamente seu nome.<\/p>\n<h2>Vassouras<\/h2>\n<p><strong>Dist\u00e2ncia do Rio:<\/strong> aproximadamente 119 km.<\/p>\n<div id=\"attachment_10510\" style=\"width: 811px\" class=\"wp-caption aligncenter\"><img decoding=\"async\" aria-describedby=\"caption-attachment-10510\" class=\"lazyload wp-image-10510 size-full\" src=\"https:\/\/www.carroaluguel.com\/blog\/wp-content\/uploads\/2023\/09\/Artboard-2-copy-3-copia-4-100.webp\" data-orig-src=\"https:\/\/www.carroaluguel.com\/blog\/wp-content\/uploads\/2023\/09\/Artboard-2-copy-3-copia-4-100.webp\" alt=\"Pra\u00e7a Bar\u00e3o de Campo Belo em Vassouras\" width=\"801\" height=\"601\" srcset=\"data:image\/svg+xml,%3Csvg%20xmlns%3D%27http%3A%2F%2Fwww.w3.org%2F2000%2Fsvg%27%20width%3D%27801%27%20height%3D%27601%27%20viewBox%3D%270%200%20801%20601%27%3E%3Crect%20width%3D%27801%27%20height%3D%27601%27%20fill-opacity%3D%220%22%2F%3E%3C%2Fsvg%3E\" data-srcset=\"https:\/\/www.carroaluguel.com\/blog\/wp-content\/uploads\/2023\/09\/Artboard-2-copy-3-copia-4-100-200x150.webp 200w, https:\/\/www.carroaluguel.com\/blog\/wp-content\/uploads\/2023\/09\/Artboard-2-copy-3-copia-4-100-300x225.webp 300w, https:\/\/www.carroaluguel.com\/blog\/wp-content\/uploads\/2023\/09\/Artboard-2-copy-3-copia-4-100-400x300.webp 400w, https:\/\/www.carroaluguel.com\/blog\/wp-content\/uploads\/2023\/09\/Artboard-2-copy-3-copia-4-100-600x450.webp 600w, https:\/\/www.carroaluguel.com\/blog\/wp-content\/uploads\/2023\/09\/Artboard-2-copy-3-copia-4-100-768x576.webp 768w, https:\/\/www.carroaluguel.com\/blog\/wp-content\/uploads\/2023\/09\/Artboard-2-copy-3-copia-4-100.webp 801w\" data-sizes=\"auto\" data-orig-sizes=\"(max-width: 801px) 100vw, 801px\" \/><p id=\"caption-attachment-10510\" class=\"wp-caption-text\">Vassouras<\/p><\/div>\n<p>Conhecida carinhosamente como &#8220;Cidade dos Bar\u00f5es&#8221;, Vassouras \u00e9 um verdadeiro mergulho na hist\u00f3ria brasileira. Localizada no Vale do Caf\u00e9, foi um dos maiores produtores desse gr\u00e3o no mundo em pleno s\u00e9culo XIX. A riqueza daquele per\u00edodo se reflete nos espl\u00eandidos casar\u00f5es e fazendas hist\u00f3ricas que pontuam a paisagem da regi\u00e3o.<\/p>\n<p>Os amantes da hist\u00f3ria t\u00eam em Vassouras um destino de escolha. A localidade abriga diversas propriedades que remetem ao per\u00edodo de ouro do caf\u00e9, como a Fazenda S\u00e3o Luiz da Boa Sorte e a Fazenda Mulungu Vermelho. Esses locais proporcionam uma vis\u00e3o profunda sobre a vida cotidiana, os costumes e desigualdades daquela sociedade. Uma visita guiada por essas propriedades \u00e9 uma viagem no tempo, crucial para quem deseja entender a forma\u00e7\u00e3o socioecon\u00f4mica do Brasil.<\/p>\n<p>Na culin\u00e1ria, Vassouras combina tradi\u00e7\u00e3o e inova\u00e7\u00e3o. Al\u00e9m dos pratos tradicionais do interior fluminense, como a &#8220;Galinha ao Molho Pardo&#8221; e o &#8220;Feij\u00e3o Amigo&#8221;, a cidade se destaca pela produ\u00e7\u00e3o de cacha\u00e7as artesanais de alta qualidade. Para os entusiastas, explorar as destilarias locais e degustar diferentes r\u00f3tulos se torna uma experi\u00eancia inesquec\u00edvel.<\/p>\n<p>A melhor \u00e9poca para visitar a localidade \u00e9 entre abril e setembro. Nesse per\u00edodo, as temperaturas s\u00e3o mais amenas e ocorrem diversos eventos culturais e hist\u00f3ricos que celebram o legado do caf\u00e9.<\/p>\n<h2>Penedo<\/h2>\n<p><strong>Dist\u00e2ncia do Rio:<\/strong> aproximadamente 170 km.<\/p>\n<div id=\"attachment_10511\" style=\"width: 811px\" class=\"wp-caption aligncenter\"><img decoding=\"async\" aria-describedby=\"caption-attachment-10511\" class=\"lazyload wp-image-10511 size-full\" src=\"https:\/\/www.carroaluguel.com\/blog\/wp-content\/uploads\/2023\/09\/Artboard-2-copy-3-copia-5-100.webp\" data-orig-src=\"https:\/\/www.carroaluguel.com\/blog\/wp-content\/uploads\/2023\/09\/Artboard-2-copy-3-copia-5-100.webp\" alt=\"\u00c1rvore de Natal em alameda de Penedo\" width=\"801\" height=\"601\" srcset=\"data:image\/svg+xml,%3Csvg%20xmlns%3D%27http%3A%2F%2Fwww.w3.org%2F2000%2Fsvg%27%20width%3D%27801%27%20height%3D%27601%27%20viewBox%3D%270%200%20801%20601%27%3E%3Crect%20width%3D%27801%27%20height%3D%27601%27%20fill-opacity%3D%220%22%2F%3E%3C%2Fsvg%3E\" data-srcset=\"https:\/\/www.carroaluguel.com\/blog\/wp-content\/uploads\/2023\/09\/Artboard-2-copy-3-copia-5-100-200x150.webp 200w, https:\/\/www.carroaluguel.com\/blog\/wp-content\/uploads\/2023\/09\/Artboard-2-copy-3-copia-5-100-300x225.webp 300w, https:\/\/www.carroaluguel.com\/blog\/wp-content\/uploads\/2023\/09\/Artboard-2-copy-3-copia-5-100-400x300.webp 400w, https:\/\/www.carroaluguel.com\/blog\/wp-content\/uploads\/2023\/09\/Artboard-2-copy-3-copia-5-100-600x450.webp 600w, https:\/\/www.carroaluguel.com\/blog\/wp-content\/uploads\/2023\/09\/Artboard-2-copy-3-copia-5-100-768x576.webp 768w, https:\/\/www.carroaluguel.com\/blog\/wp-content\/uploads\/2023\/09\/Artboard-2-copy-3-copia-5-100.webp 801w\" data-sizes=\"auto\" data-orig-sizes=\"(max-width: 801px) 100vw, 801px\" \/><p id=\"caption-attachment-10511\" class=\"wp-caption-text\">Penedo<\/p><\/div>\n<p>Penedo \u00e9 um distrito pertencente ao munic\u00edpio de Itatiaia, uma regi\u00e3o que se tornou uma preciosidade no territ\u00f3rio brasileiro, ostentando o t\u00edtulo de \u00fanica col\u00f4nia finlandesa do pa\u00eds. Caracteriza-se por sua serenidade e exuberantes paisagens naturais, tornando-se um ref\u00fagio para aqueles que buscam escapar do caos urbano.<\/p>\n<p>O centro cultural e tur\u00edstico, conhecido como Pequena Finl\u00e2ndia, \u00e9 uma das principais atra\u00e7\u00f5es. L\u00e1, os visitantes se deparam com a charmosa Casa do Papai Noel e com a deslumbrante Cachoeira de Deus. Ambas s\u00e3o paradas obrigat\u00f3rias para quem deseja absorver a ess\u00eancia da localidade.<\/p>\n<p>A culin\u00e1ria de Penedo \u00e9 uma rica mistura de influ\u00eancias brasileiras e finlandesas. No card\u00e1pio, destaca-se o &#8220;Salm\u00e3o ao Molho de Maracuj\u00e1&#8221;, uma del\u00edcia que une a tradi\u00e7\u00e3o n\u00f3rdica do salm\u00e3o com o sabor tropical da fruta.<\/p>\n<p>A melhor \u00e9poca para explorar Penedo \u00e9 entre maio e agosto, per\u00edodo no qual o clima \u00e9 mais ameno e a cidade se mostra ainda mais acolhedora.<\/p>\n<h2>Miguel Pereira<\/h2>\n<p><strong>Dist\u00e2ncia do Rio:<\/strong> aproximadamente 120 km.<\/p>\n<div id=\"attachment_10507\" style=\"width: 811px\" class=\"wp-caption aligncenter\"><img decoding=\"async\" aria-describedby=\"caption-attachment-10507\" class=\"lazyload wp-image-10507 size-full\" src=\"https:\/\/www.carroaluguel.com\/blog\/wp-content\/uploads\/2023\/09\/Artboard-2-copy-2-copia-5-100.webp\" data-orig-src=\"https:\/\/www.carroaluguel.com\/blog\/wp-content\/uploads\/2023\/09\/Artboard-2-copy-2-copia-5-100.webp\" alt=\"Lagoa do Javary com pedalinhos em Miguel Pereira\" width=\"801\" height=\"601\" srcset=\"data:image\/svg+xml,%3Csvg%20xmlns%3D%27http%3A%2F%2Fwww.w3.org%2F2000%2Fsvg%27%20width%3D%27801%27%20height%3D%27601%27%20viewBox%3D%270%200%20801%20601%27%3E%3Crect%20width%3D%27801%27%20height%3D%27601%27%20fill-opacity%3D%220%22%2F%3E%3C%2Fsvg%3E\" data-srcset=\"https:\/\/www.carroaluguel.com\/blog\/wp-content\/uploads\/2023\/09\/Artboard-2-copy-2-copia-5-100-200x150.webp 200w, https:\/\/www.carroaluguel.com\/blog\/wp-content\/uploads\/2023\/09\/Artboard-2-copy-2-copia-5-100-300x225.webp 300w, https:\/\/www.carroaluguel.com\/blog\/wp-content\/uploads\/2023\/09\/Artboard-2-copy-2-copia-5-100-400x300.webp 400w, https:\/\/www.carroaluguel.com\/blog\/wp-content\/uploads\/2023\/09\/Artboard-2-copy-2-copia-5-100-600x450.webp 600w, https:\/\/www.carroaluguel.com\/blog\/wp-content\/uploads\/2023\/09\/Artboard-2-copy-2-copia-5-100-768x576.webp 768w, https:\/\/www.carroaluguel.com\/blog\/wp-content\/uploads\/2023\/09\/Artboard-2-copy-2-copia-5-100.webp 801w\" data-sizes=\"auto\" data-orig-sizes=\"(max-width: 801px) 100vw, 801px\" \/><p id=\"caption-attachment-10507\" class=\"wp-caption-text\">Miguel Pereira<\/p><\/div>\n<p>Situada nas montanhas fluminenses, Miguel Pereira, reconhecida como est\u00e2ncia clim\u00e1tica, \u00e9 um o\u00e1sis de tranquilidade e beleza natural. A altitude m\u00e9dia de 618 metros acima do n\u00edvel do mar concede \u00e0 cidade uma atmosfera \u00fanica, tornando-a um destino preferido para os que buscam ar fresco e serenidade.<\/p>\n<p>O cerne da cidade \u00e9 a Lagoa do Javary. Circundada por uma trilha convidativa para atividades f\u00edsicas, essa lagoa \u00e9 o cen\u00e1rio perfeito para momentos em fam\u00edlia. Diversas op\u00e7\u00f5es de lazer, desde quiosques a pedalinhos, garantem entretenimento para todos. \u00c9 o local perfeito para apreciar um entardecer deslumbrante ou para uma leitura relaxante sob a copa das \u00e1rvores.<\/p>\n<p>Para os aventureiros, a Estrada do Tingu\u00e1 \u00e9 uma viagem imperd\u00edvel, ligando Miguel Pereira a Nova Igua\u00e7u. A rota revela cachoeiras, pontos de interesse e trilhas que adentram a exuberante Mata Atl\u00e2ntica.<\/p>\n<p>A culin\u00e1ria local ganha destaque pela sua autenticidade. Pratos tradicionais, como a &#8220;Feijoada&#8221; e o &#8220;Frango com Quiabo&#8221;, s\u00e3o preparados no fog\u00e3o \u00e0 lenha, evocando mem\u00f3rias de comida caseira. Contudo, a inova\u00e7\u00e3o tamb\u00e9m tem espa\u00e7o, com estabelecimentos que oferecem combina\u00e7\u00f5es contempor\u00e2neas de sabores regionais e internacionais.<\/p>\n<p>A marca registrada de Miguel Pereira \u00e9 seu clima ameno, tornando a cidade convidativa o ano todo. Por\u00e9m, de maio a agosto, os meses mais frios s\u00e3o ideais para quem anseia pelo aconchego de uma lareira acompanhada de vinho ou chocolate quente.<\/p>\n<h2>Paty do Alferes<\/h2>\n<p><strong>Dist\u00e2ncia do Rio:<\/strong> aproximadamente 127 km.<\/p>\n<div id=\"attachment_10568\" style=\"width: 1210px\" class=\"wp-caption aligncenter\"><img decoding=\"async\" aria-describedby=\"caption-attachment-10568\" class=\"lazyload wp-image-10568 size-full\" src=\"https:\/\/www.carroaluguel.com\/blog\/wp-content\/uploads\/2023\/09\/PATY-DOS-ALFERES-2.jpg\" data-orig-src=\"https:\/\/www.carroaluguel.com\/blog\/wp-content\/uploads\/2023\/09\/PATY-DOS-ALFERES-2.jpg\" alt=\"Regi\u00e3o montanhosa de Paty dos Alferes, com casas ao fundo da colina.\" width=\"1200\" height=\"900\" srcset=\"data:image\/svg+xml,%3Csvg%20xmlns%3D%27http%3A%2F%2Fwww.w3.org%2F2000%2Fsvg%27%20width%3D%271200%27%20height%3D%27900%27%20viewBox%3D%270%200%201200%20900%27%3E%3Crect%20width%3D%271200%27%20height%3D%27900%27%20fill-opacity%3D%220%22%2F%3E%3C%2Fsvg%3E\" data-srcset=\"https:\/\/www.carroaluguel.com\/blog\/wp-content\/uploads\/2023\/09\/PATY-DOS-ALFERES-2-200x150.jpg 200w, https:\/\/www.carroaluguel.com\/blog\/wp-content\/uploads\/2023\/09\/PATY-DOS-ALFERES-2-300x225.jpg 300w, https:\/\/www.carroaluguel.com\/blog\/wp-content\/uploads\/2023\/09\/PATY-DOS-ALFERES-2-400x300.jpg 400w, https:\/\/www.carroaluguel.com\/blog\/wp-content\/uploads\/2023\/09\/PATY-DOS-ALFERES-2-600x450.jpg 600w, https:\/\/www.carroaluguel.com\/blog\/wp-content\/uploads\/2023\/09\/PATY-DOS-ALFERES-2-768x576.jpg 768w, https:\/\/www.carroaluguel.com\/blog\/wp-content\/uploads\/2023\/09\/PATY-DOS-ALFERES-2-800x600.jpg 800w, https:\/\/www.carroaluguel.com\/blog\/wp-content\/uploads\/2023\/09\/PATY-DOS-ALFERES-2-1024x768.jpg 1024w, https:\/\/www.carroaluguel.com\/blog\/wp-content\/uploads\/2023\/09\/PATY-DOS-ALFERES-2.jpg 1200w\" data-sizes=\"auto\" data-orig-sizes=\"(max-width: 1200px) 100vw, 1200px\" \/><p id=\"caption-attachment-10568\" class=\"wp-caption-text\">Paty dos Alferes &#8211; Cr\u00e9dito: PMPA<\/p><\/div>\n<p>Diferentemente de muitas cidades, Paty do Alferes foca na valoriza\u00e7\u00e3o da sua cultura rural e na preserva\u00e7\u00e3o do seu patrim\u00f4nio hist\u00f3rico-cultural. Os visitantes t\u00eam \u00e0 disposi\u00e7\u00e3o uma vasta gama de atra\u00e7\u00f5es, desde estufas de tomate at\u00e9 vin\u00edcolas, al\u00e9m de um sereno bosque com lago, perfeito para passeios matutinos e piqueniques ao entardecer.<\/p>\n<p>A Aldeia de Arcozelo, outrora epicentro de uma grande insurrei\u00e7\u00e3o de escravizados e posteriormente reconhecida como um dos maiores complexos culturais da Am\u00e9rica Latina, est\u00e1 em revitaliza\u00e7\u00e3o. Sua pitoresca \u00e1rea externa pode ser visitada com a autoriza\u00e7\u00e3o da Funarte. O Memorial Vila do Alferes, um casar\u00e3o do s\u00e9c. XIX de entrada gratuita, preserva a hist\u00f3ria da cidade atrav\u00e9s de totens e uma exposi\u00e7\u00e3o itinerante no segundo pavimento.<\/p>\n<p>O pioneiro Museu da Cacha\u00e7a exibe uma impressionante cole\u00e7\u00e3o de garrafas nacionais, levando os visitantes por uma jornada na hist\u00f3ria da aguardente brasileira, culminando em degusta\u00e7\u00f5es e uma exposi\u00e7\u00e3o sobre a influ\u00eancia da madeira na bebida.<\/p>\n<p>Os visitantes tamb\u00e9m t\u00eam a oportunidade de explorar api\u00e1rios e aprender sobre a produ\u00e7\u00e3o de mel e a relev\u00e2ncia das abelhas no ecossistema. Iniciada h\u00e1 quatro anos, a Feira Agroecol\u00f3gica tornou-se um ponto de encontro marcante todos os s\u00e1bados na cidade. Nela, ao som de viola, os frequentadores podem adquirir produtos frescos da agricultura familiar como mel, queijos, doces, geleias e flores.<\/p>\n<p>Paty \u00e9 reconhecida pelo cultivo de orqu\u00eddeas e brom\u00e9lias, onde os entusiastas podem conhecer todo o processo de produ\u00e7\u00e3o dessas flores. A cidade brilha no turismo rural e ecol\u00f3gico. O Bosque Maravilha, acess\u00edvel e gratuito, \u00e9 um local perfeito para caminhadas e contempla\u00e7\u00e3o. N\u00e3o muito distante, o Mirante do Morro do Fama oferece vistas deslumbrantes, especialmente ao p\u00f4r-do-sol.<\/p>\n<p>Para quem busca experi\u00eancias marcantes e pontos instagram\u00e1veis, a cidade oferece passeios com o bugre da Alferes Extremo. Essas aventuras garantem mem\u00f3rias inesquec\u00edveis e fotos extraordin\u00e1rias. O est\u00edmulo ao contato com a terra e suas maravilhas distingue Paty do Alferes, sendo uma raz\u00e3o irrefut\u00e1vel para retornos constantes. Explore e encante-se por Paty!<\/p>\n<p>A gastronomia da cidade tem um sabor especial, com destaque para a produ\u00e7\u00e3o artesanal de doces. Os produtos frescos e \u00fanicos da agricultura familiar s\u00e3o \u00f3timas tenta\u00e7\u00f5es que todos deveriam provar, com destaque para as geleias. H\u00e1 tamb\u00e9m queijos deliciosos! Al\u00e9m disso, o esp\u00edrito festivo permeia a cidade. Podemos citar\u00a0 a &#8220;Festa do Doce&#8221; durante a P\u00e1scoa e a tradicional &#8220;Festa do Tomate&#8221; no Corpus Christi (considerada a maior festa do interior fluminense). Em Paty dos Alferes \u00e9 poss\u00edvel se deliciar com diversas iguarias feitas \u00e0 base desse fruto, como o &#8220;Brigadeiro de Tomate&#8221;, a &#8220;Geleia de Tomate&#8221;, o &#8220;Tomate Grape&#8221; e a deliciosa &#8220;Sopa de tomate&#8221;.<\/p>\n<p>Visitar Paty do Alferes entre abril e setembro \u00e9 ideal. Durante esses meses, a cidade \u00e9 envolvida por um clima mais ameno e as festas oferecem uma experi\u00eancia cultural aut\u00eantica e vibrante.<\/p>\n<h2>Petr\u00f3polis<\/h2>\n<p><strong>Dist\u00e2ncia do Rio:<\/strong> aproximadamente 68 km.<\/p>\n<div id=\"attachment_10506\" style=\"width: 811px\" class=\"wp-caption aligncenter\"><img decoding=\"async\" aria-describedby=\"caption-attachment-10506\" class=\"lazyload wp-image-10506 size-full\" src=\"https:\/\/www.carroaluguel.com\/blog\/wp-content\/uploads\/2023\/09\/Artboard-2-copy-2-copia-4-100.webp\" data-orig-src=\"https:\/\/www.carroaluguel.com\/blog\/wp-content\/uploads\/2023\/09\/Artboard-2-copy-2-copia-4-100.webp\" alt=\"Morro contornado por bairro de Petr\u00f3polis\" width=\"801\" height=\"601\" srcset=\"data:image\/svg+xml,%3Csvg%20xmlns%3D%27http%3A%2F%2Fwww.w3.org%2F2000%2Fsvg%27%20width%3D%27801%27%20height%3D%27601%27%20viewBox%3D%270%200%20801%20601%27%3E%3Crect%20width%3D%27801%27%20height%3D%27601%27%20fill-opacity%3D%220%22%2F%3E%3C%2Fsvg%3E\" data-srcset=\"https:\/\/www.carroaluguel.com\/blog\/wp-content\/uploads\/2023\/09\/Artboard-2-copy-2-copia-4-100-200x150.webp 200w, https:\/\/www.carroaluguel.com\/blog\/wp-content\/uploads\/2023\/09\/Artboard-2-copy-2-copia-4-100-300x225.webp 300w, https:\/\/www.carroaluguel.com\/blog\/wp-content\/uploads\/2023\/09\/Artboard-2-copy-2-copia-4-100-400x300.webp 400w, https:\/\/www.carroaluguel.com\/blog\/wp-content\/uploads\/2023\/09\/Artboard-2-copy-2-copia-4-100-600x450.webp 600w, https:\/\/www.carroaluguel.com\/blog\/wp-content\/uploads\/2023\/09\/Artboard-2-copy-2-copia-4-100-768x576.webp 768w, https:\/\/www.carroaluguel.com\/blog\/wp-content\/uploads\/2023\/09\/Artboard-2-copy-2-copia-4-100.webp 801w\" data-sizes=\"auto\" data-orig-sizes=\"(max-width: 801px) 100vw, 801px\" \/><p id=\"caption-attachment-10506\" class=\"wp-caption-text\">Petr\u00f3polis<\/p><\/div>\n<p>Nas serras fluminenses, Petr\u00f3polis surge como um verdadeiro ref\u00fagio hist\u00f3rico e cultural. Apelidada de &#8220;Cidade Imperial&#8221; devido \u00e0 sua estreita rela\u00e7\u00e3o com a fam\u00edlia real brasileira, a localidade \u00e9 uma combina\u00e7\u00e3o \u00fanica de arquitetura colonial, parques bem cuidados e ruas charmosas.<\/p>\n<p>Petr\u00f3polis \u00e9 uma janela para o passado do Brasil. O Museu Imperial, antiga resid\u00eancia de ver\u00e3o de Dom Pedro II, oferece aos visitantes uma vis\u00e3o detalhada da vida real no s\u00e9culo XIX, com seus jardins majestosos e acervo hist\u00f3rico precioso. Al\u00e9m dele, o Pal\u00e1cio de Cristal, uma estrutura pr\u00e9-fabricada trazida da Fran\u00e7a, \u00e9 um dos cart\u00f5es-postais da cidade, palco de diversos eventos e exposi\u00e7\u00f5es.<\/p>\n<p>Para aqueles que apreciam a arte da cerveja, a Cervejaria Bohemia, a mais antiga do Brasil, \u00e9 uma parada obrigat\u00f3ria. O local oferece visitas guiadas que contam a trajet\u00f3ria da cerveja no pa\u00eds e, claro, degusta\u00e7\u00f5es.<\/p>\n<p>A gastronomia petropolitana tem um sabor inconfund\u00edvel, com destaque para o &#8220;Strudel de Ma\u00e7\u00e3&#8221;, uma heran\u00e7a da forte influ\u00eancia germ\u00e2nica na cidade. As confeitarias e caf\u00e9s da regi\u00e3o tamb\u00e9m servem uma variedade de del\u00edcias que v\u00e3o desde tortas at\u00e9 chocolates artesanais.<\/p>\n<p>A atmosfera de Petr\u00f3polis se torna ainda mais especial entre junho e agosto, durante o Festival de Inverno. Esse per\u00edodo, marcado por temperaturas mais baixas, proporciona aos visitantes uma s\u00e9rie de apresenta\u00e7\u00f5es culturais, concertos e atividades para toda a fam\u00edlia, tornando o momento ideal para explorar todos os encantos da Cidade Imperial.<\/p>\n<h2>Nova Friburgo<\/h2>\n<p><strong>Dist\u00e2ncia do Rio:<\/strong> aproximadamente 140 km.<\/p>\n<div id=\"attachment_10515\" style=\"width: 811px\" class=\"wp-caption aligncenter\"><img decoding=\"async\" aria-describedby=\"caption-attachment-10515\" class=\"lazyload wp-image-10515 size-full\" src=\"https:\/\/www.carroaluguel.com\/blog\/wp-content\/uploads\/2023\/09\/Artboard-2-copy-4-copia-6-100.webp\" data-orig-src=\"https:\/\/www.carroaluguel.com\/blog\/wp-content\/uploads\/2023\/09\/Artboard-2-copy-4-copia-6-100.webp\" alt=\"Pra\u00e7a do Suspiro em Nova Friburgo\" width=\"801\" height=\"601\" srcset=\"data:image\/svg+xml,%3Csvg%20xmlns%3D%27http%3A%2F%2Fwww.w3.org%2F2000%2Fsvg%27%20width%3D%27801%27%20height%3D%27601%27%20viewBox%3D%270%200%20801%20601%27%3E%3Crect%20width%3D%27801%27%20height%3D%27601%27%20fill-opacity%3D%220%22%2F%3E%3C%2Fsvg%3E\" data-srcset=\"https:\/\/www.carroaluguel.com\/blog\/wp-content\/uploads\/2023\/09\/Artboard-2-copy-4-copia-6-100-200x150.webp 200w, https:\/\/www.carroaluguel.com\/blog\/wp-content\/uploads\/2023\/09\/Artboard-2-copy-4-copia-6-100-300x225.webp 300w, https:\/\/www.carroaluguel.com\/blog\/wp-content\/uploads\/2023\/09\/Artboard-2-copy-4-copia-6-100-400x300.webp 400w, https:\/\/www.carroaluguel.com\/blog\/wp-content\/uploads\/2023\/09\/Artboard-2-copy-4-copia-6-100-600x450.webp 600w, https:\/\/www.carroaluguel.com\/blog\/wp-content\/uploads\/2023\/09\/Artboard-2-copy-4-copia-6-100-768x576.webp 768w, https:\/\/www.carroaluguel.com\/blog\/wp-content\/uploads\/2023\/09\/Artboard-2-copy-4-copia-6-100.webp 801w\" data-sizes=\"auto\" data-orig-sizes=\"(max-width: 801px) 100vw, 801px\" \/><p id=\"caption-attachment-10515\" class=\"wp-caption-text\">Nova Friburgo<\/p><\/div>\n<p>Situada na regi\u00e3o serrana do estado do Rio de Janeiro, Nova Friburgo \u00e9 uma combina\u00e7\u00e3o harmoniosa de cultura, natureza e tradi\u00e7\u00e3o. Reconhecida por ser uma das primeiras col\u00f4nias su\u00ed\u00e7as no Brasil, mant\u00e9m vivas as ra\u00edzes europeias em sua arquitetura, festivais e, especialmente, na produ\u00e7\u00e3o de chocolates e queijos.<\/p>\n<p>Para os entusiastas da natureza, o munic\u00edpio \u00e9 um verdadeiro ref\u00fagio. O Parque Estadual dos Tr\u00eas Picos \u00e9 uma excelente op\u00e7\u00e3o para trilhas e vistas impressionantes. J\u00e1 o Pico da Caled\u00f4nia, um dos pontos mais altos da regi\u00e3o, proporciona uma vista espetacular e \u00e9 ideal para os f\u00e3s de montanhismo e escalada.<\/p>\n<p>A Pra\u00e7a do Suspiro, um dos locais mais visitados, \u00e9 um convite para relaxar e desfrutar da atmosfera da serra. Aqui, pode-se encontrar lojinhas de artesanato, caf\u00e9s e at\u00e9 mesmo a primeira esta\u00e7\u00e3o de telef\u00e9rico do Brasil.<\/p>\n<p>Em termos gastron\u00f4micos, Nova Friburgo tamb\u00e9m se destaca. Com uma rica influ\u00eancia su\u00ed\u00e7a e alem\u00e3, fondues, raclettes e chocolates artesanais s\u00e3o irresist\u00edveis. Para quem deseja um sabor diferenciado, os restaurantes oferecem pratos que combinam a cozinha brasileira com toques europeus.<\/p>\n<p>A melhor \u00e9poca para visitar Nova Friburgo \u00e9 entre os meses de maio a setembro, quando o clima \u00e9 mais frio e a cidade realiza diversos festivais, como a tradicional Festa Su\u00ed\u00e7a e o Festival de Inverno, que re\u00fane m\u00fasica, dan\u00e7a e culin\u00e1ria t\u00edpica.<\/p>\n<h2>Teres\u00f3polis<\/h2>\n<p><strong>Dist\u00e2ncia do Rio:<\/strong> aproximadamente 91 km.<\/p>\n<div id=\"attachment_10516\" style=\"width: 811px\" class=\"wp-caption aligncenter\"><img decoding=\"async\" aria-describedby=\"caption-attachment-10516\" class=\"lazyload wp-image-10516 size-full\" src=\"https:\/\/www.carroaluguel.com\/blog\/wp-content\/uploads\/2023\/09\/Artboard-2-copy-4-copia-7-100.webp\" data-orig-src=\"https:\/\/www.carroaluguel.com\/blog\/wp-content\/uploads\/2023\/09\/Artboard-2-copy-4-copia-7-100.webp\" alt=\"Cidade de Teres\u00f3polis com a Serra dos \u00d3rg\u00e3os e o Dedo de Deus ao fundo.\" width=\"801\" height=\"601\" srcset=\"data:image\/svg+xml,%3Csvg%20xmlns%3D%27http%3A%2F%2Fwww.w3.org%2F2000%2Fsvg%27%20width%3D%27801%27%20height%3D%27601%27%20viewBox%3D%270%200%20801%20601%27%3E%3Crect%20width%3D%27801%27%20height%3D%27601%27%20fill-opacity%3D%220%22%2F%3E%3C%2Fsvg%3E\" data-srcset=\"https:\/\/www.carroaluguel.com\/blog\/wp-content\/uploads\/2023\/09\/Artboard-2-copy-4-copia-7-100-200x150.webp 200w, https:\/\/www.carroaluguel.com\/blog\/wp-content\/uploads\/2023\/09\/Artboard-2-copy-4-copia-7-100-300x225.webp 300w, https:\/\/www.carroaluguel.com\/blog\/wp-content\/uploads\/2023\/09\/Artboard-2-copy-4-copia-7-100-400x300.webp 400w, https:\/\/www.carroaluguel.com\/blog\/wp-content\/uploads\/2023\/09\/Artboard-2-copy-4-copia-7-100-600x450.webp 600w, https:\/\/www.carroaluguel.com\/blog\/wp-content\/uploads\/2023\/09\/Artboard-2-copy-4-copia-7-100-768x576.webp 768w, https:\/\/www.carroaluguel.com\/blog\/wp-content\/uploads\/2023\/09\/Artboard-2-copy-4-copia-7-100.webp 801w\" data-sizes=\"auto\" data-orig-sizes=\"(max-width: 801px) 100vw, 801px\" \/><p id=\"caption-attachment-10516\" class=\"wp-caption-text\">Teres\u00f3polis<\/p><\/div>\n<p>Nas alturas da Serra dos \u00d3rg\u00e3os, Teres\u00f3polis \u00e9 um convite \u00e0 contempla\u00e7\u00e3o e aventura. Essa cidade serrana se orgulha de sua rica biodiversidade e paisagens de tirar o f\u00f4lego.<\/p>\n<p>Para os aventureiros, a trilha que leva ao Pico Dedo de Deus n\u00e3o \u00e9 apenas um desafio, mas tamb\u00e9m uma oportunidade \u00fanica de se conectar com a natureza. Do topo, a vista panor\u00e2mica da regi\u00e3o \u00e9 simplesmente espetacular, proporcionando um momento de reflex\u00e3o e admira\u00e7\u00e3o.<\/p>\n<p>Al\u00e9m da natureza exuberante, Teres\u00f3polis \u00e9 rica em cultura e hist\u00f3ria. O Granja Comary, centro de treinamento da Sele\u00e7\u00e3o Brasileira de Futebol, \u00e9 uma visita obrigat\u00f3ria para os f\u00e3s do esporte. Al\u00e9m disso, a Feirinha do Alto oferece uma variedade de produtos artesanais e regionais, perfeita para levar uma lembran\u00e7a da cidade.<\/p>\n<p>A culin\u00e1ria local tem seu charme especial. A truta, comumente servida em molhos e prepara\u00e7\u00f5es diversificadas, \u00e9 um prato imperd\u00edvel. Os restaurantes da cidade, muitos com vistas panor\u00e2micas, oferecem uma experi\u00eancia gastron\u00f4mica acolhedora, complementada pelo clima serrano.<\/p>\n<p>A \u00e9poca ideal para visitar Teres\u00f3polis vai de abril a setembro, per\u00edodo perfeito para realizar trilhas e aproveitar o clima mais ameno da serra.<\/p>\n<h2>Conclus\u00e3o<\/h2>\n<p>Explorar o estado do Rio de Janeiro \u00e9 mergulhar em uma tape\u00e7aria rica de culturas, sabores e paisagens. De encantadoras cidades litor\u00e2neas a pitorescos ref\u00fagios serranos, a diversidade de destinos \u00e9 surpreendente. Cada cidade visitada revela uma faceta \u00fanica desse estado vibrante, oferecendo experi\u00eancias inesquec\u00edveis a cada curva da estrada.<\/p>\n<p>Seja voc\u00ea um aventureiro em busca de trilhas desafiadoras, um amante da gastronomia desejando experimentar pratos regionais ou simplesmente algu\u00e9m em busca de momentos de relaxamento e beleza natural, o Rio de Janeiro tem algo especial reserva do para voc\u00ea. Portanto, ajuste seus espelhos, abaste\u00e7a o tanque e d\u00ea in\u00edcio \u00e0 viagem dos sonhos. A estrada te chama, e maravilhas inexploradas aguardam sua chegada.<\/p>\n<h2>Inicie sua aventura:<\/h2>\n<p>Explorar as riquezas do Rio de Janeiro \u00e9 uma experi\u00eancia ainda mais gratificante quando se tem o ve\u00edculo certo para acompanhar. Viaje com conforto, estilo e a liberdade de escolher seus pr\u00f3prios caminhos. Na nossa plataforma, oferecemos op\u00e7\u00f5es de carros que atendem a todas as suas necessidades de viagem. <strong><a href=\"http:\/\/www.carroaluguel.com\">Alugue conosco<\/a><\/strong> e fa\u00e7a de cada estrada, um novo cap\u00edtulo da sua hist\u00f3ria pelo Rio. Escolha, reserve e acelere rumo \u00e0s maravilhas que esperam por voc\u00ea!<\/p>\n","protected":false},"excerpt":{"rendered":"<p>O estado do Rio de Janeiro \u00e9 frequentemente associado \u00e0s  [&#8230;]<\/p>\n","protected":false},"author":1,"featured_media":10518,"comment_status":"open","ping_status":"open","sticky":false,"template":"","format":"standard","meta":{"footnotes":""},"categories":[317],"tags":[],"class_list":["post-10522","post","type-post","status-publish","format-standard","has-post-thumbnail","hentry","category-dicas-para-viajar"],"yoast_head":"<!-- This site is optimized with the Yoast SEO plugin v27.5 - https:\/\/yoast.com\/product\/yoast-seo-wordpress\/ -->\n<title>17 cidades pr\u00f3ximas ao Rio de Janeiro para visitar de carro<\/title>\n<meta name=\"description\" content=\"Descubra 17 cidades incr\u00edveis perto do Rio de Janeiro para explorar de carro. Dicas de roteiros, gastronomia e melhores \u00e9pocas para visitar.\" \/>\n<meta name=\"robots\" content=\"index, follow, max-snippet:-1, max-image-preview:large, max-video-preview:-1\" \/>\n<link rel=\"canonical\" href=\"https:\/\/www.carroaluguel.com\/blog\/cidades-proximas-ao-rio-de-janeiro-para-visitar-de-carro\/\" \/>\n<meta property=\"og:locale\" content=\"pt_BR\" \/>\n<meta property=\"og:type\" content=\"article\" \/>\n<meta property=\"og:title\" content=\"17 cidades pr\u00f3ximas ao Rio de Janeiro para visitar de carro\" \/>\n<meta property=\"og:description\" content=\"Descubra 17 cidades incr\u00edveis perto do Rio de Janeiro para explorar de carro. Dicas de roteiros, gastronomia e melhores \u00e9pocas para visitar.\" \/>\n<meta property=\"og:url\" content=\"https:\/\/www.carroaluguel.com\/blog\/cidades-proximas-ao-rio-de-janeiro-para-visitar-de-carro\/\" \/>\n<meta property=\"og:site_name\" content=\"Blog CarroAluguel\" \/>\n<meta property=\"article:publisher\" content=\"https:\/\/www.facebook.com\/CarroAluguelBR\" \/>\n<meta property=\"article:published_time\" content=\"2023-09-20T16:06:44+00:00\" \/>\n<meta property=\"article:modified_time\" content=\"2025-07-30T14:41:02+00:00\" \/>\n<meta property=\"og:image\" content=\"https:\/\/www.carroaluguel.com\/blog\/wp-content\/uploads\/2023\/09\/Artboard-2-copy-copia-100.webp\" \/>\n\t<meta property=\"og:image:width\" content=\"801\" \/>\n\t<meta property=\"og:image:height\" content=\"601\" \/>\n\t<meta property=\"og:image:type\" content=\"image\/webp\" \/>\n<meta name=\"author\" content=\"blog\" \/>\n<meta name=\"twitter:card\" content=\"summary_large_image\" \/>\n<meta name=\"twitter:creator\" content=\"@CarroAluguel\" \/>\n<meta name=\"twitter:site\" content=\"@CarroAluguel\" \/>\n<meta name=\"twitter:label1\" content=\"Escrito por\" \/>\n\t<meta name=\"twitter:data1\" content=\"blog\" \/>\n\t<meta name=\"twitter:label2\" content=\"Est. tempo de leitura\" \/>\n\t<meta name=\"twitter:data2\" content=\"28 minutos\" \/>\n<script type=\"application\/ld+json\" class=\"yoast-schema-graph\">{\"@context\":\"https:\\\/\\\/schema.org\",\"@graph\":[{\"@type\":\"Article\",\"@id\":\"https:\\\/\\\/www.carroaluguel.com\\\/blog\\\/cidades-proximas-ao-rio-de-janeiro-para-visitar-de-carro\\\/#article\",\"isPartOf\":{\"@id\":\"https:\\\/\\\/www.carroaluguel.com\\\/blog\\\/cidades-proximas-ao-rio-de-janeiro-para-visitar-de-carro\\\/\"},\"author\":{\"name\":\"blog\",\"@id\":\"https:\\\/\\\/www.carroaluguel.com\\\/blog\\\/#\\\/schema\\\/person\\\/693414c3b2423315cf90fb75439be0e1\"},\"headline\":\"17 cidades pr\u00f3ximas ao Rio de Janeiro para visitar de carro\",\"datePublished\":\"2023-09-20T16:06:44+00:00\",\"dateModified\":\"2025-07-30T14:41:02+00:00\",\"mainEntityOfPage\":{\"@id\":\"https:\\\/\\\/www.carroaluguel.com\\\/blog\\\/cidades-proximas-ao-rio-de-janeiro-para-visitar-de-carro\\\/\"},\"wordCount\":4882,\"commentCount\":20,\"publisher\":{\"@id\":\"https:\\\/\\\/www.carroaluguel.com\\\/blog\\\/#organization\"},\"image\":{\"@id\":\"https:\\\/\\\/www.carroaluguel.com\\\/blog\\\/cidades-proximas-ao-rio-de-janeiro-para-visitar-de-carro\\\/#primaryimage\"},\"thumbnailUrl\":\"https:\\\/\\\/www.carroaluguel.com\\\/blog\\\/wp-content\\\/uploads\\\/2023\\\/09\\\/Artboard-2-copy-copia-100.webp\",\"articleSection\":[\"Dicas para Viajar\"],\"inLanguage\":\"pt-BR\",\"potentialAction\":[{\"@type\":\"CommentAction\",\"name\":\"Comment\",\"target\":[\"https:\\\/\\\/www.carroaluguel.com\\\/blog\\\/cidades-proximas-ao-rio-de-janeiro-para-visitar-de-carro\\\/#respond\"]}]},{\"@type\":\"WebPage\",\"@id\":\"https:\\\/\\\/www.carroaluguel.com\\\/blog\\\/cidades-proximas-ao-rio-de-janeiro-para-visitar-de-carro\\\/\",\"url\":\"https:\\\/\\\/www.carroaluguel.com\\\/blog\\\/cidades-proximas-ao-rio-de-janeiro-para-visitar-de-carro\\\/\",\"name\":\"17 cidades pr\u00f3ximas ao Rio de Janeiro para visitar de carro\",\"isPartOf\":{\"@id\":\"https:\\\/\\\/www.carroaluguel.com\\\/blog\\\/#website\"},\"primaryImageOfPage\":{\"@id\":\"https:\\\/\\\/www.carroaluguel.com\\\/blog\\\/cidades-proximas-ao-rio-de-janeiro-para-visitar-de-carro\\\/#primaryimage\"},\"image\":{\"@id\":\"https:\\\/\\\/www.carroaluguel.com\\\/blog\\\/cidades-proximas-ao-rio-de-janeiro-para-visitar-de-carro\\\/#primaryimage\"},\"thumbnailUrl\":\"https:\\\/\\\/www.carroaluguel.com\\\/blog\\\/wp-content\\\/uploads\\\/2023\\\/09\\\/Artboard-2-copy-copia-100.webp\",\"datePublished\":\"2023-09-20T16:06:44+00:00\",\"dateModified\":\"2025-07-30T14:41:02+00:00\",\"description\":\"Descubra 17 cidades incr\u00edveis perto do Rio de Janeiro para explorar de carro. Dicas de roteiros, gastronomia e melhores \u00e9pocas para visitar.\",\"breadcrumb\":{\"@id\":\"https:\\\/\\\/www.carroaluguel.com\\\/blog\\\/cidades-proximas-ao-rio-de-janeiro-para-visitar-de-carro\\\/#breadcrumb\"},\"inLanguage\":\"pt-BR\",\"potentialAction\":[{\"@type\":\"ReadAction\",\"target\":[\"https:\\\/\\\/www.carroaluguel.com\\\/blog\\\/cidades-proximas-ao-rio-de-janeiro-para-visitar-de-carro\\\/\"]}]},{\"@type\":\"ImageObject\",\"inLanguage\":\"pt-BR\",\"@id\":\"https:\\\/\\\/www.carroaluguel.com\\\/blog\\\/cidades-proximas-ao-rio-de-janeiro-para-visitar-de-carro\\\/#primaryimage\",\"url\":\"https:\\\/\\\/www.carroaluguel.com\\\/blog\\\/wp-content\\\/uploads\\\/2023\\\/09\\\/Artboard-2-copy-copia-100.webp\",\"contentUrl\":\"https:\\\/\\\/www.carroaluguel.com\\\/blog\\\/wp-content\\\/uploads\\\/2023\\\/09\\\/Artboard-2-copy-copia-100.webp\",\"width\":801,\"height\":601,\"caption\":\"Ba\u00eda de Guanabara. P\u00e1o de A\u00e7\u00facar ao fundo.\"},{\"@type\":\"BreadcrumbList\",\"@id\":\"https:\\\/\\\/www.carroaluguel.com\\\/blog\\\/cidades-proximas-ao-rio-de-janeiro-para-visitar-de-carro\\\/#breadcrumb\",\"itemListElement\":[{\"@type\":\"ListItem\",\"position\":1,\"name\":\"Home\",\"item\":\"https:\\\/\\\/www.carroaluguel.com\\\/blog\\\/\"},{\"@type\":\"ListItem\",\"position\":2,\"name\":\"Dicas\",\"item\":\"https:\\\/\\\/www.carroaluguel.com\\\/blog\\\/category\\\/dicas\\\/\"},{\"@type\":\"ListItem\",\"position\":3,\"name\":\"Dicas para Viajar\",\"item\":\"https:\\\/\\\/www.carroaluguel.com\\\/blog\\\/category\\\/dicas\\\/dicas-para-viajar\\\/\"},{\"@type\":\"ListItem\",\"position\":4,\"name\":\"17 cidades pr\u00f3ximas ao Rio de Janeiro para visitar de carro\"}]},{\"@type\":\"WebSite\",\"@id\":\"https:\\\/\\\/www.carroaluguel.com\\\/blog\\\/#website\",\"url\":\"https:\\\/\\\/www.carroaluguel.com\\\/blog\\\/\",\"name\":\"Blog CarroAluguel\",\"description\":\"\",\"publisher\":{\"@id\":\"https:\\\/\\\/www.carroaluguel.com\\\/blog\\\/#organization\"},\"potentialAction\":[{\"@type\":\"SearchAction\",\"target\":{\"@type\":\"EntryPoint\",\"urlTemplate\":\"https:\\\/\\\/www.carroaluguel.com\\\/blog\\\/?s={search_term_string}\"},\"query-input\":{\"@type\":\"PropertyValueSpecification\",\"valueRequired\":true,\"valueName\":\"search_term_string\"}}],\"inLanguage\":\"pt-BR\"},{\"@type\":\"Organization\",\"@id\":\"https:\\\/\\\/www.carroaluguel.com\\\/blog\\\/#organization\",\"name\":\"CarroAluguel.com\",\"url\":\"https:\\\/\\\/www.carroaluguel.com\\\/blog\\\/\",\"logo\":{\"@type\":\"ImageObject\",\"inLanguage\":\"pt-BR\",\"@id\":\"https:\\\/\\\/www.carroaluguel.com\\\/blog\\\/#\\\/schema\\\/logo\\\/image\\\/\",\"url\":\"https:\\\/\\\/www.carroaluguel.com\\\/blog\\\/wp-content\\\/uploads\\\/2023\\\/08\\\/logo-carro-aluguel-BLOG-200x54-1.png\",\"contentUrl\":\"https:\\\/\\\/www.carroaluguel.com\\\/blog\\\/wp-content\\\/uploads\\\/2023\\\/08\\\/logo-carro-aluguel-BLOG-200x54-1.png\",\"width\":200,\"height\":54,\"caption\":\"CarroAluguel.com\"},\"image\":{\"@id\":\"https:\\\/\\\/www.carroaluguel.com\\\/blog\\\/#\\\/schema\\\/logo\\\/image\\\/\"},\"sameAs\":[\"https:\\\/\\\/www.facebook.com\\\/CarroAluguelBR\",\"https:\\\/\\\/x.com\\\/CarroAluguel\",\"https:\\\/\\\/www.instagram.com\\\/carroaluguel\\\/\"]},{\"@type\":\"Person\",\"@id\":\"https:\\\/\\\/www.carroaluguel.com\\\/blog\\\/#\\\/schema\\\/person\\\/693414c3b2423315cf90fb75439be0e1\",\"name\":\"blog\",\"image\":{\"@type\":\"ImageObject\",\"inLanguage\":\"pt-BR\",\"@id\":\"https:\\\/\\\/secure.gravatar.com\\\/avatar\\\/b8a3d64fc0b21db017f462a77f2c79b24cf3db4426d602430441f37f7d2ac037?s=96&d=mm&r=g\",\"url\":\"https:\\\/\\\/secure.gravatar.com\\\/avatar\\\/b8a3d64fc0b21db017f462a77f2c79b24cf3db4426d602430441f37f7d2ac037?s=96&d=mm&r=g\",\"contentUrl\":\"https:\\\/\\\/secure.gravatar.com\\\/avatar\\\/b8a3d64fc0b21db017f462a77f2c79b24cf3db4426d602430441f37f7d2ac037?s=96&d=mm&r=g\",\"caption\":\"blog\"},\"sameAs\":[\"https:\\\/\\\/carroaluguel.com\\\/blog\"],\"url\":\"https:\\\/\\\/www.carroaluguel.com\\\/blog\\\/author\\\/blog\\\/\"}]}<\/script>\n<!-- \/ Yoast SEO plugin. -->","yoast_head_json":{"title":"17 cidades pr\u00f3ximas ao Rio de Janeiro para visitar de carro","description":"Descubra 17 cidades incr\u00edveis perto do Rio de Janeiro para explorar de carro. Dicas de roteiros, gastronomia e melhores \u00e9pocas para visitar.","robots":{"index":"index","follow":"follow","max-snippet":"max-snippet:-1","max-image-preview":"max-image-preview:large","max-video-preview":"max-video-preview:-1"},"canonical":"https:\/\/www.carroaluguel.com\/blog\/cidades-proximas-ao-rio-de-janeiro-para-visitar-de-carro\/","og_locale":"pt_BR","og_type":"article","og_title":"17 cidades pr\u00f3ximas ao Rio de Janeiro para visitar de carro","og_description":"Descubra 17 cidades incr\u00edveis perto do Rio de Janeiro para explorar de carro. Dicas de roteiros, gastronomia e melhores \u00e9pocas para visitar.","og_url":"https:\/\/www.carroaluguel.com\/blog\/cidades-proximas-ao-rio-de-janeiro-para-visitar-de-carro\/","og_site_name":"Blog CarroAluguel","article_publisher":"https:\/\/www.facebook.com\/CarroAluguelBR","article_published_time":"2023-09-20T16:06:44+00:00","article_modified_time":"2025-07-30T14:41:02+00:00","og_image":[{"width":801,"height":601,"url":"https:\/\/www.carroaluguel.com\/blog\/wp-content\/uploads\/2023\/09\/Artboard-2-copy-copia-100.webp","type":"image\/webp"}],"author":"blog","twitter_card":"summary_large_image","twitter_creator":"@CarroAluguel","twitter_site":"@CarroAluguel","twitter_misc":{"Escrito por":"blog","Est. tempo de leitura":"28 minutos"},"schema":{"@context":"https:\/\/schema.org","@graph":[{"@type":"Article","@id":"https:\/\/www.carroaluguel.com\/blog\/cidades-proximas-ao-rio-de-janeiro-para-visitar-de-carro\/#article","isPartOf":{"@id":"https:\/\/www.carroaluguel.com\/blog\/cidades-proximas-ao-rio-de-janeiro-para-visitar-de-carro\/"},"author":{"name":"blog","@id":"https:\/\/www.carroaluguel.com\/blog\/#\/schema\/person\/693414c3b2423315cf90fb75439be0e1"},"headline":"17 cidades pr\u00f3ximas ao Rio de Janeiro para visitar de carro","datePublished":"2023-09-20T16:06:44+00:00","dateModified":"2025-07-30T14:41:02+00:00","mainEntityOfPage":{"@id":"https:\/\/www.carroaluguel.com\/blog\/cidades-proximas-ao-rio-de-janeiro-para-visitar-de-carro\/"},"wordCount":4882,"commentCount":20,"publisher":{"@id":"https:\/\/www.carroaluguel.com\/blog\/#organization"},"image":{"@id":"https:\/\/www.carroaluguel.com\/blog\/cidades-proximas-ao-rio-de-janeiro-para-visitar-de-carro\/#primaryimage"},"thumbnailUrl":"https:\/\/www.carroaluguel.com\/blog\/wp-content\/uploads\/2023\/09\/Artboard-2-copy-copia-100.webp","articleSection":["Dicas para Viajar"],"inLanguage":"pt-BR","potentialAction":[{"@type":"CommentAction","name":"Comment","target":["https:\/\/www.carroaluguel.com\/blog\/cidades-proximas-ao-rio-de-janeiro-para-visitar-de-carro\/#respond"]}]},{"@type":"WebPage","@id":"https:\/\/www.carroaluguel.com\/blog\/cidades-proximas-ao-rio-de-janeiro-para-visitar-de-carro\/","url":"https:\/\/www.carroaluguel.com\/blog\/cidades-proximas-ao-rio-de-janeiro-para-visitar-de-carro\/","name":"17 cidades pr\u00f3ximas ao Rio de Janeiro para visitar de carro","isPartOf":{"@id":"https:\/\/www.carroaluguel.com\/blog\/#website"},"primaryImageOfPage":{"@id":"https:\/\/www.carroaluguel.com\/blog\/cidades-proximas-ao-rio-de-janeiro-para-visitar-de-carro\/#primaryimage"},"image":{"@id":"https:\/\/www.carroaluguel.com\/blog\/cidades-proximas-ao-rio-de-janeiro-para-visitar-de-carro\/#primaryimage"},"thumbnailUrl":"https:\/\/www.carroaluguel.com\/blog\/wp-content\/uploads\/2023\/09\/Artboard-2-copy-copia-100.webp","datePublished":"2023-09-20T16:06:44+00:00","dateModified":"2025-07-30T14:41:02+00:00","description":"Descubra 17 cidades incr\u00edveis perto do Rio de Janeiro para explorar de carro. Dicas de roteiros, gastronomia e melhores \u00e9pocas para visitar.","breadcrumb":{"@id":"https:\/\/www.carroaluguel.com\/blog\/cidades-proximas-ao-rio-de-janeiro-para-visitar-de-carro\/#breadcrumb"},"inLanguage":"pt-BR","potentialAction":[{"@type":"ReadAction","target":["https:\/\/www.carroaluguel.com\/blog\/cidades-proximas-ao-rio-de-janeiro-para-visitar-de-carro\/"]}]},{"@type":"ImageObject","inLanguage":"pt-BR","@id":"https:\/\/www.carroaluguel.com\/blog\/cidades-proximas-ao-rio-de-janeiro-para-visitar-de-carro\/#primaryimage","url":"https:\/\/www.carroaluguel.com\/blog\/wp-content\/uploads\/2023\/09\/Artboard-2-copy-copia-100.webp","contentUrl":"https:\/\/www.carroaluguel.com\/blog\/wp-content\/uploads\/2023\/09\/Artboard-2-copy-copia-100.webp","width":801,"height":601,"caption":"Ba\u00eda de Guanabara. P\u00e1o de A\u00e7\u00facar ao fundo."},{"@type":"BreadcrumbList","@id":"https:\/\/www.carroaluguel.com\/blog\/cidades-proximas-ao-rio-de-janeiro-para-visitar-de-carro\/#breadcrumb","itemListElement":[{"@type":"ListItem","position":1,"name":"Home","item":"https:\/\/www.carroaluguel.com\/blog\/"},{"@type":"ListItem","position":2,"name":"Dicas","item":"https:\/\/www.carroaluguel.com\/blog\/category\/dicas\/"},{"@type":"ListItem","position":3,"name":"Dicas para Viajar","item":"https:\/\/www.carroaluguel.com\/blog\/category\/dicas\/dicas-para-viajar\/"},{"@type":"ListItem","position":4,"name":"17 cidades pr\u00f3ximas ao Rio de Janeiro para visitar de carro"}]},{"@type":"WebSite","@id":"https:\/\/www.carroaluguel.com\/blog\/#website","url":"https:\/\/www.carroaluguel.com\/blog\/","name":"Blog CarroAluguel","description":"","publisher":{"@id":"https:\/\/www.carroaluguel.com\/blog\/#organization"},"potentialAction":[{"@type":"SearchAction","target":{"@type":"EntryPoint","urlTemplate":"https:\/\/www.carroaluguel.com\/blog\/?s={search_term_string}"},"query-input":{"@type":"PropertyValueSpecification","valueRequired":true,"valueName":"search_term_string"}}],"inLanguage":"pt-BR"},{"@type":"Organization","@id":"https:\/\/www.carroaluguel.com\/blog\/#organization","name":"CarroAluguel.com","url":"https:\/\/www.carroaluguel.com\/blog\/","logo":{"@type":"ImageObject","inLanguage":"pt-BR","@id":"https:\/\/www.carroaluguel.com\/blog\/#\/schema\/logo\/image\/","url":"https:\/\/www.carroaluguel.com\/blog\/wp-content\/uploads\/2023\/08\/logo-carro-aluguel-BLOG-200x54-1.png","contentUrl":"https:\/\/www.carroaluguel.com\/blog\/wp-content\/uploads\/2023\/08\/logo-carro-aluguel-BLOG-200x54-1.png","width":200,"height":54,"caption":"CarroAluguel.com"},"image":{"@id":"https:\/\/www.carroaluguel.com\/blog\/#\/schema\/logo\/image\/"},"sameAs":["https:\/\/www.facebook.com\/CarroAluguelBR","https:\/\/x.com\/CarroAluguel","https:\/\/www.instagram.com\/carroaluguel\/"]},{"@type":"Person","@id":"https:\/\/www.carroaluguel.com\/blog\/#\/schema\/person\/693414c3b2423315cf90fb75439be0e1","name":"blog","image":{"@type":"ImageObject","inLanguage":"pt-BR","@id":"https:\/\/secure.gravatar.com\/avatar\/b8a3d64fc0b21db017f462a77f2c79b24cf3db4426d602430441f37f7d2ac037?s=96&d=mm&r=g","url":"https:\/\/secure.gravatar.com\/avatar\/b8a3d64fc0b21db017f462a77f2c79b24cf3db4426d602430441f37f7d2ac037?s=96&d=mm&r=g","contentUrl":"https:\/\/secure.gravatar.com\/avatar\/b8a3d64fc0b21db017f462a77f2c79b24cf3db4426d602430441f37f7d2ac037?s=96&d=mm&r=g","caption":"blog"},"sameAs":["https:\/\/carroaluguel.com\/blog"],"url":"https:\/\/www.carroaluguel.com\/blog\/author\/blog\/"}]}},"_links":{"self":[{"href":"https:\/\/www.carroaluguel.com\/blog\/wp-json\/wp\/v2\/posts\/10522","targetHints":{"allow":["GET"]}}],"collection":[{"href":"https:\/\/www.carroaluguel.com\/blog\/wp-json\/wp\/v2\/posts"}],"about":[{"href":"https:\/\/www.carroaluguel.com\/blog\/wp-json\/wp\/v2\/types\/post"}],"author":[{"embeddable":true,"href":"https:\/\/www.carroaluguel.com\/blog\/wp-json\/wp\/v2\/users\/1"}],"replies":[{"embeddable":true,"href":"https:\/\/www.carroaluguel.com\/blog\/wp-json\/wp\/v2\/comments?post=10522"}],"version-history":[{"count":14,"href":"https:\/\/www.carroaluguel.com\/blog\/wp-json\/wp\/v2\/posts\/10522\/revisions"}],"predecessor-version":[{"id":11429,"href":"https:\/\/www.carroaluguel.com\/blog\/wp-json\/wp\/v2\/posts\/10522\/revisions\/11429"}],"wp:featuredmedia":[{"embeddable":true,"href":"https:\/\/www.carroaluguel.com\/blog\/wp-json\/wp\/v2\/media\/10518"}],"wp:attachment":[{"href":"https:\/\/www.carroaluguel.com\/blog\/wp-json\/wp\/v2\/media?parent=10522"}],"wp:term":[{"taxonomy":"category","embeddable":true,"href":"https:\/\/www.carroaluguel.com\/blog\/wp-json\/wp\/v2\/categories?post=10522"},{"taxonomy":"post_tag","embeddable":true,"href":"https:\/\/www.carroaluguel.com\/blog\/wp-json\/wp\/v2\/tags?post=10522"}],"curies":[{"name":"wp","href":"https:\/\/api.w.org\/{rel}","templated":true}]}}