{"id":11588,"date":"2026-03-03T09:00:14","date_gmt":"2026-03-03T09:00:14","guid":{"rendered":"https:\/\/www.carroaluguel.com\/blog\/?p=11588"},"modified":"2026-03-05T18:07:42","modified_gmt":"2026-03-05T18:07:42","slug":"destinos-de-outono-no-brasil-para-viajar-com-carro-alugado","status":"publish","type":"post","link":"https:\/\/www.carroaluguel.com\/blog\/destinos-de-outono-no-brasil-para-viajar-com-carro-alugado\/","title":{"rendered":"Destinos de outono no Brasil: roteiros incr\u00edveis para explorar com um carro alugado"},"content":{"rendered":"<p><span style=\"font-weight: 400;\">O outono chega com temperaturas amenas, folhas que mudam de cor e aquele clima aconchegante que convida a uma boa viagem pela estrada. No Brasil, essa esta\u00e7\u00e3o oferece paisagens espetaculares, longe das multid\u00f5es do ver\u00e3o e com pre\u00e7os mais atrativos.\u00a0<\/span><\/p>\n<p><span style=\"font-weight: 400;\">Nesta \u00e9poca, as serras e as cidades hist\u00f3ricas ganham um charme especial. O sol brilha durante o dia, mas o ar fresco da noite pede um bom vinho ou um chocolate quente. Para que tudo saia perfeito, confira este guia com destinos imperd\u00edveis e dicas pr\u00e1ticas para a sua jornada!<\/span><\/p>\n<p>&nbsp;<\/p>\n<h2><b>Destinos para outono no Brasil<\/b><\/h2>\n<ol>\n<li><b> Gramado e Canela (Rio Grande do Sul)<\/b><\/li>\n<\/ol>\n<p><span style=\"font-weight: 400;\">A Serra Ga\u00facha \u00e9 o destino cl\u00e1ssico do outono. Percorrer a Rota Rom\u00e2ntica com um ve\u00edculo traz uma sensa\u00e7\u00e3o de paz absoluta. As \u00e1rvores de pl\u00e1tano perdem suas folhas e pintam o asfalto de tons alaranjados.\u00a0<\/span><\/p>\n<p><span style=\"font-weight: 400;\">Com a loca\u00e7\u00e3o de ve\u00edculos, voc\u00ea tem a chance de visitar os parques mais afastados e as vin\u00edcolas de Bento Gon\u00e7alves sem depender dos hor\u00e1rios das excurs\u00f5es. Sugerimos que voc\u00ea reserve um tempo para dirigir sem pressa entre as duas cidades, apreciando a arquitetura europeia.<\/span><\/p>\n<p>&nbsp;<\/p>\n<ol start=\"2\">\n<li><b> Campos do Jord\u00e3o (S\u00e3o Paulo)<\/b><\/li>\n<\/ol>\n<p><span style=\"font-weight: 400;\">Conhecida como a Su\u00ed\u00e7a brasileira, a cidade fica no alto da Serra da Mantiqueira. O outono \u00e9 o per\u00edodo ideal para visitar, pois o c\u00e9u costuma ficar muito azul e limpo. Ao fazer o aluguel do modelo ideal de carro para esse tipo de trajeto, voc\u00ea consegue subir a serra com seguran\u00e7a e explorar os mirantes, como o Pico do Itapeva. A gastronomia local, rica em fondues e trutas, combina perfeitamente com o clima da esta\u00e7\u00e3o.<\/span><\/p>\n<p>&nbsp;<\/p>\n<ol start=\"3\">\n<li><b> Cidades Hist\u00f3ricas (Minas Gerais)<\/b><\/li>\n<\/ol>\n<p><span style=\"font-weight: 400;\">Tiradentes, Ouro Preto e Diamantina ganham uma luz dourada no fim da tarde que valoriza as constru\u00e7\u00f5es coloniais. Dirigir pelas estradas mineiras, entre montanhas, \u00e9 um prazer visual. Como o relevo \u00e9 acidentado, ter um carro potente e bem cuidado \u00e9 essencial. Opte por op\u00e7\u00f5es que d\u00e3o conta desse desafio atrav\u00e9s de um carro de aluguel.<\/span><\/p>\n<p>&nbsp;<\/p>\n<h2><b>Preparo essencial para a sua road trip<\/b><\/h2>\n<p><span style=\"font-weight: 400;\">Os <\/span><a href=\"https:\/\/www.carroaluguel.com\/blog\/checklist-de-viagem-de-carro\/\"><span style=\"font-weight: 400;\">imprevistos podem atrapalhar o humor de qualquer pessoa que viaja<\/span><\/a><span style=\"font-weight: 400;\">. Por isso, antes de dar a partida, voc\u00ea deve conferir alguns pontos fundamentais. Se utilizar o pr\u00f3prio ve\u00edculo, agende uma visita ao mec\u00e2nico para checar \u00f3leo, fluidos, freios, pneus e estepe.\u00a0<\/span><\/p>\n<p><span style=\"font-weight: 400;\">Caso prefira a praticidade e a seguran\u00e7a de um carro de aluguel, n\u00e3o deixe de conferir as melhores condi\u00e7\u00f5es ao fazer uma <\/span><a href=\"https:\/\/www.carroaluguel.com\/\"><span style=\"font-weight: 400;\">reserva de carro online<\/span><\/a><span style=\"font-weight: 400;\"> na CarroAluguel.com, pois trabalhamos com locadoras que entregam ve\u00edculos j\u00e1 revisados e limpos.<\/span><\/p>\n<p><img decoding=\"async\" class=\"lazyload alignnone wp-image-11592 size-full\" src=\"https:\/\/www.carroaluguel.com\/blog\/wp-content\/uploads\/2026\/03\/carro-em-estrada-COM-ARVORES-NO-OUTONO.webp\" data-orig-src=\"https:\/\/www.carroaluguel.com\/blog\/wp-content\/uploads\/2026\/03\/carro-em-estrada-COM-ARVORES-NO-OUTONO.webp\" alt=\"carro em estrada com \u00e1rvores de outono\" width=\"900\" height=\"600\" srcset=\"data:image\/svg+xml,%3Csvg%20xmlns%3D%27http%3A%2F%2Fwww.w3.org%2F2000%2Fsvg%27%20width%3D%27900%27%20height%3D%27600%27%20viewBox%3D%270%200%20900%20600%27%3E%3Crect%20width%3D%27900%27%20height%3D%27600%27%20fill-opacity%3D%220%22%2F%3E%3C%2Fsvg%3E\" data-srcset=\"https:\/\/www.carroaluguel.com\/blog\/wp-content\/uploads\/2026\/03\/carro-em-estrada-COM-ARVORES-NO-OUTONO-200x133.webp 200w, https:\/\/www.carroaluguel.com\/blog\/wp-content\/uploads\/2026\/03\/carro-em-estrada-COM-ARVORES-NO-OUTONO-300x200.webp 300w, https:\/\/www.carroaluguel.com\/blog\/wp-content\/uploads\/2026\/03\/carro-em-estrada-COM-ARVORES-NO-OUTONO-400x267.webp 400w, https:\/\/www.carroaluguel.com\/blog\/wp-content\/uploads\/2026\/03\/carro-em-estrada-COM-ARVORES-NO-OUTONO-600x400.webp 600w, https:\/\/www.carroaluguel.com\/blog\/wp-content\/uploads\/2026\/03\/carro-em-estrada-COM-ARVORES-NO-OUTONO-640x427.webp 640w, https:\/\/www.carroaluguel.com\/blog\/wp-content\/uploads\/2026\/03\/carro-em-estrada-COM-ARVORES-NO-OUTONO-768x512.webp 768w, https:\/\/www.carroaluguel.com\/blog\/wp-content\/uploads\/2026\/03\/carro-em-estrada-COM-ARVORES-NO-OUTONO-800x533.webp 800w, https:\/\/www.carroaluguel.com\/blog\/wp-content\/uploads\/2026\/03\/carro-em-estrada-COM-ARVORES-NO-OUTONO.webp 900w\" data-sizes=\"auto\" data-orig-sizes=\"(max-width: 900px) 100vw, 900px\" \/><\/p>\n<h2><b>Loca\u00e7\u00e3o de ve\u00edculos: a chave para uma experi\u00eancia personalizada<\/b><\/h2>\n<p><span style=\"font-weight: 400;\">A escolha de alugar um carro para desbravar esses roteiros proporciona benef\u00edcios que v\u00e3o muito al\u00e9m de ir de um ponto a outro: \u00e9 a possibilidade de ditar o pr\u00f3prio ritmo sem a necessidade de seguir cronogramas engessados de excurs\u00f5es.\u00a0<\/span><\/p>\n<p><span style=\"font-weight: 400;\">Ao comparar aluguel de carros voc\u00ea seleciona a op\u00e7\u00e3o que melhor atende \u00e0s exig\u00eancias de cada terreno, seja para as ladeiras hist\u00f3ricas ou para o frio das montanhas. Ter um autom\u00f3vel \u00e0 disposi\u00e7\u00e3o permite que voc\u00ea descubra paisagens fora do circuito tradicional, como pequenas propriedades rurais e mirantes silenciosos.\u00a0<\/span><\/p>\n<p><span style=\"font-weight: 400;\">A tranquilidade de um bem com revis\u00e3o atualizada reduz as chances de problemas mec\u00e2nicos durante o passeio, al\u00e9m do benef\u00edcio de poder escolher o modelo ideal para cada destino.<\/span><\/p>\n<p>&nbsp;<\/p>\n<h2><b>A categoria de carro ideal para cada tipo de terreno<\/b><\/h2>\n<p><span style=\"font-weight: 400;\">Para garantir o sucesso da jornada, escolha a categoria de ve\u00edculo que melhor atenda \u00e0s exig\u00eancias do seu destino.\u00a0<\/span><\/p>\n<p><span style=\"font-weight: 400;\">Se o seu plano envolve as estradas sinuosas da Serra Ga\u00facha ou de Campos do Jord\u00e3o, os modelos SUV ou sedan oferecem o espa\u00e7o necess\u00e1rio para malas de inverno e o conforto ideal para o frio. J\u00e1 para as ladeiras hist\u00f3ricas de Minas Gerais, s\u00e3o recomendados ve\u00edculos com motores mais potentes ou <\/span><a href=\"https:\/\/www.carroaluguel.com\/blog\/dicas-para-alugar-uma-4x4\/\"><span style=\"font-weight: 400;\">utilit\u00e1rios que garantem estabilidade e seguran\u00e7a em terrenos irregulares<\/span><\/a><span style=\"font-weight: 400;\">.<\/span><\/p>\n<p><span style=\"font-weight: 400;\">Se a ideia \u00e9 uma viagem com menor custo, os modelos econ\u00f4micos s\u00e3o excelentes pela agilidade e pelo baixo consumo de combust\u00edvel. Para grupos maiores ou pequenas empresas em eventos, as minivans permitem que todos fiquem juntos durante o trajeto com total comodidade.<\/span><\/p>\n<p>&nbsp;<\/p>\n<h2><b>O que voc\u00ea precisa saber sobre a loca\u00e7\u00e3o<\/b><\/h2>\n<p><span style=\"font-weight: 400;\">Muitas pessoas t\u00eam d\u00favidas sobre os tr\u00e2mites burocr\u00e1ticos e, aqui, trabalhamos para oferecer um aluguel de carros sem burocracia, respeitando apenas os requisitos legais e financeiros universais no setor. Confira a categoria de <a href=\"https:\/\/www.carroaluguel.com\/dicas-e-requisitos\">dicas e requisitos para alugar na CarroAluguel.com.<\/a><\/span><\/p>\n<p>&nbsp;<\/p>\n<p><span style=\"font-weight: 400;\">Boa viagem! <\/span><\/p>\n","protected":false},"excerpt":{"rendered":"<p>O outono chega com temperaturas amenas, folhas que mudam de  [&#8230;]<\/p>\n","protected":false},"author":1,"featured_media":11589,"comment_status":"closed","ping_status":"open","sticky":false,"template":"","format":"standard","meta":{"footnotes":""},"categories":[317,942],"tags":[],"class_list":["post-11588","post","type-post","status-publish","format-standard","has-post-thumbnail","hentry","category-dicas-para-viajar","category-roteiros-nacionais"],"yoast_head":"<!-- This site is optimized with the Yoast SEO plugin v27.5 - https:\/\/yoast.com\/product\/yoast-seo-wordpress\/ -->\n<title>Destinos para viajar de carro alugado no outono do Brasil.<\/title>\n<meta name=\"description\" content=\"Destinos de outono no Brasil: conhe\u00e7a lugares incr\u00edveis e entenda o melhor modelo de carro para alugar em cada um deles!\" \/>\n<meta name=\"robots\" content=\"index, follow, max-snippet:-1, max-image-preview:large, max-video-preview:-1\" \/>\n<link rel=\"canonical\" href=\"https:\/\/www.carroaluguel.com\/blog\/destinos-de-outono-no-brasil-para-viajar-com-carro-alugado\/\" \/>\n<meta property=\"og:locale\" content=\"pt_BR\" \/>\n<meta property=\"og:type\" content=\"article\" \/>\n<meta property=\"og:title\" content=\"Destinos para viajar de carro alugado no outono do Brasil.\" \/>\n<meta property=\"og:description\" content=\"Destinos de outono no Brasil: conhe\u00e7a lugares incr\u00edveis e entenda o melhor modelo de carro para alugar em cada um deles!\" \/>\n<meta property=\"og:url\" content=\"https:\/\/www.carroaluguel.com\/blog\/destinos-de-outono-no-brasil-para-viajar-com-carro-alugado\/\" \/>\n<meta property=\"og:site_name\" content=\"Blog CarroAluguel\" \/>\n<meta property=\"article:publisher\" content=\"https:\/\/www.facebook.com\/CarroAluguelBR\" \/>\n<meta property=\"article:published_time\" content=\"2026-03-03T09:00:14+00:00\" \/>\n<meta property=\"article:modified_time\" content=\"2026-03-05T18:07:42+00:00\" \/>\n<meta property=\"og:image\" content=\"https:\/\/www.carroaluguel.com\/blog\/wp-content\/uploads\/2026\/03\/Viagem-de-outono-uma-van-azul-e-folhagem-de-outono.webp\" \/>\n\t<meta property=\"og:image:width\" content=\"1000\" \/>\n\t<meta property=\"og:image:height\" content=\"1000\" \/>\n\t<meta property=\"og:image:type\" content=\"image\/webp\" \/>\n<meta name=\"author\" content=\"blog\" \/>\n<meta name=\"twitter:card\" content=\"summary_large_image\" \/>\n<meta name=\"twitter:creator\" content=\"@CarroAluguel\" \/>\n<meta name=\"twitter:site\" content=\"@CarroAluguel\" \/>\n<meta name=\"twitter:label1\" content=\"Escrito por\" \/>\n\t<meta name=\"twitter:data1\" content=\"blog\" \/>\n\t<meta name=\"twitter:label2\" content=\"Est. tempo de leitura\" \/>\n\t<meta name=\"twitter:data2\" content=\"1 minuto\" \/>\n<script type=\"application\/ld+json\" class=\"yoast-schema-graph\">{\"@context\":\"https:\\\/\\\/schema.org\",\"@graph\":[{\"@type\":\"Article\",\"@id\":\"https:\\\/\\\/www.carroaluguel.com\\\/blog\\\/destinos-de-outono-no-brasil-para-viajar-com-carro-alugado\\\/#article\",\"isPartOf\":{\"@id\":\"https:\\\/\\\/www.carroaluguel.com\\\/blog\\\/destinos-de-outono-no-brasil-para-viajar-com-carro-alugado\\\/\"},\"author\":{\"name\":\"blog\",\"@id\":\"https:\\\/\\\/www.carroaluguel.com\\\/blog\\\/#\\\/schema\\\/person\\\/693414c3b2423315cf90fb75439be0e1\"},\"headline\":\"Destinos de outono no Brasil: roteiros incr\u00edveis para explorar com um carro alugado\",\"datePublished\":\"2026-03-03T09:00:14+00:00\",\"dateModified\":\"2026-03-05T18:07:42+00:00\",\"mainEntityOfPage\":{\"@id\":\"https:\\\/\\\/www.carroaluguel.com\\\/blog\\\/destinos-de-outono-no-brasil-para-viajar-com-carro-alugado\\\/\"},\"wordCount\":811,\"publisher\":{\"@id\":\"https:\\\/\\\/www.carroaluguel.com\\\/blog\\\/#organization\"},\"image\":{\"@id\":\"https:\\\/\\\/www.carroaluguel.com\\\/blog\\\/destinos-de-outono-no-brasil-para-viajar-com-carro-alugado\\\/#primaryimage\"},\"thumbnailUrl\":\"https:\\\/\\\/www.carroaluguel.com\\\/blog\\\/wp-content\\\/uploads\\\/2026\\\/03\\\/Viagem-de-outono-uma-van-azul-e-folhagem-de-outono.webp\",\"articleSection\":[\"Dicas para Viajar\",\"Roteiros nacionais\"],\"inLanguage\":\"pt-BR\"},{\"@type\":\"WebPage\",\"@id\":\"https:\\\/\\\/www.carroaluguel.com\\\/blog\\\/destinos-de-outono-no-brasil-para-viajar-com-carro-alugado\\\/\",\"url\":\"https:\\\/\\\/www.carroaluguel.com\\\/blog\\\/destinos-de-outono-no-brasil-para-viajar-com-carro-alugado\\\/\",\"name\":\"Destinos para viajar de carro alugado no outono do Brasil.\",\"isPartOf\":{\"@id\":\"https:\\\/\\\/www.carroaluguel.com\\\/blog\\\/#website\"},\"primaryImageOfPage\":{\"@id\":\"https:\\\/\\\/www.carroaluguel.com\\\/blog\\\/destinos-de-outono-no-brasil-para-viajar-com-carro-alugado\\\/#primaryimage\"},\"image\":{\"@id\":\"https:\\\/\\\/www.carroaluguel.com\\\/blog\\\/destinos-de-outono-no-brasil-para-viajar-com-carro-alugado\\\/#primaryimage\"},\"thumbnailUrl\":\"https:\\\/\\\/www.carroaluguel.com\\\/blog\\\/wp-content\\\/uploads\\\/2026\\\/03\\\/Viagem-de-outono-uma-van-azul-e-folhagem-de-outono.webp\",\"datePublished\":\"2026-03-03T09:00:14+00:00\",\"dateModified\":\"2026-03-05T18:07:42+00:00\",\"description\":\"Destinos de outono no Brasil: conhe\u00e7a lugares incr\u00edveis e entenda o melhor modelo de carro para alugar em cada um deles!\",\"breadcrumb\":{\"@id\":\"https:\\\/\\\/www.carroaluguel.com\\\/blog\\\/destinos-de-outono-no-brasil-para-viajar-com-carro-alugado\\\/#breadcrumb\"},\"inLanguage\":\"pt-BR\",\"potentialAction\":[{\"@type\":\"ReadAction\",\"target\":[\"https:\\\/\\\/www.carroaluguel.com\\\/blog\\\/destinos-de-outono-no-brasil-para-viajar-com-carro-alugado\\\/\"]}]},{\"@type\":\"ImageObject\",\"inLanguage\":\"pt-BR\",\"@id\":\"https:\\\/\\\/www.carroaluguel.com\\\/blog\\\/destinos-de-outono-no-brasil-para-viajar-com-carro-alugado\\\/#primaryimage\",\"url\":\"https:\\\/\\\/www.carroaluguel.com\\\/blog\\\/wp-content\\\/uploads\\\/2026\\\/03\\\/Viagem-de-outono-uma-van-azul-e-folhagem-de-outono.webp\",\"contentUrl\":\"https:\\\/\\\/www.carroaluguel.com\\\/blog\\\/wp-content\\\/uploads\\\/2026\\\/03\\\/Viagem-de-outono-uma-van-azul-e-folhagem-de-outono.webp\",\"width\":1000,\"height\":1000,\"caption\":\"Carro de aluguel estacionado em uma floresta durante viagem no outono\"},{\"@type\":\"BreadcrumbList\",\"@id\":\"https:\\\/\\\/www.carroaluguel.com\\\/blog\\\/destinos-de-outono-no-brasil-para-viajar-com-carro-alugado\\\/#breadcrumb\",\"itemListElement\":[{\"@type\":\"ListItem\",\"position\":1,\"name\":\"Home\",\"item\":\"https:\\\/\\\/www.carroaluguel.com\\\/blog\\\/\"},{\"@type\":\"ListItem\",\"position\":2,\"name\":\"Roteiros\",\"item\":\"https:\\\/\\\/www.carroaluguel.com\\\/blog\\\/category\\\/roteiros\\\/\"},{\"@type\":\"ListItem\",\"position\":3,\"name\":\"Roteiros nacionais\",\"item\":\"https:\\\/\\\/www.carroaluguel.com\\\/blog\\\/category\\\/roteiros\\\/roteiros-nacionais\\\/\"},{\"@type\":\"ListItem\",\"position\":4,\"name\":\"Destinos de outono no Brasil: roteiros incr\u00edveis para explorar com um carro alugado\"}]},{\"@type\":\"WebSite\",\"@id\":\"https:\\\/\\\/www.carroaluguel.com\\\/blog\\\/#website\",\"url\":\"https:\\\/\\\/www.carroaluguel.com\\\/blog\\\/\",\"name\":\"Blog CarroAluguel\",\"description\":\"\",\"publisher\":{\"@id\":\"https:\\\/\\\/www.carroaluguel.com\\\/blog\\\/#organization\"},\"potentialAction\":[{\"@type\":\"SearchAction\",\"target\":{\"@type\":\"EntryPoint\",\"urlTemplate\":\"https:\\\/\\\/www.carroaluguel.com\\\/blog\\\/?s={search_term_string}\"},\"query-input\":{\"@type\":\"PropertyValueSpecification\",\"valueRequired\":true,\"valueName\":\"search_term_string\"}}],\"inLanguage\":\"pt-BR\"},{\"@type\":\"Organization\",\"@id\":\"https:\\\/\\\/www.carroaluguel.com\\\/blog\\\/#organization\",\"name\":\"CarroAluguel.com\",\"url\":\"https:\\\/\\\/www.carroaluguel.com\\\/blog\\\/\",\"logo\":{\"@type\":\"ImageObject\",\"inLanguage\":\"pt-BR\",\"@id\":\"https:\\\/\\\/www.carroaluguel.com\\\/blog\\\/#\\\/schema\\\/logo\\\/image\\\/\",\"url\":\"https:\\\/\\\/www.carroaluguel.com\\\/blog\\\/wp-content\\\/uploads\\\/2023\\\/08\\\/logo-carro-aluguel-BLOG-200x54-1.png\",\"contentUrl\":\"https:\\\/\\\/www.carroaluguel.com\\\/blog\\\/wp-content\\\/uploads\\\/2023\\\/08\\\/logo-carro-aluguel-BLOG-200x54-1.png\",\"width\":200,\"height\":54,\"caption\":\"CarroAluguel.com\"},\"image\":{\"@id\":\"https:\\\/\\\/www.carroaluguel.com\\\/blog\\\/#\\\/schema\\\/logo\\\/image\\\/\"},\"sameAs\":[\"https:\\\/\\\/www.facebook.com\\\/CarroAluguelBR\",\"https:\\\/\\\/x.com\\\/CarroAluguel\",\"https:\\\/\\\/www.instagram.com\\\/carroaluguel\\\/\"]},{\"@type\":\"Person\",\"@id\":\"https:\\\/\\\/www.carroaluguel.com\\\/blog\\\/#\\\/schema\\\/person\\\/693414c3b2423315cf90fb75439be0e1\",\"name\":\"blog\",\"image\":{\"@type\":\"ImageObject\",\"inLanguage\":\"pt-BR\",\"@id\":\"https:\\\/\\\/secure.gravatar.com\\\/avatar\\\/b8a3d64fc0b21db017f462a77f2c79b24cf3db4426d602430441f37f7d2ac037?s=96&d=mm&r=g\",\"url\":\"https:\\\/\\\/secure.gravatar.com\\\/avatar\\\/b8a3d64fc0b21db017f462a77f2c79b24cf3db4426d602430441f37f7d2ac037?s=96&d=mm&r=g\",\"contentUrl\":\"https:\\\/\\\/secure.gravatar.com\\\/avatar\\\/b8a3d64fc0b21db017f462a77f2c79b24cf3db4426d602430441f37f7d2ac037?s=96&d=mm&r=g\",\"caption\":\"blog\"},\"sameAs\":[\"https:\\\/\\\/carroaluguel.com\\\/blog\"],\"url\":\"https:\\\/\\\/www.carroaluguel.com\\\/blog\\\/author\\\/blog\\\/\"}]}<\/script>\n<!-- \/ Yoast SEO plugin. -->","yoast_head_json":{"title":"Destinos para viajar de carro alugado no outono do Brasil.","description":"Destinos de outono no Brasil: conhe\u00e7a lugares incr\u00edveis e entenda o melhor modelo de carro para alugar em cada um deles!","robots":{"index":"index","follow":"follow","max-snippet":"max-snippet:-1","max-image-preview":"max-image-preview:large","max-video-preview":"max-video-preview:-1"},"canonical":"https:\/\/www.carroaluguel.com\/blog\/destinos-de-outono-no-brasil-para-viajar-com-carro-alugado\/","og_locale":"pt_BR","og_type":"article","og_title":"Destinos para viajar de carro alugado no outono do Brasil.","og_description":"Destinos de outono no Brasil: conhe\u00e7a lugares incr\u00edveis e entenda o melhor modelo de carro para alugar em cada um deles!","og_url":"https:\/\/www.carroaluguel.com\/blog\/destinos-de-outono-no-brasil-para-viajar-com-carro-alugado\/","og_site_name":"Blog CarroAluguel","article_publisher":"https:\/\/www.facebook.com\/CarroAluguelBR","article_published_time":"2026-03-03T09:00:14+00:00","article_modified_time":"2026-03-05T18:07:42+00:00","og_image":[{"width":1000,"height":1000,"url":"https:\/\/www.carroaluguel.com\/blog\/wp-content\/uploads\/2026\/03\/Viagem-de-outono-uma-van-azul-e-folhagem-de-outono.webp","type":"image\/webp"}],"author":"blog","twitter_card":"summary_large_image","twitter_creator":"@CarroAluguel","twitter_site":"@CarroAluguel","twitter_misc":{"Escrito por":"blog","Est. tempo de leitura":"1 minuto"},"schema":{"@context":"https:\/\/schema.org","@graph":[{"@type":"Article","@id":"https:\/\/www.carroaluguel.com\/blog\/destinos-de-outono-no-brasil-para-viajar-com-carro-alugado\/#article","isPartOf":{"@id":"https:\/\/www.carroaluguel.com\/blog\/destinos-de-outono-no-brasil-para-viajar-com-carro-alugado\/"},"author":{"name":"blog","@id":"https:\/\/www.carroaluguel.com\/blog\/#\/schema\/person\/693414c3b2423315cf90fb75439be0e1"},"headline":"Destinos de outono no Brasil: roteiros incr\u00edveis para explorar com um carro alugado","datePublished":"2026-03-03T09:00:14+00:00","dateModified":"2026-03-05T18:07:42+00:00","mainEntityOfPage":{"@id":"https:\/\/www.carroaluguel.com\/blog\/destinos-de-outono-no-brasil-para-viajar-com-carro-alugado\/"},"wordCount":811,"publisher":{"@id":"https:\/\/www.carroaluguel.com\/blog\/#organization"},"image":{"@id":"https:\/\/www.carroaluguel.com\/blog\/destinos-de-outono-no-brasil-para-viajar-com-carro-alugado\/#primaryimage"},"thumbnailUrl":"https:\/\/www.carroaluguel.com\/blog\/wp-content\/uploads\/2026\/03\/Viagem-de-outono-uma-van-azul-e-folhagem-de-outono.webp","articleSection":["Dicas para Viajar","Roteiros nacionais"],"inLanguage":"pt-BR"},{"@type":"WebPage","@id":"https:\/\/www.carroaluguel.com\/blog\/destinos-de-outono-no-brasil-para-viajar-com-carro-alugado\/","url":"https:\/\/www.carroaluguel.com\/blog\/destinos-de-outono-no-brasil-para-viajar-com-carro-alugado\/","name":"Destinos para viajar de carro alugado no outono do Brasil.","isPartOf":{"@id":"https:\/\/www.carroaluguel.com\/blog\/#website"},"primaryImageOfPage":{"@id":"https:\/\/www.carroaluguel.com\/blog\/destinos-de-outono-no-brasil-para-viajar-com-carro-alugado\/#primaryimage"},"image":{"@id":"https:\/\/www.carroaluguel.com\/blog\/destinos-de-outono-no-brasil-para-viajar-com-carro-alugado\/#primaryimage"},"thumbnailUrl":"https:\/\/www.carroaluguel.com\/blog\/wp-content\/uploads\/2026\/03\/Viagem-de-outono-uma-van-azul-e-folhagem-de-outono.webp","datePublished":"2026-03-03T09:00:14+00:00","dateModified":"2026-03-05T18:07:42+00:00","description":"Destinos de outono no Brasil: conhe\u00e7a lugares incr\u00edveis e entenda o melhor modelo de carro para alugar em cada um deles!","breadcrumb":{"@id":"https:\/\/www.carroaluguel.com\/blog\/destinos-de-outono-no-brasil-para-viajar-com-carro-alugado\/#breadcrumb"},"inLanguage":"pt-BR","potentialAction":[{"@type":"ReadAction","target":["https:\/\/www.carroaluguel.com\/blog\/destinos-de-outono-no-brasil-para-viajar-com-carro-alugado\/"]}]},{"@type":"ImageObject","inLanguage":"pt-BR","@id":"https:\/\/www.carroaluguel.com\/blog\/destinos-de-outono-no-brasil-para-viajar-com-carro-alugado\/#primaryimage","url":"https:\/\/www.carroaluguel.com\/blog\/wp-content\/uploads\/2026\/03\/Viagem-de-outono-uma-van-azul-e-folhagem-de-outono.webp","contentUrl":"https:\/\/www.carroaluguel.com\/blog\/wp-content\/uploads\/2026\/03\/Viagem-de-outono-uma-van-azul-e-folhagem-de-outono.webp","width":1000,"height":1000,"caption":"Carro de aluguel estacionado em uma floresta durante viagem no outono"},{"@type":"BreadcrumbList","@id":"https:\/\/www.carroaluguel.com\/blog\/destinos-de-outono-no-brasil-para-viajar-com-carro-alugado\/#breadcrumb","itemListElement":[{"@type":"ListItem","position":1,"name":"Home","item":"https:\/\/www.carroaluguel.com\/blog\/"},{"@type":"ListItem","position":2,"name":"Roteiros","item":"https:\/\/www.carroaluguel.com\/blog\/category\/roteiros\/"},{"@type":"ListItem","position":3,"name":"Roteiros nacionais","item":"https:\/\/www.carroaluguel.com\/blog\/category\/roteiros\/roteiros-nacionais\/"},{"@type":"ListItem","position":4,"name":"Destinos de outono no Brasil: roteiros incr\u00edveis para explorar com um carro alugado"}]},{"@type":"WebSite","@id":"https:\/\/www.carroaluguel.com\/blog\/#website","url":"https:\/\/www.carroaluguel.com\/blog\/","name":"Blog CarroAluguel","description":"","publisher":{"@id":"https:\/\/www.carroaluguel.com\/blog\/#organization"},"potentialAction":[{"@type":"SearchAction","target":{"@type":"EntryPoint","urlTemplate":"https:\/\/www.carroaluguel.com\/blog\/?s={search_term_string}"},"query-input":{"@type":"PropertyValueSpecification","valueRequired":true,"valueName":"search_term_string"}}],"inLanguage":"pt-BR"},{"@type":"Organization","@id":"https:\/\/www.carroaluguel.com\/blog\/#organization","name":"CarroAluguel.com","url":"https:\/\/www.carroaluguel.com\/blog\/","logo":{"@type":"ImageObject","inLanguage":"pt-BR","@id":"https:\/\/www.carroaluguel.com\/blog\/#\/schema\/logo\/image\/","url":"https:\/\/www.carroaluguel.com\/blog\/wp-content\/uploads\/2023\/08\/logo-carro-aluguel-BLOG-200x54-1.png","contentUrl":"https:\/\/www.carroaluguel.com\/blog\/wp-content\/uploads\/2023\/08\/logo-carro-aluguel-BLOG-200x54-1.png","width":200,"height":54,"caption":"CarroAluguel.com"},"image":{"@id":"https:\/\/www.carroaluguel.com\/blog\/#\/schema\/logo\/image\/"},"sameAs":["https:\/\/www.facebook.com\/CarroAluguelBR","https:\/\/x.com\/CarroAluguel","https:\/\/www.instagram.com\/carroaluguel\/"]},{"@type":"Person","@id":"https:\/\/www.carroaluguel.com\/blog\/#\/schema\/person\/693414c3b2423315cf90fb75439be0e1","name":"blog","image":{"@type":"ImageObject","inLanguage":"pt-BR","@id":"https:\/\/secure.gravatar.com\/avatar\/b8a3d64fc0b21db017f462a77f2c79b24cf3db4426d602430441f37f7d2ac037?s=96&d=mm&r=g","url":"https:\/\/secure.gravatar.com\/avatar\/b8a3d64fc0b21db017f462a77f2c79b24cf3db4426d602430441f37f7d2ac037?s=96&d=mm&r=g","contentUrl":"https:\/\/secure.gravatar.com\/avatar\/b8a3d64fc0b21db017f462a77f2c79b24cf3db4426d602430441f37f7d2ac037?s=96&d=mm&r=g","caption":"blog"},"sameAs":["https:\/\/carroaluguel.com\/blog"],"url":"https:\/\/www.carroaluguel.com\/blog\/author\/blog\/"}]}},"_links":{"self":[{"href":"https:\/\/www.carroaluguel.com\/blog\/wp-json\/wp\/v2\/posts\/11588","targetHints":{"allow":["GET"]}}],"collection":[{"href":"https:\/\/www.carroaluguel.com\/blog\/wp-json\/wp\/v2\/posts"}],"about":[{"href":"https:\/\/www.carroaluguel.com\/blog\/wp-json\/wp\/v2\/types\/post"}],"author":[{"embeddable":true,"href":"https:\/\/www.carroaluguel.com\/blog\/wp-json\/wp\/v2\/users\/1"}],"replies":[{"embeddable":true,"href":"https:\/\/www.carroaluguel.com\/blog\/wp-json\/wp\/v2\/comments?post=11588"}],"version-history":[{"count":1,"href":"https:\/\/www.carroaluguel.com\/blog\/wp-json\/wp\/v2\/posts\/11588\/revisions"}],"predecessor-version":[{"id":11595,"href":"https:\/\/www.carroaluguel.com\/blog\/wp-json\/wp\/v2\/posts\/11588\/revisions\/11595"}],"wp:featuredmedia":[{"embeddable":true,"href":"https:\/\/www.carroaluguel.com\/blog\/wp-json\/wp\/v2\/media\/11589"}],"wp:attachment":[{"href":"https:\/\/www.carroaluguel.com\/blog\/wp-json\/wp\/v2\/media?parent=11588"}],"wp:term":[{"taxonomy":"category","embeddable":true,"href":"https:\/\/www.carroaluguel.com\/blog\/wp-json\/wp\/v2\/categories?post=11588"},{"taxonomy":"post_tag","embeddable":true,"href":"https:\/\/www.carroaluguel.com\/blog\/wp-json\/wp\/v2\/tags?post=11588"}],"curies":[{"name":"wp","href":"https:\/\/api.w.org\/{rel}","templated":true}]}}