{"id":11596,"date":"2026-03-05T09:00:15","date_gmt":"2026-03-05T09:00:15","guid":{"rendered":"https:\/\/www.carroaluguel.com\/blog\/?p=11596"},"modified":"2026-03-05T18:07:36","modified_gmt":"2026-03-05T18:07:36","slug":"aluguel-de-carro-para-nomades-digitais","status":"publish","type":"post","link":"https:\/\/www.carroaluguel.com\/blog\/aluguel-de-carro-para-nomades-digitais\/","title":{"rendered":"Loca\u00e7\u00e3o para n\u00f4mades digitais: como o aluguel mensal flexibiliza a vida de quem trabalha viajando pelo Brasil"},"content":{"rendered":"<p><span style=\"font-weight: 400;\">O conceito de nomadismo digital engloba profissionais que utilizam tecnologia para trabalhar de qualquer lugar, sem necessidade de um escrit\u00f3rio fixo. No Brasil, esse estilo de vida ganha for\u00e7a pela diversidade de paisagens e pela busca por experi\u00eancias que unam carreira e lazer.\u00a0<\/span><\/p>\n<p><span style=\"font-weight: 400;\">Entretanto, para que essa rotina funcione sem interrup\u00e7\u00f5es, a mobilidade eficiente \u00e9 um pilar central. Ter controle sobre os pr\u00f3prios deslocamentos confere a autonomia necess\u00e1ria para explorar o pa\u00eds, enquanto os prazos profissionais seguem em dia.<\/span><\/p>\n<p><span style=\"font-weight: 400;\">Para que essa rotina funcione perfeitamente, a mobilidade precisa ser eficiente, segura e, acima de tudo, econ\u00f4mica. Ter um ve\u00edculo pr\u00f3prio em cada destino \u00e9 invi\u00e1vel, e depender apenas de transporte p\u00fablico ou de aplicativos de curta dist\u00e2ncia gera custos altos e limita a explora\u00e7\u00e3o de lugares novos. \u00c9 aqui que o aluguel de carros por per\u00edodos longos se mostra a solu\u00e7\u00e3o ideal para quem busca autonomia total.<\/span><\/p>\n<p>&nbsp;<\/p>\n<h2><b>A praticidade e a economia do aluguel mensal<\/b><\/h2>\n<p><span style=\"font-weight: 400;\">Optar pelo aluguel de longa dura\u00e7\u00e3o \u00e9 uma escolha estrat\u00e9gica para quem n\u00e3o possui endere\u00e7o fixo. Ao contr\u00e1rio das di\u00e1rias avulsas, o contrato mensal apresenta tarifas muito mais competitivas, o que ajuda na busca pelo melhor pre\u00e7o aluguel de carro. Al\u00e9m disso, quem utiliza esse servi\u00e7o n\u00e3o precisa carregar o peso financeiro de um IPVA, de um seguro obrigat\u00f3rio ou da desvaloriza\u00e7\u00e3o do bem.<\/span><\/p>\n<p><span style=\"font-weight: 400;\">A previsibilidade financeira \u00e9 um dos maiores desejos dos profissionais n\u00f4mades. Com a loca\u00e7\u00e3o, o valor do pacote j\u00e1 inclui a prote\u00e7\u00e3o do ve\u00edculo e a assist\u00eancia t\u00e9cnica, o que evita custos inesperados que surjam em uma viagem longa.\u00a0<\/span><\/p>\n<p><span style=\"font-weight: 400;\">Aqui na CarroAluguel.com, voc\u00ea encontra uma plataforma intuitiva para <\/span><b>comparar aluguel de carros<\/b><span style=\"font-weight: 400;\"> entre as principais locadoras do mercado, garantindo que a escolha final tenha o equil\u00edbrio perfeito entre o or\u00e7amento dispon\u00edvel e o conforto necess\u00e1rio para o trabalho e a vida pessoal.<\/span><\/p>\n<p>&nbsp;<\/p>\n<h3><b>Qual \u00e9 o melhor modelo de carro para viajar no Brasil?\u00a0<\/b><\/h3>\n<p><span style=\"font-weight: 400;\">O Brasil possui dimens\u00f5es continentais e estradas com caracter\u00edsticas muito variadas. Por isso, a escolha do modelo \u00e9 um passo importante. Entender as op\u00e7\u00f5es por categoria facilita muito na escolha de quem precisa de um porta-malas maior para equipamentos de trabalho ou de um motor mais potente para trechos de serra.<\/span><\/p>\n<ul>\n<li style=\"font-weight: 400;\" aria-level=\"1\"><a href=\"https:\/\/www.carroaluguel.com\/categorias\/economico\"><span style=\"font-weight: 400;\">Modelos econ\u00f4mico<\/span><\/a><span style=\"font-weight: 400;\">s: \u00f3timos para quem circula dentro de per\u00edmetros urbanos e quer economizar no combust\u00edvel;<\/span><\/li>\n<li style=\"font-weight: 400;\" aria-level=\"1\"><a href=\"https:\/\/www.carroaluguel.com\/categorias\/suv\"><span style=\"font-weight: 400;\">SUVs<\/span><\/a><span style=\"font-weight: 400;\">: ideais para n\u00f4mades que buscam destinos de natureza, como a Chapada dos Veadeiros ou o Jalap\u00e3o, onde o solo exige mais do carro;<\/span><\/li>\n<li style=\"font-weight: 400;\" aria-level=\"1\"><a href=\"https:\/\/www.carroaluguel.com\/categorias\/sedan\"><span style=\"font-weight: 400;\">Sedans<\/span><\/a><span style=\"font-weight: 400;\">: oferecem o conforto necess\u00e1rio para viagens longas entre estados, com bom espa\u00e7o para malas e mochilas;<\/span><\/li>\n<li style=\"font-weight: 400;\" aria-level=\"1\"><a href=\"https:\/\/www.carroaluguel.com\/categorias\/minivan-7-lugares\"><span style=\"font-weight: 400;\">Ve\u00edculos de 7 lugares:<\/span><\/a><span style=\"font-weight: 400;\"> s\u00e3o a melhor escolha para quem leva a fam\u00edlia ou viaja com grupos maiores, pois possuem espa\u00e7o para todos e para as malas extras.<\/span><\/li>\n<\/ul>\n<p><img decoding=\"async\" class=\"lazyload alignnone wp-image-11593 size-full\" src=\"https:\/\/www.carroaluguel.com\/blog\/wp-content\/uploads\/2026\/03\/nomades-digitais-trabalhando-remotamente.webp\" data-orig-src=\"https:\/\/www.carroaluguel.com\/blog\/wp-content\/uploads\/2026\/03\/nomades-digitais-trabalhando-remotamente.webp\" alt=\"n\u00f4mades digitais trabalhando remotamente\" width=\"1000\" height=\"667\" srcset=\"data:image\/svg+xml,%3Csvg%20xmlns%3D%27http%3A%2F%2Fwww.w3.org%2F2000%2Fsvg%27%20width%3D%271000%27%20height%3D%27667%27%20viewBox%3D%270%200%201000%20667%27%3E%3Crect%20width%3D%271000%27%20height%3D%27667%27%20fill-opacity%3D%220%22%2F%3E%3C%2Fsvg%3E\" data-srcset=\"https:\/\/www.carroaluguel.com\/blog\/wp-content\/uploads\/2026\/03\/nomades-digitais-trabalhando-remotamente-200x133.webp 200w, https:\/\/www.carroaluguel.com\/blog\/wp-content\/uploads\/2026\/03\/nomades-digitais-trabalhando-remotamente-300x200.webp 300w, https:\/\/www.carroaluguel.com\/blog\/wp-content\/uploads\/2026\/03\/nomades-digitais-trabalhando-remotamente-400x267.webp 400w, https:\/\/www.carroaluguel.com\/blog\/wp-content\/uploads\/2026\/03\/nomades-digitais-trabalhando-remotamente-600x400.webp 600w, https:\/\/www.carroaluguel.com\/blog\/wp-content\/uploads\/2026\/03\/nomades-digitais-trabalhando-remotamente-640x427.webp 640w, https:\/\/www.carroaluguel.com\/blog\/wp-content\/uploads\/2026\/03\/nomades-digitais-trabalhando-remotamente-768x512.webp 768w, https:\/\/www.carroaluguel.com\/blog\/wp-content\/uploads\/2026\/03\/nomades-digitais-trabalhando-remotamente-800x534.webp 800w, https:\/\/www.carroaluguel.com\/blog\/wp-content\/uploads\/2026\/03\/nomades-digitais-trabalhando-remotamente.webp 1000w\" data-sizes=\"auto\" data-orig-sizes=\"(max-width: 1000px) 100vw, 1000px\" \/><\/p>\n<h3><b>Planejamento de rota e organiza\u00e7\u00e3o do cotidiano<\/b><\/h3>\n<p><span style=\"font-weight: 400;\">Uma jornada produtiva exige um planejamento detalhado antes mesmo de dar a partida. O uso de aplicativos de navega\u00e7\u00e3o ajuda a definir o roteiro, prever o tempo de deslocamento e identificar paradas estrat\u00e9gicas para descanso ou para conferir e-mails importantes. Definir as hospedagens com anteced\u00eancia tamb\u00e9m garante mais conforto e evita surpresas desagrad\u00e1veis ao chegar a um novo destino.<\/span><\/p>\n<p><span style=\"font-weight: 400;\">Al\u00e9m do roteiro digital, a organiza\u00e7\u00e3o f\u00edsica do ambiente de trabalho no interior do carro faz diferen\u00e7a. Profissionais n\u00f4mades devem manter itens essenciais sempre acess\u00edveis, como carregadores, cabos para celular e lanches leves. Manter o ve\u00edculo limpo e organizado cria um ambiente agrad\u00e1vel para os trajetos mais longos. No preparo da mala, priorize a funcionalidade, garantindo que os equipamentos de trabalho estejam seguros e f\u00e1ceis de retirar em cada parada.<\/span><\/p>\n<p>&nbsp;<\/p>\n<h3><b>Documenta\u00e7\u00e3o e revis\u00e3o: itens de seguran\u00e7a obrigat\u00f3rios<\/b><\/h3>\n<p><span style=\"font-weight: 400;\">Para alugar carro online com tranquilidade, a pessoa deve apresentar a CNH v\u00e1lida e documentos pessoais originais. No caso de estrangeiros, o passaporte e a habilita\u00e7\u00e3o internacional (ou do pa\u00eds de origem) s\u00e3o indispens\u00e1veis. A maioria das locadoras exige que o condutor tenha mais de 21 anos e a carteira de motorista emitida h\u00e1 pelo menos dois anos.<\/span><\/p>\n<p><span style=\"font-weight: 400;\">Mesmo que o ve\u00edculo venha de uma locadora, recomendamos que a pessoa fa\u00e7a uma confer\u00eancia r\u00e1pida na retirada.\u00a0 \u00c9 importante verificar pneus, estepe, luzes, freios e fluidos para garantir que a viagem comece com total seguran\u00e7a. Ter o tri\u00e2ngulo de sinaliza\u00e7\u00e3o, o macaco e a chave de roda em ordem \u00e9 obrigat\u00f3rio por lei e traz seguran\u00e7a contra imprevistos mec\u00e2nicos na estrada.<\/span><\/p>\n<p><span style=\"font-weight: 400;\">Se estiver com seu pr\u00f3prio ve\u00edculo, agende uma revis\u00e3o para checar:<\/span><\/p>\n<ul>\n<li style=\"font-weight: 400;\" aria-level=\"1\"><span style=\"font-weight: 400;\">\u00d3leo e fluidos;<\/span><\/li>\n<li style=\"font-weight: 400;\" aria-level=\"1\"><span style=\"font-weight: 400;\">Freios;<\/span><\/li>\n<li style=\"font-weight: 400;\" aria-level=\"1\"><span style=\"font-weight: 400;\">Pneus e estepe;<\/span><\/li>\n<li style=\"font-weight: 400;\" aria-level=\"1\"><span style=\"font-weight: 400;\">Luzes e far\u00f3is;<\/span><\/li>\n<li style=\"font-weight: 400;\" aria-level=\"1\"><span style=\"font-weight: 400;\">Itens obrigat\u00f3rios de seguran\u00e7a.<\/span><\/li>\n<\/ul>\n<p><span style=\"font-weight: 400;\">Tamb\u00e9m \u00e9 importante levar documentos pessoais, cart\u00f5es, uma muda de roupa extra e itens b\u00e1sicos de higiene pessoal. Um pequeno kit de primeiros socorros pode ser bastante \u00fatil em caso de imprevistos.\u00a0<\/span><\/p>\n<p>&nbsp;<\/p>\n<p><i><span style=\"font-weight: 400;\">Dica extra: monte uma caixa de f\u00e1cil acesso com tudo o que voc\u00ea possa precisar durante o trajeto, como lanches, rem\u00e9dios, \u00e1lcool em gel e papel higi\u00eanico. Facilita muito!<\/span><\/i><\/p>\n<p>&nbsp;<\/p>\n<p><span style=\"font-weight: 400;\">Vai alugar e ainda n\u00e3o escolheu o ve\u00edculo ideal para a sua viagem? Compare agora os modelos e os pre\u00e7os no site da <\/span><a href=\"http:\/\/carroaluguel.com\"><span style=\"font-weight: 400;\">CarroAluguel.com<\/span><\/a><span style=\"font-weight: 400;\">. \u00c9 r\u00e1pido, f\u00e1cil e te ajuda a economizar.<\/span><\/p>\n<p>&nbsp;<\/p>\n<p><span style=\"font-weight: 400;\">Boa viagem! <\/span><\/p>\n","protected":false},"excerpt":{"rendered":"<p>O conceito de nomadismo digital engloba profissionais que utilizam tecnologia  [&#8230;]<\/p>\n","protected":false},"author":1,"featured_media":11594,"comment_status":"closed","ping_status":"open","sticky":false,"template":"","format":"standard","meta":{"footnotes":""},"categories":[947],"tags":[],"class_list":["post-11596","post","type-post","status-publish","format-standard","has-post-thumbnail","hentry","category-aluguel-de-carros-negocios"],"yoast_head":"<!-- This site is optimized with the Yoast SEO plugin v27.5 - https:\/\/yoast.com\/product\/yoast-seo-wordpress\/ -->\n<title>Aluguel de carro para n\u00f4mades digitais: dicas e vantagens<\/title>\n<meta name=\"description\" content=\"Saiba como o aluguel mensal traz mobilidade para n\u00f4mades digitais. Veja dicas de planejamento, modelos e mais!\" \/>\n<meta name=\"robots\" content=\"index, follow, max-snippet:-1, max-image-preview:large, max-video-preview:-1\" \/>\n<link rel=\"canonical\" href=\"https:\/\/www.carroaluguel.com\/blog\/aluguel-de-carro-para-nomades-digitais\/\" \/>\n<meta property=\"og:locale\" content=\"pt_BR\" \/>\n<meta property=\"og:type\" content=\"article\" \/>\n<meta property=\"og:title\" content=\"Aluguel de carro para n\u00f4mades digitais: dicas e vantagens\" \/>\n<meta property=\"og:description\" content=\"Saiba como o aluguel mensal traz mobilidade para n\u00f4mades digitais. Veja dicas de planejamento, modelos e mais!\" \/>\n<meta property=\"og:url\" content=\"https:\/\/www.carroaluguel.com\/blog\/aluguel-de-carro-para-nomades-digitais\/\" \/>\n<meta property=\"og:site_name\" content=\"Blog CarroAluguel\" \/>\n<meta property=\"article:publisher\" content=\"https:\/\/www.facebook.com\/CarroAluguelBR\" \/>\n<meta property=\"article:published_time\" content=\"2026-03-05T09:00:15+00:00\" \/>\n<meta property=\"article:modified_time\" content=\"2026-03-05T18:07:36+00:00\" \/>\n<meta property=\"og:image\" content=\"https:\/\/www.carroaluguel.com\/blog\/wp-content\/uploads\/2026\/03\/Notebook-e-copo-de-cafe-sobre-carro-alugado-em-meio-a-natureza.webp\" \/>\n\t<meta property=\"og:image:width\" content=\"1000\" \/>\n\t<meta property=\"og:image:height\" content=\"668\" \/>\n\t<meta property=\"og:image:type\" content=\"image\/webp\" \/>\n<meta name=\"author\" content=\"blog\" \/>\n<meta name=\"twitter:card\" content=\"summary_large_image\" \/>\n<meta name=\"twitter:creator\" content=\"@CarroAluguel\" \/>\n<meta name=\"twitter:site\" content=\"@CarroAluguel\" \/>\n<meta name=\"twitter:label1\" content=\"Escrito por\" \/>\n\t<meta name=\"twitter:data1\" content=\"blog\" \/>\n\t<meta name=\"twitter:label2\" content=\"Est. tempo de leitura\" \/>\n\t<meta name=\"twitter:data2\" content=\"1 minuto\" \/>\n<script type=\"application\/ld+json\" class=\"yoast-schema-graph\">{\"@context\":\"https:\\\/\\\/schema.org\",\"@graph\":[{\"@type\":\"Article\",\"@id\":\"https:\\\/\\\/www.carroaluguel.com\\\/blog\\\/aluguel-de-carro-para-nomades-digitais\\\/#article\",\"isPartOf\":{\"@id\":\"https:\\\/\\\/www.carroaluguel.com\\\/blog\\\/aluguel-de-carro-para-nomades-digitais\\\/\"},\"author\":{\"name\":\"blog\",\"@id\":\"https:\\\/\\\/www.carroaluguel.com\\\/blog\\\/#\\\/schema\\\/person\\\/693414c3b2423315cf90fb75439be0e1\"},\"headline\":\"Loca\u00e7\u00e3o para n\u00f4mades digitais: como o aluguel mensal flexibiliza a vida de quem trabalha viajando pelo Brasil\",\"datePublished\":\"2026-03-05T09:00:15+00:00\",\"dateModified\":\"2026-03-05T18:07:36+00:00\",\"mainEntityOfPage\":{\"@id\":\"https:\\\/\\\/www.carroaluguel.com\\\/blog\\\/aluguel-de-carro-para-nomades-digitais\\\/\"},\"wordCount\":948,\"publisher\":{\"@id\":\"https:\\\/\\\/www.carroaluguel.com\\\/blog\\\/#organization\"},\"image\":{\"@id\":\"https:\\\/\\\/www.carroaluguel.com\\\/blog\\\/aluguel-de-carro-para-nomades-digitais\\\/#primaryimage\"},\"thumbnailUrl\":\"https:\\\/\\\/www.carroaluguel.com\\\/blog\\\/wp-content\\\/uploads\\\/2026\\\/03\\\/Notebook-e-copo-de-cafe-sobre-carro-alugado-em-meio-a-natureza.webp\",\"articleSection\":[\"Aluguel de carros para neg\u00f3cios\"],\"inLanguage\":\"pt-BR\"},{\"@type\":\"WebPage\",\"@id\":\"https:\\\/\\\/www.carroaluguel.com\\\/blog\\\/aluguel-de-carro-para-nomades-digitais\\\/\",\"url\":\"https:\\\/\\\/www.carroaluguel.com\\\/blog\\\/aluguel-de-carro-para-nomades-digitais\\\/\",\"name\":\"Aluguel de carro para n\u00f4mades digitais: dicas e vantagens\",\"isPartOf\":{\"@id\":\"https:\\\/\\\/www.carroaluguel.com\\\/blog\\\/#website\"},\"primaryImageOfPage\":{\"@id\":\"https:\\\/\\\/www.carroaluguel.com\\\/blog\\\/aluguel-de-carro-para-nomades-digitais\\\/#primaryimage\"},\"image\":{\"@id\":\"https:\\\/\\\/www.carroaluguel.com\\\/blog\\\/aluguel-de-carro-para-nomades-digitais\\\/#primaryimage\"},\"thumbnailUrl\":\"https:\\\/\\\/www.carroaluguel.com\\\/blog\\\/wp-content\\\/uploads\\\/2026\\\/03\\\/Notebook-e-copo-de-cafe-sobre-carro-alugado-em-meio-a-natureza.webp\",\"datePublished\":\"2026-03-05T09:00:15+00:00\",\"dateModified\":\"2026-03-05T18:07:36+00:00\",\"description\":\"Saiba como o aluguel mensal traz mobilidade para n\u00f4mades digitais. Veja dicas de planejamento, modelos e mais!\",\"breadcrumb\":{\"@id\":\"https:\\\/\\\/www.carroaluguel.com\\\/blog\\\/aluguel-de-carro-para-nomades-digitais\\\/#breadcrumb\"},\"inLanguage\":\"pt-BR\",\"potentialAction\":[{\"@type\":\"ReadAction\",\"target\":[\"https:\\\/\\\/www.carroaluguel.com\\\/blog\\\/aluguel-de-carro-para-nomades-digitais\\\/\"]}]},{\"@type\":\"ImageObject\",\"inLanguage\":\"pt-BR\",\"@id\":\"https:\\\/\\\/www.carroaluguel.com\\\/blog\\\/aluguel-de-carro-para-nomades-digitais\\\/#primaryimage\",\"url\":\"https:\\\/\\\/www.carroaluguel.com\\\/blog\\\/wp-content\\\/uploads\\\/2026\\\/03\\\/Notebook-e-copo-de-cafe-sobre-carro-alugado-em-meio-a-natureza.webp\",\"contentUrl\":\"https:\\\/\\\/www.carroaluguel.com\\\/blog\\\/wp-content\\\/uploads\\\/2026\\\/03\\\/Notebook-e-copo-de-cafe-sobre-carro-alugado-em-meio-a-natureza.webp\",\"width\":1000,\"height\":668,\"caption\":\"Notebook e copo de caf\u00e9 sobre carro alugado em meio \u00e0 natureza\"},{\"@type\":\"BreadcrumbList\",\"@id\":\"https:\\\/\\\/www.carroaluguel.com\\\/blog\\\/aluguel-de-carro-para-nomades-digitais\\\/#breadcrumb\",\"itemListElement\":[{\"@type\":\"ListItem\",\"position\":1,\"name\":\"Home\",\"item\":\"https:\\\/\\\/www.carroaluguel.com\\\/blog\\\/\"},{\"@type\":\"ListItem\",\"position\":2,\"name\":\"Aluguel de carros\",\"item\":\"https:\\\/\\\/www.carroaluguel.com\\\/blog\\\/category\\\/aluguel-de-carros\\\/\"},{\"@type\":\"ListItem\",\"position\":3,\"name\":\"Aluguel de carros para neg\u00f3cios\",\"item\":\"https:\\\/\\\/www.carroaluguel.com\\\/blog\\\/category\\\/aluguel-de-carros\\\/aluguel-de-carros-negocios\\\/\"},{\"@type\":\"ListItem\",\"position\":4,\"name\":\"Loca\u00e7\u00e3o para n\u00f4mades digitais: como o aluguel mensal flexibiliza a vida de quem trabalha viajando pelo Brasil\"}]},{\"@type\":\"WebSite\",\"@id\":\"https:\\\/\\\/www.carroaluguel.com\\\/blog\\\/#website\",\"url\":\"https:\\\/\\\/www.carroaluguel.com\\\/blog\\\/\",\"name\":\"Blog CarroAluguel\",\"description\":\"\",\"publisher\":{\"@id\":\"https:\\\/\\\/www.carroaluguel.com\\\/blog\\\/#organization\"},\"potentialAction\":[{\"@type\":\"SearchAction\",\"target\":{\"@type\":\"EntryPoint\",\"urlTemplate\":\"https:\\\/\\\/www.carroaluguel.com\\\/blog\\\/?s={search_term_string}\"},\"query-input\":{\"@type\":\"PropertyValueSpecification\",\"valueRequired\":true,\"valueName\":\"search_term_string\"}}],\"inLanguage\":\"pt-BR\"},{\"@type\":\"Organization\",\"@id\":\"https:\\\/\\\/www.carroaluguel.com\\\/blog\\\/#organization\",\"name\":\"CarroAluguel.com\",\"url\":\"https:\\\/\\\/www.carroaluguel.com\\\/blog\\\/\",\"logo\":{\"@type\":\"ImageObject\",\"inLanguage\":\"pt-BR\",\"@id\":\"https:\\\/\\\/www.carroaluguel.com\\\/blog\\\/#\\\/schema\\\/logo\\\/image\\\/\",\"url\":\"https:\\\/\\\/www.carroaluguel.com\\\/blog\\\/wp-content\\\/uploads\\\/2023\\\/08\\\/logo-carro-aluguel-BLOG-200x54-1.png\",\"contentUrl\":\"https:\\\/\\\/www.carroaluguel.com\\\/blog\\\/wp-content\\\/uploads\\\/2023\\\/08\\\/logo-carro-aluguel-BLOG-200x54-1.png\",\"width\":200,\"height\":54,\"caption\":\"CarroAluguel.com\"},\"image\":{\"@id\":\"https:\\\/\\\/www.carroaluguel.com\\\/blog\\\/#\\\/schema\\\/logo\\\/image\\\/\"},\"sameAs\":[\"https:\\\/\\\/www.facebook.com\\\/CarroAluguelBR\",\"https:\\\/\\\/x.com\\\/CarroAluguel\",\"https:\\\/\\\/www.instagram.com\\\/carroaluguel\\\/\"]},{\"@type\":\"Person\",\"@id\":\"https:\\\/\\\/www.carroaluguel.com\\\/blog\\\/#\\\/schema\\\/person\\\/693414c3b2423315cf90fb75439be0e1\",\"name\":\"blog\",\"image\":{\"@type\":\"ImageObject\",\"inLanguage\":\"pt-BR\",\"@id\":\"https:\\\/\\\/secure.gravatar.com\\\/avatar\\\/b8a3d64fc0b21db017f462a77f2c79b24cf3db4426d602430441f37f7d2ac037?s=96&d=mm&r=g\",\"url\":\"https:\\\/\\\/secure.gravatar.com\\\/avatar\\\/b8a3d64fc0b21db017f462a77f2c79b24cf3db4426d602430441f37f7d2ac037?s=96&d=mm&r=g\",\"contentUrl\":\"https:\\\/\\\/secure.gravatar.com\\\/avatar\\\/b8a3d64fc0b21db017f462a77f2c79b24cf3db4426d602430441f37f7d2ac037?s=96&d=mm&r=g\",\"caption\":\"blog\"},\"sameAs\":[\"https:\\\/\\\/carroaluguel.com\\\/blog\"],\"url\":\"https:\\\/\\\/www.carroaluguel.com\\\/blog\\\/author\\\/blog\\\/\"}]}<\/script>\n<!-- \/ Yoast SEO plugin. -->","yoast_head_json":{"title":"Aluguel de carro para n\u00f4mades digitais: dicas e vantagens","description":"Saiba como o aluguel mensal traz mobilidade para n\u00f4mades digitais. Veja dicas de planejamento, modelos e mais!","robots":{"index":"index","follow":"follow","max-snippet":"max-snippet:-1","max-image-preview":"max-image-preview:large","max-video-preview":"max-video-preview:-1"},"canonical":"https:\/\/www.carroaluguel.com\/blog\/aluguel-de-carro-para-nomades-digitais\/","og_locale":"pt_BR","og_type":"article","og_title":"Aluguel de carro para n\u00f4mades digitais: dicas e vantagens","og_description":"Saiba como o aluguel mensal traz mobilidade para n\u00f4mades digitais. Veja dicas de planejamento, modelos e mais!","og_url":"https:\/\/www.carroaluguel.com\/blog\/aluguel-de-carro-para-nomades-digitais\/","og_site_name":"Blog CarroAluguel","article_publisher":"https:\/\/www.facebook.com\/CarroAluguelBR","article_published_time":"2026-03-05T09:00:15+00:00","article_modified_time":"2026-03-05T18:07:36+00:00","og_image":[{"width":1000,"height":668,"url":"https:\/\/www.carroaluguel.com\/blog\/wp-content\/uploads\/2026\/03\/Notebook-e-copo-de-cafe-sobre-carro-alugado-em-meio-a-natureza.webp","type":"image\/webp"}],"author":"blog","twitter_card":"summary_large_image","twitter_creator":"@CarroAluguel","twitter_site":"@CarroAluguel","twitter_misc":{"Escrito por":"blog","Est. tempo de leitura":"1 minuto"},"schema":{"@context":"https:\/\/schema.org","@graph":[{"@type":"Article","@id":"https:\/\/www.carroaluguel.com\/blog\/aluguel-de-carro-para-nomades-digitais\/#article","isPartOf":{"@id":"https:\/\/www.carroaluguel.com\/blog\/aluguel-de-carro-para-nomades-digitais\/"},"author":{"name":"blog","@id":"https:\/\/www.carroaluguel.com\/blog\/#\/schema\/person\/693414c3b2423315cf90fb75439be0e1"},"headline":"Loca\u00e7\u00e3o para n\u00f4mades digitais: como o aluguel mensal flexibiliza a vida de quem trabalha viajando pelo Brasil","datePublished":"2026-03-05T09:00:15+00:00","dateModified":"2026-03-05T18:07:36+00:00","mainEntityOfPage":{"@id":"https:\/\/www.carroaluguel.com\/blog\/aluguel-de-carro-para-nomades-digitais\/"},"wordCount":948,"publisher":{"@id":"https:\/\/www.carroaluguel.com\/blog\/#organization"},"image":{"@id":"https:\/\/www.carroaluguel.com\/blog\/aluguel-de-carro-para-nomades-digitais\/#primaryimage"},"thumbnailUrl":"https:\/\/www.carroaluguel.com\/blog\/wp-content\/uploads\/2026\/03\/Notebook-e-copo-de-cafe-sobre-carro-alugado-em-meio-a-natureza.webp","articleSection":["Aluguel de carros para neg\u00f3cios"],"inLanguage":"pt-BR"},{"@type":"WebPage","@id":"https:\/\/www.carroaluguel.com\/blog\/aluguel-de-carro-para-nomades-digitais\/","url":"https:\/\/www.carroaluguel.com\/blog\/aluguel-de-carro-para-nomades-digitais\/","name":"Aluguel de carro para n\u00f4mades digitais: dicas e vantagens","isPartOf":{"@id":"https:\/\/www.carroaluguel.com\/blog\/#website"},"primaryImageOfPage":{"@id":"https:\/\/www.carroaluguel.com\/blog\/aluguel-de-carro-para-nomades-digitais\/#primaryimage"},"image":{"@id":"https:\/\/www.carroaluguel.com\/blog\/aluguel-de-carro-para-nomades-digitais\/#primaryimage"},"thumbnailUrl":"https:\/\/www.carroaluguel.com\/blog\/wp-content\/uploads\/2026\/03\/Notebook-e-copo-de-cafe-sobre-carro-alugado-em-meio-a-natureza.webp","datePublished":"2026-03-05T09:00:15+00:00","dateModified":"2026-03-05T18:07:36+00:00","description":"Saiba como o aluguel mensal traz mobilidade para n\u00f4mades digitais. Veja dicas de planejamento, modelos e mais!","breadcrumb":{"@id":"https:\/\/www.carroaluguel.com\/blog\/aluguel-de-carro-para-nomades-digitais\/#breadcrumb"},"inLanguage":"pt-BR","potentialAction":[{"@type":"ReadAction","target":["https:\/\/www.carroaluguel.com\/blog\/aluguel-de-carro-para-nomades-digitais\/"]}]},{"@type":"ImageObject","inLanguage":"pt-BR","@id":"https:\/\/www.carroaluguel.com\/blog\/aluguel-de-carro-para-nomades-digitais\/#primaryimage","url":"https:\/\/www.carroaluguel.com\/blog\/wp-content\/uploads\/2026\/03\/Notebook-e-copo-de-cafe-sobre-carro-alugado-em-meio-a-natureza.webp","contentUrl":"https:\/\/www.carroaluguel.com\/blog\/wp-content\/uploads\/2026\/03\/Notebook-e-copo-de-cafe-sobre-carro-alugado-em-meio-a-natureza.webp","width":1000,"height":668,"caption":"Notebook e copo de caf\u00e9 sobre carro alugado em meio \u00e0 natureza"},{"@type":"BreadcrumbList","@id":"https:\/\/www.carroaluguel.com\/blog\/aluguel-de-carro-para-nomades-digitais\/#breadcrumb","itemListElement":[{"@type":"ListItem","position":1,"name":"Home","item":"https:\/\/www.carroaluguel.com\/blog\/"},{"@type":"ListItem","position":2,"name":"Aluguel de carros","item":"https:\/\/www.carroaluguel.com\/blog\/category\/aluguel-de-carros\/"},{"@type":"ListItem","position":3,"name":"Aluguel de carros para neg\u00f3cios","item":"https:\/\/www.carroaluguel.com\/blog\/category\/aluguel-de-carros\/aluguel-de-carros-negocios\/"},{"@type":"ListItem","position":4,"name":"Loca\u00e7\u00e3o para n\u00f4mades digitais: como o aluguel mensal flexibiliza a vida de quem trabalha viajando pelo Brasil"}]},{"@type":"WebSite","@id":"https:\/\/www.carroaluguel.com\/blog\/#website","url":"https:\/\/www.carroaluguel.com\/blog\/","name":"Blog CarroAluguel","description":"","publisher":{"@id":"https:\/\/www.carroaluguel.com\/blog\/#organization"},"potentialAction":[{"@type":"SearchAction","target":{"@type":"EntryPoint","urlTemplate":"https:\/\/www.carroaluguel.com\/blog\/?s={search_term_string}"},"query-input":{"@type":"PropertyValueSpecification","valueRequired":true,"valueName":"search_term_string"}}],"inLanguage":"pt-BR"},{"@type":"Organization","@id":"https:\/\/www.carroaluguel.com\/blog\/#organization","name":"CarroAluguel.com","url":"https:\/\/www.carroaluguel.com\/blog\/","logo":{"@type":"ImageObject","inLanguage":"pt-BR","@id":"https:\/\/www.carroaluguel.com\/blog\/#\/schema\/logo\/image\/","url":"https:\/\/www.carroaluguel.com\/blog\/wp-content\/uploads\/2023\/08\/logo-carro-aluguel-BLOG-200x54-1.png","contentUrl":"https:\/\/www.carroaluguel.com\/blog\/wp-content\/uploads\/2023\/08\/logo-carro-aluguel-BLOG-200x54-1.png","width":200,"height":54,"caption":"CarroAluguel.com"},"image":{"@id":"https:\/\/www.carroaluguel.com\/blog\/#\/schema\/logo\/image\/"},"sameAs":["https:\/\/www.facebook.com\/CarroAluguelBR","https:\/\/x.com\/CarroAluguel","https:\/\/www.instagram.com\/carroaluguel\/"]},{"@type":"Person","@id":"https:\/\/www.carroaluguel.com\/blog\/#\/schema\/person\/693414c3b2423315cf90fb75439be0e1","name":"blog","image":{"@type":"ImageObject","inLanguage":"pt-BR","@id":"https:\/\/secure.gravatar.com\/avatar\/b8a3d64fc0b21db017f462a77f2c79b24cf3db4426d602430441f37f7d2ac037?s=96&d=mm&r=g","url":"https:\/\/secure.gravatar.com\/avatar\/b8a3d64fc0b21db017f462a77f2c79b24cf3db4426d602430441f37f7d2ac037?s=96&d=mm&r=g","contentUrl":"https:\/\/secure.gravatar.com\/avatar\/b8a3d64fc0b21db017f462a77f2c79b24cf3db4426d602430441f37f7d2ac037?s=96&d=mm&r=g","caption":"blog"},"sameAs":["https:\/\/carroaluguel.com\/blog"],"url":"https:\/\/www.carroaluguel.com\/blog\/author\/blog\/"}]}},"_links":{"self":[{"href":"https:\/\/www.carroaluguel.com\/blog\/wp-json\/wp\/v2\/posts\/11596","targetHints":{"allow":["GET"]}}],"collection":[{"href":"https:\/\/www.carroaluguel.com\/blog\/wp-json\/wp\/v2\/posts"}],"about":[{"href":"https:\/\/www.carroaluguel.com\/blog\/wp-json\/wp\/v2\/types\/post"}],"author":[{"embeddable":true,"href":"https:\/\/www.carroaluguel.com\/blog\/wp-json\/wp\/v2\/users\/1"}],"replies":[{"embeddable":true,"href":"https:\/\/www.carroaluguel.com\/blog\/wp-json\/wp\/v2\/comments?post=11596"}],"version-history":[{"count":1,"href":"https:\/\/www.carroaluguel.com\/blog\/wp-json\/wp\/v2\/posts\/11596\/revisions"}],"predecessor-version":[{"id":11597,"href":"https:\/\/www.carroaluguel.com\/blog\/wp-json\/wp\/v2\/posts\/11596\/revisions\/11597"}],"wp:featuredmedia":[{"embeddable":true,"href":"https:\/\/www.carroaluguel.com\/blog\/wp-json\/wp\/v2\/media\/11594"}],"wp:attachment":[{"href":"https:\/\/www.carroaluguel.com\/blog\/wp-json\/wp\/v2\/media?parent=11596"}],"wp:term":[{"taxonomy":"category","embeddable":true,"href":"https:\/\/www.carroaluguel.com\/blog\/wp-json\/wp\/v2\/categories?post=11596"},{"taxonomy":"post_tag","embeddable":true,"href":"https:\/\/www.carroaluguel.com\/blog\/wp-json\/wp\/v2\/tags?post=11596"}],"curies":[{"name":"wp","href":"https:\/\/api.w.org\/{rel}","templated":true}]}}