{"id":3995,"date":"2016-05-23T18:34:21","date_gmt":"2016-05-23T18:34:21","guid":{"rendered":"https:\/\/www.carroaluguel.com\/blog\/?p=3995"},"modified":"2023-08-24T00:36:10","modified_gmt":"2023-08-24T00:36:10","slug":"conheca-os-encantos-da-praia-dos-carneiros","status":"publish","type":"post","link":"https:\/\/www.carroaluguel.com\/blog\/conheca-os-encantos-da-praia-dos-carneiros\/","title":{"rendered":"Conhe\u00e7a os encantos da Praia dos Carneiros"},"content":{"rendered":"<p style=\"text-align: justify;\">J\u00e1 pensou qual lugar ser\u00e1 o destino das suas pr\u00f3ximas f\u00e9rias? Caso sua prefer\u00eancia seja por mar, sol, descanso e <strong>paisagens exuberantes<\/strong>, a Praia dos Carneiros \u00e9 a op\u00e7\u00e3o ideal.<\/p>\n<h2 style=\"text-align: justify;\"><strong>Onde fica?<\/strong><\/h2>\n<p style=\"text-align: justify;\">A <strong>Praia dos Carneiros<\/strong> est\u00e1 localizada a 5 km da cidade de Tamandar\u00e9, no estado do <strong>Pernambuco<\/strong>. Situada a uma dist\u00e2ncia de 113 km da<strong> <a title=\"Passeios em Recife\" href=\"https:\/\/www.carroaluguel.com\/blog\/2016\/01\/28\/roteiro-recife-veja-7-dicas-de-lugares-para-visitar\/\" target=\"_blank\" rel=\"noopener\">capital Recife<\/a><\/strong>, esta praia foi eleita pela Trip Advisor como a 12\u00ba mais bonita do mundo e a segunda mais bela da Am\u00e9rica do Sul.<\/p>\n<p style=\"text-align: justify;\">\u00c9 tamb\u00e9m um dos destinos mais procurados por quem visita <strong>Porto de Galinhas<\/strong>, pois elas ficam a apenas <strong>50 km de dist\u00e2ncia<\/strong> uma da outra.<\/p>\n<p style=\"text-align: justify;\">Caso queira saber mais informa\u00e7\u00f5es sobre aluguel de carros para chegar at\u00e9 esse exuberante local, confira o site\u00a0<strong> CarroAluguel.com<\/strong>, al\u00e9m de comparar pre\u00e7os de dezenas de locadoras, voc\u00ea reserva on-line na locadora parceira que desejar.<\/p>\n<h2 style=\"text-align: justify;\"><strong>O que a Praia dos Carneiros tem de t\u00e3o atraente?<\/strong><\/h2>\n<p style=\"text-align: justify;\">Devido \u00e0 consci\u00eancia de <strong>preserva\u00e7\u00e3o<\/strong> dos propriet\u00e1rios dos poucos s\u00edtios que a formam (grande parte da sua extens\u00e3o \u00e9 privada), a Praia dos Carneiros \u00e9 um dos locais praticamente intactos ao sul do estado de Pernambuco, preservando um singular encantamento promovido pelo seu aspecto <strong>r\u00fastico<\/strong> e um tanto <strong>selvagem<\/strong>.<\/p>\n<p style=\"text-align: justify;\"><img decoding=\"async\" class=\"lazyload aligncenter size-full wp-image-4010\" src=\"https:\/\/www.carroaluguel.com\/blog\/wp-content\/uploads\/2016\/05\/praia-dos-carneiros-mar.jpg\" data-orig-src=\"https:\/\/www.carroaluguel.com\/blog\/wp-content\/uploads\/2016\/05\/praia-dos-carneiros-mar.jpg\" alt=\"praia dos carneiros\" width=\"765\" height=\"240\" srcset=\"data:image\/svg+xml,%3Csvg%20xmlns%3D%27http%3A%2F%2Fwww.w3.org%2F2000%2Fsvg%27%20width%3D%27765%27%20height%3D%27240%27%20viewBox%3D%270%200%20765%20240%27%3E%3Crect%20width%3D%27765%27%20height%3D%27240%27%20fill-opacity%3D%220%22%2F%3E%3C%2Fsvg%3E\" data-srcset=\"https:\/\/www.carroaluguel.com\/blog\/wp-content\/uploads\/2016\/05\/praia-dos-carneiros-mar-200x63.jpg 200w, https:\/\/www.carroaluguel.com\/blog\/wp-content\/uploads\/2016\/05\/praia-dos-carneiros-mar-300x94.jpg 300w, https:\/\/www.carroaluguel.com\/blog\/wp-content\/uploads\/2016\/05\/praia-dos-carneiros-mar-400x125.jpg 400w, https:\/\/www.carroaluguel.com\/blog\/wp-content\/uploads\/2016\/05\/praia-dos-carneiros-mar-600x188.jpg 600w, https:\/\/www.carroaluguel.com\/blog\/wp-content\/uploads\/2016\/05\/praia-dos-carneiros-mar.jpg 765w\" data-sizes=\"auto\" data-orig-sizes=\"(max-width: 765px) 100vw, 765px\" \/><\/p>\n<p style=\"text-align: justify;\">Outra peculiaridade deste peda\u00e7o do c\u00e9u \u00e9 o espet\u00e1culo de cores devido ao encontro das \u00e1guas do oceano Atl\u00e2ntico com o Rio Formoso.<\/p>\n<p style=\"text-align: justify;\">As <strong>\u00e1guas verdes<\/strong> da Praia dos Carneiros s\u00e3o <strong>mornas<\/strong> e serenas durante o ano todo, inclusive no inverno.<\/p>\n<p style=\"text-align: justify;\">A \u00e1gua tamb\u00e9m \u00e9 <strong>cristalina<\/strong> e repleta de recifes onde s\u00e3o formadas <strong>piscinas naturais<\/strong> durante a mar\u00e9 baixa. Sem d\u00favida, um cen\u00e1rio bel\u00edssimo.<\/p>\n<p style=\"text-align: justify;\"><img decoding=\"async\" class=\"lazyload aligncenter size-full wp-image-4005\" src=\"https:\/\/www.carroaluguel.com\/blog\/wp-content\/uploads\/2016\/05\/praia-dos-carneiros-piscina.jpg\" data-orig-src=\"https:\/\/www.carroaluguel.com\/blog\/wp-content\/uploads\/2016\/05\/praia-dos-carneiros-piscina.jpg\" alt=\"Praia dos carneiros piscinas naturais\" width=\"765\" height=\"240\" srcset=\"data:image\/svg+xml,%3Csvg%20xmlns%3D%27http%3A%2F%2Fwww.w3.org%2F2000%2Fsvg%27%20width%3D%27765%27%20height%3D%27240%27%20viewBox%3D%270%200%20765%20240%27%3E%3Crect%20width%3D%27765%27%20height%3D%27240%27%20fill-opacity%3D%220%22%2F%3E%3C%2Fsvg%3E\" data-srcset=\"https:\/\/www.carroaluguel.com\/blog\/wp-content\/uploads\/2016\/05\/praia-dos-carneiros-piscina-200x63.jpg 200w, https:\/\/www.carroaluguel.com\/blog\/wp-content\/uploads\/2016\/05\/praia-dos-carneiros-piscina-300x94.jpg 300w, https:\/\/www.carroaluguel.com\/blog\/wp-content\/uploads\/2016\/05\/praia-dos-carneiros-piscina-400x125.jpg 400w, https:\/\/www.carroaluguel.com\/blog\/wp-content\/uploads\/2016\/05\/praia-dos-carneiros-piscina-600x188.jpg 600w, https:\/\/www.carroaluguel.com\/blog\/wp-content\/uploads\/2016\/05\/praia-dos-carneiros-piscina.jpg 765w\" data-sizes=\"auto\" data-orig-sizes=\"(max-width: 765px) 100vw, 765px\" \/><\/p>\n<p style=\"text-align: justify;\">\u00c0s margens deste para\u00edso tropical existe uma extens\u00e3o de 5 km de coqueirais. Desta forma, a areia branca e os coqueiros balan\u00e7ando ao ritmo do vento formam uma <strong>paisagem deslumbrante<\/strong>.<\/p>\n<p style=\"text-align: justify;\">Um dos cart\u00f5es postais mais conhecidos na Praia dos Carneiros \u00e9 uma singela <strong>capela<\/strong> branca feita em homenagem a <strong>S\u00e3o Benedito<\/strong>, constru\u00edda em meados do s\u00e9culo XVIII. A &#8220;igrejinha&#8221; propicia um clima altamente charmoso e aconchegante, sendo por esta raz\u00e3o tamb\u00e9m muito procurada para cerim\u00f4nias de casamento.<\/p>\n<h2 style=\"text-align: justify;\"><strong>E como fazer para ter acesso \u00e0 Praia dos Carneiros?<\/strong><\/h2>\n<p style=\"text-align: justify;\">De <strong>carro<\/strong>, saindo de Recife, v\u00e1 pela <strong>BR-101<\/strong> at\u00e9 o Cabo de Santo Agostinho, siga pela PE-60, passe a cidade de <strong>Rio Formoso <\/strong>e pegue a estrada de Amaraji (rodovia PE-72), ap\u00f3s 8 km voc\u00ea chegar\u00e1 ao destino.<\/p>\n<p style=\"text-align: justify;\"><img decoding=\"async\" class=\"lazyload aligncenter size-full wp-image-4026\" src=\"https:\/\/www.carroaluguel.com\/blog\/wp-content\/uploads\/2016\/05\/placa-praia-dos-carneiros.jpg\" data-orig-src=\"https:\/\/www.carroaluguel.com\/blog\/wp-content\/uploads\/2016\/05\/placa-praia-dos-carneiros.jpg\" alt=\"praia dos carneiros placa\" width=\"765\" height=\"240\" srcset=\"data:image\/svg+xml,%3Csvg%20xmlns%3D%27http%3A%2F%2Fwww.w3.org%2F2000%2Fsvg%27%20width%3D%27765%27%20height%3D%27240%27%20viewBox%3D%270%200%20765%20240%27%3E%3Crect%20width%3D%27765%27%20height%3D%27240%27%20fill-opacity%3D%220%22%2F%3E%3C%2Fsvg%3E\" data-srcset=\"https:\/\/www.carroaluguel.com\/blog\/wp-content\/uploads\/2016\/05\/placa-praia-dos-carneiros-200x63.jpg 200w, https:\/\/www.carroaluguel.com\/blog\/wp-content\/uploads\/2016\/05\/placa-praia-dos-carneiros-300x94.jpg 300w, https:\/\/www.carroaluguel.com\/blog\/wp-content\/uploads\/2016\/05\/placa-praia-dos-carneiros-400x125.jpg 400w, https:\/\/www.carroaluguel.com\/blog\/wp-content\/uploads\/2016\/05\/placa-praia-dos-carneiros-600x188.jpg 600w, https:\/\/www.carroaluguel.com\/blog\/wp-content\/uploads\/2016\/05\/placa-praia-dos-carneiros.jpg 765w\" data-sizes=\"auto\" data-orig-sizes=\"(max-width: 765px) 100vw, 765px\" \/><\/p>\n<p style=\"text-align: justify;\">Outra forma de acesso \u00e9 ir <strong>caminhando<\/strong> de Tamandar\u00e9 at\u00e9 a Praia dos Carneiros. A trajeto dura entre 30 e 40 minutos.<\/p>\n<p style=\"text-align: justify;\">H\u00e1 tamb\u00e9m diversas rotas feitas por <strong>barcos<\/strong>. Os passeios saem da <strong>Praia de Tamandar\u00e9<\/strong> e alternam de acordo com as esta\u00e7\u00f5es do ano. Durante o ver\u00e3o os tours mais procurados s\u00e3o os que se encaminham para Carneiros ou para a Ilha do Coqueiro. Vale lembrar que o Rio Formoso e as \u00e1reas de mangue fazem parte dos roteiros durante a baixa temporada.<\/p>\n<h2 style=\"text-align: justify;\"><strong>Quais s\u00e3o os melhores passeios?<\/strong><\/h2>\n<p style=\"text-align: justify;\">A Praia dos Carneiros \u00e9 um destino que favorece quem deseja evitar o excesso de badala\u00e7\u00e3o.<\/p>\n<p style=\"text-align: justify;\">O <strong>clima calmo<\/strong> e <strong>acolhedor<\/strong> faz com que sejam poss\u00edveis v\u00e1rios passeios \u00e0 beira-mar. Sejam eles solit\u00e1rios, rom\u00e2nticos, com amigos ou em fam\u00edlia, uma simples caminhada pela orla deste para\u00edso j\u00e1 \u00e9 por si s\u00f3 uma atra\u00e7\u00e3o \u00e0 parte.<\/p>\n<p style=\"text-align: justify;\"><a href=\"https:\/\/www.carroaluguel.com\/blog\" target=\"_blank\" rel=\"noopener\"><img decoding=\"async\" class=\"lazyload aligncenter wp-image-3272 size-full\" title=\"CarroAluguel\" src=\"data:image\/svg+xml,%3Csvg%20xmlns%3D%27http%3A%2F%2Fwww.w3.org%2F2000%2Fsvg%27%20width%3D%27765%27%20height%3D%27120%27%20viewBox%3D%270%200%20765%20120%27%3E%3Crect%20width%3D%27765%27%20height%3D%27120%27%20fill-opacity%3D%220%22%2F%3E%3C%2Fsvg%3E\" data-orig-src=\"https:\/\/www.carroaluguel.com\/blog\/wp-content\/uploads\/2016\/02\/alugue-agora-01-2.gif\" alt=\"CarroAluguel\" width=\"765\" height=\"120\" \/><\/a><\/p>\n<p style=\"text-align: justify;\">Al\u00e9m disso, o <strong>mar tranquilo<\/strong> propicia a pr\u00e1tica de\u00a0diversos <strong>esportes n\u00e1uticos<\/strong> como stand up paddle, kitesurf (uma mistura de windsurfe com esqui) e wakeboard.<\/p>\n<p style=\"text-align: justify;\">Utilizando os servi\u00e7os especializados das empresas da regi\u00e3o, s\u00e3o oferecidos tamb\u00e9m v\u00e1rios passeios de barco, charretes, cavalos, caiaques, assim como tours at\u00e9 Porto de Galinhas. Fica a seu crit\u00e9rio.<\/p>\n<p style=\"text-align: justify;\"><img decoding=\"async\" class=\"lazyload aligncenter wp-image-4006 size-full\" title=\"Capelinha de S\u00e3o Benedito\" src=\"https:\/\/www.carroaluguel.com\/blog\/wp-content\/uploads\/2016\/05\/praia-dos-carneiros-igreja.jpg\" data-orig-src=\"https:\/\/www.carroaluguel.com\/blog\/wp-content\/uploads\/2016\/05\/praia-dos-carneiros-igreja.jpg\" alt=\"praia dos carneiros capela s\u00e3o benedito\" width=\"765\" height=\"240\" srcset=\"data:image\/svg+xml,%3Csvg%20xmlns%3D%27http%3A%2F%2Fwww.w3.org%2F2000%2Fsvg%27%20width%3D%27765%27%20height%3D%27240%27%20viewBox%3D%270%200%20765%20240%27%3E%3Crect%20width%3D%27765%27%20height%3D%27240%27%20fill-opacity%3D%220%22%2F%3E%3C%2Fsvg%3E\" data-srcset=\"https:\/\/www.carroaluguel.com\/blog\/wp-content\/uploads\/2016\/05\/praia-dos-carneiros-igreja-200x63.jpg 200w, https:\/\/www.carroaluguel.com\/blog\/wp-content\/uploads\/2016\/05\/praia-dos-carneiros-igreja-300x94.jpg 300w, https:\/\/www.carroaluguel.com\/blog\/wp-content\/uploads\/2016\/05\/praia-dos-carneiros-igreja-400x125.jpg 400w, https:\/\/www.carroaluguel.com\/blog\/wp-content\/uploads\/2016\/05\/praia-dos-carneiros-igreja-600x188.jpg 600w, https:\/\/www.carroaluguel.com\/blog\/wp-content\/uploads\/2016\/05\/praia-dos-carneiros-igreja.jpg 765w\" data-sizes=\"auto\" data-orig-sizes=\"(max-width: 765px) 100vw, 765px\" \/><\/p>\n<p style=\"font-size: 12px; color: #666;\">Capelinha de S\u00e3o Benedito<\/p>\n<p style=\"text-align: justify;\">Durante o programa voc\u00ea poder\u00e1 aproveitar os relaxantes <strong>banhos com argila <\/strong>mineral, usufruir dos <strong>mergulhos<\/strong> em meio aos pequenos peixes de diversas cores nas piscinas naturais dos recifes de corais e participar de visitas \u00e0 <strong>Capelinha de S\u00e3o Benedito<\/strong>.<\/p>\n<h2 style=\"text-align: justify;\"><strong>Gastronomia<\/strong><\/h2>\n<p style=\"text-align: justify;\">Em uma das partes mais deslumbrantes da praia est\u00e1 o famoso bar e restaurante <strong><a title=\"Restaurante Bora Bora\" href=\"http:\/\/www.bbcarneiros.com.br\/\" target=\"_blank\" rel=\"noopener\">Bora Bora<\/a><\/strong>, o mais badalado da regi\u00e3o, que oferece uma ampla infraestrutura de quiosques a 100 metros da Praia dos Carneiros. O servi\u00e7o \u00e9 excelente. S\u00e3o oferecidos diversos <strong>drinks<\/strong> e coquet\u00e9is e o card\u00e1pio \u00e9 bem diversificado, contemplando <strong>frutos do mar<\/strong>.<\/p>\n<p style=\"text-align: justify;\"><img decoding=\"async\" class=\"lazyload aligncenter size-full wp-image-4007\" src=\"https:\/\/www.carroaluguel.com\/blog\/wp-content\/uploads\/2016\/05\/praia-dos-carneiros-gastronomia.jpg\" data-orig-src=\"https:\/\/www.carroaluguel.com\/blog\/wp-content\/uploads\/2016\/05\/praia-dos-carneiros-gastronomia.jpg\" alt=\"praia dos carneiros gastronomia\" width=\"765\" height=\"240\" srcset=\"data:image\/svg+xml,%3Csvg%20xmlns%3D%27http%3A%2F%2Fwww.w3.org%2F2000%2Fsvg%27%20width%3D%27765%27%20height%3D%27240%27%20viewBox%3D%270%200%20765%20240%27%3E%3Crect%20width%3D%27765%27%20height%3D%27240%27%20fill-opacity%3D%220%22%2F%3E%3C%2Fsvg%3E\" data-srcset=\"https:\/\/www.carroaluguel.com\/blog\/wp-content\/uploads\/2016\/05\/praia-dos-carneiros-gastronomia-200x63.jpg 200w, https:\/\/www.carroaluguel.com\/blog\/wp-content\/uploads\/2016\/05\/praia-dos-carneiros-gastronomia-300x94.jpg 300w, https:\/\/www.carroaluguel.com\/blog\/wp-content\/uploads\/2016\/05\/praia-dos-carneiros-gastronomia-400x125.jpg 400w, https:\/\/www.carroaluguel.com\/blog\/wp-content\/uploads\/2016\/05\/praia-dos-carneiros-gastronomia-600x188.jpg 600w, https:\/\/www.carroaluguel.com\/blog\/wp-content\/uploads\/2016\/05\/praia-dos-carneiros-gastronomia.jpg 765w\" data-sizes=\"auto\" data-orig-sizes=\"(max-width: 765px) 100vw, 765px\" \/><\/p>\n<p style=\"text-align: justify;\">O restaurante <strong>Beijupir\u00e1<\/strong> se tornou uma excelente op\u00e7\u00e3o gastron\u00f4mica. Rec\u00e9m inaugurado na regi\u00e3o e j\u00e1 bastante frequentado em Porto de Galinhas e Olinda, este restaurante \u00e9 reconhecido pelo capricho das receitas que harmonizam peixes frescos com alimentos locais como <strong>banana<\/strong>, <strong>coco<\/strong> e <strong>caju<\/strong>.<\/p>\n<p style=\"text-align: justify;\">O restaurante <strong>Arikind\u00e1<\/strong>, situado \u00e0 beira-mar da pousada Praia dos Carneiros, \u00e9 outra \u00f3tima op\u00e7\u00e3o para quem deseja comer bem. S\u00e3o oferecidos pratos tradicionais da culin\u00e1ria litor\u00e2nea de Pernambuco, como peixes, crust\u00e1ceos, caldos e ensopados. Al\u00e9m disso, o card\u00e1pio possui v\u00e1rios tipos de <strong>massas<\/strong> e uma interessante <strong>carta de vinhos<\/strong>.<\/p>\n<h2 style=\"text-align: justify;\"><strong>Onde se hospedar na Praia dos Carneiros?<\/strong><\/h2>\n<p style=\"text-align: justify;\">A Praia dos Carneiros oferece charmosos e aconchegantes locais de hospedagem para todos os gostos e bolsos. Citaremos alguns deles.<\/p>\n<p style=\"text-align: justify;\">A <strong>pousada Praia dos Carneiros<\/strong> \u00e9 a mais conhecida na regi\u00e3o.\u00a0 Est\u00e1 instalada num s\u00edtio cercado por um exuberante coqueiral. Al\u00e9m de todos os servi\u00e7os de hospedagem, um dos atraentes diferenciais deste local \u00e9 uma bel\u00edssima piscina \u00e0 beira-mar.<\/p>\n<p style=\"text-align: justify;\"><img decoding=\"async\" class=\"lazyload aligncenter wp-image-4008 size-full\" title=\"Pousada Praia dos Carneiros\" src=\"https:\/\/www.carroaluguel.com\/blog\/wp-content\/uploads\/2016\/05\/paia-dos-carneiros-hotel.jpg\" data-orig-src=\"https:\/\/www.carroaluguel.com\/blog\/wp-content\/uploads\/2016\/05\/paia-dos-carneiros-hotel.jpg\" alt=\"praia dos carneiros pousada\" width=\"765\" height=\"240\" srcset=\"data:image\/svg+xml,%3Csvg%20xmlns%3D%27http%3A%2F%2Fwww.w3.org%2F2000%2Fsvg%27%20width%3D%27765%27%20height%3D%27240%27%20viewBox%3D%270%200%20765%20240%27%3E%3Crect%20width%3D%27765%27%20height%3D%27240%27%20fill-opacity%3D%220%22%2F%3E%3C%2Fsvg%3E\" data-srcset=\"https:\/\/www.carroaluguel.com\/blog\/wp-content\/uploads\/2016\/05\/paia-dos-carneiros-hotel-200x63.jpg 200w, https:\/\/www.carroaluguel.com\/blog\/wp-content\/uploads\/2016\/05\/paia-dos-carneiros-hotel-300x94.jpg 300w, https:\/\/www.carroaluguel.com\/blog\/wp-content\/uploads\/2016\/05\/paia-dos-carneiros-hotel-400x125.jpg 400w, https:\/\/www.carroaluguel.com\/blog\/wp-content\/uploads\/2016\/05\/paia-dos-carneiros-hotel-600x188.jpg 600w, https:\/\/www.carroaluguel.com\/blog\/wp-content\/uploads\/2016\/05\/paia-dos-carneiros-hotel.jpg 765w\" data-sizes=\"auto\" data-orig-sizes=\"(max-width: 765px) 100vw, 765px\" \/><\/p>\n<p style=\"font-size: 12px; color: #666;\">Pousada Praia dos Carneiros<\/p>\n<p style=\"text-align: justify;\">O <strong>Resort Hotel Praia dos Carneiros<\/strong> oferece aos seus h\u00f3spedes um ambiente sofisticado. Como vantagens, ele proporciona uma vista panor\u00e2mica de tirar o f\u00f4lego e a exist\u00eancia da maior tirolesa do Pernambuco. Conta tamb\u00e9m com piscina e sala de jogos, al\u00e9m dos servi\u00e7os completos de hospedagem.<\/p>\n<p style=\"text-align: justify;\">A <strong>Pousada do Farol<\/strong> investe em conforto e economia, sendo composta por 10 encantadores bangal\u00f4s. Al\u00e9m da piscina, tamb\u00e9m fornece aos seus clientes uma deliciosa hidromassagem. O card\u00e1pio \u00e9 composto pela maioria das receitas t\u00edpicas da regi\u00e3o e tamb\u00e9m conta com alguns pratos da culin\u00e1ria internacional.<\/p>\n<p style=\"text-align: justify;\">A <strong>pousada Bangal\u00f4s do Grameleiro<\/strong> est\u00e1 localizada em uma antiga fazenda de coco \u00e0 beira-mar, proporcionando um ambiente calmo e tranquilo aos seus h\u00f3spedes. O diferencial deste local consiste em sua ampla \u00e1rea verde com jardins floridos, \u00e1rvores frut\u00edferas e um enorme coqueiral muito bem frequentado por p\u00e1ssaros. Ideal para quem deseja ler e descansar.<\/p>\n<p style=\"text-align: justify;\">Voc\u00ea j\u00e1 deve ter percebido porque a <strong>Praia dos Carneiros<\/strong> est\u00e1 entre as <strong>mais belas do mundo<\/strong>. N\u00e3o deixe de conhecer este <em>para\u00edso tropical<\/em>!<\/p>\n<p style=\"text-align: justify;\">O que achou deste conte\u00fado? Compartilhe conosco sua opini\u00e3o e continue acompanhando nossos posts!<\/p>\n","protected":false},"excerpt":{"rendered":"<p>J\u00e1 pensou qual lugar ser\u00e1 o destino das suas pr\u00f3ximas  [&#8230;]<\/p>\n","protected":false},"author":1,"featured_media":4004,"comment_status":"open","ping_status":"open","sticky":false,"template":"","format":"standard","meta":{"footnotes":""},"categories":[942],"tags":[763],"class_list":["post-3995","post","type-post","status-publish","format-standard","has-post-thumbnail","hentry","category-roteiros-nacionais","tag-pernambuco"],"yoast_head":"<!-- This site is optimized with the Yoast SEO plugin v27.4 - https:\/\/yoast.com\/product\/yoast-seo-wordpress\/ -->\n<title>Conhe\u00e7a os encantos da Praia dos Carneiros<\/title>\n<meta name=\"description\" content=\"\u00c1guas verdes, mornas e cristalinas, descubra a Praia dos Carneiros, um para\u00edso tropical repleto de coqueiros e piscinas naturais.\" \/>\n<meta name=\"robots\" content=\"index, follow, max-snippet:-1, max-image-preview:large, max-video-preview:-1\" \/>\n<link rel=\"canonical\" href=\"https:\/\/www.carroaluguel.com\/blog\/conheca-os-encantos-da-praia-dos-carneiros\/\" \/>\n<meta property=\"og:locale\" content=\"pt_BR\" \/>\n<meta property=\"og:type\" content=\"article\" \/>\n<meta property=\"og:title\" content=\"Conhe\u00e7a os encantos da Praia dos Carneiros\" \/>\n<meta property=\"og:description\" content=\"\u00c1guas verdes, mornas e cristalinas, descubra a Praia dos Carneiros, um para\u00edso tropical repleto de coqueiros e piscinas naturais.\" \/>\n<meta property=\"og:url\" content=\"https:\/\/www.carroaluguel.com\/blog\/conheca-os-encantos-da-praia-dos-carneiros\/\" \/>\n<meta property=\"og:site_name\" content=\"Blog CarroAluguel\" \/>\n<meta property=\"article:publisher\" content=\"https:\/\/www.facebook.com\/CarroAluguelBR\" \/>\n<meta property=\"article:published_time\" content=\"2016-05-23T18:34:21+00:00\" \/>\n<meta property=\"article:modified_time\" content=\"2023-08-24T00:36:10+00:00\" \/>\n<meta property=\"og:image\" content=\"https:\/\/www.carroaluguel.com\/blog\/wp-content\/uploads\/2016\/05\/capa.jpg\" \/>\n\t<meta property=\"og:image:width\" content=\"765\" \/>\n\t<meta property=\"og:image:height\" content=\"480\" \/>\n\t<meta property=\"og:image:type\" content=\"image\/jpeg\" \/>\n<meta name=\"author\" content=\"blog\" \/>\n<meta name=\"twitter:card\" content=\"summary_large_image\" \/>\n<meta name=\"twitter:creator\" content=\"@CarroAluguel\" \/>\n<meta name=\"twitter:site\" content=\"@CarroAluguel\" \/>\n<meta name=\"twitter:label1\" content=\"Escrito por\" \/>\n\t<meta name=\"twitter:data1\" content=\"blog\" \/>\n\t<meta name=\"twitter:label2\" content=\"Est. tempo de leitura\" \/>\n\t<meta name=\"twitter:data2\" content=\"6 minutos\" \/>\n<script type=\"application\/ld+json\" class=\"yoast-schema-graph\">{\"@context\":\"https:\\\/\\\/schema.org\",\"@graph\":[{\"@type\":\"Article\",\"@id\":\"https:\\\/\\\/www.carroaluguel.com\\\/blog\\\/conheca-os-encantos-da-praia-dos-carneiros\\\/#article\",\"isPartOf\":{\"@id\":\"https:\\\/\\\/www.carroaluguel.com\\\/blog\\\/conheca-os-encantos-da-praia-dos-carneiros\\\/\"},\"author\":{\"name\":\"blog\",\"@id\":\"https:\\\/\\\/www.carroaluguel.com\\\/blog\\\/#\\\/schema\\\/person\\\/693414c3b2423315cf90fb75439be0e1\"},\"headline\":\"Conhe\u00e7a os encantos da Praia dos Carneiros\",\"datePublished\":\"2016-05-23T18:34:21+00:00\",\"dateModified\":\"2023-08-24T00:36:10+00:00\",\"mainEntityOfPage\":{\"@id\":\"https:\\\/\\\/www.carroaluguel.com\\\/blog\\\/conheca-os-encantos-da-praia-dos-carneiros\\\/\"},\"wordCount\":1117,\"commentCount\":0,\"publisher\":{\"@id\":\"https:\\\/\\\/www.carroaluguel.com\\\/blog\\\/#organization\"},\"image\":{\"@id\":\"https:\\\/\\\/www.carroaluguel.com\\\/blog\\\/conheca-os-encantos-da-praia-dos-carneiros\\\/#primaryimage\"},\"thumbnailUrl\":\"https:\\\/\\\/www.carroaluguel.com\\\/blog\\\/wp-content\\\/uploads\\\/2016\\\/05\\\/capa.jpg\",\"keywords\":[\"Pernambuco\"],\"articleSection\":[\"Roteiros nacionais\"],\"inLanguage\":\"pt-BR\",\"potentialAction\":[{\"@type\":\"CommentAction\",\"name\":\"Comment\",\"target\":[\"https:\\\/\\\/www.carroaluguel.com\\\/blog\\\/conheca-os-encantos-da-praia-dos-carneiros\\\/#respond\"]}]},{\"@type\":\"WebPage\",\"@id\":\"https:\\\/\\\/www.carroaluguel.com\\\/blog\\\/conheca-os-encantos-da-praia-dos-carneiros\\\/\",\"url\":\"https:\\\/\\\/www.carroaluguel.com\\\/blog\\\/conheca-os-encantos-da-praia-dos-carneiros\\\/\",\"name\":\"Conhe\u00e7a os encantos da Praia dos Carneiros\",\"isPartOf\":{\"@id\":\"https:\\\/\\\/www.carroaluguel.com\\\/blog\\\/#website\"},\"primaryImageOfPage\":{\"@id\":\"https:\\\/\\\/www.carroaluguel.com\\\/blog\\\/conheca-os-encantos-da-praia-dos-carneiros\\\/#primaryimage\"},\"image\":{\"@id\":\"https:\\\/\\\/www.carroaluguel.com\\\/blog\\\/conheca-os-encantos-da-praia-dos-carneiros\\\/#primaryimage\"},\"thumbnailUrl\":\"https:\\\/\\\/www.carroaluguel.com\\\/blog\\\/wp-content\\\/uploads\\\/2016\\\/05\\\/capa.jpg\",\"datePublished\":\"2016-05-23T18:34:21+00:00\",\"dateModified\":\"2023-08-24T00:36:10+00:00\",\"description\":\"\u00c1guas verdes, mornas e cristalinas, descubra a Praia dos Carneiros, um para\u00edso tropical repleto de coqueiros e piscinas naturais.\",\"breadcrumb\":{\"@id\":\"https:\\\/\\\/www.carroaluguel.com\\\/blog\\\/conheca-os-encantos-da-praia-dos-carneiros\\\/#breadcrumb\"},\"inLanguage\":\"pt-BR\",\"potentialAction\":[{\"@type\":\"ReadAction\",\"target\":[\"https:\\\/\\\/www.carroaluguel.com\\\/blog\\\/conheca-os-encantos-da-praia-dos-carneiros\\\/\"]}]},{\"@type\":\"ImageObject\",\"inLanguage\":\"pt-BR\",\"@id\":\"https:\\\/\\\/www.carroaluguel.com\\\/blog\\\/conheca-os-encantos-da-praia-dos-carneiros\\\/#primaryimage\",\"url\":\"https:\\\/\\\/www.carroaluguel.com\\\/blog\\\/wp-content\\\/uploads\\\/2016\\\/05\\\/capa.jpg\",\"contentUrl\":\"https:\\\/\\\/www.carroaluguel.com\\\/blog\\\/wp-content\\\/uploads\\\/2016\\\/05\\\/capa.jpg\",\"width\":765,\"height\":480,\"caption\":\"Praia dos Carneiros\"},{\"@type\":\"BreadcrumbList\",\"@id\":\"https:\\\/\\\/www.carroaluguel.com\\\/blog\\\/conheca-os-encantos-da-praia-dos-carneiros\\\/#breadcrumb\",\"itemListElement\":[{\"@type\":\"ListItem\",\"position\":1,\"name\":\"Home\",\"item\":\"https:\\\/\\\/www.carroaluguel.com\\\/blog\\\/\"},{\"@type\":\"ListItem\",\"position\":2,\"name\":\"Roteiros\",\"item\":\"https:\\\/\\\/www.carroaluguel.com\\\/blog\\\/category\\\/roteiros\\\/\"},{\"@type\":\"ListItem\",\"position\":3,\"name\":\"Roteiros nacionais\",\"item\":\"https:\\\/\\\/www.carroaluguel.com\\\/blog\\\/category\\\/roteiros\\\/roteiros-nacionais\\\/\"},{\"@type\":\"ListItem\",\"position\":4,\"name\":\"Conhe\u00e7a os encantos da Praia dos Carneiros\"}]},{\"@type\":\"WebSite\",\"@id\":\"https:\\\/\\\/www.carroaluguel.com\\\/blog\\\/#website\",\"url\":\"https:\\\/\\\/www.carroaluguel.com\\\/blog\\\/\",\"name\":\"Blog CarroAluguel\",\"description\":\"\",\"publisher\":{\"@id\":\"https:\\\/\\\/www.carroaluguel.com\\\/blog\\\/#organization\"},\"potentialAction\":[{\"@type\":\"SearchAction\",\"target\":{\"@type\":\"EntryPoint\",\"urlTemplate\":\"https:\\\/\\\/www.carroaluguel.com\\\/blog\\\/?s={search_term_string}\"},\"query-input\":{\"@type\":\"PropertyValueSpecification\",\"valueRequired\":true,\"valueName\":\"search_term_string\"}}],\"inLanguage\":\"pt-BR\"},{\"@type\":\"Organization\",\"@id\":\"https:\\\/\\\/www.carroaluguel.com\\\/blog\\\/#organization\",\"name\":\"CarroAluguel.com\",\"url\":\"https:\\\/\\\/www.carroaluguel.com\\\/blog\\\/\",\"logo\":{\"@type\":\"ImageObject\",\"inLanguage\":\"pt-BR\",\"@id\":\"https:\\\/\\\/www.carroaluguel.com\\\/blog\\\/#\\\/schema\\\/logo\\\/image\\\/\",\"url\":\"https:\\\/\\\/www.carroaluguel.com\\\/blog\\\/wp-content\\\/uploads\\\/2023\\\/08\\\/logo-carro-aluguel-BLOG-200x54-1.png\",\"contentUrl\":\"https:\\\/\\\/www.carroaluguel.com\\\/blog\\\/wp-content\\\/uploads\\\/2023\\\/08\\\/logo-carro-aluguel-BLOG-200x54-1.png\",\"width\":200,\"height\":54,\"caption\":\"CarroAluguel.com\"},\"image\":{\"@id\":\"https:\\\/\\\/www.carroaluguel.com\\\/blog\\\/#\\\/schema\\\/logo\\\/image\\\/\"},\"sameAs\":[\"https:\\\/\\\/www.facebook.com\\\/CarroAluguelBR\",\"https:\\\/\\\/x.com\\\/CarroAluguel\",\"https:\\\/\\\/www.instagram.com\\\/carroaluguel\\\/\"]},{\"@type\":\"Person\",\"@id\":\"https:\\\/\\\/www.carroaluguel.com\\\/blog\\\/#\\\/schema\\\/person\\\/693414c3b2423315cf90fb75439be0e1\",\"name\":\"blog\",\"image\":{\"@type\":\"ImageObject\",\"inLanguage\":\"pt-BR\",\"@id\":\"https:\\\/\\\/secure.gravatar.com\\\/avatar\\\/b8a3d64fc0b21db017f462a77f2c79b24cf3db4426d602430441f37f7d2ac037?s=96&d=mm&r=g\",\"url\":\"https:\\\/\\\/secure.gravatar.com\\\/avatar\\\/b8a3d64fc0b21db017f462a77f2c79b24cf3db4426d602430441f37f7d2ac037?s=96&d=mm&r=g\",\"contentUrl\":\"https:\\\/\\\/secure.gravatar.com\\\/avatar\\\/b8a3d64fc0b21db017f462a77f2c79b24cf3db4426d602430441f37f7d2ac037?s=96&d=mm&r=g\",\"caption\":\"blog\"},\"sameAs\":[\"https:\\\/\\\/carroaluguel.com\\\/blog\"],\"url\":\"https:\\\/\\\/www.carroaluguel.com\\\/blog\\\/author\\\/blog\\\/\"}]}<\/script>\n<!-- \/ Yoast SEO plugin. -->","yoast_head_json":{"title":"Conhe\u00e7a os encantos da Praia dos Carneiros","description":"\u00c1guas verdes, mornas e cristalinas, descubra a Praia dos Carneiros, um para\u00edso tropical repleto de coqueiros e piscinas naturais.","robots":{"index":"index","follow":"follow","max-snippet":"max-snippet:-1","max-image-preview":"max-image-preview:large","max-video-preview":"max-video-preview:-1"},"canonical":"https:\/\/www.carroaluguel.com\/blog\/conheca-os-encantos-da-praia-dos-carneiros\/","og_locale":"pt_BR","og_type":"article","og_title":"Conhe\u00e7a os encantos da Praia dos Carneiros","og_description":"\u00c1guas verdes, mornas e cristalinas, descubra a Praia dos Carneiros, um para\u00edso tropical repleto de coqueiros e piscinas naturais.","og_url":"https:\/\/www.carroaluguel.com\/blog\/conheca-os-encantos-da-praia-dos-carneiros\/","og_site_name":"Blog CarroAluguel","article_publisher":"https:\/\/www.facebook.com\/CarroAluguelBR","article_published_time":"2016-05-23T18:34:21+00:00","article_modified_time":"2023-08-24T00:36:10+00:00","og_image":[{"width":765,"height":480,"url":"https:\/\/www.carroaluguel.com\/blog\/wp-content\/uploads\/2016\/05\/capa.jpg","type":"image\/jpeg"}],"author":"blog","twitter_card":"summary_large_image","twitter_creator":"@CarroAluguel","twitter_site":"@CarroAluguel","twitter_misc":{"Escrito por":"blog","Est. tempo de leitura":"6 minutos"},"schema":{"@context":"https:\/\/schema.org","@graph":[{"@type":"Article","@id":"https:\/\/www.carroaluguel.com\/blog\/conheca-os-encantos-da-praia-dos-carneiros\/#article","isPartOf":{"@id":"https:\/\/www.carroaluguel.com\/blog\/conheca-os-encantos-da-praia-dos-carneiros\/"},"author":{"name":"blog","@id":"https:\/\/www.carroaluguel.com\/blog\/#\/schema\/person\/693414c3b2423315cf90fb75439be0e1"},"headline":"Conhe\u00e7a os encantos da Praia dos Carneiros","datePublished":"2016-05-23T18:34:21+00:00","dateModified":"2023-08-24T00:36:10+00:00","mainEntityOfPage":{"@id":"https:\/\/www.carroaluguel.com\/blog\/conheca-os-encantos-da-praia-dos-carneiros\/"},"wordCount":1117,"commentCount":0,"publisher":{"@id":"https:\/\/www.carroaluguel.com\/blog\/#organization"},"image":{"@id":"https:\/\/www.carroaluguel.com\/blog\/conheca-os-encantos-da-praia-dos-carneiros\/#primaryimage"},"thumbnailUrl":"https:\/\/www.carroaluguel.com\/blog\/wp-content\/uploads\/2016\/05\/capa.jpg","keywords":["Pernambuco"],"articleSection":["Roteiros nacionais"],"inLanguage":"pt-BR","potentialAction":[{"@type":"CommentAction","name":"Comment","target":["https:\/\/www.carroaluguel.com\/blog\/conheca-os-encantos-da-praia-dos-carneiros\/#respond"]}]},{"@type":"WebPage","@id":"https:\/\/www.carroaluguel.com\/blog\/conheca-os-encantos-da-praia-dos-carneiros\/","url":"https:\/\/www.carroaluguel.com\/blog\/conheca-os-encantos-da-praia-dos-carneiros\/","name":"Conhe\u00e7a os encantos da Praia dos Carneiros","isPartOf":{"@id":"https:\/\/www.carroaluguel.com\/blog\/#website"},"primaryImageOfPage":{"@id":"https:\/\/www.carroaluguel.com\/blog\/conheca-os-encantos-da-praia-dos-carneiros\/#primaryimage"},"image":{"@id":"https:\/\/www.carroaluguel.com\/blog\/conheca-os-encantos-da-praia-dos-carneiros\/#primaryimage"},"thumbnailUrl":"https:\/\/www.carroaluguel.com\/blog\/wp-content\/uploads\/2016\/05\/capa.jpg","datePublished":"2016-05-23T18:34:21+00:00","dateModified":"2023-08-24T00:36:10+00:00","description":"\u00c1guas verdes, mornas e cristalinas, descubra a Praia dos Carneiros, um para\u00edso tropical repleto de coqueiros e piscinas naturais.","breadcrumb":{"@id":"https:\/\/www.carroaluguel.com\/blog\/conheca-os-encantos-da-praia-dos-carneiros\/#breadcrumb"},"inLanguage":"pt-BR","potentialAction":[{"@type":"ReadAction","target":["https:\/\/www.carroaluguel.com\/blog\/conheca-os-encantos-da-praia-dos-carneiros\/"]}]},{"@type":"ImageObject","inLanguage":"pt-BR","@id":"https:\/\/www.carroaluguel.com\/blog\/conheca-os-encantos-da-praia-dos-carneiros\/#primaryimage","url":"https:\/\/www.carroaluguel.com\/blog\/wp-content\/uploads\/2016\/05\/capa.jpg","contentUrl":"https:\/\/www.carroaluguel.com\/blog\/wp-content\/uploads\/2016\/05\/capa.jpg","width":765,"height":480,"caption":"Praia dos Carneiros"},{"@type":"BreadcrumbList","@id":"https:\/\/www.carroaluguel.com\/blog\/conheca-os-encantos-da-praia-dos-carneiros\/#breadcrumb","itemListElement":[{"@type":"ListItem","position":1,"name":"Home","item":"https:\/\/www.carroaluguel.com\/blog\/"},{"@type":"ListItem","position":2,"name":"Roteiros","item":"https:\/\/www.carroaluguel.com\/blog\/category\/roteiros\/"},{"@type":"ListItem","position":3,"name":"Roteiros nacionais","item":"https:\/\/www.carroaluguel.com\/blog\/category\/roteiros\/roteiros-nacionais\/"},{"@type":"ListItem","position":4,"name":"Conhe\u00e7a os encantos da Praia dos Carneiros"}]},{"@type":"WebSite","@id":"https:\/\/www.carroaluguel.com\/blog\/#website","url":"https:\/\/www.carroaluguel.com\/blog\/","name":"Blog CarroAluguel","description":"","publisher":{"@id":"https:\/\/www.carroaluguel.com\/blog\/#organization"},"potentialAction":[{"@type":"SearchAction","target":{"@type":"EntryPoint","urlTemplate":"https:\/\/www.carroaluguel.com\/blog\/?s={search_term_string}"},"query-input":{"@type":"PropertyValueSpecification","valueRequired":true,"valueName":"search_term_string"}}],"inLanguage":"pt-BR"},{"@type":"Organization","@id":"https:\/\/www.carroaluguel.com\/blog\/#organization","name":"CarroAluguel.com","url":"https:\/\/www.carroaluguel.com\/blog\/","logo":{"@type":"ImageObject","inLanguage":"pt-BR","@id":"https:\/\/www.carroaluguel.com\/blog\/#\/schema\/logo\/image\/","url":"https:\/\/www.carroaluguel.com\/blog\/wp-content\/uploads\/2023\/08\/logo-carro-aluguel-BLOG-200x54-1.png","contentUrl":"https:\/\/www.carroaluguel.com\/blog\/wp-content\/uploads\/2023\/08\/logo-carro-aluguel-BLOG-200x54-1.png","width":200,"height":54,"caption":"CarroAluguel.com"},"image":{"@id":"https:\/\/www.carroaluguel.com\/blog\/#\/schema\/logo\/image\/"},"sameAs":["https:\/\/www.facebook.com\/CarroAluguelBR","https:\/\/x.com\/CarroAluguel","https:\/\/www.instagram.com\/carroaluguel\/"]},{"@type":"Person","@id":"https:\/\/www.carroaluguel.com\/blog\/#\/schema\/person\/693414c3b2423315cf90fb75439be0e1","name":"blog","image":{"@type":"ImageObject","inLanguage":"pt-BR","@id":"https:\/\/secure.gravatar.com\/avatar\/b8a3d64fc0b21db017f462a77f2c79b24cf3db4426d602430441f37f7d2ac037?s=96&d=mm&r=g","url":"https:\/\/secure.gravatar.com\/avatar\/b8a3d64fc0b21db017f462a77f2c79b24cf3db4426d602430441f37f7d2ac037?s=96&d=mm&r=g","contentUrl":"https:\/\/secure.gravatar.com\/avatar\/b8a3d64fc0b21db017f462a77f2c79b24cf3db4426d602430441f37f7d2ac037?s=96&d=mm&r=g","caption":"blog"},"sameAs":["https:\/\/carroaluguel.com\/blog"],"url":"https:\/\/www.carroaluguel.com\/blog\/author\/blog\/"}]}},"_links":{"self":[{"href":"https:\/\/www.carroaluguel.com\/blog\/wp-json\/wp\/v2\/posts\/3995","targetHints":{"allow":["GET"]}}],"collection":[{"href":"https:\/\/www.carroaluguel.com\/blog\/wp-json\/wp\/v2\/posts"}],"about":[{"href":"https:\/\/www.carroaluguel.com\/blog\/wp-json\/wp\/v2\/types\/post"}],"author":[{"embeddable":true,"href":"https:\/\/www.carroaluguel.com\/blog\/wp-json\/wp\/v2\/users\/1"}],"replies":[{"embeddable":true,"href":"https:\/\/www.carroaluguel.com\/blog\/wp-json\/wp\/v2\/comments?post=3995"}],"version-history":[{"count":2,"href":"https:\/\/www.carroaluguel.com\/blog\/wp-json\/wp\/v2\/posts\/3995\/revisions"}],"predecessor-version":[{"id":10026,"href":"https:\/\/www.carroaluguel.com\/blog\/wp-json\/wp\/v2\/posts\/3995\/revisions\/10026"}],"wp:featuredmedia":[{"embeddable":true,"href":"https:\/\/www.carroaluguel.com\/blog\/wp-json\/wp\/v2\/media\/4004"}],"wp:attachment":[{"href":"https:\/\/www.carroaluguel.com\/blog\/wp-json\/wp\/v2\/media?parent=3995"}],"wp:term":[{"taxonomy":"category","embeddable":true,"href":"https:\/\/www.carroaluguel.com\/blog\/wp-json\/wp\/v2\/categories?post=3995"},{"taxonomy":"post_tag","embeddable":true,"href":"https:\/\/www.carroaluguel.com\/blog\/wp-json\/wp\/v2\/tags?post=3995"}],"curies":[{"name":"wp","href":"https:\/\/api.w.org\/{rel}","templated":true}]}}