{"id":4459,"date":"2017-07-13T15:09:05","date_gmt":"2017-07-13T15:09:05","guid":{"rendered":"https:\/\/www.carroaluguel.com\/blog\/?p=4459"},"modified":"2024-05-13T12:45:17","modified_gmt":"2024-05-13T12:45:17","slug":"melhores-passeios-de-trem-do-brasil","status":"publish","type":"post","link":"https:\/\/www.carroaluguel.com\/blog\/melhores-passeios-de-trem-do-brasil\/","title":{"rendered":"Os melhores passeios de trem do Brasil"},"content":{"rendered":"<p style=\"text-align: justify;\">\u00c9 comum vermos nos filmes europeus as pessoas viajando\u00a0 de trem, passando por lugares com belas paisagens, repletas de montanhas e vegeta\u00e7\u00e3o. Mas voc\u00ea sabia que no Brasil tamb\u00e9m existem \u00f3timas op\u00e7\u00f5es de passeios de trem?<\/p>\n<p style=\"text-align: justify;\">Por mais que muitas vezes os trens sejam associados apenas a um meio de transporte do cotidiano r\u00e1pido e barato, existem diversos passeios que garantem uma experi\u00eancia bonita e inesquec\u00edvel. Os trajetos variam entre cen\u00e1rios com <em>campos, montanhas, vales, cachoeiras<\/em> e muito mais.<\/p>\n<p style=\"text-align: justify;\">N\u00e3o deixe de conferir a nossa lista com os <strong>melhores passeios de trem do Brasil<\/strong> e volte no tempo em trajetos envoltos pelas belezas do nosso pa\u00eds.<\/p>\n<h2 style=\"text-align: justify;\"><span style=\"color: #000000;\"><strong>Trem da Serra do Mar Paranaense<\/strong><\/span><\/h2>\n<p style=\"text-align: justify;\">Eleito pelo jornal <em>The Guardian<\/em> como um dos <strong>10 passeios de trem mais espetaculares do mundo<\/strong>, o <strong>Trem da Serra do Mar<\/strong> Paranaense viaja 110 quil\u00f4metros pela <em>maior \u00e1rea preservada de Mata Atl\u00e2ntica do Brasil<\/em>, em uma ferrovia com mais de 125 anos de hist\u00f3ria.<\/p>\n<p style=\"text-align: justify;\">Ele sai de Curitiba e faz um trajeto de aproximadamente tr\u00eas horas at\u00e9 a <strong>cidade de Morretes<\/strong>, que possui muitas constru\u00e7\u00f5es hist\u00f3ricas e uma culin\u00e1ria rica. Esse com certeza \u00e9 um passeio que vale muito a pena.<\/p>\n<p style=\"text-align: justify;\"><img decoding=\"async\" class=\"lazyload aligncenter wp-image-4463 size-full\" title=\"Trem da Serra do Mar Paranaense\" src=\"https:\/\/www.carroaluguel.com\/blog\/wp-content\/uploads\/2016\/07\/trem-serra-do-mar.jpg\" data-orig-src=\"https:\/\/www.carroaluguel.com\/blog\/wp-content\/uploads\/2016\/07\/trem-serra-do-mar.jpg\" alt=\"Trem da Serra do Mar\" width=\"765\" height=\"240\" srcset=\"data:image\/svg+xml,%3Csvg%20xmlns%3D%27http%3A%2F%2Fwww.w3.org%2F2000%2Fsvg%27%20width%3D%27765%27%20height%3D%27240%27%20viewBox%3D%270%200%20765%20240%27%3E%3Crect%20width%3D%27765%27%20height%3D%27240%27%20fill-opacity%3D%220%22%2F%3E%3C%2Fsvg%3E\" data-srcset=\"https:\/\/www.carroaluguel.com\/blog\/wp-content\/uploads\/2016\/07\/trem-serra-do-mar-200x63.jpg 200w, https:\/\/www.carroaluguel.com\/blog\/wp-content\/uploads\/2016\/07\/trem-serra-do-mar-300x94.jpg 300w, https:\/\/www.carroaluguel.com\/blog\/wp-content\/uploads\/2016\/07\/trem-serra-do-mar-400x125.jpg 400w, https:\/\/www.carroaluguel.com\/blog\/wp-content\/uploads\/2016\/07\/trem-serra-do-mar-600x188.jpg 600w, https:\/\/www.carroaluguel.com\/blog\/wp-content\/uploads\/2016\/07\/trem-serra-do-mar.jpg 765w\" data-sizes=\"auto\" data-orig-sizes=\"(max-width: 765px) 100vw, 765px\" \/><\/p>\n<p style=\"text-align: justify;\">A ferrovia come\u00e7ou a ser constru\u00edda em fevereiro de 1880 com o intuito de estreitar a rela\u00e7\u00e3o entre as cidades do litoral paranaense e a capital do estado visando ao desenvolvimento social do litoral. Al\u00e9m disso, ela tamb\u00e9m foi muito importante para o desenvolvimento econ\u00f4mico da regi\u00e3o ligando o Porto de Paranagu\u00e1 aos estados do Sul do Brasil.<\/p>\n<p style=\"text-align: justify;\">Considerada uma das mais ousadas obras da engenharia mundial, a ferrovia possui um grande valor hist\u00f3rico e \u00e9 muito procurada para <strong>passeios tur\u00edsticos<\/strong>.<\/p>\n<p style=\"text-align: justify;\">O seu trajeto conta com centenas de obras de arte da engenharia como <em>t\u00faneis, pontes e viadutos de grande v\u00e3o<\/em>. Destacam-se a Ponte S\u00e3o Jo\u00e3o, com 55 metros de altura e o Viaduto do Carvalho. A passagem pelo viaduto provoca nos passageiros a sensa\u00e7\u00e3o inesquec\u00edvel de uma viagem pelo ar, dando impress\u00e3o de que o trem est\u00e1 flutuando. Essa foi a primeira obra com essa caracter\u00edstica constru\u00edda em todo o mundo.<\/p>\n<h2 style=\"text-align: justify;\"><span style=\"color: #000000;\"><strong>Expresso Tur\u00edstico da Luz<\/strong><\/span><\/h2>\n<p style=\"text-align: justify;\">Se voc\u00ea quer conhecer mais sobre a hist\u00f3ria da cidade de S\u00e3o Paulo e visitar os seus principais pontos tur\u00edsticos, esta com certeza ser\u00e1 uma excelente op\u00e7\u00e3o de passeio de trem. Apesar de n\u00e3o ser em uma cidade com foco no turismo e n\u00e3o ter um trajeto com muitas \u00e1reas verdes, o Expresso Tur\u00edstico da Luz oferece uma verdadeira viagem no tempo, repleta de cultura.<\/p>\n<p style=\"text-align: justify;\">O Expresso Tur\u00edstico foi inaugurado em 18 de abril de 2009 pela Secretaria de Estado dos Transportes Metropolitanos e pela CPTM (Companhia Paulista de Trens Metropolitanos).<\/p>\n<p style=\"text-align: justify;\"><img decoding=\"async\" class=\"lazyload aligncenter wp-image-4472 size-full\" title=\"Expresso Tur\u00edstico da Luz\" src=\"https:\/\/www.carroaluguel.com\/blog\/wp-content\/uploads\/2016\/07\/trem-expresso-turistico-da-luz.jpg\" data-orig-src=\"https:\/\/www.carroaluguel.com\/blog\/wp-content\/uploads\/2016\/07\/trem-expresso-turistico-da-luz.jpg\" alt=\"Expresso Tur\u00edstico da Luz\" width=\"765\" height=\"240\" srcset=\"data:image\/svg+xml,%3Csvg%20xmlns%3D%27http%3A%2F%2Fwww.w3.org%2F2000%2Fsvg%27%20width%3D%27765%27%20height%3D%27240%27%20viewBox%3D%270%200%20765%20240%27%3E%3Crect%20width%3D%27765%27%20height%3D%27240%27%20fill-opacity%3D%220%22%2F%3E%3C%2Fsvg%3E\" data-srcset=\"https:\/\/www.carroaluguel.com\/blog\/wp-content\/uploads\/2016\/07\/trem-expresso-turistico-da-luz-200x63.jpg 200w, https:\/\/www.carroaluguel.com\/blog\/wp-content\/uploads\/2016\/07\/trem-expresso-turistico-da-luz-300x94.jpg 300w, https:\/\/www.carroaluguel.com\/blog\/wp-content\/uploads\/2016\/07\/trem-expresso-turistico-da-luz-400x125.jpg 400w, https:\/\/www.carroaluguel.com\/blog\/wp-content\/uploads\/2016\/07\/trem-expresso-turistico-da-luz-600x188.jpg 600w, https:\/\/www.carroaluguel.com\/blog\/wp-content\/uploads\/2016\/07\/trem-expresso-turistico-da-luz.jpg 765w\" data-sizes=\"auto\" data-orig-sizes=\"(max-width: 765px) 100vw, 765px\" \/><\/p>\n<p style=\"text-align: justify;\">Saindo da <strong>Esta\u00e7\u00e3o da Luz<\/strong>, ele integra diversos pontos de interesse tur\u00edstico localizados ao longo da ferrovia, oferecendo aos passageiros uma inesquec\u00edvel viagem cheia de <em>hist\u00f3ria e belas arquiteturas<\/em>.<\/p>\n<p style=\"text-align: justify;\">O trem \u00e9 composto por dois vag\u00f5es de a\u00e7o fabricados no Brasil nos anos 60 e uma locomotiva movida a <em>diesel<\/em> fabricada no Canad\u00e1 em 1952 que pertence \u00e0 CPTM. Cedidos pela Associa\u00e7\u00e3o Brasileira de Preserva\u00e7\u00e3o Ferrovi\u00e1ria (ABPF), os vag\u00f5es foram totalmente restaurados, sendo que ambos pertenceram \u00e0 Estrada de Ferro Araraquara (EFA) onde operaram a linha de longo percurso entre S\u00e3o Paulo (Esta\u00e7\u00e3o da Luz), Campinas, Araraquara, S\u00e3o Jos\u00e9 do Rio Preto e Santa F\u00e9 do Sul.<\/p>\n<h2 style=\"text-align: justify;\"><span style=\"color: #000000;\"><strong>Trem do Vinho<\/strong><\/span><\/h2>\n<p style=\"text-align: justify;\">O Trem do Vinho (ou Maria-Fuma\u00e7a) percorre 23 quil\u00f4metros em um belo percurso de aproximadamente duas horas de dura\u00e7\u00e3o pela Serra Ga\u00facha. Esse \u00e9 um passeio praticamente obrigat\u00f3rio para quem est\u00e1 de passagem pela <em>regi\u00e3o vin\u00edfera do Rio Grande do Sul<\/em>.<\/p>\n<p style=\"text-align: justify;\">O trajeto come\u00e7a na <strong>Esta\u00e7\u00e3o Bento Gon\u00e7alves<\/strong>, onde os passageiros s\u00e3o recepcionados com uma<em> degusta\u00e7\u00e3o de vinho<\/em>. Ao soar do sino, todos embarcam em uma viagem cheia de alegria e uma festa conduzida por <em>atra\u00e7\u00f5es t\u00edpicas italianas e ga\u00fachas<\/em>. No fim, todos s\u00e3o recebidos em Carlos Barbosa em um <em>show<\/em> de m\u00fasica italiana e dan\u00e7as folcl\u00f3ricas ga\u00fachas.<\/p>\n<p style=\"text-align: justify;\"><img decoding=\"async\" class=\"lazyload aligncenter wp-image-4464 size-full\" title=\"Trem do Vinho\" src=\"https:\/\/www.carroaluguel.com\/blog\/wp-content\/uploads\/2016\/07\/trem-do-vinho2.jpg\" data-orig-src=\"https:\/\/www.carroaluguel.com\/blog\/wp-content\/uploads\/2016\/07\/trem-do-vinho2.jpg\" alt=\"Trem do Vinho\" width=\"765\" height=\"240\" srcset=\"data:image\/svg+xml,%3Csvg%20xmlns%3D%27http%3A%2F%2Fwww.w3.org%2F2000%2Fsvg%27%20width%3D%27765%27%20height%3D%27240%27%20viewBox%3D%270%200%20765%20240%27%3E%3Crect%20width%3D%27765%27%20height%3D%27240%27%20fill-opacity%3D%220%22%2F%3E%3C%2Fsvg%3E\" data-srcset=\"https:\/\/www.carroaluguel.com\/blog\/wp-content\/uploads\/2016\/07\/trem-do-vinho2-200x63.jpg 200w, https:\/\/www.carroaluguel.com\/blog\/wp-content\/uploads\/2016\/07\/trem-do-vinho2-300x94.jpg 300w, https:\/\/www.carroaluguel.com\/blog\/wp-content\/uploads\/2016\/07\/trem-do-vinho2-400x125.jpg 400w, https:\/\/www.carroaluguel.com\/blog\/wp-content\/uploads\/2016\/07\/trem-do-vinho2-600x188.jpg 600w, https:\/\/www.carroaluguel.com\/blog\/wp-content\/uploads\/2016\/07\/trem-do-vinho2.jpg 765w\" data-sizes=\"auto\" data-orig-sizes=\"(max-width: 765px) 100vw, 765px\" \/><\/p>\n<p style=\"text-align: justify;\">O visual de todo o trajeto \u00e9 cercado por mata nativa e colorido por lindas flores. E na volta para Bento Gon\u00e7alves ainda \u00e9 poss\u00edvel visualizar a <em>Union Distillery<\/em>, uma das maiores destilarias de u\u00edsque do pa\u00eds.<\/p>\n<p style=\"text-align: justify;\">Esse \u00e9 um passeio de trem perfeito para quem gosta de <em>vinho, atividades culturais e muita anima\u00e7\u00e3o<\/em>.<\/p>\n<h2 style=\"text-align: justify;\"><span style=\"color: #000000;\"><strong>Trem do Corcovado<\/strong><\/span><\/h2>\n<p style=\"text-align: justify;\">O Morro do Corcovado \u00e9 um dos pontos tur\u00edsticos mais c\u00e9lebres do Rio de Janeiro, a Cidade Maravilhosa. Nele est\u00e1 localizada a <em>est\u00e1tua do Cristo Redentor<\/em> que \u00e9 visitada por diversas pessoas do mundo inteiro.<\/p>\n<p style=\"text-align: justify;\">O Trem do Corcovado \u00e9 um dos meios que <em>levam muitos turistas at\u00e9 a famosa atra\u00e7\u00e3o<\/em> e aos mirantes \u00e0 sua volta. A viagem dura apenas 20 minutos e n\u00e3o passa dos 15 km\/h, mas ainda assim \u00e9 poss\u00edvel admirar a beleza da mata atl\u00e2ntica que cerca a \u00e1rea.<\/p>\n<p style=\"text-align: justify;\"><img decoding=\"async\" class=\"lazyload aligncenter wp-image-4465 size-full\" title=\"Trem do Corcovado\" src=\"https:\/\/www.carroaluguel.com\/blog\/wp-content\/uploads\/2016\/07\/TREM-DO-CORCOVADO2.jpg\" data-orig-src=\"https:\/\/www.carroaluguel.com\/blog\/wp-content\/uploads\/2016\/07\/TREM-DO-CORCOVADO2.jpg\" alt=\"Trem do Corcovado\" width=\"765\" height=\"240\" srcset=\"data:image\/svg+xml,%3Csvg%20xmlns%3D%27http%3A%2F%2Fwww.w3.org%2F2000%2Fsvg%27%20width%3D%27765%27%20height%3D%27240%27%20viewBox%3D%270%200%20765%20240%27%3E%3Crect%20width%3D%27765%27%20height%3D%27240%27%20fill-opacity%3D%220%22%2F%3E%3C%2Fsvg%3E\" data-srcset=\"https:\/\/www.carroaluguel.com\/blog\/wp-content\/uploads\/2016\/07\/TREM-DO-CORCOVADO2-200x63.jpg 200w, https:\/\/www.carroaluguel.com\/blog\/wp-content\/uploads\/2016\/07\/TREM-DO-CORCOVADO2-300x94.jpg 300w, https:\/\/www.carroaluguel.com\/blog\/wp-content\/uploads\/2016\/07\/TREM-DO-CORCOVADO2-400x125.jpg 400w, https:\/\/www.carroaluguel.com\/blog\/wp-content\/uploads\/2016\/07\/TREM-DO-CORCOVADO2-600x188.jpg 600w, https:\/\/www.carroaluguel.com\/blog\/wp-content\/uploads\/2016\/07\/TREM-DO-CORCOVADO2.jpg 765w\" data-sizes=\"auto\" data-orig-sizes=\"(max-width: 765px) 100vw, 765px\" \/><\/p>\n<p style=\"text-align: justify;\">A <strong>locomotiva el\u00e9trica<\/strong> utilizada no passeio \u00e9 centen\u00e1ria e ecologicamente correta. Ela n\u00e3o polui o meio ambiente e atravessa a mata atl\u00e2ntica preservada que pertence ao <strong>Parque Nacional da Tijuca<\/strong>. O trajeto tem seu fim aos p\u00e9s do Cristo Redentor, uma das Sete Maravilhas do Mundo Moderno que mostra do alto o que o Rio de Janeiro tem de mais especial.<\/p>\n<h2 style=\"text-align: justify;\"><span style=\"color: #000000;\"><strong>Trem das \u00c1guas<\/strong><\/span><\/h2>\n<p style=\"text-align: justify;\">Partindo de <strong>S\u00e3o Louren\u00e7o<\/strong> (MG), o Trem das \u00c1guas percorre um trajeto de duas horas at\u00e9 <strong>Soledade de Minas<\/strong>, embalado por <em>shows<\/em> de violeiros ao vivo. No desembarque, os passageiros podem <em>desfrutar de pratos t\u00edpicos mineiros e conhecer cacha\u00e7as e artesanatos<\/em> locais.<\/p>\n<p style=\"text-align: justify;\">O passeio, que s\u00f3 ocorre aos fins de semana, passa pelas <strong>margens do Rio Verde<\/strong> e cruza bel\u00edssimos vales. O trem \u00e9 tracionado por uma aut\u00eantica locomotiva a vapor e \u00e9 formado por at\u00e9 oito carros de passageiros, sendo a maioria antigos carros de madeira e dois de a\u00e7o-carbono.<\/p>\n<p style=\"text-align: justify;\"><img decoding=\"async\" class=\"lazyload aligncenter wp-image-4466 size-full\" title=\"Trem das \u00c1guas\" src=\"https:\/\/www.carroaluguel.com\/blog\/wp-content\/uploads\/2016\/07\/trem-das-aguas.jpg\" data-orig-src=\"https:\/\/www.carroaluguel.com\/blog\/wp-content\/uploads\/2016\/07\/trem-das-aguas.jpg\" alt=\"Trem das \u00c1guas\" width=\"765\" height=\"240\" srcset=\"data:image\/svg+xml,%3Csvg%20xmlns%3D%27http%3A%2F%2Fwww.w3.org%2F2000%2Fsvg%27%20width%3D%27765%27%20height%3D%27240%27%20viewBox%3D%270%200%20765%20240%27%3E%3Crect%20width%3D%27765%27%20height%3D%27240%27%20fill-opacity%3D%220%22%2F%3E%3C%2Fsvg%3E\" data-srcset=\"https:\/\/www.carroaluguel.com\/blog\/wp-content\/uploads\/2016\/07\/trem-das-aguas-200x63.jpg 200w, https:\/\/www.carroaluguel.com\/blog\/wp-content\/uploads\/2016\/07\/trem-das-aguas-300x94.jpg 300w, https:\/\/www.carroaluguel.com\/blog\/wp-content\/uploads\/2016\/07\/trem-das-aguas-400x125.jpg 400w, https:\/\/www.carroaluguel.com\/blog\/wp-content\/uploads\/2016\/07\/trem-das-aguas-600x188.jpg 600w, https:\/\/www.carroaluguel.com\/blog\/wp-content\/uploads\/2016\/07\/trem-das-aguas.jpg 765w\" data-sizes=\"auto\" data-orig-sizes=\"(max-width: 765px) 100vw, 765px\" \/><\/p>\n<h2 style=\"text-align: justify;\"><span style=\"color: #333333;\"><strong>Passeios de trem<\/strong><\/span><\/h2>\n<p style=\"text-align: justify;\">Agora voc\u00ea j\u00e1 tem boas op\u00e7\u00f5es de <strong>passeios de trem<\/strong>, com <strong>belas paisagens e riqueza cultural<\/strong>. Comente se voc\u00ea j\u00e1 teve alguma experi\u00eancia ou deixe sua sugest\u00e3o de outras aventuras pelo Brasil.<\/p>\n<p>&nbsp;<\/p>\n","protected":false},"excerpt":{"rendered":"<p>\u00c9 comum vermos nos filmes europeus as pessoas viajando\u00a0 de  [&#8230;]<\/p>\n","protected":false},"author":1,"featured_media":4474,"comment_status":"open","ping_status":"open","sticky":false,"template":"","format":"standard","meta":{"footnotes":""},"categories":[941],"tags":[506,699,823,844],"class_list":["post-4459","post","type-post","status-publish","format-standard","has-post-thumbnail","hentry","category-ideias-de-viagem","tag-curitiba","tag-minas-gerais","tag-rio-de-janeiro","tag-sao-paulo"],"yoast_head":"<!-- This site is optimized with the Yoast SEO plugin v27.5 - https:\/\/yoast.com\/product\/yoast-seo-wordpress\/ -->\n<title>Os melhores passeios de trem do Brasil<\/title>\n<meta name=\"description\" content=\"Confira nossa lista com os melhores passeios de trem do Brasil e volte no tempo em trajetos pelas belezas preciosas do nosso pa\u00eds.\" \/>\n<meta name=\"robots\" content=\"index, follow, max-snippet:-1, max-image-preview:large, max-video-preview:-1\" \/>\n<link rel=\"canonical\" href=\"https:\/\/www.carroaluguel.com\/blog\/melhores-passeios-de-trem-do-brasil\/\" \/>\n<meta property=\"og:locale\" content=\"pt_BR\" \/>\n<meta property=\"og:type\" content=\"article\" \/>\n<meta property=\"og:title\" content=\"Os melhores passeios de trem do Brasil\" \/>\n<meta property=\"og:description\" content=\"Confira nossa lista com os melhores passeios de trem do Brasil e volte no tempo em trajetos pelas belezas preciosas do nosso pa\u00eds.\" \/>\n<meta property=\"og:url\" content=\"https:\/\/www.carroaluguel.com\/blog\/melhores-passeios-de-trem-do-brasil\/\" \/>\n<meta property=\"og:site_name\" content=\"Blog CarroAluguel\" \/>\n<meta property=\"article:publisher\" content=\"https:\/\/www.facebook.com\/CarroAluguelBR\" \/>\n<meta property=\"article:published_time\" content=\"2017-07-13T15:09:05+00:00\" \/>\n<meta property=\"article:modified_time\" content=\"2024-05-13T12:45:17+00:00\" \/>\n<meta property=\"og:image\" content=\"https:\/\/www.carroaluguel.com\/blog\/wp-content\/uploads\/2016\/07\/capa-trem-do-vinho.jpg\" \/>\n\t<meta property=\"og:image:width\" content=\"765\" \/>\n\t<meta property=\"og:image:height\" content=\"480\" \/>\n\t<meta property=\"og:image:type\" content=\"image\/jpeg\" \/>\n<meta name=\"author\" content=\"blog\" \/>\n<meta name=\"twitter:card\" content=\"summary_large_image\" \/>\n<meta name=\"twitter:creator\" content=\"@CarroAluguel\" \/>\n<meta name=\"twitter:site\" content=\"@CarroAluguel\" \/>\n<meta name=\"twitter:label1\" content=\"Escrito por\" \/>\n\t<meta name=\"twitter:data1\" content=\"blog\" \/>\n\t<meta name=\"twitter:label2\" content=\"Est. tempo de leitura\" \/>\n\t<meta name=\"twitter:data2\" content=\"8 minutos\" \/>\n<script type=\"application\/ld+json\" class=\"yoast-schema-graph\">{\"@context\":\"https:\\\/\\\/schema.org\",\"@graph\":[{\"@type\":\"Article\",\"@id\":\"https:\\\/\\\/www.carroaluguel.com\\\/blog\\\/melhores-passeios-de-trem-do-brasil\\\/#article\",\"isPartOf\":{\"@id\":\"https:\\\/\\\/www.carroaluguel.com\\\/blog\\\/melhores-passeios-de-trem-do-brasil\\\/\"},\"author\":{\"name\":\"blog\",\"@id\":\"https:\\\/\\\/www.carroaluguel.com\\\/blog\\\/#\\\/schema\\\/person\\\/693414c3b2423315cf90fb75439be0e1\"},\"headline\":\"Os melhores passeios de trem do Brasil\",\"datePublished\":\"2017-07-13T15:09:05+00:00\",\"dateModified\":\"2024-05-13T12:45:17+00:00\",\"mainEntityOfPage\":{\"@id\":\"https:\\\/\\\/www.carroaluguel.com\\\/blog\\\/melhores-passeios-de-trem-do-brasil\\\/\"},\"wordCount\":1062,\"commentCount\":0,\"publisher\":{\"@id\":\"https:\\\/\\\/www.carroaluguel.com\\\/blog\\\/#organization\"},\"image\":{\"@id\":\"https:\\\/\\\/www.carroaluguel.com\\\/blog\\\/melhores-passeios-de-trem-do-brasil\\\/#primaryimage\"},\"thumbnailUrl\":\"https:\\\/\\\/www.carroaluguel.com\\\/blog\\\/wp-content\\\/uploads\\\/2016\\\/07\\\/capa-trem-do-vinho.jpg\",\"keywords\":[\"Curitiba\",\"Minas Gerais\",\"Rio de Janeiro\",\"S\u00e3o Paulo\"],\"articleSection\":[\"Ideias para sua pr\u00f3xima viagem\"],\"inLanguage\":\"pt-BR\",\"potentialAction\":[{\"@type\":\"CommentAction\",\"name\":\"Comment\",\"target\":[\"https:\\\/\\\/www.carroaluguel.com\\\/blog\\\/melhores-passeios-de-trem-do-brasil\\\/#respond\"]}]},{\"@type\":\"WebPage\",\"@id\":\"https:\\\/\\\/www.carroaluguel.com\\\/blog\\\/melhores-passeios-de-trem-do-brasil\\\/\",\"url\":\"https:\\\/\\\/www.carroaluguel.com\\\/blog\\\/melhores-passeios-de-trem-do-brasil\\\/\",\"name\":\"Os melhores passeios de trem do Brasil\",\"isPartOf\":{\"@id\":\"https:\\\/\\\/www.carroaluguel.com\\\/blog\\\/#website\"},\"primaryImageOfPage\":{\"@id\":\"https:\\\/\\\/www.carroaluguel.com\\\/blog\\\/melhores-passeios-de-trem-do-brasil\\\/#primaryimage\"},\"image\":{\"@id\":\"https:\\\/\\\/www.carroaluguel.com\\\/blog\\\/melhores-passeios-de-trem-do-brasil\\\/#primaryimage\"},\"thumbnailUrl\":\"https:\\\/\\\/www.carroaluguel.com\\\/blog\\\/wp-content\\\/uploads\\\/2016\\\/07\\\/capa-trem-do-vinho.jpg\",\"datePublished\":\"2017-07-13T15:09:05+00:00\",\"dateModified\":\"2024-05-13T12:45:17+00:00\",\"description\":\"Confira nossa lista com os melhores passeios de trem do Brasil e volte no tempo em trajetos pelas belezas preciosas do nosso pa\u00eds.\",\"breadcrumb\":{\"@id\":\"https:\\\/\\\/www.carroaluguel.com\\\/blog\\\/melhores-passeios-de-trem-do-brasil\\\/#breadcrumb\"},\"inLanguage\":\"pt-BR\",\"potentialAction\":[{\"@type\":\"ReadAction\",\"target\":[\"https:\\\/\\\/www.carroaluguel.com\\\/blog\\\/melhores-passeios-de-trem-do-brasil\\\/\"]}]},{\"@type\":\"ImageObject\",\"inLanguage\":\"pt-BR\",\"@id\":\"https:\\\/\\\/www.carroaluguel.com\\\/blog\\\/melhores-passeios-de-trem-do-brasil\\\/#primaryimage\",\"url\":\"https:\\\/\\\/www.carroaluguel.com\\\/blog\\\/wp-content\\\/uploads\\\/2016\\\/07\\\/capa-trem-do-vinho.jpg\",\"contentUrl\":\"https:\\\/\\\/www.carroaluguel.com\\\/blog\\\/wp-content\\\/uploads\\\/2016\\\/07\\\/capa-trem-do-vinho.jpg\",\"width\":765,\"height\":480,\"caption\":\"passeios de trem\"},{\"@type\":\"BreadcrumbList\",\"@id\":\"https:\\\/\\\/www.carroaluguel.com\\\/blog\\\/melhores-passeios-de-trem-do-brasil\\\/#breadcrumb\",\"itemListElement\":[{\"@type\":\"ListItem\",\"position\":1,\"name\":\"Home\",\"item\":\"https:\\\/\\\/www.carroaluguel.com\\\/blog\\\/\"},{\"@type\":\"ListItem\",\"position\":2,\"name\":\"Roteiros\",\"item\":\"https:\\\/\\\/www.carroaluguel.com\\\/blog\\\/category\\\/roteiros\\\/\"},{\"@type\":\"ListItem\",\"position\":3,\"name\":\"Ideias para sua pr\u00f3xima viagem\",\"item\":\"https:\\\/\\\/www.carroaluguel.com\\\/blog\\\/category\\\/roteiros\\\/ideias-de-viagem\\\/\"},{\"@type\":\"ListItem\",\"position\":4,\"name\":\"Os melhores passeios de trem do Brasil\"}]},{\"@type\":\"WebSite\",\"@id\":\"https:\\\/\\\/www.carroaluguel.com\\\/blog\\\/#website\",\"url\":\"https:\\\/\\\/www.carroaluguel.com\\\/blog\\\/\",\"name\":\"Blog CarroAluguel\",\"description\":\"\",\"publisher\":{\"@id\":\"https:\\\/\\\/www.carroaluguel.com\\\/blog\\\/#organization\"},\"potentialAction\":[{\"@type\":\"SearchAction\",\"target\":{\"@type\":\"EntryPoint\",\"urlTemplate\":\"https:\\\/\\\/www.carroaluguel.com\\\/blog\\\/?s={search_term_string}\"},\"query-input\":{\"@type\":\"PropertyValueSpecification\",\"valueRequired\":true,\"valueName\":\"search_term_string\"}}],\"inLanguage\":\"pt-BR\"},{\"@type\":\"Organization\",\"@id\":\"https:\\\/\\\/www.carroaluguel.com\\\/blog\\\/#organization\",\"name\":\"CarroAluguel.com\",\"url\":\"https:\\\/\\\/www.carroaluguel.com\\\/blog\\\/\",\"logo\":{\"@type\":\"ImageObject\",\"inLanguage\":\"pt-BR\",\"@id\":\"https:\\\/\\\/www.carroaluguel.com\\\/blog\\\/#\\\/schema\\\/logo\\\/image\\\/\",\"url\":\"https:\\\/\\\/www.carroaluguel.com\\\/blog\\\/wp-content\\\/uploads\\\/2023\\\/08\\\/logo-carro-aluguel-BLOG-200x54-1.png\",\"contentUrl\":\"https:\\\/\\\/www.carroaluguel.com\\\/blog\\\/wp-content\\\/uploads\\\/2023\\\/08\\\/logo-carro-aluguel-BLOG-200x54-1.png\",\"width\":200,\"height\":54,\"caption\":\"CarroAluguel.com\"},\"image\":{\"@id\":\"https:\\\/\\\/www.carroaluguel.com\\\/blog\\\/#\\\/schema\\\/logo\\\/image\\\/\"},\"sameAs\":[\"https:\\\/\\\/www.facebook.com\\\/CarroAluguelBR\",\"https:\\\/\\\/x.com\\\/CarroAluguel\",\"https:\\\/\\\/www.instagram.com\\\/carroaluguel\\\/\"]},{\"@type\":\"Person\",\"@id\":\"https:\\\/\\\/www.carroaluguel.com\\\/blog\\\/#\\\/schema\\\/person\\\/693414c3b2423315cf90fb75439be0e1\",\"name\":\"blog\",\"image\":{\"@type\":\"ImageObject\",\"inLanguage\":\"pt-BR\",\"@id\":\"https:\\\/\\\/secure.gravatar.com\\\/avatar\\\/b8a3d64fc0b21db017f462a77f2c79b24cf3db4426d602430441f37f7d2ac037?s=96&d=mm&r=g\",\"url\":\"https:\\\/\\\/secure.gravatar.com\\\/avatar\\\/b8a3d64fc0b21db017f462a77f2c79b24cf3db4426d602430441f37f7d2ac037?s=96&d=mm&r=g\",\"contentUrl\":\"https:\\\/\\\/secure.gravatar.com\\\/avatar\\\/b8a3d64fc0b21db017f462a77f2c79b24cf3db4426d602430441f37f7d2ac037?s=96&d=mm&r=g\",\"caption\":\"blog\"},\"sameAs\":[\"https:\\\/\\\/carroaluguel.com\\\/blog\"],\"url\":\"https:\\\/\\\/www.carroaluguel.com\\\/blog\\\/author\\\/blog\\\/\"}]}<\/script>\n<!-- \/ Yoast SEO plugin. -->","yoast_head_json":{"title":"Os melhores passeios de trem do Brasil","description":"Confira nossa lista com os melhores passeios de trem do Brasil e volte no tempo em trajetos pelas belezas preciosas do nosso pa\u00eds.","robots":{"index":"index","follow":"follow","max-snippet":"max-snippet:-1","max-image-preview":"max-image-preview:large","max-video-preview":"max-video-preview:-1"},"canonical":"https:\/\/www.carroaluguel.com\/blog\/melhores-passeios-de-trem-do-brasil\/","og_locale":"pt_BR","og_type":"article","og_title":"Os melhores passeios de trem do Brasil","og_description":"Confira nossa lista com os melhores passeios de trem do Brasil e volte no tempo em trajetos pelas belezas preciosas do nosso pa\u00eds.","og_url":"https:\/\/www.carroaluguel.com\/blog\/melhores-passeios-de-trem-do-brasil\/","og_site_name":"Blog CarroAluguel","article_publisher":"https:\/\/www.facebook.com\/CarroAluguelBR","article_published_time":"2017-07-13T15:09:05+00:00","article_modified_time":"2024-05-13T12:45:17+00:00","og_image":[{"width":765,"height":480,"url":"https:\/\/www.carroaluguel.com\/blog\/wp-content\/uploads\/2016\/07\/capa-trem-do-vinho.jpg","type":"image\/jpeg"}],"author":"blog","twitter_card":"summary_large_image","twitter_creator":"@CarroAluguel","twitter_site":"@CarroAluguel","twitter_misc":{"Escrito por":"blog","Est. tempo de leitura":"8 minutos"},"schema":{"@context":"https:\/\/schema.org","@graph":[{"@type":"Article","@id":"https:\/\/www.carroaluguel.com\/blog\/melhores-passeios-de-trem-do-brasil\/#article","isPartOf":{"@id":"https:\/\/www.carroaluguel.com\/blog\/melhores-passeios-de-trem-do-brasil\/"},"author":{"name":"blog","@id":"https:\/\/www.carroaluguel.com\/blog\/#\/schema\/person\/693414c3b2423315cf90fb75439be0e1"},"headline":"Os melhores passeios de trem do Brasil","datePublished":"2017-07-13T15:09:05+00:00","dateModified":"2024-05-13T12:45:17+00:00","mainEntityOfPage":{"@id":"https:\/\/www.carroaluguel.com\/blog\/melhores-passeios-de-trem-do-brasil\/"},"wordCount":1062,"commentCount":0,"publisher":{"@id":"https:\/\/www.carroaluguel.com\/blog\/#organization"},"image":{"@id":"https:\/\/www.carroaluguel.com\/blog\/melhores-passeios-de-trem-do-brasil\/#primaryimage"},"thumbnailUrl":"https:\/\/www.carroaluguel.com\/blog\/wp-content\/uploads\/2016\/07\/capa-trem-do-vinho.jpg","keywords":["Curitiba","Minas Gerais","Rio de Janeiro","S\u00e3o Paulo"],"articleSection":["Ideias para sua pr\u00f3xima viagem"],"inLanguage":"pt-BR","potentialAction":[{"@type":"CommentAction","name":"Comment","target":["https:\/\/www.carroaluguel.com\/blog\/melhores-passeios-de-trem-do-brasil\/#respond"]}]},{"@type":"WebPage","@id":"https:\/\/www.carroaluguel.com\/blog\/melhores-passeios-de-trem-do-brasil\/","url":"https:\/\/www.carroaluguel.com\/blog\/melhores-passeios-de-trem-do-brasil\/","name":"Os melhores passeios de trem do Brasil","isPartOf":{"@id":"https:\/\/www.carroaluguel.com\/blog\/#website"},"primaryImageOfPage":{"@id":"https:\/\/www.carroaluguel.com\/blog\/melhores-passeios-de-trem-do-brasil\/#primaryimage"},"image":{"@id":"https:\/\/www.carroaluguel.com\/blog\/melhores-passeios-de-trem-do-brasil\/#primaryimage"},"thumbnailUrl":"https:\/\/www.carroaluguel.com\/blog\/wp-content\/uploads\/2016\/07\/capa-trem-do-vinho.jpg","datePublished":"2017-07-13T15:09:05+00:00","dateModified":"2024-05-13T12:45:17+00:00","description":"Confira nossa lista com os melhores passeios de trem do Brasil e volte no tempo em trajetos pelas belezas preciosas do nosso pa\u00eds.","breadcrumb":{"@id":"https:\/\/www.carroaluguel.com\/blog\/melhores-passeios-de-trem-do-brasil\/#breadcrumb"},"inLanguage":"pt-BR","potentialAction":[{"@type":"ReadAction","target":["https:\/\/www.carroaluguel.com\/blog\/melhores-passeios-de-trem-do-brasil\/"]}]},{"@type":"ImageObject","inLanguage":"pt-BR","@id":"https:\/\/www.carroaluguel.com\/blog\/melhores-passeios-de-trem-do-brasil\/#primaryimage","url":"https:\/\/www.carroaluguel.com\/blog\/wp-content\/uploads\/2016\/07\/capa-trem-do-vinho.jpg","contentUrl":"https:\/\/www.carroaluguel.com\/blog\/wp-content\/uploads\/2016\/07\/capa-trem-do-vinho.jpg","width":765,"height":480,"caption":"passeios de trem"},{"@type":"BreadcrumbList","@id":"https:\/\/www.carroaluguel.com\/blog\/melhores-passeios-de-trem-do-brasil\/#breadcrumb","itemListElement":[{"@type":"ListItem","position":1,"name":"Home","item":"https:\/\/www.carroaluguel.com\/blog\/"},{"@type":"ListItem","position":2,"name":"Roteiros","item":"https:\/\/www.carroaluguel.com\/blog\/category\/roteiros\/"},{"@type":"ListItem","position":3,"name":"Ideias para sua pr\u00f3xima viagem","item":"https:\/\/www.carroaluguel.com\/blog\/category\/roteiros\/ideias-de-viagem\/"},{"@type":"ListItem","position":4,"name":"Os melhores passeios de trem do Brasil"}]},{"@type":"WebSite","@id":"https:\/\/www.carroaluguel.com\/blog\/#website","url":"https:\/\/www.carroaluguel.com\/blog\/","name":"Blog CarroAluguel","description":"","publisher":{"@id":"https:\/\/www.carroaluguel.com\/blog\/#organization"},"potentialAction":[{"@type":"SearchAction","target":{"@type":"EntryPoint","urlTemplate":"https:\/\/www.carroaluguel.com\/blog\/?s={search_term_string}"},"query-input":{"@type":"PropertyValueSpecification","valueRequired":true,"valueName":"search_term_string"}}],"inLanguage":"pt-BR"},{"@type":"Organization","@id":"https:\/\/www.carroaluguel.com\/blog\/#organization","name":"CarroAluguel.com","url":"https:\/\/www.carroaluguel.com\/blog\/","logo":{"@type":"ImageObject","inLanguage":"pt-BR","@id":"https:\/\/www.carroaluguel.com\/blog\/#\/schema\/logo\/image\/","url":"https:\/\/www.carroaluguel.com\/blog\/wp-content\/uploads\/2023\/08\/logo-carro-aluguel-BLOG-200x54-1.png","contentUrl":"https:\/\/www.carroaluguel.com\/blog\/wp-content\/uploads\/2023\/08\/logo-carro-aluguel-BLOG-200x54-1.png","width":200,"height":54,"caption":"CarroAluguel.com"},"image":{"@id":"https:\/\/www.carroaluguel.com\/blog\/#\/schema\/logo\/image\/"},"sameAs":["https:\/\/www.facebook.com\/CarroAluguelBR","https:\/\/x.com\/CarroAluguel","https:\/\/www.instagram.com\/carroaluguel\/"]},{"@type":"Person","@id":"https:\/\/www.carroaluguel.com\/blog\/#\/schema\/person\/693414c3b2423315cf90fb75439be0e1","name":"blog","image":{"@type":"ImageObject","inLanguage":"pt-BR","@id":"https:\/\/secure.gravatar.com\/avatar\/b8a3d64fc0b21db017f462a77f2c79b24cf3db4426d602430441f37f7d2ac037?s=96&d=mm&r=g","url":"https:\/\/secure.gravatar.com\/avatar\/b8a3d64fc0b21db017f462a77f2c79b24cf3db4426d602430441f37f7d2ac037?s=96&d=mm&r=g","contentUrl":"https:\/\/secure.gravatar.com\/avatar\/b8a3d64fc0b21db017f462a77f2c79b24cf3db4426d602430441f37f7d2ac037?s=96&d=mm&r=g","caption":"blog"},"sameAs":["https:\/\/carroaluguel.com\/blog"],"url":"https:\/\/www.carroaluguel.com\/blog\/author\/blog\/"}]}},"_links":{"self":[{"href":"https:\/\/www.carroaluguel.com\/blog\/wp-json\/wp\/v2\/posts\/4459","targetHints":{"allow":["GET"]}}],"collection":[{"href":"https:\/\/www.carroaluguel.com\/blog\/wp-json\/wp\/v2\/posts"}],"about":[{"href":"https:\/\/www.carroaluguel.com\/blog\/wp-json\/wp\/v2\/types\/post"}],"author":[{"embeddable":true,"href":"https:\/\/www.carroaluguel.com\/blog\/wp-json\/wp\/v2\/users\/1"}],"replies":[{"embeddable":true,"href":"https:\/\/www.carroaluguel.com\/blog\/wp-json\/wp\/v2\/comments?post=4459"}],"version-history":[{"count":4,"href":"https:\/\/www.carroaluguel.com\/blog\/wp-json\/wp\/v2\/posts\/4459\/revisions"}],"predecessor-version":[{"id":11139,"href":"https:\/\/www.carroaluguel.com\/blog\/wp-json\/wp\/v2\/posts\/4459\/revisions\/11139"}],"wp:featuredmedia":[{"embeddable":true,"href":"https:\/\/www.carroaluguel.com\/blog\/wp-json\/wp\/v2\/media\/4474"}],"wp:attachment":[{"href":"https:\/\/www.carroaluguel.com\/blog\/wp-json\/wp\/v2\/media?parent=4459"}],"wp:term":[{"taxonomy":"category","embeddable":true,"href":"https:\/\/www.carroaluguel.com\/blog\/wp-json\/wp\/v2\/categories?post=4459"},{"taxonomy":"post_tag","embeddable":true,"href":"https:\/\/www.carroaluguel.com\/blog\/wp-json\/wp\/v2\/tags?post=4459"}],"curies":[{"name":"wp","href":"https:\/\/api.w.org\/{rel}","templated":true}]}}