{"id":5098,"date":"2016-09-13T17:26:52","date_gmt":"2016-09-13T17:26:52","guid":{"rendered":"https:\/\/www.carroaluguel.com\/blog\/?p=5098"},"modified":"2025-07-30T14:38:57","modified_gmt":"2025-07-30T14:38:57","slug":"turismo-no-rio-sao-francisco","status":"publish","type":"post","link":"https:\/\/www.carroaluguel.com\/blog\/turismo-no-rio-sao-francisco\/","title":{"rendered":"Turismo no Rio S\u00e3o Francisco: viaje pelas \u00e1guas do &#8220;Velho Chico&#8221;"},"content":{"rendered":"<p><span data-contrast=\"none\">O Rio S\u00e3o Francisco<\/span>\u00a0<span data-contrast=\"none\">\u00e9 <\/span><span data-contrast=\"none\">uma das riquezas naturais mais importantes do pa\u00eds<\/span><span data-contrast=\"none\">.<\/span> <span data-contrast=\"none\">Ele <\/span><span data-contrast=\"none\">re\u00fane<\/span><span data-contrast=\"none\">,<\/span><span data-contrast=\"none\"> em toda sua extens\u00e3o<\/span><span data-contrast=\"none\">,<\/span><span data-contrast=\"none\"> um conjunto inigual\u00e1vel de belezas <\/span><span data-contrast=\"none\">e curiosidades<\/span><span data-contrast=\"none\">. Paisagens exuberantes e diversidade cultural se estendem nos mais de 2800 quil\u00f4metros que formam o seu curso, desde sua nascente em S\u00e3o Roque de Minas at\u00e9 sua foz, em Pia\u00e7abu\u00e7u, no Alagoas. Com tanto para desbravar, o turismo no Rio S\u00e3o Francisco \u00e9 obrigat\u00f3rio para os amantes de viagens, natureza e, claro, do Brasil.<\/span><span data-ccp-props=\"{&quot;134233117&quot;:false,&quot;134233118&quot;:false,&quot;201341983&quot;:0,&quot;335551550&quot;:6,&quot;335551620&quot;:6,&quot;335559738&quot;:0,&quot;335559739&quot;:300,&quot;335559740&quot;:259}\">\u00a0<\/span><\/p>\n<p><span data-contrast=\"none\">As cidades que est\u00e3o no leito do rio t\u00eam um potencial tur\u00edstico muito grande devido \u00e0 riqueza cultural acumulada desde os tempos coloniais. Al\u00e9m disso, \u00f3timas surpresas s\u00e3o encontradas pelo caminho daqueles que decidem explorar as suas paisagens.<\/span><span data-ccp-props=\"{&quot;134233117&quot;:false,&quot;134233118&quot;:false,&quot;201341983&quot;:0,&quot;335551550&quot;:6,&quot;335551620&quot;:6,&quot;335559738&quot;:0,&quot;335559739&quot;:300,&quot;335559740&quot;:259}\">\u00a0<\/span><\/p>\n<p><span data-contrast=\"none\">Para <\/span><span data-contrast=\"none\">te<\/span>\u00a0<span data-contrast=\"none\">ajudar<\/span><span data-contrast=\"none\"> a viver uma experi\u00eancia \u00fanica <\/span><span data-contrast=\"none\">no trajeto<\/span>\u00a0<span data-contrast=\"none\">pelo S\u00e3o Francisco, <\/span><span data-contrast=\"none\">elaboramos um guia tur\u00edstico com dicas de hospedagens, passeios e lugares <\/span><span data-contrast=\"none\">a<\/span><span data-contrast=\"none\">\u00a0serem visitados. Coloque o cinto e venha conosco!<\/span><span data-ccp-props=\"{&quot;134233117&quot;:false,&quot;134233118&quot;:false,&quot;201341983&quot;:0,&quot;335551550&quot;:6,&quot;335551620&quot;:6,&quot;335559738&quot;:0,&quot;335559739&quot;:300,&quot;335559740&quot;:259}\">\u00a0<\/span><\/p>\n<h2><span class=\"TextRun SCXW112984138 BCX0\" lang=\"PT-PT\" xml:lang=\"PT-PT\" data-contrast=\"none\"><span class=\"NormalTextRun SCXW112984138 BCX0\" data-ccp-parastyle=\"heading 2\">Conhe\u00e7a a hist\u00f3ria do Rio S\u00e3o Francisco<\/span><\/span><\/h2>\n<p><span data-contrast=\"none\">O \u201cVelho Chico\u201d<\/span><span data-contrast=\"none\">,<\/span><span data-contrast=\"none\"> como \u00e9 carinhosamente chamado<\/span><span data-contrast=\"none\">,<\/span><span data-contrast=\"none\"> j\u00e1 fez parte de muitos relatos<\/span><span data-contrast=\"none\">, sejam eles<\/span><span data-contrast=\"none\"> liter\u00e1rios, <\/span><span data-contrast=\"none\">causos, eventos hist\u00f3ricos,<\/span><span data-contrast=\"none\"> ganhando vida e forma como se fosse um personagem. <\/span><span data-contrast=\"none\">Outros dois t\u00edtulos tamb\u00e9m s\u00e3o atribu\u00eddos a ele: \u201cNilo brasileiro\u201d e \u201cRio da Integra\u00e7\u00e3o Nacional\u201d.<\/span><span data-ccp-props=\"{&quot;134233117&quot;:false,&quot;134233118&quot;:false,&quot;201341983&quot;:0,&quot;335551550&quot;:6,&quot;335551620&quot;:6,&quot;335559738&quot;:0,&quot;335559739&quot;:300,&quot;335559740&quot;:259}\">\u00a0<\/span><\/p>\n<p><span data-contrast=\"none\">O rio foi descoberto pelo navegador Am\u00e9rico Vesp\u00facio, quando ele navegou pela sua foz em 1501. O nome foi escolhido como uma homenagem a S\u00e3o Francisco de Assis.<\/span><span data-ccp-props=\"{&quot;134233117&quot;:false,&quot;134233118&quot;:false,&quot;201341983&quot;:0,&quot;335551550&quot;:6,&quot;335551620&quot;:6,&quot;335559738&quot;:0,&quot;335559739&quot;:300,&quot;335559740&quot;:259}\">\u00a0<\/span><\/p>\n<p><span data-contrast=\"none\">Por\u00e9m, antes da chegada dos portugueses, a foz e diversos outros trechos j\u00e1 eram habitados por tribos ind\u00edgenas. Com o processo de coloniza\u00e7\u00e3o, aos poucos, o Velho Chico foi sendo desbravado pelos habitantes da col\u00f4nia, que nem sempre conseguiam se estabelecer nas suas margens, devido \u00e0 resist\u00eancia dos \u00edndios.<\/span><span data-ccp-props=\"{&quot;134233117&quot;:false,&quot;134233118&quot;:false,&quot;201341983&quot;:0,&quot;335551550&quot;:6,&quot;335551620&quot;:6,&quot;335559738&quot;:0,&quot;335559739&quot;:300,&quot;335559740&quot;:259}\">\u00a0<\/span><\/p>\n<p><span data-contrast=\"none\">Foi depois dos anos de 1580 que come\u00e7aram a surgir as primeiras constru\u00e7\u00f5es e arraiais ao longo do rio, usadas como rota pelos bandeirantes para adentrarem o interior do Brasil. <\/span><span data-contrast=\"none\">Essa importante fun\u00e7\u00e3o na ocupa\u00e7\u00e3o dos territ\u00f3rios, interligando regi\u00f5es, fez com que ele recebesse <\/span><span data-contrast=\"none\">a alcunha de \u201cRio da Integra\u00e7\u00e3o Nacional\u201d.<\/span><span data-ccp-props=\"{&quot;134233117&quot;:false,&quot;134233118&quot;:false,&quot;201341983&quot;:0,&quot;335551550&quot;:6,&quot;335551620&quot;:6,&quot;335559738&quot;:0,&quot;335559739&quot;:300,&quot;335559740&quot;:259}\">\u00a0<\/span><\/p>\n<p><span data-contrast=\"none\">Nos anos posteriores, foi palco de v\u00e1rias disputas que envolviam colonizadores, \u00edndios nativos e escravos fugidos. Os vest\u00edgios da presen\u00e7a desses povos podem ser vistos ao longo do seu leito. E, em cada cidadezinha, causos e hist\u00f3rias que envolvem aqueles que viveram em sua redondeza podem ser escutados.<\/span><span data-ccp-props=\"{&quot;134233117&quot;:false,&quot;134233118&quot;:false,&quot;201341983&quot;:0,&quot;335551550&quot;:6,&quot;335551620&quot;:6,&quot;335559738&quot;:0,&quot;335559739&quot;:300,&quot;335559740&quot;:259}\">\u00a0<\/span><\/p>\n<p><span data-contrast=\"none\">O rio \u00e9 um dos mais importantes da Am\u00e9rica do Sul e passa por mais de 500 cidades ao longo de 5 estados brasileiros: Minas Gerais, Bahia, Pernambuco, Sergipe e Alagoas.<\/span><span data-ccp-props=\"{&quot;134233117&quot;:false,&quot;134233118&quot;:false,&quot;201341983&quot;:0,&quot;335551550&quot;:6,&quot;335551620&quot;:6,&quot;335559738&quot;:0,&quot;335559739&quot;:300,&quot;335559740&quot;:259}\">\u00a0<\/span><\/p>\n<p><span data-contrast=\"none\">Atualmente, o rio desempenha um papel socioecon\u00f4mico important\u00edssimo para os munic\u00edpios que cresceram ao seu redor, pois \u00e9 fonte de turismo, irriga\u00e7\u00e3o, transporte e gera\u00e7\u00e3o de renda.<\/span><span data-ccp-props=\"{&quot;134233117&quot;:false,&quot;134233118&quot;:false,&quot;201341983&quot;:0,&quot;335551550&quot;:6,&quot;335551620&quot;:6,&quot;335559738&quot;:0,&quot;335559739&quot;:300,&quot;335559740&quot;:259}\">\u00a0<\/span><\/p>\n<p><span data-contrast=\"none\">Nas suas \u00e1guas vivem in\u00fameras esp\u00e9cies de peixes, que garantem o sustento de algumas fam\u00edlias e<\/span><span data-contrast=\"none\">\u00a0s\u00e3o deliciosamente preparados para os turistas.<\/span><span data-ccp-props=\"{&quot;134233117&quot;:false,&quot;134233118&quot;:false,&quot;201341983&quot;:0,&quot;335551550&quot;:6,&quot;335551620&quot;:6,&quot;335559738&quot;:0,&quot;335559739&quot;:300,&quot;335559740&quot;:259}\">\u00a0<\/span><\/p>\n<h2><span class=\"TextRun SCXW211950819 BCX0\" lang=\"PT-PT\" xml:lang=\"PT-PT\" data-contrast=\"none\"><span class=\"NormalTextRun SCXW211950819 BCX0\" data-ccp-parastyle=\"heading 2\">Saiba a melhor \u00e9poca para o turismo no Rio S\u00e3o Francisco<\/span><\/span><\/h2>\n<div id=\"attachment_10792\" style=\"width: 1210px\" class=\"wp-caption aligncenter\"><img decoding=\"async\" aria-describedby=\"caption-attachment-10792\" class=\"lazyload wp-image-10792 size-full\" src=\"https:\/\/www.carroaluguel.com\/blog\/wp-content\/uploads\/2023\/12\/saiba-a-melhor-epoca-656f5bb002cc0.webp\" data-orig-src=\"https:\/\/www.carroaluguel.com\/blog\/wp-content\/uploads\/2023\/12\/saiba-a-melhor-epoca-656f5bb002cc0.webp\" alt=\"Casal em ladeira de cidade tur\u00edstica do Rio S\u00e3o Francisco. Tanto o rapaz quanto a mo\u00e7a portam, cada qual, uma bolsa. Ele segura uma m\u00e1quina fotogr\u00e1fica preparando um clique.\" width=\"1200\" height=\"900\" srcset=\"data:image\/svg+xml,%3Csvg%20xmlns%3D%27http%3A%2F%2Fwww.w3.org%2F2000%2Fsvg%27%20width%3D%271200%27%20height%3D%27900%27%20viewBox%3D%270%200%201200%20900%27%3E%3Crect%20width%3D%271200%27%20height%3D%27900%27%20fill-opacity%3D%220%22%2F%3E%3C%2Fsvg%3E\" data-srcset=\"https:\/\/www.carroaluguel.com\/blog\/wp-content\/uploads\/2023\/12\/saiba-a-melhor-epoca-656f5bb002cc0-200x150.webp 200w, https:\/\/www.carroaluguel.com\/blog\/wp-content\/uploads\/2023\/12\/saiba-a-melhor-epoca-656f5bb002cc0-300x225.webp 300w, https:\/\/www.carroaluguel.com\/blog\/wp-content\/uploads\/2023\/12\/saiba-a-melhor-epoca-656f5bb002cc0-400x300.webp 400w, https:\/\/www.carroaluguel.com\/blog\/wp-content\/uploads\/2023\/12\/saiba-a-melhor-epoca-656f5bb002cc0-600x450.webp 600w, https:\/\/www.carroaluguel.com\/blog\/wp-content\/uploads\/2023\/12\/saiba-a-melhor-epoca-656f5bb002cc0-768x576.webp 768w, https:\/\/www.carroaluguel.com\/blog\/wp-content\/uploads\/2023\/12\/saiba-a-melhor-epoca-656f5bb002cc0-800x600.webp 800w, https:\/\/www.carroaluguel.com\/blog\/wp-content\/uploads\/2023\/12\/saiba-a-melhor-epoca-656f5bb002cc0-1024x768.webp 1024w, https:\/\/www.carroaluguel.com\/blog\/wp-content\/uploads\/2023\/12\/saiba-a-melhor-epoca-656f5bb002cc0.webp 1200w\" data-sizes=\"auto\" data-orig-sizes=\"(max-width: 1200px) 100vw, 1200px\" \/><p id=\"caption-attachment-10792\" class=\"wp-caption-text\">Melhores esta\u00e7\u00f5es para turistar pelo Velho Chico<\/p><\/div>\n<p><span data-contrast=\"none\">Em seu percurso, o rio atravessa regi\u00f5es de climas, relevos e vegeta\u00e7\u00f5es diferentes, como a Mata Atl\u00e2ntica, a Caatinga e o Cerrado, proporcionando experi\u00eancias \u00fanicas em cada pedacinho do trajeto.<\/span><span data-ccp-props=\"{&quot;134233117&quot;:false,&quot;134233118&quot;:false,&quot;201341983&quot;:0,&quot;335551550&quot;:6,&quot;335551620&quot;:6,&quot;335559738&quot;:0,&quot;335559739&quot;:300,&quot;335559740&quot;:259}\">\u00a0<\/span><\/p>\n<p><span data-contrast=\"none\">Grande parte dele fica em um territ\u00f3rio semi\u00e1rido do sert\u00e3o nordestino, que tem temperaturas elevadas durante o ver\u00e3o. Por isso, a melhor op\u00e7\u00e3o \u00e9 fazer a viagem durante o outono e o inverno para n\u00e3o se preocupar com o calor, tendo<\/span><span data-contrast=\"none\"> as temperaturas mais amenas e o \u00edndice de chuvas menos abundante. Contudo, ter por perto um bom protetor solar e repelentes \u00e9 sempre convidativo, mesmo durante as esta\u00e7\u00f5es mais frias.<\/span><span data-ccp-props=\"{&quot;134233117&quot;:false,&quot;134233118&quot;:false,&quot;201341983&quot;:0,&quot;335551550&quot;:6,&quot;335551620&quot;:6,&quot;335559738&quot;:0,&quot;335559739&quot;:300,&quot;335559740&quot;:259}\">\u00a0<\/span><\/p>\n<h2><span class=\"TextRun SCXW53370576 BCX0\" lang=\"PT-PT\" xml:lang=\"PT-PT\" data-contrast=\"none\"><span class=\"NormalTextRun SCXW53370576 BCX0\" data-ccp-parastyle=\"heading 2\">Descubra as atra\u00e7\u00f5es tur\u00edsticas do \u201cVelho Chico\u201d<\/span><\/span><\/h2>\n<p><span data-contrast=\"none\">Quem se aventurar pelo leito do S\u00e3o Francisco pode ter certeza <\/span><span data-contrast=\"none\">de<\/span><span data-contrast=\"none\"> que novidades n\u00e3o faltar\u00e3o. As belezas naturais do rio<\/span>\u00a0<span data-contrast=\"none\">com suas <\/span><span data-contrast=\"none\">das<\/span><span data-contrast=\"none\"> corredeiras, cachoeiras<\/span><span data-contrast=\"none\">, al\u00e9m<\/span> <span data-contrast=\"none\">e<\/span><span data-contrast=\"none\"> dos grandes pared\u00f5es de pedra<\/span><span data-contrast=\"none\">, tudo<\/span><span data-contrast=\"none\"> se mistura<\/span>\u00a0<span data-contrast=\"none\">a<\/span> <span data-contrast=\"none\">\u00e0<\/span><span data-contrast=\"none\"> fauna e flora local<\/span><span data-contrast=\"none\">,<\/span>\u00a0<span data-contrast=\"none\">encantando <\/span><span data-contrast=\"none\">os visitantes.<\/span><span data-ccp-props=\"{&quot;134233117&quot;:false,&quot;134233118&quot;:false,&quot;201341983&quot;:0,&quot;335551550&quot;:6,&quot;335551620&quot;:6,&quot;335559738&quot;:0,&quot;335559739&quot;:300,&quot;335559740&quot;:259}\">\u00a0<\/span><\/p>\n<p><span data-contrast=\"none\">Al\u00e9m do ecoturismo, as cidadezinhas e povoados s\u00e3o tipicamente tradicionais,<\/span><span data-contrast=\"none\">\u00a0o que melhora o contato do visitante com a realidade local.<\/span><span data-ccp-props=\"{&quot;134233117&quot;:false,&quot;134233118&quot;:false,&quot;201341983&quot;:0,&quot;335551550&quot;:6,&quot;335551620&quot;:6,&quot;335559738&quot;:0,&quot;335559739&quot;:300,&quot;335559740&quot;:259}\">\u00a0<\/span><\/p>\n<p><span data-contrast=\"none\">O artesanato e a culin\u00e1ria fascinam quem est\u00e1 \u00e0 procura de uma experi\u00eancia de interc\u00e2mbio cultural dentro do pr\u00f3prio pa\u00eds.\u00a0<\/span><span data-ccp-props=\"{&quot;134233117&quot;:false,&quot;134233118&quot;:false,&quot;201341983&quot;:0,&quot;335551550&quot;:6,&quot;335551620&quot;:6,&quot;335559738&quot;:0,&quot;335559739&quot;:300,&quot;335559740&quot;:259}\">\u00a0<\/span><\/p>\n<p><span data-contrast=\"none\">Sabores diversos podem ser encontrados durante a viagem. Na regi\u00e3o do Alto S\u00e3o Francisco, por exemplo, pratos \u00e0 base de frango, peixes e tamb\u00e9m frutos do cerrado intercalam aromas e sabores \u00fanicos. O \u201cFrango Caipira com Farinha de Mandioca \u00e0 mineira\u201d \u00e9 parte da culin\u00e1ria t\u00edpica e tem todo um diferencial no preparo da carne e caldo. Os peixes de \u00e1gua doce do Vale do S\u00e3o Francisco resultam em receitas tradicionais e saborosas, entregando ao turista o que h\u00e1 de melhor da culin\u00e1ria local. O Cari e o Surubim s\u00e3o t\u00edpicos em pratos encontrados no extremo norte da Bahia. A \u201cPeixada Pernambucana\u201d, por exemplo, \u00e9 uma \u00f3tima op\u00e7\u00e3o e pode ser feita tanto com cavala ou pescada branca. E para quem gosta ou deseja saber mais sobre a pimenta rosa (fruto da aroeira) saiba que ela \u00e9 a base para a culin\u00e1ria nobre da regi\u00e3o do Baixo S\u00e3o Francisco. Diante dessa riqueza de sabores e aromas, h\u00e1 como optar por outras receitas, como a carne de sol, de bode e de carneiro, todas elas encontradas com fartura em algumas regi\u00f5es, como na cidade de Juazeiro (BA).<\/span><span data-ccp-props=\"{&quot;134233117&quot;:false,&quot;134233118&quot;:false,&quot;201341983&quot;:0,&quot;335551550&quot;:6,&quot;335551620&quot;:6,&quot;335559738&quot;:0,&quot;335559739&quot;:300,&quot;335559740&quot;:259}\">\u00a0<\/span><\/p>\n<p><span data-contrast=\"none\">Quanto ao artesanato, h\u00e1 como afirmar que a rota do S\u00e3o Francisco \u00e9 um ber\u00e7o cultural. S\u00e3o lembrancinhas que cabem facilmente na mala, dentre outros produtos exclusivos, todos feitos \u00e0 m\u00e3o por pessoas que imprimem em cada pe\u00e7a suas mem\u00f3rias, viv\u00eancias, talento e voca\u00e7\u00e3o para a arte. Pe\u00e7as em cer\u00e2micas, madeira, couro, bordados e pinturas, tudo isso e muito mais \u00e9 poss\u00edvel encontrar na regi\u00e3o.<\/span><span data-ccp-props=\"{&quot;134233117&quot;:false,&quot;134233118&quot;:false,&quot;201341983&quot;:0,&quot;335551550&quot;:6,&quot;335551620&quot;:6,&quot;335559738&quot;:0,&quot;335559739&quot;:300,&quot;335559740&quot;:259}\">\u00a0<\/span><\/p>\n<p><span data-contrast=\"none\">Deseja conhecer mais sobre os lugares e paisagens que formam o panorama e horizonte do Rio S\u00e3o Francisco? <\/span><span data-contrast=\"none\">Confira algumas das atra\u00e7\u00f5es principais!<\/span><span data-ccp-props=\"{&quot;134233117&quot;:false,&quot;134233118&quot;:false,&quot;201341983&quot;:0,&quot;335551550&quot;:6,&quot;335551620&quot;:6,&quot;335559738&quot;:0,&quot;335559739&quot;:300,&quot;335559740&quot;:259}\">\u00a0<\/span><\/p>\n<h3><span class=\"TextRun SCXW137394418 BCX0\" lang=\"PT-PT\" xml:lang=\"PT-PT\" data-contrast=\"none\"><span class=\"NormalTextRun SCXW137394418 BCX0\" data-ccp-parastyle=\"heading 3\">Parque Nacional da Serra da Canastra (Minas Gerais)<\/span><\/span><\/h3>\n<div id=\"attachment_10794\" style=\"width: 1210px\" class=\"wp-caption aligncenter\"><img decoding=\"async\" aria-describedby=\"caption-attachment-10794\" class=\"lazyload wp-image-10794 size-full\" src=\"https:\/\/www.carroaluguel.com\/blog\/wp-content\/uploads\/2023\/12\/serra-da-canastra-656f5bb2296af.webp\" data-orig-src=\"https:\/\/www.carroaluguel.com\/blog\/wp-content\/uploads\/2023\/12\/serra-da-canastra-656f5bb2296af.webp\" alt=\"Gigantesca montanha com cachoeira formando um pared\u00e3o na Serra da Canastra. A plan\u00edcie \u00e9 composta por pequenos elevados, e toda a imensid\u00e3o \u00e9 coberta por ampla vegeta\u00e7\u00e3o, contrastando com o c\u00e9u azul e poucas nuvens.\" width=\"1200\" height=\"900\" srcset=\"data:image\/svg+xml,%3Csvg%20xmlns%3D%27http%3A%2F%2Fwww.w3.org%2F2000%2Fsvg%27%20width%3D%271200%27%20height%3D%27900%27%20viewBox%3D%270%200%201200%20900%27%3E%3Crect%20width%3D%271200%27%20height%3D%27900%27%20fill-opacity%3D%220%22%2F%3E%3C%2Fsvg%3E\" data-srcset=\"https:\/\/www.carroaluguel.com\/blog\/wp-content\/uploads\/2023\/12\/serra-da-canastra-656f5bb2296af-200x150.webp 200w, https:\/\/www.carroaluguel.com\/blog\/wp-content\/uploads\/2023\/12\/serra-da-canastra-656f5bb2296af-300x225.webp 300w, https:\/\/www.carroaluguel.com\/blog\/wp-content\/uploads\/2023\/12\/serra-da-canastra-656f5bb2296af-400x300.webp 400w, https:\/\/www.carroaluguel.com\/blog\/wp-content\/uploads\/2023\/12\/serra-da-canastra-656f5bb2296af-600x450.webp 600w, https:\/\/www.carroaluguel.com\/blog\/wp-content\/uploads\/2023\/12\/serra-da-canastra-656f5bb2296af-768x576.webp 768w, https:\/\/www.carroaluguel.com\/blog\/wp-content\/uploads\/2023\/12\/serra-da-canastra-656f5bb2296af-800x600.webp 800w, https:\/\/www.carroaluguel.com\/blog\/wp-content\/uploads\/2023\/12\/serra-da-canastra-656f5bb2296af-1024x768.webp 1024w, https:\/\/www.carroaluguel.com\/blog\/wp-content\/uploads\/2023\/12\/serra-da-canastra-656f5bb2296af.webp 1200w\" data-sizes=\"auto\" data-orig-sizes=\"(max-width: 1200px) 100vw, 1200px\" \/><p id=\"caption-attachment-10794\" class=\"wp-caption-text\">Serra da Canastra<\/p><\/div>\n<p><span data-contrast=\"none\">A primeira atra\u00e7\u00e3o tur\u00edstica \u00e9 a nascente do rio, que fica a mais de 1.200 metros do n\u00edvel do mar, na Serra da Canastra, situada no munic\u00edpio de S\u00e3o Roque, em Minas Gerais. A regi\u00e3o \u00e9 bastante preservada e do alto dos pared\u00f5es da serra, os visitantes podem desfrutar de uma vista panor\u00e2mica incr\u00edvel do rio e das suas margens.<\/span><span data-ccp-props=\"{&quot;134233117&quot;:false,&quot;134233118&quot;:false,&quot;201341983&quot;:0,&quot;335551550&quot;:6,&quot;335551620&quot;:6,&quot;335559738&quot;:0,&quot;335559739&quot;:300,&quot;335559740&quot;:259}\">\u00a0<\/span><\/p>\n<p><span data-contrast=\"none\">Uma parada obrigat\u00f3ria \u00e9 na cachoeira Casca D\u2019Anta, a primeira queda d\u2019\u00e1gua do S\u00e3o Francisco de 186 metros de altura <\/span><span data-contrast=\"none\">rodeada por pared\u00f5es e pelo verde abundante da serra<\/span><span data-contrast=\"none\">. O po\u00e7o formado pela queda \u00e9 ideal para um bom banho<\/span><span data-contrast=\"none\">. Possui f\u00e1cil acesso e \u00e9 uma cachoeira que pode ser apreciada tanto do topo, quanto na parte de baixo.<\/span><span data-ccp-props=\"{&quot;134233117&quot;:false,&quot;134233118&quot;:false,&quot;201341983&quot;:0,&quot;335551550&quot;:6,&quot;335551620&quot;:6,&quot;335559738&quot;:0,&quot;335559739&quot;:300,&quot;335559740&quot;:259}\">\u00a0<\/span><\/p>\n<h3><span class=\"TextRun SCXW213832429 BCX0\" lang=\"PT-PT\" xml:lang=\"PT-PT\" data-contrast=\"none\"><span class=\"NormalTextRun SCXW213832429 BCX0\" data-ccp-parastyle=\"heading 3\">Bom Jesus da Lapa (Bahia)<\/span><\/span><\/h3>\n<div id=\"attachment_10772\" style=\"width: 1210px\" class=\"wp-caption aligncenter\"><img decoding=\"async\" aria-describedby=\"caption-attachment-10772\" class=\"lazyload wp-image-10772 size-full\" src=\"https:\/\/www.carroaluguel.com\/blog\/wp-content\/uploads\/2023\/12\/bom-jesus-da-lapa-656f5bb4b2286.webp\" data-orig-src=\"https:\/\/www.carroaluguel.com\/blog\/wp-content\/uploads\/2023\/12\/bom-jesus-da-lapa-656f5bb4b2286.webp\" alt=\"Pessoas circulam por \u00e1rea bastante movimentada na cidade de Bom Jesus da Lapa. Em meio \u00e0 multid\u00e3o, h\u00e1 tendas espalhadas. Destaque para a torre do santu\u00e1rio situada bem ao lado de um pared\u00e3o natural com vegeta\u00e7\u00e3o variada. O c\u00e9u encontra-se azul e com poucas nuvens.\" width=\"1200\" height=\"900\" srcset=\"data:image\/svg+xml,%3Csvg%20xmlns%3D%27http%3A%2F%2Fwww.w3.org%2F2000%2Fsvg%27%20width%3D%271200%27%20height%3D%27900%27%20viewBox%3D%270%200%201200%20900%27%3E%3Crect%20width%3D%271200%27%20height%3D%27900%27%20fill-opacity%3D%220%22%2F%3E%3C%2Fsvg%3E\" data-srcset=\"https:\/\/www.carroaluguel.com\/blog\/wp-content\/uploads\/2023\/12\/bom-jesus-da-lapa-656f5bb4b2286-200x150.webp 200w, https:\/\/www.carroaluguel.com\/blog\/wp-content\/uploads\/2023\/12\/bom-jesus-da-lapa-656f5bb4b2286-300x225.webp 300w, https:\/\/www.carroaluguel.com\/blog\/wp-content\/uploads\/2023\/12\/bom-jesus-da-lapa-656f5bb4b2286-400x300.webp 400w, https:\/\/www.carroaluguel.com\/blog\/wp-content\/uploads\/2023\/12\/bom-jesus-da-lapa-656f5bb4b2286-600x450.webp 600w, https:\/\/www.carroaluguel.com\/blog\/wp-content\/uploads\/2023\/12\/bom-jesus-da-lapa-656f5bb4b2286-768x576.webp 768w, https:\/\/www.carroaluguel.com\/blog\/wp-content\/uploads\/2023\/12\/bom-jesus-da-lapa-656f5bb4b2286-800x600.webp 800w, https:\/\/www.carroaluguel.com\/blog\/wp-content\/uploads\/2023\/12\/bom-jesus-da-lapa-656f5bb4b2286-1024x768.webp 1024w, https:\/\/www.carroaluguel.com\/blog\/wp-content\/uploads\/2023\/12\/bom-jesus-da-lapa-656f5bb4b2286.webp 1200w\" data-sizes=\"auto\" data-orig-sizes=\"(max-width: 1200px) 100vw, 1200px\" \/><p id=\"caption-attachment-10772\" class=\"wp-caption-text\">Bom Jesus da Lapa<\/p><\/div>\n<p><span data-contrast=\"none\">O munic\u00edpio do interior da Bahia, conhecido como a \u201cCapital baiana da f\u00e9\u201d \u00e9 ber\u00e7o de diversas manifesta\u00e7\u00f5es folcl\u00f3ricas e culturais, t\u00edpicas do Nordeste. A cidade,<\/span><span data-contrast=\"none\"> quase toda plana, tem numa das margens do rio S\u00e3o Francisco o famoso morro da Lapa. \u00c9 uma forma\u00e7\u00e3o de bloco de granito e calc\u00e1rio que traz um tom peculiar ao cen\u00e1rio. Dentro, h\u00e1 15 grutas, al\u00e9m de fendas estreitas.<\/span><span data-ccp-props=\"{&quot;201341983&quot;:0,&quot;335559739&quot;:160,&quot;335559740&quot;:259}\">\u00a0<\/span><\/p>\n<p><span data-contrast=\"none\">A cidade<\/span><span data-contrast=\"none\"> \u00e9 bastante procurada por peregrinos, principalmente no dia 6 de agosto, durante a festa do Bom Jesus. O santu\u00e1rio<\/span><span data-contrast=\"none\">\u00a0fica dentro de<\/span><span data-contrast=\"none\">sse<\/span>\u00a0<span data-contrast=\"none\">complexo de grutas decoradas com artigos religiosos.<\/span><span data-ccp-props=\"{&quot;201341983&quot;:0,&quot;335559739&quot;:160,&quot;335559740&quot;:259}\">\u00a0<\/span><\/p>\n<p><span data-contrast=\"none\">Tendo o pr\u00f3prio rio S\u00e3o Francisco como principal curso de \u00e1gua, outros dois rios (Corrente e das R\u00e3s) seguem como afluentes diretos. Portanto, h\u00e1 muito o que se explorar ao visitar o aconchegante munic\u00edpio.\u00a0<\/span><span data-ccp-props=\"{&quot;201341983&quot;:0,&quot;335559739&quot;:160,&quot;335559740&quot;:259}\">\u00a0<\/span><\/p>\n<h3><span class=\"TextRun SCXW188378986 BCX0\" lang=\"PT-PT\" xml:lang=\"PT-PT\" data-contrast=\"none\"><span class=\"NormalTextRun SCXW188378986 BCX0\" data-ccp-parastyle=\"heading 3\">Vale do Rio Corrente (Bahia)<\/span><\/span><\/h3>\n<p><span data-contrast=\"none\">O territ\u00f3rio da Bacia do Rio Corrente \u00e9 formado por 11 munic\u00edpios e est\u00e1 inserido no bioma do cerrado. \u00c9 um territ\u00f3rio rico em natureza e manifesta\u00e7\u00f5es culturais.<\/span><span data-ccp-props=\"{&quot;134233117&quot;:false,&quot;134233118&quot;:false,&quot;201341983&quot;:0,&quot;335551550&quot;:6,&quot;335551620&quot;:6,&quot;335559738&quot;:0,&quot;335559739&quot;:300,&quot;335559740&quot;:259}\">\u00a0<\/span><\/p>\n<p><span data-contrast=\"none\">Contratar um servi\u00e7o de barco para passear pelo S\u00e3o Francisco e seu afluente rio Corrente pode ser uma boa pedida. O trajeto naveg\u00e1vel, que liga as cidades baianas Santa Maria da Vit\u00f3ria a Bom Jesus da Lapa (e vice-versa), dura quase o dia todo e no percurso voc\u00ea se surpreender\u00e1 com as paisagens ribeirinhas.<\/span><span data-ccp-props=\"{&quot;134233117&quot;:false,&quot;134233118&quot;:false,&quot;201341983&quot;:0,&quot;335551550&quot;:6,&quot;335551620&quot;:6,&quot;335559738&quot;:0,&quot;335559739&quot;:300,&quot;335559740&quot;:259}\">\u00a0<\/span><\/p>\n<p><span data-contrast=\"none\">Ao chegar a Santa Maria, caminhe pelas ruas tranquilas da cidade interiorana que tem arquitetura t\u00edpica do final do s\u00e9culo XIX. Ao lado, no munic\u00edpio de S\u00e3o F\u00e9lix do Coribe, voc\u00ea encontrar\u00e1 um artesanato regional maravilhoso feito com palha de milho.<\/span><span data-ccp-props=\"{&quot;134233117&quot;:false,&quot;134233118&quot;:false,&quot;201341983&quot;:0,&quot;335551550&quot;:6,&quot;335551620&quot;:6,&quot;335559738&quot;:0,&quot;335559739&quot;:300,&quot;335559740&quot;:259}\">\u00a0<\/span><\/p>\n<p><span data-contrast=\"none\">Bem pr\u00f3ximo, voc\u00ea tamb\u00e9m chega na Pedreira do Cantagalo e \u00e0 Gruta do Padre, que abriga um s\u00edtio arqueol\u00f3gico onde foram encontradas pinturas rupestres.<\/span><span data-ccp-props=\"{&quot;134233117&quot;:false,&quot;134233118&quot;:false,&quot;201341983&quot;:0,&quot;335551550&quot;:6,&quot;335551620&quot;:6,&quot;335559738&quot;:0,&quot;335559739&quot;:300,&quot;335559740&quot;:259}\">\u00a0<\/span><\/p>\n<p><span data-contrast=\"none\">Para quem procura por ecoturismo ou esportes radicais conhe\u00e7a as corredeiras do Jaborandi e as trilhas feitas na regi\u00e3o.<\/span><span data-ccp-props=\"{&quot;134233117&quot;:false,&quot;134233118&quot;:false,&quot;201341983&quot;:0,&quot;335551550&quot;:6,&quot;335551620&quot;:6,&quot;335559738&quot;:0,&quot;335559739&quot;:300,&quot;335559740&quot;:259}\">\u00a0<\/span><\/p>\n<p><span data-contrast=\"none\">Vale lembrar que todo o territ\u00f3rio \u00e9 parte da conhecida Rota Tur\u00edstica Caminhos do Oeste. Portanto, al\u00e9m de um cen\u00e1rio deslumbrante com grutas e cachoeiras, \u00e9 poss\u00edvel apreciar o artesanato e gastronomia locais, surpreendendo-se com o que h\u00e1 de melhor nessa regi\u00e3o do cerrado.<\/span><span data-ccp-props=\"{&quot;134233117&quot;:false,&quot;134233118&quot;:false,&quot;201341983&quot;:0,&quot;335551550&quot;:6,&quot;335551620&quot;:6,&quot;335559738&quot;:0,&quot;335559739&quot;:300,&quot;335559740&quot;:259}\">\u00a0<\/span><\/p>\n<h3><span class=\"TextRun SCXW254762766 BCX0\" lang=\"PT-PT\" xml:lang=\"PT-PT\" data-contrast=\"none\"><span class=\"NormalTextRun SCXW254762766 BCX0\" data-ccp-parastyle=\"heading 3\">Barreiras (Bahia)<\/span><\/span><\/h3>\n<div id=\"attachment_10771\" style=\"width: 1210px\" class=\"wp-caption aligncenter\"><img decoding=\"async\" aria-describedby=\"caption-attachment-10771\" class=\"lazyload wp-image-10771 size-full\" src=\"https:\/\/www.carroaluguel.com\/blog\/wp-content\/uploads\/2023\/12\/barreiras-656f5bb42619d.webp\" data-orig-src=\"https:\/\/www.carroaluguel.com\/blog\/wp-content\/uploads\/2023\/12\/barreiras-656f5bb42619d.webp\" alt=\"Queda d'\u00e1gua da cachoeira do Redondo, em Barreiras. Paisagem repleta de vegeta\u00e7\u00e3o e um c\u00e9u praticamente nublado.\" width=\"1200\" height=\"900\" srcset=\"data:image\/svg+xml,%3Csvg%20xmlns%3D%27http%3A%2F%2Fwww.w3.org%2F2000%2Fsvg%27%20width%3D%271200%27%20height%3D%27900%27%20viewBox%3D%270%200%201200%20900%27%3E%3Crect%20width%3D%271200%27%20height%3D%27900%27%20fill-opacity%3D%220%22%2F%3E%3C%2Fsvg%3E\" data-srcset=\"https:\/\/www.carroaluguel.com\/blog\/wp-content\/uploads\/2023\/12\/barreiras-656f5bb42619d-200x150.webp 200w, https:\/\/www.carroaluguel.com\/blog\/wp-content\/uploads\/2023\/12\/barreiras-656f5bb42619d-300x225.webp 300w, https:\/\/www.carroaluguel.com\/blog\/wp-content\/uploads\/2023\/12\/barreiras-656f5bb42619d-400x300.webp 400w, https:\/\/www.carroaluguel.com\/blog\/wp-content\/uploads\/2023\/12\/barreiras-656f5bb42619d-600x450.webp 600w, https:\/\/www.carroaluguel.com\/blog\/wp-content\/uploads\/2023\/12\/barreiras-656f5bb42619d-768x576.webp 768w, https:\/\/www.carroaluguel.com\/blog\/wp-content\/uploads\/2023\/12\/barreiras-656f5bb42619d-800x600.webp 800w, https:\/\/www.carroaluguel.com\/blog\/wp-content\/uploads\/2023\/12\/barreiras-656f5bb42619d-1024x768.webp 1024w, https:\/\/www.carroaluguel.com\/blog\/wp-content\/uploads\/2023\/12\/barreiras-656f5bb42619d.webp 1200w\" data-sizes=\"auto\" data-orig-sizes=\"(max-width: 1200px) 100vw, 1200px\" \/><p id=\"caption-attachment-10771\" class=\"wp-caption-text\">Cachoeira do Redondo, Barreiras<\/p><\/div>\n<p><span data-contrast=\"none\">Munic\u00edpio do cerrado baiano, Barreiras fica pr\u00f3xima ao Velho Chico e \u00e9 atravessada pelo seu afluente Rio Grande. A cidade abriga um complexo de cachoeiras, corredeiras, serras, pared\u00f5es e vales que oferecem diversas op\u00e7\u00f5es de lazer como canoagem, rafting e rapel.<\/span><span data-ccp-props=\"{&quot;134233117&quot;:false,&quot;134233118&quot;:false,&quot;201341983&quot;:0,&quot;335551550&quot;:6,&quot;335551620&quot;:6,&quot;335559738&quot;:0,&quot;335559739&quot;:300,&quot;335559740&quot;:259}\">\u00a0<\/span><\/p>\n<p><span data-contrast=\"none\">As cachoeiras mais famosas que valem a pena ser visitadas pela beleza de tirar o f\u00f4lego s\u00e3o a do Acaba Vida e a do Redondo. Ambas formam po\u00e7os ideais para banhos.<\/span><span data-ccp-props=\"{&quot;134233117&quot;:false,&quot;134233118&quot;:false,&quot;201341983&quot;:0,&quot;335551550&quot;:6,&quot;335551620&quot;:6,&quot;335559738&quot;:0,&quot;335559739&quot;:300,&quot;335559740&quot;:259}\">\u00a0<\/span><\/p>\n<p><span data-contrast=\"none\">Pr\u00f3ximo ao centro de Barreiras h\u00e1 o Rio de Ondas que, como o pr\u00f3prio nome sugere, a for\u00e7a das \u00e1guas forma um aglomerado de pequenas ondas. Para quem busca tranquilidade, o local \u00e9 um \u00f3timo atrativo. Mas h\u00e1 quem procura o rio para passeios de bote pelas correntezas.<\/span><span data-ccp-props=\"{&quot;134233117&quot;:false,&quot;134233118&quot;:false,&quot;201341983&quot;:0,&quot;335551550&quot;:6,&quot;335551620&quot;:6,&quot;335559738&quot;:0,&quot;335559739&quot;:300,&quot;335559740&quot;:259}\">\u00a0<\/span><\/p>\n<p><span data-contrast=\"none\">A cidade \u00e9 uma das mais influentes da regi\u00e3o e j\u00e1 era importante durante o per\u00edodo colonial, quando servia de entreposto comercial para as \u00e1reas de extra\u00e7\u00e3o de pedras preciosas em Minas.<\/span><span data-ccp-props=\"{&quot;134233117&quot;:false,&quot;134233118&quot;:false,&quot;201341983&quot;:0,&quot;335551550&quot;:6,&quot;335551620&quot;:6,&quot;335559738&quot;:0,&quot;335559739&quot;:300,&quot;335559740&quot;:259}\">\u00a0<\/span><\/p>\n<p><span data-contrast=\"none\">No in\u00edcio do s\u00e9culo passado, Barreiras recebeu uma hidrel\u00e9trica que ajudou a movimentar a economia local. No entanto, ela foi desativada anos atr\u00e1s e suas ru\u00ednas se tornaram local de visita\u00e7\u00e3o na cidade.<\/span><span data-ccp-props=\"{&quot;134233117&quot;:false,&quot;134233118&quot;:false,&quot;201341983&quot;:0,&quot;335551550&quot;:6,&quot;335551620&quot;:6,&quot;335559738&quot;:0,&quot;335559739&quot;:300,&quot;335559740&quot;:259}\">\u00a0<\/span><\/p>\n<p><span data-contrast=\"none\">Alguns pontos tur\u00edsticos s\u00e3o os pr\u00e9dios do Centro Hist\u00f3rico, como a Casa <\/span><span data-contrast=\"none\">Sertaneja<\/span> <span data-contrast=\"none\">Vermelha<\/span><span data-contrast=\"none\">, o Pa\u00e7o Municipal e a Catedral de S\u00e3o Jo\u00e3o Batista.<\/span><span data-ccp-props=\"{&quot;134233117&quot;:false,&quot;134233118&quot;:false,&quot;201341983&quot;:0,&quot;335551550&quot;:6,&quot;335551620&quot;:6,&quot;335559738&quot;:0,&quot;335559739&quot;:300,&quot;335559740&quot;:259}\">\u00a0<\/span><\/p>\n<p><span data-contrast=\"none\">No Mercado Municipal, inaugurado em 1951, al\u00e9m de produtos regionais, eventualmente ocorrem apresenta\u00e7\u00f5es culturais como exposi\u00e7\u00f5es, folia de reis e bumba-meu-boi. Al\u00e9m, \u00e9 claro, das tradicionais festas juninas nordestinas.<\/span><span data-ccp-props=\"{&quot;134233117&quot;:false,&quot;134233118&quot;:false,&quot;201341983&quot;:0,&quot;335551550&quot;:6,&quot;335551620&quot;:6,&quot;335559738&quot;:0,&quot;335559739&quot;:300,&quot;335559740&quot;:259}\">\u00a0<\/span><\/p>\n<p><span data-contrast=\"none\">A cidade conta tamb\u00e9m com o Pal\u00e1cio das Artes, que re\u00fane exposi\u00e7\u00f5es e galerias de arte, al\u00e9m de ser um ponto de informa\u00e7\u00e3o e contrata\u00e7\u00e3o de servi\u00e7os de guias tur\u00edsticos. <\/span><span data-contrast=\"none\">O pr\u00f3prio centro hist\u00f3rico do munic\u00edpio agrega uma arquitetura singular.<\/span><\/p>\n<h3><span class=\"TextRun SCXW242423979 BCX0\" lang=\"PT-PT\" xml:lang=\"PT-PT\" data-contrast=\"none\"><span class=\"NormalTextRun SCXW242423979 BCX0\" data-ccp-parastyle=\"heading 3\">S\u00e3o Desid\u00e9rio (Bahia)<\/span><\/span><\/h3>\n<div id=\"attachment_10793\" style=\"width: 1210px\" class=\"wp-caption aligncenter\"><img decoding=\"async\" aria-describedby=\"caption-attachment-10793\" class=\"lazyload wp-image-10793 size-full\" src=\"https:\/\/www.carroaluguel.com\/blog\/wp-content\/uploads\/2023\/12\/sao-desiderio-656f5bb1c5659.webp\" data-orig-src=\"https:\/\/www.carroaluguel.com\/blog\/wp-content\/uploads\/2023\/12\/sao-desiderio-656f5bb1c5659.webp\" alt=\"Orla da Barragem em S\u00e3o Desid\u00e9rio, com paredes na cor azul, gramado e vegeta\u00e7\u00e3o \u00e0s margens e \u00e1gua cristalina.\" width=\"1200\" height=\"900\" srcset=\"data:image\/svg+xml,%3Csvg%20xmlns%3D%27http%3A%2F%2Fwww.w3.org%2F2000%2Fsvg%27%20width%3D%271200%27%20height%3D%27900%27%20viewBox%3D%270%200%201200%20900%27%3E%3Crect%20width%3D%271200%27%20height%3D%27900%27%20fill-opacity%3D%220%22%2F%3E%3C%2Fsvg%3E\" data-srcset=\"https:\/\/www.carroaluguel.com\/blog\/wp-content\/uploads\/2023\/12\/sao-desiderio-656f5bb1c5659-200x150.webp 200w, https:\/\/www.carroaluguel.com\/blog\/wp-content\/uploads\/2023\/12\/sao-desiderio-656f5bb1c5659-300x225.webp 300w, https:\/\/www.carroaluguel.com\/blog\/wp-content\/uploads\/2023\/12\/sao-desiderio-656f5bb1c5659-400x300.webp 400w, https:\/\/www.carroaluguel.com\/blog\/wp-content\/uploads\/2023\/12\/sao-desiderio-656f5bb1c5659-600x450.webp 600w, https:\/\/www.carroaluguel.com\/blog\/wp-content\/uploads\/2023\/12\/sao-desiderio-656f5bb1c5659-768x576.webp 768w, https:\/\/www.carroaluguel.com\/blog\/wp-content\/uploads\/2023\/12\/sao-desiderio-656f5bb1c5659-800x600.webp 800w, https:\/\/www.carroaluguel.com\/blog\/wp-content\/uploads\/2023\/12\/sao-desiderio-656f5bb1c5659-1024x768.webp 1024w, https:\/\/www.carroaluguel.com\/blog\/wp-content\/uploads\/2023\/12\/sao-desiderio-656f5bb1c5659.webp 1200w\" data-sizes=\"auto\" data-orig-sizes=\"(max-width: 1200px) 100vw, 1200px\" \/><p id=\"caption-attachment-10793\" class=\"wp-caption-text\">Orla da Barragem, S\u00e3o Desid\u00e9rio<\/p><\/div>\n<p><span data-contrast=\"none\">Ao lado de Barreiras, est\u00e1 a cidadezinha tranquila de S\u00e3o Desid\u00e9rio, \u00f3tima para um dia de descanso. Vale a pena conferir a Festa da Pegada do Mastro, que acontece no segundo s\u00e1bado de setembro. \u00c9 uma comemora\u00e7\u00e3o ao momento em que os homens da cidade v\u00e3o \u00e0 procura de mastros para as bandeiras de santos cat\u00f3licos. A festa \u00e9 embalada por cantos t\u00edpicos e ritmo de tambores e gaitas.<\/span><span data-ccp-props=\"{&quot;201341983&quot;:0,&quot;335559739&quot;:160,&quot;335559740&quot;:259}\">\u00a0<\/span><\/p>\n<p><span data-contrast=\"none\">Em S\u00e3o Desid\u00e9rio, no interior baiano, voc\u00ea pode visitar o complexo de Grutas do Bambu\u00ed, o maior do Brasil. Dentro destas forma\u00e7\u00f5es rochosas exuberantes formaram-se lagos de \u00e1guas cristalinas perfeitas para mergulho. A dica \u00e9 visitar o Parque Municipal da Lagoa Azul, a Gruta das Pedras Brilhantes e a Gruta da Purpurina.<\/span><span data-ccp-props=\"{&quot;134233117&quot;:false,&quot;134233118&quot;:false,&quot;201341983&quot;:0,&quot;335551550&quot;:6,&quot;335551620&quot;:6,&quot;335559738&quot;:0,&quot;335559739&quot;:300,&quot;335559740&quot;:259}\">\u00a0<\/span><\/p>\n<p><span data-contrast=\"none\">Na Gruta do Buraco do Inferno da Lagoa de Cemit\u00e9rio, com sal\u00f5es gigantescos, estende-se uma lagoa que pode ser percorrida de barco. Todos esses locais est\u00e3o entre 5 e 18 quil\u00f4metros de dist\u00e2ncia de S\u00e3o Desid\u00e9rio.<\/span><span data-ccp-props=\"{&quot;134233117&quot;:false,&quot;134233118&quot;:false,&quot;201341983&quot;:0,&quot;335551550&quot;:6,&quot;335551620&quot;:6,&quot;335559738&quot;:0,&quot;335559739&quot;:300,&quot;335559740&quot;:259}\">\u00a0<\/span><\/p>\n<p><span data-contrast=\"none\">Agora, se o visitante pretende conhecer locais tur\u00edsticos dentro da cidade, uma dica \u00e9 o monumento do Cristo Redentor, de onde \u00e9 poss\u00edvel vislumbrar o munic\u00edpio de maneira privilegiada. H\u00e1 ainda a orla da barragem, ideal para pr\u00e1tica de exerc\u00edcios como a caminhada e um ponto de encontro bastante agrad\u00e1vel.<\/span><span data-ccp-props=\"{&quot;134233117&quot;:false,&quot;134233118&quot;:false,&quot;201341983&quot;:0,&quot;335551550&quot;:6,&quot;335551620&quot;:6,&quot;335559738&quot;:0,&quot;335559739&quot;:300,&quot;335559740&quot;:259}\">\u00a0<\/span><\/p>\n<h3><span class=\"TextRun SCXW2778724 BCX0\" lang=\"PT-PT\" xml:lang=\"PT-PT\" data-contrast=\"none\"><span class=\"NormalTextRun SCXW2778724 BCX0\" data-ccp-parastyle=\"heading 3\">Juazeiro (Bahia)<\/span><\/span><\/h3>\n<div id=\"attachment_10781\" style=\"width: 1210px\" class=\"wp-caption aligncenter\"><img decoding=\"async\" aria-describedby=\"caption-attachment-10781\" class=\"lazyload wp-image-10781 size-full\" src=\"https:\/\/www.carroaluguel.com\/blog\/wp-content\/uploads\/2023\/12\/juazeiro-656f5ba2c95d4.webp\" data-orig-src=\"https:\/\/www.carroaluguel.com\/blog\/wp-content\/uploads\/2023\/12\/juazeiro-656f5ba2c95d4.webp\" alt=\"Ponte Presidente Dutra, que liga Juazeiro, na Bahia, a Petrolina, em Pernambuco. Sua estrutura atravessa o Rio S\u00e3o Franscisco. Na foto, ao fundo, uma das duas cidades segue em destaque. \u00c0s margens do Velho Chico h\u00e1 embarca\u00e7\u00f5es atracadas.\" width=\"1200\" height=\"900\" srcset=\"data:image\/svg+xml,%3Csvg%20xmlns%3D%27http%3A%2F%2Fwww.w3.org%2F2000%2Fsvg%27%20width%3D%271200%27%20height%3D%27900%27%20viewBox%3D%270%200%201200%20900%27%3E%3Crect%20width%3D%271200%27%20height%3D%27900%27%20fill-opacity%3D%220%22%2F%3E%3C%2Fsvg%3E\" data-srcset=\"https:\/\/www.carroaluguel.com\/blog\/wp-content\/uploads\/2023\/12\/juazeiro-656f5ba2c95d4-200x150.webp 200w, https:\/\/www.carroaluguel.com\/blog\/wp-content\/uploads\/2023\/12\/juazeiro-656f5ba2c95d4-300x225.webp 300w, https:\/\/www.carroaluguel.com\/blog\/wp-content\/uploads\/2023\/12\/juazeiro-656f5ba2c95d4-400x300.webp 400w, https:\/\/www.carroaluguel.com\/blog\/wp-content\/uploads\/2023\/12\/juazeiro-656f5ba2c95d4-600x450.webp 600w, https:\/\/www.carroaluguel.com\/blog\/wp-content\/uploads\/2023\/12\/juazeiro-656f5ba2c95d4-768x576.webp 768w, https:\/\/www.carroaluguel.com\/blog\/wp-content\/uploads\/2023\/12\/juazeiro-656f5ba2c95d4-800x600.webp 800w, https:\/\/www.carroaluguel.com\/blog\/wp-content\/uploads\/2023\/12\/juazeiro-656f5ba2c95d4-1024x768.webp 1024w, https:\/\/www.carroaluguel.com\/blog\/wp-content\/uploads\/2023\/12\/juazeiro-656f5ba2c95d4.webp 1200w\" data-sizes=\"auto\" data-orig-sizes=\"(max-width: 1200px) 100vw, 1200px\" \/><p id=\"caption-attachment-10781\" class=\"wp-caption-text\">Ponte Presidente Dutra<\/p><\/div>\n<p><span data-contrast=\"none\">No norte da Bahia, tamb\u00e9m no leito do Velho Chico, est\u00e1 Juazeiro, conhecida por abrigar uma vasta tradi\u00e7\u00e3o de cultura popular. No rio s\u00e3o formadas diversas ilhas fluviais, que contam com pousadas, bares e restaurantes \u00e0 espera de serem explorados pelos visitantes.<\/span><span data-ccp-props=\"{&quot;134233117&quot;:false,&quot;134233118&quot;:false,&quot;201341983&quot;:0,&quot;335551550&quot;:6,&quot;335551620&quot;:6,&quot;335559738&quot;:0,&quot;335559739&quot;:300,&quot;335559740&quot;:259}\">\u00a0<\/span><\/p>\n<p><span data-contrast=\"none\">Para os amantes do ecoturismo, existem algumas trilhas que surpreendem os caminhantes com as belezas dos cajueiros e mangueiras espalhados na vegeta\u00e7\u00e3o. <\/span><span data-contrast=\"none\">\u00c9 poss\u00edvel visitar cachoeiras, como a do Salitre e da Gameleira.<\/span><span data-ccp-props=\"{&quot;134233117&quot;:false,&quot;134233118&quot;:false,&quot;201341983&quot;:0,&quot;335551550&quot;:6,&quot;335551620&quot;:6,&quot;335559738&quot;:0,&quot;335559739&quot;:300,&quot;335559740&quot;:259}\">\u00a0<\/span><\/p>\n<p><span data-contrast=\"none\">Uma das principais atra\u00e7\u00f5es \u00e9 Ilha do Fogo, cortada pela ponte que liga Juazeiro at\u00e9 Petrolina (PE) e pode ser conhecida em um dia de passeio. <\/span><span data-contrast=\"none\">H\u00e1 ainda a Ilha do Rodeadouro, Ilha Culpe o Vento e a Ilha de Nossa Senhora.<\/span><span data-ccp-props=\"{&quot;134233117&quot;:false,&quot;134233118&quot;:false,&quot;201341983&quot;:0,&quot;335551550&quot;:6,&quot;335551620&quot;:6,&quot;335559738&quot;:0,&quot;335559739&quot;:300,&quot;335559740&quot;:259}\">\u00a0<\/span><\/p>\n<p><span data-contrast=\"none\">Entre Juazeiro <\/span><span data-contrast=\"none\">e<\/span><span data-contrast=\"none\"> Sobradinho, na BR-210, no povoado do Junco, o viajante se surpreender\u00e1 com o c\u00e2nion formado entre as Serras da Cruz e do Mulato. L\u00e1 encontram-se 3 quil\u00f4metros de pinturas rupestres que formam pain\u00e9is incr\u00edveis.<\/span><span data-ccp-props=\"{&quot;134233117&quot;:false,&quot;134233118&quot;:false,&quot;201341983&quot;:0,&quot;335551550&quot;:6,&quot;335551620&quot;:6,&quot;335559738&quot;:0,&quot;335559739&quot;:300,&quot;335559740&quot;:259}\">\u00a0<\/span><\/p>\n<p><span data-contrast=\"none\">Do alto das serras a vista panor\u00e2mica \u00e9 surpreendente. O acesso \u00e9 feito por uma trilha n\u00e3o muito f\u00e1cil de atravessar, logo, \u00e9 recomendada a companhia de um guia.<\/span><span data-ccp-props=\"{&quot;134233117&quot;:false,&quot;134233118&quot;:false,&quot;201341983&quot;:0,&quot;335551550&quot;:6,&quot;335551620&quot;:6,&quot;335559738&quot;:0,&quot;335559739&quot;:300,&quot;335559740&quot;:259}\">\u00a0<\/span><\/p>\n<h3><span class=\"TextRun SCXW214089383 BCX0\" lang=\"PT-PT\" xml:lang=\"PT-PT\" data-contrast=\"none\"><span class=\"NormalTextRun SCXW214089383 BCX0\" data-ccp-parastyle=\"heading 3\">Paulo Afonso (Bahia)<\/span><\/span><\/h3>\n<div id=\"attachment_10782\" style=\"width: 1210px\" class=\"wp-caption aligncenter\"><img decoding=\"async\" aria-describedby=\"caption-attachment-10782\" class=\"lazyload wp-image-10782 size-full\" src=\"https:\/\/www.carroaluguel.com\/blog\/wp-content\/uploads\/2023\/12\/paulo-afonso-656f5ba29b76b.webp\" data-orig-src=\"https:\/\/www.carroaluguel.com\/blog\/wp-content\/uploads\/2023\/12\/paulo-afonso-656f5ba29b76b.webp\" alt=\"Trecho do Rio S\u00e3o Francisco em Paulo Afonso, com quedas d'\u00e1gua e seus pared\u00f5es repletos de vegeta\u00e7\u00e3o.\" width=\"1200\" height=\"900\" srcset=\"data:image\/svg+xml,%3Csvg%20xmlns%3D%27http%3A%2F%2Fwww.w3.org%2F2000%2Fsvg%27%20width%3D%271200%27%20height%3D%27900%27%20viewBox%3D%270%200%201200%20900%27%3E%3Crect%20width%3D%271200%27%20height%3D%27900%27%20fill-opacity%3D%220%22%2F%3E%3C%2Fsvg%3E\" data-srcset=\"https:\/\/www.carroaluguel.com\/blog\/wp-content\/uploads\/2023\/12\/paulo-afonso-656f5ba29b76b-200x150.webp 200w, https:\/\/www.carroaluguel.com\/blog\/wp-content\/uploads\/2023\/12\/paulo-afonso-656f5ba29b76b-300x225.webp 300w, https:\/\/www.carroaluguel.com\/blog\/wp-content\/uploads\/2023\/12\/paulo-afonso-656f5ba29b76b-400x300.webp 400w, https:\/\/www.carroaluguel.com\/blog\/wp-content\/uploads\/2023\/12\/paulo-afonso-656f5ba29b76b-600x450.webp 600w, https:\/\/www.carroaluguel.com\/blog\/wp-content\/uploads\/2023\/12\/paulo-afonso-656f5ba29b76b-768x576.webp 768w, https:\/\/www.carroaluguel.com\/blog\/wp-content\/uploads\/2023\/12\/paulo-afonso-656f5ba29b76b-800x600.webp 800w, https:\/\/www.carroaluguel.com\/blog\/wp-content\/uploads\/2023\/12\/paulo-afonso-656f5ba29b76b-1024x768.webp 1024w, https:\/\/www.carroaluguel.com\/blog\/wp-content\/uploads\/2023\/12\/paulo-afonso-656f5ba29b76b.webp 1200w\" data-sizes=\"auto\" data-orig-sizes=\"(max-width: 1200px) 100vw, 1200px\" \/><p id=\"caption-attachment-10782\" class=\"wp-caption-text\">O rio com seus pared\u00f5es e quedas d\u00b4\u00e1gua.<\/p><\/div>\n<p><span data-contrast=\"none\">Paulo Afonso \u00e9 uma cidade charmosa que fica na fronteira entre Bahia<\/span><span data-contrast=\"none\">, Pernambuco, Sergipe<\/span><span data-contrast=\"none\"> e Alagoas. Quando for visitar o munic\u00edpio, a Igreja de S\u00e3o Francisco e a \u201cPrainha\u201d n\u00e3o podem ficar de fora do roteiro.<\/span><span data-ccp-props=\"{&quot;134233117&quot;:false,&quot;134233118&quot;:false,&quot;201341983&quot;:0,&quot;335551550&quot;:6,&quot;335551620&quot;:6,&quot;335559738&quot;:0,&quot;335559739&quot;:300,&quot;335559740&quot;:259}\">\u00a0<\/span><\/p>\n<p><span data-contrast=\"none\">O viajante tamb\u00e9m precisa conhecer a Ponte Met\u00e1lica D. Pedro II, constru\u00edda em 1958 e que liga as duas partes do c\u00e2nion que separa os dois estados. <\/span><span data-contrast=\"none\">\u00c9 poss\u00edvel ir de Paulo Afonso (BA) at\u00e9 Delmiro Gouveia (AL).<\/span><span data-ccp-props=\"{&quot;134233117&quot;:false,&quot;134233118&quot;:false,&quot;201341983&quot;:0,&quot;335551550&quot;:6,&quot;335551620&quot;:6,&quot;335559738&quot;:0,&quot;335559739&quot;:300,&quot;335559740&quot;:259}\">\u00a0<\/span><\/p>\n<p><span data-contrast=\"none\">O c\u00e2nion, ali\u00e1s, em toda sua extens\u00e3o de 65 quil\u00f4metros \u00e9 de tirar o f\u00f4lego. Os pared\u00f5es v\u00e3o de 30 a 70 metros de altura e podem ser vistos bem de perto nos passeios de catamar\u00e3s.<\/span><span data-ccp-props=\"{&quot;134233117&quot;:false,&quot;134233118&quot;:false,&quot;201341983&quot;:0,&quot;335551550&quot;:6,&quot;335551620&quot;:6,&quot;335559738&quot;:0,&quot;335559739&quot;:300,&quot;335559740&quot;:259}\">\u00a0<\/span><\/p>\n<p><span data-contrast=\"none\">A 20 km do centro de Paulo Afonso existe a Serra do Umbuzeiro. No ponto mais alto, de aproximadamente 536 metros, \u00e9 poss\u00edvel vislumbrar o munic\u00edpio e a bel\u00edssima paisagem que o contorna.<\/span><span data-ccp-props=\"{&quot;134233117&quot;:false,&quot;134233118&quot;:false,&quot;201341983&quot;:0,&quot;335551550&quot;:6,&quot;335551620&quot;:6,&quot;335559738&quot;:0,&quot;335559739&quot;:300,&quot;335559740&quot;:259}\">\u00a0<\/span><\/p>\n<p><span data-contrast=\"none\">Para aproveitar ainda mais a cidade, fa\u00e7a um passeio no Bondinho do Angiquinho, que est\u00e1 suspenso a 80 metros e atravessa uma parte do rio. Do bondinho voc\u00ea poder\u00e1 ver do alto a Cachoeira de Paulo Afonso e a Furna do Morcego, que foi, conforme reza a lenda, o esconderijo de Lampi\u00e3o e Maria Bonita.<\/span><span data-ccp-props=\"{&quot;134233117&quot;:false,&quot;134233118&quot;:false,&quot;201341983&quot;:0,&quot;335551550&quot;:6,&quot;335551620&quot;:6,&quot;335559738&quot;:0,&quot;335559739&quot;:300,&quot;335559740&quot;:259}\">\u00a0<\/span><\/p>\n<p><span data-contrast=\"none\">Para conhecer mais da hist\u00f3ria do canga\u00e7o, viste o museu Casa da Maria Bonita, que re\u00fane rel\u00edquias da cultura do sert\u00e3o. <\/span><span data-contrast=\"none\">Preservada como na \u00e9poca em que ali nasceu Maria Gomes de Oliveira (Maria Bonita), a constru\u00e7\u00e3o \u00e9 parte do roteiro C\u00e2nion e Canga\u00e7o. Fica no povoado Malhada da Cai\u00e7ara, zona rural do munic\u00edpio.<\/span><span data-ccp-props=\"{&quot;134233117&quot;:false,&quot;134233118&quot;:false,&quot;201341983&quot;:0,&quot;335551550&quot;:6,&quot;335551620&quot;:6,&quot;335559738&quot;:0,&quot;335559739&quot;:300,&quot;335559740&quot;:259}\">\u00a0<\/span><\/p>\n<h3><span class=\"TextRun SCXW205337593 BCX0\" lang=\"PT-PT\" xml:lang=\"PT-PT\" data-contrast=\"none\"><span class=\"NormalTextRun SCXW205337593 BCX0\" data-ccp-parastyle=\"heading 3\">Canind\u00e9<\/span> <\/span><span class=\"TextRun Highlight SCXW205337593 BCX0\" lang=\"PT-PT\" xml:lang=\"PT-PT\" data-contrast=\"none\"><span class=\"NormalTextRun SCXW205337593 BCX0\" data-ccp-parastyle=\"heading 3\">de S\u00e3o Francisco<\/span><\/span><span class=\"TextRun SCXW205337593 BCX0\" lang=\"PT-PT\" xml:lang=\"PT-PT\" data-contrast=\"none\"><span class=\"NormalTextRun SCXW205337593 BCX0\" data-ccp-parastyle=\"heading 3\"> (Sergipe)<\/span><\/span><\/h3>\n<div id=\"attachment_10773\" style=\"width: 1210px\" class=\"wp-caption aligncenter\"><img decoding=\"async\" aria-describedby=\"caption-attachment-10773\" class=\"lazyload wp-image-10773 size-full\" src=\"https:\/\/www.carroaluguel.com\/blog\/wp-content\/uploads\/2023\/12\/caninde-656f5bb6d0765.webp\" data-orig-src=\"https:\/\/www.carroaluguel.com\/blog\/wp-content\/uploads\/2023\/12\/caninde-656f5bb6d0765.webp\" alt=\"As \u00e1guas do Rio S\u00e3o Francisco serpenteiam a regi\u00e3o de Canind\u00e9. Destaque para os pared\u00f5es gigantescos e embarca\u00e7\u00f5es formando uma \u00e1rea de lazer dentro d'\u00e1gua, onde h\u00e1 pessoas nadando.\" width=\"1200\" height=\"900\" srcset=\"data:image\/svg+xml,%3Csvg%20xmlns%3D%27http%3A%2F%2Fwww.w3.org%2F2000%2Fsvg%27%20width%3D%271200%27%20height%3D%27900%27%20viewBox%3D%270%200%201200%20900%27%3E%3Crect%20width%3D%271200%27%20height%3D%27900%27%20fill-opacity%3D%220%22%2F%3E%3C%2Fsvg%3E\" data-srcset=\"https:\/\/www.carroaluguel.com\/blog\/wp-content\/uploads\/2023\/12\/caninde-656f5bb6d0765-200x150.webp 200w, https:\/\/www.carroaluguel.com\/blog\/wp-content\/uploads\/2023\/12\/caninde-656f5bb6d0765-300x225.webp 300w, https:\/\/www.carroaluguel.com\/blog\/wp-content\/uploads\/2023\/12\/caninde-656f5bb6d0765-400x300.webp 400w, https:\/\/www.carroaluguel.com\/blog\/wp-content\/uploads\/2023\/12\/caninde-656f5bb6d0765-600x450.webp 600w, https:\/\/www.carroaluguel.com\/blog\/wp-content\/uploads\/2023\/12\/caninde-656f5bb6d0765-768x576.webp 768w, https:\/\/www.carroaluguel.com\/blog\/wp-content\/uploads\/2023\/12\/caninde-656f5bb6d0765-800x600.webp 800w, https:\/\/www.carroaluguel.com\/blog\/wp-content\/uploads\/2023\/12\/caninde-656f5bb6d0765-1024x768.webp 1024w, https:\/\/www.carroaluguel.com\/blog\/wp-content\/uploads\/2023\/12\/caninde-656f5bb6d0765.webp 1200w\" data-sizes=\"auto\" data-orig-sizes=\"(max-width: 1200px) 100vw, 1200px\" \/><p id=\"caption-attachment-10773\" class=\"wp-caption-text\">Rio S\u00e3o Francisco com seus pared\u00f5es<\/p><\/div>\n<p><span data-contrast=\"none\">J\u00e1 em Sergipe, Canind\u00e9 <\/span><span data-contrast=\"none\">de S\u00e3o Francisco<\/span><span data-contrast=\"none\"> guarda uma das melhores surpresas do <\/span><span data-contrast=\"none\">Velho Chico,<\/span><span data-contrast=\"none\">\u00a0o C\u00e2nion do Xing\u00f3. Na regi\u00e3o, de vegeta\u00e7\u00e3o seca e rasteira, os cactos e mandacarus brotam do solo \u00e1rido<\/span><span data-contrast=\"none\">.<\/span> <span data-contrast=\"none\">e ao<\/span> a<span data-contrast=\"none\">o <\/span><span data-contrast=\"none\">lado de casas simples de fam\u00edlias sertanejas d\u00e3o forma ao sert\u00e3o nordestino.<\/span><span data-ccp-props=\"{&quot;134233117&quot;:false,&quot;134233118&quot;:false,&quot;201341983&quot;:0,&quot;335551550&quot;:6,&quot;335551620&quot;:6,&quot;335559738&quot;:0,&quot;335559739&quot;:300,&quot;335559740&quot;:259}\">\u00a0<\/span><\/p>\n<p><span data-contrast=\"none\">O C\u00e2nion do Xing\u00f3 \u00e9 o 5\u00ba maior c\u00e2nion naveg\u00e1vel do mundo<\/span><span data-contrast=\"none\">,<\/span> <span data-contrast=\"none\">e <\/span><span data-contrast=\"none\">surgiu ap\u00f3s o represamento das \u00e1guas do rio para a constru\u00e7\u00e3o da Hidrel\u00e9trica do Xing\u00f3. S\u00e3o 60 quil\u00f4metros de pared\u00f5es gigantes em tons alaranjados que formam um cen\u00e1rio lindo junto \u00e0s \u00e1guas esverdeadas do Velho Chico. <\/span><span data-contrast=\"none\">Internacionalmente conhecido, o local j\u00e1 serviu como cen\u00e1rio para produtos audiovisuais, o que o projetou em diversas partes do mundo.<\/span><span data-ccp-props=\"{&quot;134233117&quot;:false,&quot;134233118&quot;:false,&quot;201341983&quot;:0,&quot;335551550&quot;:6,&quot;335551620&quot;:6,&quot;335559738&quot;:0,&quot;335559739&quot;:300,&quot;335559740&quot;:259}\">\u00a0<\/span><\/p>\n<p><span data-contrast=\"none\">Para chegar ao c\u00e2nion o turista deve pegar um catamar\u00e3 <\/span><span data-contrast=\"none\">ou escuna <\/span><span data-contrast=\"none\">em Canind\u00e9 e atravessar um percurso de 30 minutos no S\u00e3o Francisco. <\/span><span data-contrast=\"none\">Diante <\/span><span data-contrast=\"none\">dos imponentes pared\u00f5es, os passageiros pegam pequenos barcos e canoas que desbravam as \u00e1guas<\/span><span data-contrast=\"none\"> no emaranhado de pared\u00f5es<\/span><span data-contrast=\"none\">, ideais para mergulho<\/span><span data-contrast=\"none\">. <\/span><span data-contrast=\"none\">Stand up paddle nas \u00e1guas tranquilas \u00e9 outro atrativo local, al\u00e9m do rapel nos c\u00e2nions para quem gosta de um esporte mais radical.<\/span><span data-ccp-props=\"{&quot;201341983&quot;:0,&quot;335559739&quot;:160,&quot;335559740&quot;:259}\">\u00a0<\/span><\/p>\n<p><span data-contrast=\"none\">Na cidade, n\u00e3o deixe de visitar o Museu de Arqueologia de Xing\u00f3, pertencente \u00e0 Universidade Federal de Sergipe. S\u00e3o mais de 50 mil pe\u00e7as para aprecia\u00e7\u00e3o, com destaque para as etapas de elabora\u00e7\u00e3o dos artefatos pr\u00e9-hist\u00f3ricos da regi\u00e3o.<\/span><span data-ccp-props=\"{&quot;201341983&quot;:0,&quot;335559739&quot;:160,&quot;335559740&quot;:259}\">\u00a0<\/span><\/p>\n<h3><span class=\"TextRun SCXW1139616 BCX0\" lang=\"PT-PT\" xml:lang=\"PT-PT\" data-contrast=\"none\"><span class=\"NormalTextRun SCXW1139616 BCX0\" data-ccp-parastyle=\"heading 3\">Piranhas (Alagoas)<\/span><\/span><\/h3>\n<div id=\"attachment_10784\" style=\"width: 1210px\" class=\"wp-caption aligncenter\"><img decoding=\"async\" aria-describedby=\"caption-attachment-10784\" class=\"lazyload wp-image-10784 size-full\" src=\"https:\/\/www.carroaluguel.com\/blog\/wp-content\/uploads\/2023\/12\/piranhas-656f5ba553f1e.webp\" data-orig-src=\"https:\/\/www.carroaluguel.com\/blog\/wp-content\/uploads\/2023\/12\/piranhas-656f5ba553f1e.webp\" alt=\"Rio S\u00e3o Francisco margeando parte da cidade de Piranhas. Nota-se a intera\u00e7\u00e3o da popula\u00e7\u00e3o com as \u00e1guas atrav\u00e9s de um trapiche. Ao fundo, grandes pared\u00f5es cobertos por vegeta\u00e7\u00f5es diversas e um c\u00e9u azul com bastante forma\u00e7\u00e3o de nuvens.\" width=\"1200\" height=\"900\" srcset=\"data:image\/svg+xml,%3Csvg%20xmlns%3D%27http%3A%2F%2Fwww.w3.org%2F2000%2Fsvg%27%20width%3D%271200%27%20height%3D%27900%27%20viewBox%3D%270%200%201200%20900%27%3E%3Crect%20width%3D%271200%27%20height%3D%27900%27%20fill-opacity%3D%220%22%2F%3E%3C%2Fsvg%3E\" data-srcset=\"https:\/\/www.carroaluguel.com\/blog\/wp-content\/uploads\/2023\/12\/piranhas-656f5ba553f1e-200x150.webp 200w, https:\/\/www.carroaluguel.com\/blog\/wp-content\/uploads\/2023\/12\/piranhas-656f5ba553f1e-300x225.webp 300w, https:\/\/www.carroaluguel.com\/blog\/wp-content\/uploads\/2023\/12\/piranhas-656f5ba553f1e-400x300.webp 400w, https:\/\/www.carroaluguel.com\/blog\/wp-content\/uploads\/2023\/12\/piranhas-656f5ba553f1e-600x450.webp 600w, https:\/\/www.carroaluguel.com\/blog\/wp-content\/uploads\/2023\/12\/piranhas-656f5ba553f1e-768x576.webp 768w, https:\/\/www.carroaluguel.com\/blog\/wp-content\/uploads\/2023\/12\/piranhas-656f5ba553f1e-800x600.webp 800w, https:\/\/www.carroaluguel.com\/blog\/wp-content\/uploads\/2023\/12\/piranhas-656f5ba553f1e-1024x768.webp 1024w, https:\/\/www.carroaluguel.com\/blog\/wp-content\/uploads\/2023\/12\/piranhas-656f5ba553f1e.webp 1200w\" data-sizes=\"auto\" data-orig-sizes=\"(max-width: 1200px) 100vw, 1200px\" \/><p id=\"caption-attachment-10784\" class=\"wp-caption-text\">Parte da cidade de Piranhas margeada pelo Rio S\u00e3o Francisco.<\/p><\/div>\n<p><span data-contrast=\"none\">O munic\u00edpio alagoano \u00e9 refer\u00eancia na hist\u00f3ria do canga\u00e7o, pois foi l\u00e1 que as cabe\u00e7as de Lampi\u00e3o e de seu bando ficaram expostas depois da captura.<\/span><span data-ccp-props=\"{&quot;134233117&quot;:false,&quot;134233118&quot;:false,&quot;201341983&quot;:0,&quot;335551550&quot;:6,&quot;335551620&quot;:6,&quot;335559738&quot;:0,&quot;335559739&quot;:300,&quot;335559740&quot;:259}\">\u00a0<\/span><\/p>\n<p><span data-contrast=\"none\">O C\u00e2nion do Xing\u00f3 tamb\u00e9m pode ser acessado via cidade de Piranhas. Al\u00e9m disso, vale visitar a Usina Hidrel\u00e9trica de Xing\u00f3, barragem de tamanha import\u00e2ncia para a regi\u00e3o. O local oferece passeios guiados onde o turista pode visitar as instala\u00e7\u00f5es e inclusive os reservat\u00f3rios.<\/span><span data-ccp-props=\"{&quot;134233117&quot;:false,&quot;134233118&quot;:false,&quot;201341983&quot;:0,&quot;335551550&quot;:6,&quot;335551620&quot;:6,&quot;335559738&quot;:0,&quot;335559739&quot;:300,&quot;335559740&quot;:259}\">\u00a0<\/span><\/p>\n<p><span data-contrast=\"none\">Para quem busca contemplar a natureza, visitar o Vale dos Mestres \u00e9 algo \u00fanico. Localizado no Rio S\u00e3o Francisco, o lugar possui uma paisagem de tirar o f\u00f4lego. Ali tamb\u00e9m \u00e9 poss\u00edvel fazer diversos passeios, como os de barco. Trilhas ecol\u00f3gicas s\u00e3o atra\u00e7\u00f5es que levam o visitante a paradas instagram\u00e1veis.<\/span><span data-ccp-props=\"{&quot;134233117&quot;:false,&quot;134233118&quot;:false,&quot;201341983&quot;:0,&quot;335551550&quot;:6,&quot;335551620&quot;:6,&quot;335559738&quot;:0,&quot;335559739&quot;:300,&quot;335559740&quot;:259}\">\u00a0<\/span><\/p>\n<p><span data-contrast=\"none\">J\u00e1 na cidade, as <\/span><span data-contrast=\"none\">casinhas coloridas e charmosas ajudam a remontar um passado t\u00e3o simb\u00f3lico e rico do nosso pa\u00eds. <\/span><span data-contrast=\"none\">Outra parada obrigat\u00f3ria \u00e9 o Mirante Secular, com escadarias que proporcionam uma vista de toda a cidade, al\u00e9m de vislumbrar os pared\u00f5es e o fluxo do Velho Chico que margeia o munic\u00edpio.\u00a0<\/span><span data-ccp-props=\"{&quot;134233117&quot;:false,&quot;134233118&quot;:false,&quot;201341983&quot;:0,&quot;335551550&quot;:6,&quot;335551620&quot;:6,&quot;335559738&quot;:0,&quot;335559739&quot;:300,&quot;335559740&quot;:259}\">\u00a0<\/span><\/p>\n<p><span data-contrast=\"none\">Em Piranhas, a <\/span><span data-contrast=\"none\">culin\u00e1ria do sert\u00e3o n\u00e3o deixa a desejar: tapioca, queijo coalho, o famoso cuscuz, macaxeira e mungunz\u00e1 podem ser experimentados nos deliciosos restaurantes da cidade. Noites gostosas de forr\u00f3 e xaxado agitam as ruas nos finais de semana.<\/span><span data-ccp-props=\"{&quot;134233117&quot;:false,&quot;134233118&quot;:false,&quot;201341983&quot;:0,&quot;335551550&quot;:6,&quot;335551620&quot;:6,&quot;335559738&quot;:0,&quot;335559739&quot;:300,&quot;335559740&quot;:259}\">\u00a0<\/span><\/p>\n<h3><span class=\"TextRun SCXW134025790 BCX0\" lang=\"PT-PT\" xml:lang=\"PT-PT\" data-contrast=\"none\"><span class=\"NormalTextRun SCXW134025790 BCX0\" data-ccp-parastyle=\"heading 3\">Pia\u00e7abu\u00e7u (Alagoas)<\/span><\/span><\/h3>\n<div id=\"attachment_10796\" style=\"width: 1210px\" class=\"wp-caption aligncenter\"><img decoding=\"async\" aria-describedby=\"caption-attachment-10796\" class=\"lazyload wp-image-10796 size-full\" src=\"https:\/\/www.carroaluguel.com\/blog\/wp-content\/uploads\/2016\/09\/piacabucu.webp\" data-orig-src=\"https:\/\/www.carroaluguel.com\/blog\/wp-content\/uploads\/2016\/09\/piacabucu.webp\" alt=\"Barco segue ancorado no Rio S\u00e3o Francisco. Ao fundo, h\u00e1 casas pertencentes \u00e0 cidade de Pia\u00e7abu\u00e7u. O c\u00e9u est\u00e1 l\u00edmpido, com algumas forma\u00e7\u00f5es de nuvens.\" width=\"1200\" height=\"900\" srcset=\"data:image\/svg+xml,%3Csvg%20xmlns%3D%27http%3A%2F%2Fwww.w3.org%2F2000%2Fsvg%27%20width%3D%271200%27%20height%3D%27900%27%20viewBox%3D%270%200%201200%20900%27%3E%3Crect%20width%3D%271200%27%20height%3D%27900%27%20fill-opacity%3D%220%22%2F%3E%3C%2Fsvg%3E\" data-srcset=\"https:\/\/www.carroaluguel.com\/blog\/wp-content\/uploads\/2016\/09\/piacabucu-200x150.webp 200w, https:\/\/www.carroaluguel.com\/blog\/wp-content\/uploads\/2016\/09\/piacabucu-300x225.webp 300w, https:\/\/www.carroaluguel.com\/blog\/wp-content\/uploads\/2016\/09\/piacabucu-400x300.webp 400w, https:\/\/www.carroaluguel.com\/blog\/wp-content\/uploads\/2016\/09\/piacabucu-600x450.webp 600w, https:\/\/www.carroaluguel.com\/blog\/wp-content\/uploads\/2016\/09\/piacabucu-768x576.webp 768w, https:\/\/www.carroaluguel.com\/blog\/wp-content\/uploads\/2016\/09\/piacabucu-800x600.webp 800w, https:\/\/www.carroaluguel.com\/blog\/wp-content\/uploads\/2016\/09\/piacabucu-1024x768.webp 1024w, https:\/\/www.carroaluguel.com\/blog\/wp-content\/uploads\/2016\/09\/piacabucu.webp 1200w\" data-sizes=\"auto\" data-orig-sizes=\"(max-width: 1200px) 100vw, 1200px\" \/><p id=\"caption-attachment-10796\" class=\"wp-caption-text\">Rio S\u00e3o Francisco em Pia\u00e7abu\u00e7u<\/p><\/div>\n<p><span data-contrast=\"none\">Pia\u00e7abu\u00e7u \u00e9 a \u00faltima parada do roteiro. Aqui, as \u00e1guas do S\u00e3o Francisco fazem um bel\u00edssimo encontro com o mar. O melhor \u00e2ngulo para ver a foz do rio \u00e9 do voo de parasail: um tipo de paraquedas acoplado a um buggy, que proporciona uma vista a 100 metros de altura do encontro das \u00e1guas. \u00c9 muita emo\u00e7\u00e3o para encerrar a viagem.<\/span><span data-ccp-props=\"{&quot;201341983&quot;:0,&quot;335559739&quot;:160,&quot;335559740&quot;:259}\">\u00a0<\/span><\/p>\n<p><span data-contrast=\"none\">\u00c9 poss\u00edvel visitar a foz atrav\u00e9s de barcos particulares. A paisagem composta por dunas de areias e diversas lagoas s\u00e3o de encher os olhos! Esse contorno de dunas \u00e9 resultado do encontro do encontro das \u00e1guas do Velho Chico com o mar, compondo tr\u00eas cores predominantes: o azul do c\u00e9u, o branco das areias e o verde das \u00e1guas.<\/span><span data-ccp-props=\"{&quot;201341983&quot;:0,&quot;335559739&quot;:160,&quot;335559740&quot;:259}\">\u00a0<\/span><\/p>\n<p><span data-contrast=\"none\">Quem busca por esses passeios, tanto o de parasail quanto o de barco, pode contemplar a natureza preservada, al\u00e9m de apreciar a pr\u00f3pria beleza da cidade, que possui duas praias encantadoras: a do Peba e a do Pontal do Peba. S\u00e3o orlas extensas e bastante atrativas.<\/span><span data-ccp-props=\"{&quot;201341983&quot;:0,&quot;335559739&quot;:160,&quot;335559740&quot;:259}\">\u00a0<\/span><\/p>\n<p><span data-contrast=\"none\">Em Pia\u00e7abu\u00e7u, o turista escolhe: estar de encontro com a \u00e1gua doce do rio S\u00e3o Francisco, ou dar um mergulho num mar cristalino.<\/span><\/p>\n<h2><span class=\"TextRun SCXW204456442 BCX0\" lang=\"PT-PT\" xml:lang=\"PT-PT\" data-contrast=\"none\"><span class=\"NormalTextRun SCXW204456442 BCX0\" data-ccp-parastyle=\"heading 2\">Prepare-se com 6 dicas de hospedagem<\/span><\/span><\/h2>\n<div id=\"attachment_10776\" style=\"width: 1210px\" class=\"wp-caption aligncenter\"><img decoding=\"async\" aria-describedby=\"caption-attachment-10776\" class=\"lazyload wp-image-10776 size-full\" src=\"https:\/\/www.carroaluguel.com\/blog\/wp-content\/uploads\/2023\/12\/dicas-de-hospedagem-656f5bb986534.webp\" data-orig-src=\"https:\/\/www.carroaluguel.com\/blog\/wp-content\/uploads\/2023\/12\/dicas-de-hospedagem-656f5bb986534.webp\" alt=\"Homem, mulher e crian\u00e7a brincam em \u00e1gua de piscina. Ele est\u00e1 sem camisa, a mo\u00e7a com um colan branco e a crian\u00e7a veste uma roupa cor de rosa e segue sobre uma boia de pl\u00e1stico.\" width=\"1200\" height=\"900\" srcset=\"data:image\/svg+xml,%3Csvg%20xmlns%3D%27http%3A%2F%2Fwww.w3.org%2F2000%2Fsvg%27%20width%3D%271200%27%20height%3D%27900%27%20viewBox%3D%270%200%201200%20900%27%3E%3Crect%20width%3D%271200%27%20height%3D%27900%27%20fill-opacity%3D%220%22%2F%3E%3C%2Fsvg%3E\" data-srcset=\"https:\/\/www.carroaluguel.com\/blog\/wp-content\/uploads\/2023\/12\/dicas-de-hospedagem-656f5bb986534-200x150.webp 200w, https:\/\/www.carroaluguel.com\/blog\/wp-content\/uploads\/2023\/12\/dicas-de-hospedagem-656f5bb986534-300x225.webp 300w, https:\/\/www.carroaluguel.com\/blog\/wp-content\/uploads\/2023\/12\/dicas-de-hospedagem-656f5bb986534-400x300.webp 400w, https:\/\/www.carroaluguel.com\/blog\/wp-content\/uploads\/2023\/12\/dicas-de-hospedagem-656f5bb986534-600x450.webp 600w, https:\/\/www.carroaluguel.com\/blog\/wp-content\/uploads\/2023\/12\/dicas-de-hospedagem-656f5bb986534-768x576.webp 768w, https:\/\/www.carroaluguel.com\/blog\/wp-content\/uploads\/2023\/12\/dicas-de-hospedagem-656f5bb986534-800x600.webp 800w, https:\/\/www.carroaluguel.com\/blog\/wp-content\/uploads\/2023\/12\/dicas-de-hospedagem-656f5bb986534-1024x768.webp 1024w, https:\/\/www.carroaluguel.com\/blog\/wp-content\/uploads\/2023\/12\/dicas-de-hospedagem-656f5bb986534.webp 1200w\" data-sizes=\"auto\" data-orig-sizes=\"(max-width: 1200px) 100vw, 1200px\" \/><p id=\"caption-attachment-10776\" class=\"wp-caption-text\">Dicas para merecido descanso em fam\u00edlia<\/p><\/div>\n<p><span class=\"TextRun Highlight SCXW159601493 BCX0\" lang=\"PT-PT\" xml:lang=\"PT-PT\" data-contrast=\"auto\"><span class=\"NormalTextRun SCXW159601493 BCX0\">Realizar uma viagem por v\u00e1rios munic\u00edpios e regi\u00f5es nem sempre \u00e9 f\u00e1cil. Sendo assim, o merecido descanso se torna fundamental para o bom andamento das f\u00e9rias. Veja 6 recomenda\u00e7\u00f5es para hospedagem no <\/span><span class=\"NormalTextRun SCXW159601493 BCX0\">trajeto pelo Rio S\u00e3o Francisco!<\/span><\/span><span class=\"EOP SCXW159601493 BCX0\" data-ccp-props=\"{&quot;201341983&quot;:0,&quot;335559739&quot;:160,&quot;335559740&quot;:259}\">\u00a0<\/span><\/p>\n<h3><span class=\"TextRun SCXW187590092 BCX0\" lang=\"PT-PT\" xml:lang=\"PT-PT\" data-contrast=\"none\"><span class=\"NormalTextRun SCXW187590092 BCX0\" data-ccp-parastyle=\"heading 3\">Pousadas na Serra da Canastra<\/span><\/span><\/h3>\n<div id=\"attachment_10780\" style=\"width: 1210px\" class=\"wp-caption aligncenter\"><img decoding=\"async\" aria-describedby=\"caption-attachment-10780\" class=\"lazyload wp-image-10780 size-full\" src=\"https:\/\/www.carroaluguel.com\/blog\/wp-content\/uploads\/2023\/12\/hospedagem-serra-canastra-656f5bbe74ae2.webp\" data-orig-src=\"https:\/\/www.carroaluguel.com\/blog\/wp-content\/uploads\/2023\/12\/hospedagem-serra-canastra-656f5bbe74ae2.webp\" alt=\"Pared\u00f5es da Serra da Canastra ao fundo contrastam com a vegeta\u00e7\u00e3o de uma plan\u00edcie disforme. O c\u00e9u segue carregado de nuvens, predominando o tempo nublado.\" width=\"1200\" height=\"900\" srcset=\"data:image\/svg+xml,%3Csvg%20xmlns%3D%27http%3A%2F%2Fwww.w3.org%2F2000%2Fsvg%27%20width%3D%271200%27%20height%3D%27900%27%20viewBox%3D%270%200%201200%20900%27%3E%3Crect%20width%3D%271200%27%20height%3D%27900%27%20fill-opacity%3D%220%22%2F%3E%3C%2Fsvg%3E\" data-srcset=\"https:\/\/www.carroaluguel.com\/blog\/wp-content\/uploads\/2023\/12\/hospedagem-serra-canastra-656f5bbe74ae2-200x150.webp 200w, https:\/\/www.carroaluguel.com\/blog\/wp-content\/uploads\/2023\/12\/hospedagem-serra-canastra-656f5bbe74ae2-300x225.webp 300w, https:\/\/www.carroaluguel.com\/blog\/wp-content\/uploads\/2023\/12\/hospedagem-serra-canastra-656f5bbe74ae2-400x300.webp 400w, https:\/\/www.carroaluguel.com\/blog\/wp-content\/uploads\/2023\/12\/hospedagem-serra-canastra-656f5bbe74ae2-600x450.webp 600w, https:\/\/www.carroaluguel.com\/blog\/wp-content\/uploads\/2023\/12\/hospedagem-serra-canastra-656f5bbe74ae2-768x576.webp 768w, https:\/\/www.carroaluguel.com\/blog\/wp-content\/uploads\/2023\/12\/hospedagem-serra-canastra-656f5bbe74ae2-800x600.webp 800w, https:\/\/www.carroaluguel.com\/blog\/wp-content\/uploads\/2023\/12\/hospedagem-serra-canastra-656f5bbe74ae2-1024x768.webp 1024w, https:\/\/www.carroaluguel.com\/blog\/wp-content\/uploads\/2023\/12\/hospedagem-serra-canastra-656f5bbe74ae2.webp 1200w\" data-sizes=\"auto\" data-orig-sizes=\"(max-width: 1200px) 100vw, 1200px\" \/><p id=\"caption-attachment-10780\" class=\"wp-caption-text\">Serra da Canastra<\/p><\/div>\n<p><span class=\"TextRun SCXW149381894 BCX0\" lang=\"PT-PT\" xml:lang=\"PT-PT\" data-contrast=\"none\"><span class=\"NormalTextRun SCXW149381894 BCX0\">No come\u00e7o da viagem, caso queira aproveitar com calma a <\/span><span class=\"NormalTextRun SCXW149381894 BCX0\">Serra da Canastra<\/span><span class=\"NormalTextRun SCXW149381894 BCX0\">, \u00e9 poss\u00edvel passar uma noite em alguma das pousadas e casas de campo ao redor do Parque. Confort\u00e1veis e acolhedoras, elas s\u00e3o uma \u00f3tima op\u00e7\u00e3o caso voc\u00ea queira curtir a Serra, relaxar e sair logo cedo no outro dia para o pr\u00f3ximo destino.<\/span><\/span><span class=\"EOP SCXW149381894 BCX0\" data-ccp-props=\"{&quot;201341983&quot;:0,&quot;335559739&quot;:160,&quot;335559740&quot;:259}\">\u00a0<\/span><\/p>\n<h3><span class=\"TextRun SCXW121120777 BCX0\" lang=\"PT-PT\" xml:lang=\"PT-PT\" data-contrast=\"none\"><span class=\"NormalTextRun SCXW121120777 BCX0\" data-ccp-parastyle=\"heading 3\">Pirapora<\/span><\/span><\/h3>\n<p><span class=\"TextRun SCXW182660805 BCX0\" lang=\"PT-PT\" xml:lang=\"PT-PT\" data-contrast=\"none\"><span class=\"NormalTextRun SCXW182660805 BCX0\">Ainda em Minas, depois de viajar de S\u00e3o Roque para Pirapora, voc\u00ea pode encontrar um <\/span><\/span><span class=\"TextRun Highlight SCXW182660805 BCX0\" lang=\"PT-PT\" xml:lang=\"PT-PT\" data-contrast=\"none\"><span class=\"NormalTextRun SCXW182660805 BCX0\">local aconchegante <\/span><\/span><span class=\"TextRun SCXW182660805 BCX0\" lang=\"PT-PT\" xml:lang=\"PT-PT\" data-contrast=\"none\"><span class=\"NormalTextRun SCXW182660805 BCX0\">para descansar. A cidade n\u00e3o \u00e9 grande, mas existem pousadas que podem ser uma boa op\u00e7\u00e3o.<\/span> <\/span><span class=\"TextRun Highlight SCXW182660805 BCX0\" lang=\"PT-PT\" xml:lang=\"PT-PT\" data-contrast=\"none\"><span class=\"NormalTextRun SCXW182660805 BCX0\">A dica \u00e9 sempre aproveitar <\/span><span class=\"NormalTextRun SCXW182660805 BCX0\">os<\/span><span class=\"NormalTextRun SCXW182660805 BCX0\"> caf\u00e9s da manh\u00e3 para <\/span><span class=\"NormalTextRun SCXW182660805 BCX0\">ter energia nesses <\/span><span class=\"NormalTextRun SCXW182660805 BCX0\">dia<\/span><span class=\"NormalTextRun SCXW182660805 BCX0\">s<\/span><span class=\"NormalTextRun SCXW182660805 BCX0\"> de muita divers\u00e3o<\/span><span class=\"NormalTextRun SCXW182660805 BCX0\">, rotas tur\u00edsticas de tirar o f\u00f4lego e <\/span><span class=\"NormalTextRun SCXW182660805 BCX0\">tempo para escolher <\/span><span class=\"NormalTextRun SCXW182660805 BCX0\">aquel<\/span><span class=\"NormalTextRun SCXW182660805 BCX0\">e almo\u00e7o<\/span><span class=\"NormalTextRun SCXW182660805 BCX0\"> apetitos<\/span><span class=\"NormalTextRun SCXW182660805 BCX0\">o.<\/span><\/span><span class=\"EOP SCXW182660805 BCX0\" data-ccp-props=\"{&quot;201341983&quot;:0,&quot;335559739&quot;:160,&quot;335559740&quot;:259}\">\u00a0<\/span><\/p>\n<h3><span class=\"TextRun SCXW182315956 BCX0\" lang=\"PT-PT\" xml:lang=\"PT-PT\" data-contrast=\"none\"><span class=\"NormalTextRun SCXW182315956 BCX0\" data-ccp-parastyle=\"heading 3\">Bom Jesus da Lapa<\/span><\/span><\/h3>\n<div id=\"attachment_10777\" style=\"width: 1210px\" class=\"wp-caption aligncenter\"><img decoding=\"async\" aria-describedby=\"caption-attachment-10777\" class=\"lazyload wp-image-10777 size-full\" src=\"https:\/\/www.carroaluguel.com\/blog\/wp-content\/uploads\/2023\/12\/hospedagem-bom-jesus-656f5bbb98eee.webp\" data-orig-src=\"https:\/\/www.carroaluguel.com\/blog\/wp-content\/uploads\/2023\/12\/hospedagem-bom-jesus-656f5bbb98eee.webp\" alt=\"Vista a\u00e9rea da cidade de Bom Jesus da Lapa, com constru\u00e7\u00f5es de poucos andares. Ao fundo, vegeta\u00e7\u00e3o diversa.\" width=\"1200\" height=\"900\" srcset=\"data:image\/svg+xml,%3Csvg%20xmlns%3D%27http%3A%2F%2Fwww.w3.org%2F2000%2Fsvg%27%20width%3D%271200%27%20height%3D%27900%27%20viewBox%3D%270%200%201200%20900%27%3E%3Crect%20width%3D%271200%27%20height%3D%27900%27%20fill-opacity%3D%220%22%2F%3E%3C%2Fsvg%3E\" data-srcset=\"https:\/\/www.carroaluguel.com\/blog\/wp-content\/uploads\/2023\/12\/hospedagem-bom-jesus-656f5bbb98eee-200x150.webp 200w, https:\/\/www.carroaluguel.com\/blog\/wp-content\/uploads\/2023\/12\/hospedagem-bom-jesus-656f5bbb98eee-300x225.webp 300w, https:\/\/www.carroaluguel.com\/blog\/wp-content\/uploads\/2023\/12\/hospedagem-bom-jesus-656f5bbb98eee-400x300.webp 400w, https:\/\/www.carroaluguel.com\/blog\/wp-content\/uploads\/2023\/12\/hospedagem-bom-jesus-656f5bbb98eee-600x450.webp 600w, https:\/\/www.carroaluguel.com\/blog\/wp-content\/uploads\/2023\/12\/hospedagem-bom-jesus-656f5bbb98eee-768x576.webp 768w, https:\/\/www.carroaluguel.com\/blog\/wp-content\/uploads\/2023\/12\/hospedagem-bom-jesus-656f5bbb98eee-800x600.webp 800w, https:\/\/www.carroaluguel.com\/blog\/wp-content\/uploads\/2023\/12\/hospedagem-bom-jesus-656f5bbb98eee-1024x768.webp 1024w, https:\/\/www.carroaluguel.com\/blog\/wp-content\/uploads\/2023\/12\/hospedagem-bom-jesus-656f5bbb98eee.webp 1200w\" data-sizes=\"auto\" data-orig-sizes=\"(max-width: 1200px) 100vw, 1200px\" \/><p id=\"caption-attachment-10777\" class=\"wp-caption-text\">Bom Jesus da Lapa<\/p><\/div>\n<p aria-level=\"3\"><span data-contrast=\"none\">Como a cidade atrai muitos turistas por causa das cerim\u00f4nias religiosas, torna-se bem f\u00e1cil encontrar um bom hotel. H\u00e1 acomoda\u00e7\u00f5es para todos os gostos e bolsos.<\/span><span data-ccp-props=\"{&quot;134245418&quot;:true,&quot;134245529&quot;:true,&quot;201341983&quot;:0,&quot;335559738&quot;:40,&quot;335559739&quot;:0,&quot;335559740&quot;:259}\">\u00a0<\/span><\/p>\n<p aria-level=\"3\"><span data-contrast=\"none\">O \u00fanico problema \u00e9 a alta temporada,<\/span><span data-contrast=\"none\">\u00a0marcada pela festa de agosto<\/span><span data-contrast=\"none\">, al\u00e9m dos<\/span><span data-contrast=\"none\"> per\u00edodos de f\u00e9rias em julho e janeiro. Nessas ocasi\u00f5es podem faltar acomoda\u00e7\u00f5es. Por isso,<\/span><span data-contrast=\"none\">\u00a0reserve com bastante anteced\u00eancia<\/span><span data-contrast=\"none\">!<\/span><span data-ccp-props=\"{&quot;134245418&quot;:true,&quot;134245529&quot;:true,&quot;201341983&quot;:0,&quot;335559738&quot;:40,&quot;335559739&quot;:0,&quot;335559740&quot;:259}\">\u00a0<\/span><\/p>\n<h3 aria-level=\"3\"><span class=\"TextRun SCXW166052866 BCX0\" lang=\"PT-PT\" xml:lang=\"PT-PT\" data-contrast=\"none\"><span class=\"NormalTextRun SCXW166052866 BCX0\" data-ccp-parastyle=\"heading 3\">Hospedando<\/span><\/span><span class=\"TextRun Highlight SCXW166052866 BCX0\" lang=\"PT-PT\" xml:lang=\"PT-PT\" data-contrast=\"none\"><span class=\"NormalTextRun SCXW166052866 BCX0\" data-ccp-parastyle=\"heading 3\">-se<\/span><\/span><span class=\"TextRun SCXW166052866 BCX0\" lang=\"PT-PT\" xml:lang=\"PT-PT\" data-contrast=\"none\"><span class=\"NormalTextRun SCXW166052866 BCX0\" data-ccp-parastyle=\"heading 3\"> em Juazeiro<\/span><\/span><\/h3>\n<div id=\"attachment_10778\" style=\"width: 1210px\" class=\"wp-caption aligncenter\"><img decoding=\"async\" aria-describedby=\"caption-attachment-10778\" class=\"lazyload wp-image-10778 size-full\" src=\"https:\/\/www.carroaluguel.com\/blog\/wp-content\/uploads\/2023\/12\/hospedagem-juazeiro-656f5bbbe2267.webp\" data-orig-src=\"https:\/\/www.carroaluguel.com\/blog\/wp-content\/uploads\/2023\/12\/hospedagem-juazeiro-656f5bbbe2267.webp\" alt=\"Pra\u00e7a S\u00e3o Tiago Maior, rodeada por \u00e1rvores e com\u00e9rcios, dando destaque para a escultura de S\u00e3o Tiago.\" width=\"1200\" height=\"900\" srcset=\"data:image\/svg+xml,%3Csvg%20xmlns%3D%27http%3A%2F%2Fwww.w3.org%2F2000%2Fsvg%27%20width%3D%271200%27%20height%3D%27900%27%20viewBox%3D%270%200%201200%20900%27%3E%3Crect%20width%3D%271200%27%20height%3D%27900%27%20fill-opacity%3D%220%22%2F%3E%3C%2Fsvg%3E\" data-srcset=\"https:\/\/www.carroaluguel.com\/blog\/wp-content\/uploads\/2023\/12\/hospedagem-juazeiro-656f5bbbe2267-200x150.webp 200w, https:\/\/www.carroaluguel.com\/blog\/wp-content\/uploads\/2023\/12\/hospedagem-juazeiro-656f5bbbe2267-300x225.webp 300w, https:\/\/www.carroaluguel.com\/blog\/wp-content\/uploads\/2023\/12\/hospedagem-juazeiro-656f5bbbe2267-400x300.webp 400w, https:\/\/www.carroaluguel.com\/blog\/wp-content\/uploads\/2023\/12\/hospedagem-juazeiro-656f5bbbe2267-600x450.webp 600w, https:\/\/www.carroaluguel.com\/blog\/wp-content\/uploads\/2023\/12\/hospedagem-juazeiro-656f5bbbe2267-768x576.webp 768w, https:\/\/www.carroaluguel.com\/blog\/wp-content\/uploads\/2023\/12\/hospedagem-juazeiro-656f5bbbe2267-800x600.webp 800w, https:\/\/www.carroaluguel.com\/blog\/wp-content\/uploads\/2023\/12\/hospedagem-juazeiro-656f5bbbe2267-1024x768.webp 1024w, https:\/\/www.carroaluguel.com\/blog\/wp-content\/uploads\/2023\/12\/hospedagem-juazeiro-656f5bbbe2267.webp 1200w\" data-sizes=\"auto\" data-orig-sizes=\"(max-width: 1200px) 100vw, 1200px\" \/><p id=\"caption-attachment-10778\" class=\"wp-caption-text\">Escultura de S\u00e3o Tiago<\/p><\/div>\n<p><span data-contrast=\"none\">A <\/span><span data-contrast=\"none\">recente expans\u00e3o do mercado da constru\u00e7\u00e3o civil e do turismo aumentaram as possibilidades de hospedagem <\/span><span data-contrast=\"none\">em Juazeiro<\/span><span data-contrast=\"none\">.<\/span><span data-ccp-props=\"{&quot;134233117&quot;:false,&quot;134233118&quot;:false,&quot;201341983&quot;:0,&quot;335551550&quot;:6,&quot;335551620&quot;:6,&quot;335559738&quot;:0,&quot;335559739&quot;:300,&quot;335559740&quot;:259}\">\u00a0<\/span><\/p>\n<p><span data-contrast=\"none\">Hot\u00e9is <\/span><span data-contrast=\"none\">e pousadas <\/span><span data-contrast=\"none\">espalhados pelo munic\u00edpio podem ser facilmente encontrados para <\/span><span data-contrast=\"none\">uma <\/span><span data-contrast=\"none\">pernoite <\/span><span data-contrast=\"none\">tranquila<\/span><span data-contrast=\"none\">. Mesmo se voc\u00ea n\u00e3o conseguiu fazer reservas previamente, \u00e9 prov\u00e1vel que <\/span><span data-contrast=\"none\">encontre um quarto para <\/span><span data-contrast=\"none\">se acomodar com a fam\u00edlia ou amigos.<\/span><span data-ccp-props=\"{&quot;134233117&quot;:false,&quot;134233118&quot;:false,&quot;201341983&quot;:0,&quot;335551550&quot;:6,&quot;335551620&quot;:6,&quot;335559738&quot;:0,&quot;335559739&quot;:300,&quot;335559740&quot;:259}\">\u00a0<\/span><\/p>\n<h3><span class=\"TextRun SCXW162100162 BCX0\" lang=\"PT-PT\" xml:lang=\"PT-PT\" data-contrast=\"none\"><span class=\"NormalTextRun SCXW162100162 BCX0\" data-ccp-parastyle=\"heading 3\">Relaxando em Piranhas<\/span><\/span><\/h3>\n<div id=\"attachment_10779\" style=\"width: 1210px\" class=\"wp-caption aligncenter\"><img decoding=\"async\" aria-describedby=\"caption-attachment-10779\" class=\"lazyload wp-image-10779 size-full\" src=\"https:\/\/www.carroaluguel.com\/blog\/wp-content\/uploads\/2023\/12\/hospedagem-piranhas-656f5bbe34173.webp\" data-orig-src=\"https:\/\/www.carroaluguel.com\/blog\/wp-content\/uploads\/2023\/12\/hospedagem-piranhas-656f5bbe34173.webp\" alt=\"Casar\u00f5es coloniais no centro hist\u00f3rico de Piranhas. Rua tranquila e o c\u00e9u azul contrastando com as constru\u00e7\u00f5es coloridas.\" width=\"1200\" height=\"900\" srcset=\"data:image\/svg+xml,%3Csvg%20xmlns%3D%27http%3A%2F%2Fwww.w3.org%2F2000%2Fsvg%27%20width%3D%271200%27%20height%3D%27900%27%20viewBox%3D%270%200%201200%20900%27%3E%3Crect%20width%3D%271200%27%20height%3D%27900%27%20fill-opacity%3D%220%22%2F%3E%3C%2Fsvg%3E\" data-srcset=\"https:\/\/www.carroaluguel.com\/blog\/wp-content\/uploads\/2023\/12\/hospedagem-piranhas-656f5bbe34173-200x150.webp 200w, https:\/\/www.carroaluguel.com\/blog\/wp-content\/uploads\/2023\/12\/hospedagem-piranhas-656f5bbe34173-300x225.webp 300w, https:\/\/www.carroaluguel.com\/blog\/wp-content\/uploads\/2023\/12\/hospedagem-piranhas-656f5bbe34173-400x300.webp 400w, https:\/\/www.carroaluguel.com\/blog\/wp-content\/uploads\/2023\/12\/hospedagem-piranhas-656f5bbe34173-600x450.webp 600w, https:\/\/www.carroaluguel.com\/blog\/wp-content\/uploads\/2023\/12\/hospedagem-piranhas-656f5bbe34173-768x576.webp 768w, https:\/\/www.carroaluguel.com\/blog\/wp-content\/uploads\/2023\/12\/hospedagem-piranhas-656f5bbe34173-800x600.webp 800w, https:\/\/www.carroaluguel.com\/blog\/wp-content\/uploads\/2023\/12\/hospedagem-piranhas-656f5bbe34173-1024x768.webp 1024w, https:\/\/www.carroaluguel.com\/blog\/wp-content\/uploads\/2023\/12\/hospedagem-piranhas-656f5bbe34173.webp 1200w\" data-sizes=\"auto\" data-orig-sizes=\"(max-width: 1200px) 100vw, 1200px\" \/><p id=\"caption-attachment-10779\" class=\"wp-caption-text\">Centro Hist\u00f3rico<\/p><\/div>\n<p><span data-contrast=\"none\">Ao visitar o C\u00e2nion do Xing\u00f3, <\/span><span data-contrast=\"none\">lembre-se que Canind\u00e9 tem menos <\/span><span data-contrast=\"none\">op\u00e7\u00f5es de acomoda\u00e7\u00f5es. <\/span><span data-contrast=\"none\">Caso queira pernoitar na cidade, o ideal \u00e9 reservar com anteced\u00eancia.<\/span><span data-ccp-props=\"{&quot;134233117&quot;:false,&quot;134233118&quot;:false,&quot;201341983&quot;:0,&quot;335551550&quot;:6,&quot;335551620&quot;:6,&quot;335559738&quot;:0,&quot;335559739&quot;:300,&quot;335559740&quot;:259}\">\u00a0<\/span><\/p>\n<p><span data-contrast=\"none\">Em Piranhas, que fica bem ao lado, voc\u00ea conseguir\u00e1 encontrar hostels, hot\u00e9is e pousadas <\/span><span data-contrast=\"none\">em maior n\u00famero e <\/span><span data-contrast=\"none\">mais completas<\/span><span data-contrast=\"none\">. Al\u00e9m disso, <\/span><span data-contrast=\"none\">durante <\/span><span data-contrast=\"none\">a noite o centro da cidade se acende e torna-se um \u00f3timo lugar para tomar uma cervejinha e dan\u00e7ar forr\u00f3.<\/span><span data-ccp-props=\"{&quot;134233117&quot;:false,&quot;134233118&quot;:false,&quot;201341983&quot;:0,&quot;335551550&quot;:6,&quot;335551620&quot;:6,&quot;335559738&quot;:0,&quot;335559739&quot;:300,&quot;335559740&quot;:259}\">\u00a0<\/span><\/p>\n<h3><span class=\"TextRun SCXW2595246 BCX0\" lang=\"PT-PT\" xml:lang=\"PT-PT\" data-contrast=\"none\"><span class=\"NormalTextRun SCXW2595246 BCX0\" data-ccp-parastyle=\"heading 3\">Hospedagens alternativas<\/span><\/span><\/h3>\n<p><span data-contrast=\"none\">Se voc\u00ea gosta de uma viagem mais alternativa, uma op\u00e7\u00e3o vi\u00e1vel \u00e9 encontrar pouso em casas de fam\u00edlias ao longo do percurso.<\/span><span data-ccp-props=\"{&quot;134233117&quot;:false,&quot;134233118&quot;:false,&quot;201341983&quot;:0,&quot;335551550&quot;:6,&quot;335551620&quot;:6,&quot;335559738&quot;:0,&quot;335559739&quot;:300,&quot;335559740&quot;:259}\">\u00a0<\/span><\/p>\n<p><span data-contrast=\"none\">Seja nas cidades ou vilas do roteiro, \u00e9 bastante comum encontrar ambientes familiares que alugam quartos por algumas noites. Muitas, inclusive, servem refei\u00e7\u00f5es t\u00edpicas do lugar. Essa \u00e9 uma boa oportunidade para entrar em contato com a cultura e com o dia a dia das pessoas nativas.<\/span><span data-ccp-props=\"{&quot;134233117&quot;:false,&quot;134233118&quot;:false,&quot;201341983&quot;:0,&quot;335551550&quot;:6,&quot;335551620&quot;:6,&quot;335559738&quot;:0,&quot;335559739&quot;:300,&quot;335559740&quot;:259}\">\u00a0<\/span><\/p>\n<h2><span class=\"TextRun SCXW38491910 BCX0\" lang=\"PT-PT\" xml:lang=\"PT-PT\" data-contrast=\"none\"><span class=\"NormalTextRun SCXW38491910 BCX0\" data-ccp-parastyle=\"heading 2\">Saiba por que fazer a viagem de carro<\/span><\/span><\/h2>\n<div id=\"attachment_10785\" style=\"width: 1210px\" class=\"wp-caption aligncenter\"><img decoding=\"async\" aria-describedby=\"caption-attachment-10785\" class=\"lazyload wp-image-10785 size-full\" src=\"https:\/\/www.carroaluguel.com\/blog\/wp-content\/uploads\/2023\/12\/porque-ir-de-carro-656f5ba80238d.webp\" data-orig-src=\"https:\/\/www.carroaluguel.com\/blog\/wp-content\/uploads\/2023\/12\/porque-ir-de-carro-656f5ba80238d.webp\" alt=\"Mulher e homem, ambos dentro de um autom\u00f3vel, visualizam o que seria um mapa. Detalhe para o teto solar do carro e a vegeta\u00e7\u00e3o do lado de fora.\" width=\"1200\" height=\"900\" srcset=\"data:image\/svg+xml,%3Csvg%20xmlns%3D%27http%3A%2F%2Fwww.w3.org%2F2000%2Fsvg%27%20width%3D%271200%27%20height%3D%27900%27%20viewBox%3D%270%200%201200%20900%27%3E%3Crect%20width%3D%271200%27%20height%3D%27900%27%20fill-opacity%3D%220%22%2F%3E%3C%2Fsvg%3E\" data-srcset=\"https:\/\/www.carroaluguel.com\/blog\/wp-content\/uploads\/2023\/12\/porque-ir-de-carro-656f5ba80238d-200x150.webp 200w, https:\/\/www.carroaluguel.com\/blog\/wp-content\/uploads\/2023\/12\/porque-ir-de-carro-656f5ba80238d-300x225.webp 300w, https:\/\/www.carroaluguel.com\/blog\/wp-content\/uploads\/2023\/12\/porque-ir-de-carro-656f5ba80238d-400x300.webp 400w, https:\/\/www.carroaluguel.com\/blog\/wp-content\/uploads\/2023\/12\/porque-ir-de-carro-656f5ba80238d-600x450.webp 600w, https:\/\/www.carroaluguel.com\/blog\/wp-content\/uploads\/2023\/12\/porque-ir-de-carro-656f5ba80238d-768x576.webp 768w, https:\/\/www.carroaluguel.com\/blog\/wp-content\/uploads\/2023\/12\/porque-ir-de-carro-656f5ba80238d-800x600.webp 800w, https:\/\/www.carroaluguel.com\/blog\/wp-content\/uploads\/2023\/12\/porque-ir-de-carro-656f5ba80238d-1024x768.webp 1024w, https:\/\/www.carroaluguel.com\/blog\/wp-content\/uploads\/2023\/12\/porque-ir-de-carro-656f5ba80238d.webp 1200w\" data-sizes=\"auto\" data-orig-sizes=\"(max-width: 1200px) 100vw, 1200px\" \/><p id=\"caption-attachment-10785\" class=\"wp-caption-text\">Flexibilidade para escolher as melhores rotas<\/p><\/div>\n<p><span data-contrast=\"none\">A melhor forma de turismo no Rio S\u00e3o Francisco \u00e9 de carro. <\/span><a href=\"https:\/\/www.carroaluguel.com\/blog\/2016\/08\/08\/viajar-de-carro\/\"><span data-contrast=\"none\">Com o autom\u00f3vel voc\u00ea t\u00eam mais flexibilidade<\/span><\/a>\u00a0<span data-contrast=\"none\">diante d<\/span><span data-contrast=\"none\">o roteiro e consegue chegar sem preocupa\u00e7\u00f5es em algumas atra\u00e7\u00f5es tur\u00edsticas que n\u00e3o s\u00e3o de f\u00e1cil acesso.<\/span><span data-ccp-props=\"{&quot;134233117&quot;:false,&quot;134233118&quot;:false,&quot;201341983&quot;:0,&quot;335551550&quot;:6,&quot;335551620&quot;:6,&quot;335559738&quot;:0,&quot;335559739&quot;:300,&quot;335559740&quot;:259}\">\u00a0<\/span><\/p>\n<p><span data-contrast=\"none\">Al\u00e9m disso, <\/span><span data-contrast=\"none\">torna-se poss\u00edvel <\/span><span data-contrast=\"none\">levar <\/span><span data-contrast=\"none\">equipamentos essenciais, como itens <\/span><span data-contrast=\"none\">para fazer trilhas, a quantidade adequada de roupas<\/span><span data-contrast=\"none\">, al\u00e9m d<\/span><span data-contrast=\"none\">e ficar sem <\/span><span data-contrast=\"none\">aquele <\/span><span data-contrast=\"none\">medo de encher a mala com artigos e presentes <\/span><span data-contrast=\"none\">adquiridos <\/span><span data-contrast=\"none\">ao longo do trajeto.<\/span><span data-ccp-props=\"{&quot;134233117&quot;:false,&quot;134233118&quot;:false,&quot;201341983&quot;:0,&quot;335551550&quot;:6,&quot;335551620&quot;:6,&quot;335559738&quot;:0,&quot;335559739&quot;:300,&quot;335559740&quot;:259}\">\u00a0<\/span><\/p>\n<p><span data-contrast=\"none\">Se voc\u00ea n\u00e3o tem um carro, ou n\u00e3o quer usar seu <\/span><span data-contrast=\"none\">para fazer esse roteiro, uma solu\u00e7\u00e3o \u00e9 <\/span><a href=\"https:\/\/www.carroaluguel.com\/\"><span data-contrast=\"none\">alugar um ve\u00edculo<\/span><\/a><span data-contrast=\"none\"> durante os dias da viagem. Assim, voc\u00ea <\/span><span data-contrast=\"none\">percorre o trajeto proposto <\/span><span data-contrast=\"none\">sem muitas preocupa\u00e7\u00f5es!<\/span><span data-ccp-props=\"{&quot;134233117&quot;:false,&quot;134233118&quot;:false,&quot;201341983&quot;:0,&quot;335551550&quot;:6,&quot;335551620&quot;:6,&quot;335559738&quot;:0,&quot;335559739&quot;:300,&quot;335559740&quot;:259}\">\u00a0<\/span><\/p>\n<p><span data-contrast=\"none\">Para saber mais, leia nossas dicas de como preparar e planejar uma <\/span><a href=\"https:\/\/www.carroaluguel.com\/blog\/2016\/04\/19\/guia-viagem-de-carro-em-seguranca\/\"><span data-contrast=\"none\">viagem de carro com seguran\u00e7a<\/span><span data-contrast=\"none\">.<\/span><\/a><span data-ccp-props=\"{&quot;134233117&quot;:false,&quot;134233118&quot;:false,&quot;201341983&quot;:0,&quot;335551550&quot;:6,&quot;335551620&quot;:6,&quot;335559738&quot;:0,&quot;335559739&quot;:300,&quot;335559740&quot;:259}\">\u00a0<\/span><\/p>\n<h2><span class=\"TextRun SCXW119446118 BCX0\" lang=\"PT-PT\" xml:lang=\"PT-PT\" data-contrast=\"none\"><span class=\"NormalTextRun SCXW119446118 BCX0\" data-ccp-parastyle=\"heading 2\">Aprenda como tra\u00e7ar a rota<\/span><\/span><\/h2>\n<div id=\"attachment_10775\" style=\"width: 1210px\" class=\"wp-caption aligncenter\"><img decoding=\"async\" aria-describedby=\"caption-attachment-10775\" class=\"lazyload wp-image-10775 size-full\" src=\"https:\/\/www.carroaluguel.com\/blog\/wp-content\/uploads\/2023\/12\/como-tracar-rotas-656f5bb9678a3.webp\" data-orig-src=\"https:\/\/www.carroaluguel.com\/blog\/wp-content\/uploads\/2023\/12\/como-tracar-rotas-656f5bb9678a3.webp\" alt=\"Duas mulheres, ambas dentro de um carro, observam a imagem em destaque no celular, comparando-a com um mapa que segue na m\u00e3o da passageira.\" width=\"1200\" height=\"900\" srcset=\"data:image\/svg+xml,%3Csvg%20xmlns%3D%27http%3A%2F%2Fwww.w3.org%2F2000%2Fsvg%27%20width%3D%271200%27%20height%3D%27900%27%20viewBox%3D%270%200%201200%20900%27%3E%3Crect%20width%3D%271200%27%20height%3D%27900%27%20fill-opacity%3D%220%22%2F%3E%3C%2Fsvg%3E\" data-srcset=\"https:\/\/www.carroaluguel.com\/blog\/wp-content\/uploads\/2023\/12\/como-tracar-rotas-656f5bb9678a3-200x150.webp 200w, https:\/\/www.carroaluguel.com\/blog\/wp-content\/uploads\/2023\/12\/como-tracar-rotas-656f5bb9678a3-300x225.webp 300w, https:\/\/www.carroaluguel.com\/blog\/wp-content\/uploads\/2023\/12\/como-tracar-rotas-656f5bb9678a3-400x300.webp 400w, https:\/\/www.carroaluguel.com\/blog\/wp-content\/uploads\/2023\/12\/como-tracar-rotas-656f5bb9678a3-600x450.webp 600w, https:\/\/www.carroaluguel.com\/blog\/wp-content\/uploads\/2023\/12\/como-tracar-rotas-656f5bb9678a3-768x576.webp 768w, https:\/\/www.carroaluguel.com\/blog\/wp-content\/uploads\/2023\/12\/como-tracar-rotas-656f5bb9678a3-800x600.webp 800w, https:\/\/www.carroaluguel.com\/blog\/wp-content\/uploads\/2023\/12\/como-tracar-rotas-656f5bb9678a3-1024x768.webp 1024w, https:\/\/www.carroaluguel.com\/blog\/wp-content\/uploads\/2023\/12\/como-tracar-rotas-656f5bb9678a3.webp 1200w\" data-sizes=\"auto\" data-orig-sizes=\"(max-width: 1200px) 100vw, 1200px\" \/><p id=\"caption-attachment-10775\" class=\"wp-caption-text\">Planejando destinos tur\u00edsticos<\/p><\/div>\n<p><span class=\"TextRun Highlight SCXW49072111 BCX0\" lang=\"PT-PT\" xml:lang=\"PT-PT\" data-contrast=\"auto\"><span class=\"NormalTextRun SCXW49072111 BCX0\">S\u00e3o tantos lugares para percorrer que parece at\u00e9 dif\u00edcil planejar em quais cidades parar para as devidas refei\u00e7\u00f5es, que lugares conhecer, ou mesmo onde pernoitar.<\/span><span class=\"NormalTextRun SCXW49072111 BCX0\"> Elaboramos uma rota bastante eficaz para todos que desejam fazer turismo no Rio S\u00e3o Francisco. Veja:<\/span><\/span><span class=\"EOP SCXW49072111 BCX0\" data-ccp-props=\"{&quot;201341983&quot;:0,&quot;335559739&quot;:160,&quot;335559740&quot;:259}\">\u00a0<\/span><\/p>\n<h3><span class=\"TextRun SCXW91997843 BCX0\" lang=\"PT-PT\" xml:lang=\"PT-PT\" data-contrast=\"none\"><span class=\"NormalTextRun SCXW91997843 BCX0\" data-ccp-parastyle=\"heading 3\">S\u00e3o Roque de Minas (Minas Gerais)<\/span><\/span><\/h3>\n<p><span data-contrast=\"none\">O ponto de partida \u00e9 S\u00e3o Roque de Minas, onde est\u00e1 a nascente do Rio e a Serra da Canastra, <\/span><span data-contrast=\"none\">essa <\/span><span data-contrast=\"none\">cheia de atrativos naturais. Al\u00e9m do ecoturismo, voc\u00ea pode dar um passeio pelas charmosas ruas do munic\u00edpio mineiro.<\/span><span data-ccp-props=\"{&quot;134233117&quot;:false,&quot;134233118&quot;:false,&quot;201341983&quot;:0,&quot;335551550&quot;:6,&quot;335551620&quot;:6,&quot;335559738&quot;:0,&quot;335559739&quot;:300,&quot;335559740&quot;:259}\">\u00a0<\/span><\/p>\n<p><span data-contrast=\"none\">\u00c9 poss\u00edvel <\/span><span data-contrast=\"none\">ficar um dia todo na regi\u00e3o para aproveitar tudo com calma. Ap\u00f3s a pernoite, saia pela manh\u00e3 em dire\u00e7\u00e3o a Pirapora. Para isso, pegue a BR-354 at\u00e9 Patos de Minas. De l\u00e1, <\/span><span data-contrast=\"none\">utilize <\/span><span data-contrast=\"none\">a BR-365 at\u00e9 <\/span><span data-contrast=\"none\">o destino proposto<\/span><span data-contrast=\"none\">.<\/span><span data-contrast=\"none\"> De carro, s\u00e3o<\/span><span data-contrast=\"none\">,<\/span><span data-contrast=\"none\"> em m\u00e9dia<\/span><span data-contrast=\"none\">,<\/span><span data-contrast=\"none\"> 7 horas de viagem.<\/span><span data-ccp-props=\"{&quot;134233117&quot;:false,&quot;134233118&quot;:false,&quot;201341983&quot;:0,&quot;335551550&quot;:6,&quot;335551620&quot;:6,&quot;335559738&quot;:0,&quot;335559739&quot;:300,&quot;335559740&quot;:259}\">\u00a0<\/span><\/p>\n<h3><span class=\"TextRun SCXW38941352 BCX0\" lang=\"PT-PT\" xml:lang=\"PT-PT\" data-contrast=\"none\"><span class=\"NormalTextRun SCXW38941352 BCX0\" data-ccp-parastyle=\"heading 3\">Pirapora (Minas Gerais)<\/span><\/span><\/h3>\n<p><span class=\"TextRun SCXW249481022 BCX0\" lang=\"PT-PT\" xml:lang=\"PT-PT\" data-contrast=\"none\"><span class=\"NormalTextRun SCXW249481022 BCX0\">Em Pirapora voc\u00ea pode conhecer as pequenas<\/span><span class=\"NormalTextRun SCXW249481022 BCX0\"> praias formadas no leito do S\u00e3o Francisco<\/span><span class=\"NormalTextRun SCXW249481022 BCX0\"> e navegar a bordo do Benjamim Guimar\u00e3es, um dos \u00fanicos <\/span><span class=\"NormalTextRun SCXW249481022 BCX0\">barcos a vapor<\/span><span class=\"NormalTextRun SCXW249481022 BCX0\"> naveg\u00e1veis do mundo.<\/span> <\/span><span class=\"TextRun Highlight SCXW249481022 BCX0\" lang=\"PT-PT\" xml:lang=\"PT-PT\" data-contrast=\"none\"><span class=\"NormalTextRun SCXW249481022 BCX0\">Entre tripulantes e passageiros, o barco comporta at\u00e9 140 pessoas e navega pelo rio, lago e correnteza sem a <\/span><span class=\"NormalTextRun SCXW249481022 BCX0\">presen\u00e7<\/span><span class=\"NormalTextRun SCXW249481022 BCX0\">a dos ventos fortes.<\/span><\/span><span class=\"EOP SCXW249481022 BCX0\" data-ccp-props=\"{&quot;134233117&quot;:false,&quot;134233118&quot;:false,&quot;201341983&quot;:0,&quot;335551550&quot;:6,&quot;335551620&quot;:6,&quot;335559738&quot;:0,&quot;335559739&quot;:300,&quot;335559740&quot;:259}\">\u00a0<\/span><\/p>\n<h3><span class=\"NormalTextRun SCXW223536974 BCX0\">Bom Jesus da Lapa (<\/span><span class=\"NormalTextRun SCXW223536974 BCX0\">Bahia<\/span><span class=\"NormalTextRun SCXW223536974 BCX0\">)\u00a0<\/span><\/h3>\n<div id=\"attachment_10786\" style=\"width: 1210px\" class=\"wp-caption aligncenter\"><img decoding=\"async\" aria-describedby=\"caption-attachment-10786\" class=\"lazyload wp-image-10786 size-full\" src=\"https:\/\/www.carroaluguel.com\/blog\/wp-content\/uploads\/2023\/12\/rota-bom-jesus-da-lapa-656f5ba86ea3f.webp\" data-orig-src=\"https:\/\/www.carroaluguel.com\/blog\/wp-content\/uploads\/2023\/12\/rota-bom-jesus-da-lapa-656f5ba86ea3f.webp\" alt=\"Estrutura da Ponte Gercino Coelho em destaque sobre o Rio S\u00e3o Francisco. Ao fundo h\u00e1 um morro. O c\u00e9u encontra-se azul com forma\u00e7\u00e3o de poucas nuvens.\" width=\"1200\" height=\"900\" srcset=\"data:image\/svg+xml,%3Csvg%20xmlns%3D%27http%3A%2F%2Fwww.w3.org%2F2000%2Fsvg%27%20width%3D%271200%27%20height%3D%27900%27%20viewBox%3D%270%200%201200%20900%27%3E%3Crect%20width%3D%271200%27%20height%3D%27900%27%20fill-opacity%3D%220%22%2F%3E%3C%2Fsvg%3E\" data-srcset=\"https:\/\/www.carroaluguel.com\/blog\/wp-content\/uploads\/2023\/12\/rota-bom-jesus-da-lapa-656f5ba86ea3f-200x150.webp 200w, https:\/\/www.carroaluguel.com\/blog\/wp-content\/uploads\/2023\/12\/rota-bom-jesus-da-lapa-656f5ba86ea3f-300x225.webp 300w, https:\/\/www.carroaluguel.com\/blog\/wp-content\/uploads\/2023\/12\/rota-bom-jesus-da-lapa-656f5ba86ea3f-400x300.webp 400w, https:\/\/www.carroaluguel.com\/blog\/wp-content\/uploads\/2023\/12\/rota-bom-jesus-da-lapa-656f5ba86ea3f-600x450.webp 600w, https:\/\/www.carroaluguel.com\/blog\/wp-content\/uploads\/2023\/12\/rota-bom-jesus-da-lapa-656f5ba86ea3f-768x576.webp 768w, https:\/\/www.carroaluguel.com\/blog\/wp-content\/uploads\/2023\/12\/rota-bom-jesus-da-lapa-656f5ba86ea3f-800x600.webp 800w, https:\/\/www.carroaluguel.com\/blog\/wp-content\/uploads\/2023\/12\/rota-bom-jesus-da-lapa-656f5ba86ea3f-1024x768.webp 1024w, https:\/\/www.carroaluguel.com\/blog\/wp-content\/uploads\/2023\/12\/rota-bom-jesus-da-lapa-656f5ba86ea3f.webp 1200w\" data-sizes=\"auto\" data-orig-sizes=\"(max-width: 1200px) 100vw, 1200px\" \/><p id=\"caption-attachment-10786\" class=\"wp-caption-text\">Ponte Gercino Coelho<\/p><\/div>\n<p><span data-contrast=\"none\">Saindo de Pirapora, seu pr\u00f3ximo destino <\/span><span data-contrast=\"none\">pode ser<\/span><span data-contrast=\"none\"> Bom Jesus da Lapa. Voc\u00ea deve seguir na BR-365 at\u00e9 a altura do munic\u00edpio de S\u00e3o Jo\u00e3o da Lagoa. Entre na MG-251, passando pelo munic\u00edpio de Cora\u00e7\u00e3o de Jesus e pegando a rodovia 654. Seguindo ela voc\u00ea vai cair direto na MG-202, ent\u00e3o \u00e9 s\u00f3 seguir na dire\u00e7\u00e3o do munic\u00edpio de Bras\u00edlia de Minas.<\/span><span data-ccp-props=\"{&quot;134233117&quot;:false,&quot;134233118&quot;:false,&quot;201341983&quot;:0,&quot;335551550&quot;:6,&quot;335551620&quot;:6,&quot;335559738&quot;:0,&quot;335559739&quot;:300,&quot;335559740&quot;:259}\">\u00a0<\/span><\/p>\n<p><span data-contrast=\"none\">Siga na BR-135 e posteriormente a BR-030. Assim que atravessar a fronteira de Minas e Bahia, siga at\u00e9 Carinhanha, um munic\u00edpio que fica no leito do \u201cVelho Chico\u201d.<\/span><span data-ccp-props=\"{&quot;134233117&quot;:false,&quot;134233118&quot;:false,&quot;201341983&quot;:0,&quot;335551550&quot;:6,&quot;335551620&quot;:6,&quot;335559738&quot;:0,&quot;335559739&quot;:300,&quot;335559740&quot;:259}\">\u00a0<\/span><\/p>\n<p><span data-contrast=\"none\">Em solo baiano, siga a BA-161 at\u00e9 a BR-349, que vai te deixar em Bom Jesus da Lapa. O trajeto todo pode ser percorrido com uma m\u00e9dia de 9 horas de viagem.<\/span><span data-ccp-props=\"{&quot;134233117&quot;:false,&quot;134233118&quot;:false,&quot;201341983&quot;:0,&quot;335551550&quot;:6,&quot;335551620&quot;:6,&quot;335559738&quot;:0,&quot;335559739&quot;:300,&quot;335559740&quot;:259}\">\u00a0<\/span><\/p>\n<h3><span class=\"TextRun SCXW58343074 BCX0\" lang=\"PT-PT\" xml:lang=\"PT-PT\" data-contrast=\"none\"><span class=\"NormalTextRun SCXW58343074 BCX0\" data-ccp-parastyle=\"heading 3\">Remanso (Bahia)<\/span><\/span><\/h3>\n<div id=\"attachment_10791\" style=\"width: 1210px\" class=\"wp-caption aligncenter\"><img decoding=\"async\" aria-describedby=\"caption-attachment-10791\" class=\"lazyload wp-image-10791 size-full\" src=\"https:\/\/www.carroaluguel.com\/blog\/wp-content\/uploads\/2023\/12\/rotas-remanso-656f5baf440af.webp\" data-orig-src=\"https:\/\/www.carroaluguel.com\/blog\/wp-content\/uploads\/2023\/12\/rotas-remanso-656f5baf440af.webp\" alt=\"\u00c1rvore t\u00edpica da regi\u00e3o \u00e9 destaque em vilarejo de Remanso, envolta de outras vegeta\u00e7\u00f5es e casas ao fundo. H\u00e1 uma pessoa circulando de bicicleta pelo local.\" width=\"1200\" height=\"900\" srcset=\"data:image\/svg+xml,%3Csvg%20xmlns%3D%27http%3A%2F%2Fwww.w3.org%2F2000%2Fsvg%27%20width%3D%271200%27%20height%3D%27900%27%20viewBox%3D%270%200%201200%20900%27%3E%3Crect%20width%3D%271200%27%20height%3D%27900%27%20fill-opacity%3D%220%22%2F%3E%3C%2Fsvg%3E\" data-srcset=\"https:\/\/www.carroaluguel.com\/blog\/wp-content\/uploads\/2023\/12\/rotas-remanso-656f5baf440af-200x150.webp 200w, https:\/\/www.carroaluguel.com\/blog\/wp-content\/uploads\/2023\/12\/rotas-remanso-656f5baf440af-300x225.webp 300w, https:\/\/www.carroaluguel.com\/blog\/wp-content\/uploads\/2023\/12\/rotas-remanso-656f5baf440af-400x300.webp 400w, https:\/\/www.carroaluguel.com\/blog\/wp-content\/uploads\/2023\/12\/rotas-remanso-656f5baf440af-600x450.webp 600w, https:\/\/www.carroaluguel.com\/blog\/wp-content\/uploads\/2023\/12\/rotas-remanso-656f5baf440af-768x576.webp 768w, https:\/\/www.carroaluguel.com\/blog\/wp-content\/uploads\/2023\/12\/rotas-remanso-656f5baf440af-800x600.webp 800w, https:\/\/www.carroaluguel.com\/blog\/wp-content\/uploads\/2023\/12\/rotas-remanso-656f5baf440af-1024x768.webp 1024w, https:\/\/www.carroaluguel.com\/blog\/wp-content\/uploads\/2023\/12\/rotas-remanso-656f5baf440af.webp 1200w\" data-sizes=\"auto\" data-orig-sizes=\"(max-width: 1200px) 100vw, 1200px\" \/><p id=\"caption-attachment-10791\" class=\"wp-caption-text\">Tranquilidade em Remanso<\/p><\/div>\n<p><span data-contrast=\"none\">Com mais 4 horas de viagem, saindo de Bom Jesus voc\u00ea vai chegar em Barreiras<\/span><span data-contrast=\"none\">, terra das cachoeiras e esportes radicais.<\/span><span data-ccp-props=\"{&quot;134233117&quot;:false,&quot;134233118&quot;:false,&quot;201341983&quot;:0,&quot;335551550&quot;:6,&quot;335551620&quot;:6,&quot;335559738&quot;:0,&quot;335559739&quot;:300,&quot;335559740&quot;:259}\">\u00a0<\/span><\/p>\n<p><span data-contrast=\"none\">Se voc\u00ea optar pela BR-349, vai passar por S\u00e3o Desid\u00e9rio, cidadezinha encantadora e charmosa que fica ao lado de Barreiras. \u00c9 ideal que voc\u00ea <\/span><span data-contrast=\"none\">permane\u00e7a por<\/span><span data-contrast=\"none\"> pelo menos um dia inteiro conhecendo as duas cidades.<\/span><span data-ccp-props=\"{&quot;134233117&quot;:false,&quot;134233118&quot;:false,&quot;201341983&quot;:0,&quot;335551550&quot;:6,&quot;335551620&quot;:6,&quot;335559738&quot;:0,&quot;335559739&quot;:300,&quot;335559740&quot;:259}\">\u00a0<\/span><\/p>\n<p><span data-contrast=\"none\">Voc\u00ea <\/span><span data-contrast=\"none\">pode seguir pela BR-135 <\/span><span data-contrast=\"none\">rumo a Remanso<\/span><span data-contrast=\"none\">. Nesse trajeto, de 11 horas <\/span><span data-contrast=\"none\">de<\/span><span data-contrast=\"none\"> viagem, <\/span><span data-contrast=\"none\">\u00e9 poss\u00edvel vislumbrar <\/span><span data-contrast=\"none\">pela janela do carro a <\/span><span data-contrast=\"none\">incr\u00edvel <\/span><span data-contrast=\"none\">paisagem do sert\u00e3o nordestino. Os vilarejos e a vida da caatinga tomam forma na medida em que voc\u00ea avan\u00e7a no trajeto.<\/span><\/p>\n<h3><span class=\"TextRun SCXW254932334 BCX0\" lang=\"PT-PT\" xml:lang=\"PT-PT\" data-contrast=\"none\"><span class=\"NormalTextRun SCXW254932334 BCX0\" data-ccp-parastyle=\"heading 3\">Paulo Afonso (Bahia)<\/span><\/span><\/h3>\n<div id=\"attachment_10787\" style=\"width: 1210px\" class=\"wp-caption aligncenter\"><img decoding=\"async\" aria-describedby=\"caption-attachment-10787\" class=\"lazyload wp-image-10787 size-full\" src=\"https:\/\/www.carroaluguel.com\/blog\/wp-content\/uploads\/2023\/12\/rotas-paulo-afonso-656f5baa82fd5.webp\" data-orig-src=\"https:\/\/www.carroaluguel.com\/blog\/wp-content\/uploads\/2023\/12\/rotas-paulo-afonso-656f5baa82fd5.webp\" alt=\"\u00c0s margens do Rio S\u00e3o Francisco encontra-se Paulo Afonso. Na foto, vista a\u00e9rea destacando tamb\u00e9m o c\u00e9u com muitas nuvens.\" width=\"1200\" height=\"900\" srcset=\"data:image\/svg+xml,%3Csvg%20xmlns%3D%27http%3A%2F%2Fwww.w3.org%2F2000%2Fsvg%27%20width%3D%271200%27%20height%3D%27900%27%20viewBox%3D%270%200%201200%20900%27%3E%3Crect%20width%3D%271200%27%20height%3D%27900%27%20fill-opacity%3D%220%22%2F%3E%3C%2Fsvg%3E\" data-srcset=\"https:\/\/www.carroaluguel.com\/blog\/wp-content\/uploads\/2023\/12\/rotas-paulo-afonso-656f5baa82fd5-200x150.webp 200w, https:\/\/www.carroaluguel.com\/blog\/wp-content\/uploads\/2023\/12\/rotas-paulo-afonso-656f5baa82fd5-300x225.webp 300w, https:\/\/www.carroaluguel.com\/blog\/wp-content\/uploads\/2023\/12\/rotas-paulo-afonso-656f5baa82fd5-400x300.webp 400w, https:\/\/www.carroaluguel.com\/blog\/wp-content\/uploads\/2023\/12\/rotas-paulo-afonso-656f5baa82fd5-600x450.webp 600w, https:\/\/www.carroaluguel.com\/blog\/wp-content\/uploads\/2023\/12\/rotas-paulo-afonso-656f5baa82fd5-768x576.webp 768w, https:\/\/www.carroaluguel.com\/blog\/wp-content\/uploads\/2023\/12\/rotas-paulo-afonso-656f5baa82fd5-800x600.webp 800w, https:\/\/www.carroaluguel.com\/blog\/wp-content\/uploads\/2023\/12\/rotas-paulo-afonso-656f5baa82fd5-1024x768.webp 1024w, https:\/\/www.carroaluguel.com\/blog\/wp-content\/uploads\/2023\/12\/rotas-paulo-afonso-656f5baa82fd5.webp 1200w\" data-sizes=\"auto\" data-orig-sizes=\"(max-width: 1200px) 100vw, 1200px\" \/><p id=\"caption-attachment-10787\" class=\"wp-caption-text\">Imensid\u00e3o do Rio S\u00e3o Francisco<\/p><\/div>\n<p><span data-contrast=\"none\">Seguindo sua viagem, o pr\u00f3ximo destino \u00e9 Paulo Afonso, passando por Juazeiro e Petrolina. A rodovia atravessa pequenas cidades que cresceram <\/span><span data-contrast=\"none\">\u00e0 <\/span><span data-contrast=\"none\">beira do S\u00e3o Francisco e que guardam uma ess\u00eancia interiorana do sert\u00e3o.<\/span><span data-ccp-props=\"{&quot;134233117&quot;:false,&quot;134233118&quot;:false,&quot;201341983&quot;:0,&quot;335551550&quot;:6,&quot;335551620&quot;:6,&quot;335559738&quot;:0,&quot;335559739&quot;:300,&quot;335559740&quot;:259}\">\u00a0<\/span><\/p>\n<p><span data-contrast=\"none\">Paulo Afonso \u00e9 uma das ilhas do S\u00e3o Francisco que tem o entorno naveg\u00e1vel. Por isso, no munic\u00edpio criou-se um ambiente prop\u00edcio para a realiza\u00e7\u00e3o de esportes n\u00e1uticos e passeios de barco. Dois dias para visitar toda a cidade e curtir as atra\u00e7\u00f5es naturais s\u00e3o <\/span><span data-contrast=\"none\">ideais<\/span><span data-contrast=\"none\">.<\/span><span data-ccp-props=\"{&quot;134233117&quot;:false,&quot;134233118&quot;:false,&quot;201341983&quot;:0,&quot;335551550&quot;:6,&quot;335551620&quot;:6,&quot;335559738&quot;:0,&quot;335559739&quot;:300,&quot;335559740&quot;:259}\">\u00a0<\/span><\/p>\n<h3><span class=\"TextRun SCXW182593998 BCX0\" lang=\"PT-PT\" xml:lang=\"PT-PT\" data-contrast=\"none\"><span class=\"NormalTextRun SCXW182593998 BCX0\" data-ccp-parastyle=\"heading 3\">Piranhas (Alagoas)<\/span><\/span><\/h3>\n<div id=\"attachment_10790\" style=\"width: 1210px\" class=\"wp-caption aligncenter\"><img decoding=\"async\" aria-describedby=\"caption-attachment-10790\" class=\"lazyload wp-image-10790 size-full\" src=\"https:\/\/www.carroaluguel.com\/blog\/wp-content\/uploads\/2023\/12\/rotas-piranas-656f5bad7039b.webp\" data-orig-src=\"https:\/\/www.carroaluguel.com\/blog\/wp-content\/uploads\/2023\/12\/rotas-piranas-656f5bad7039b.webp\" alt=\"Algumas constru\u00e7\u00f5es de Piranhas, com escadarias e ruas calmas, margeiam o Rio S\u00e3o Francisco. Destaque para os pared\u00f5es ao fundo e c\u00e9u repleto de nuvens.\" width=\"1200\" height=\"900\" srcset=\"data:image\/svg+xml,%3Csvg%20xmlns%3D%27http%3A%2F%2Fwww.w3.org%2F2000%2Fsvg%27%20width%3D%271200%27%20height%3D%27900%27%20viewBox%3D%270%200%201200%20900%27%3E%3Crect%20width%3D%271200%27%20height%3D%27900%27%20fill-opacity%3D%220%22%2F%3E%3C%2Fsvg%3E\" data-srcset=\"https:\/\/www.carroaluguel.com\/blog\/wp-content\/uploads\/2023\/12\/rotas-piranas-656f5bad7039b-200x150.webp 200w, https:\/\/www.carroaluguel.com\/blog\/wp-content\/uploads\/2023\/12\/rotas-piranas-656f5bad7039b-300x225.webp 300w, https:\/\/www.carroaluguel.com\/blog\/wp-content\/uploads\/2023\/12\/rotas-piranas-656f5bad7039b-400x300.webp 400w, https:\/\/www.carroaluguel.com\/blog\/wp-content\/uploads\/2023\/12\/rotas-piranas-656f5bad7039b-600x450.webp 600w, https:\/\/www.carroaluguel.com\/blog\/wp-content\/uploads\/2023\/12\/rotas-piranas-656f5bad7039b-768x576.webp 768w, https:\/\/www.carroaluguel.com\/blog\/wp-content\/uploads\/2023\/12\/rotas-piranas-656f5bad7039b-800x600.webp 800w, https:\/\/www.carroaluguel.com\/blog\/wp-content\/uploads\/2023\/12\/rotas-piranas-656f5bad7039b-1024x768.webp 1024w, https:\/\/www.carroaluguel.com\/blog\/wp-content\/uploads\/2023\/12\/rotas-piranas-656f5bad7039b.webp 1200w\" data-sizes=\"auto\" data-orig-sizes=\"(max-width: 1200px) 100vw, 1200px\" \/><p id=\"caption-attachment-10790\" class=\"wp-caption-text\">Parte da cidade de Piranhas e o Rio S\u00e3o Francisco<\/p><\/div>\n<p><span data-contrast=\"none\">Ao sair do munic\u00edpio baiano de Paulo Afonso, siga por menos de 2 horas at\u00e9 o estado <\/span><span data-contrast=\"none\">de<\/span><span data-contrast=\"none\"> Alagoas com destino a Piranhas. L\u00e1<\/span><span data-contrast=\"none\">,<\/span><span data-contrast=\"none\"> voc\u00ea poder\u00e1 comprar artesanatos com bordados tradicionais e curtir <\/span><span data-contrast=\"none\">o<\/span>\u00a0<span data-contrast=\"none\">Xaxado, um dos ritmos do forr\u00f3<\/span><span data-contrast=\"none\">.<\/span><span data-ccp-props=\"{&quot;134233117&quot;:false,&quot;134233118&quot;:false,&quot;201341983&quot;:0,&quot;335551550&quot;:6,&quot;335551620&quot;:6,&quot;335559738&quot;:0,&quot;335559739&quot;:300,&quot;335559740&quot;:259}\">\u00a0<\/span><\/p>\n<p><span data-contrast=\"none\">\u00c9 de Piranhas que voc\u00ea ir\u00e1 para Canind\u00e9, onde fica o famoso C\u00e2nion do Xing\u00f3, em Sergipe. Depois de visitar o <\/span><span data-contrast=\"none\">local<\/span>\u00a0<span data-contrast=\"none\">e conhecer mais da hist\u00f3ria do Canga\u00e7o, a pr\u00f3xima parada \u00e9 Penedo<\/span><span data-contrast=\"none\">.<\/span><span data-ccp-props=\"{&quot;134233117&quot;:false,&quot;134233118&quot;:false,&quot;201341983&quot;:0,&quot;335551550&quot;:6,&quot;335551620&quot;:6,&quot;335559738&quot;:0,&quot;335559739&quot;:300,&quot;335559740&quot;:259}\">\u00a0<\/span><\/p>\n<h3><span class=\"TextRun SCXW130540829 BCX0\" lang=\"PT-PT\" xml:lang=\"PT-PT\" data-contrast=\"none\"><span class=\"NormalTextRun SCXW130540829 BCX0\" data-ccp-parastyle=\"heading 3\">Penedo (Alagoas)<\/span><\/span><\/h3>\n<div id=\"attachment_10788\" style=\"width: 1210px\" class=\"wp-caption aligncenter\"><img decoding=\"async\" aria-describedby=\"caption-attachment-10788\" class=\"lazyload wp-image-10788 size-full\" src=\"https:\/\/www.carroaluguel.com\/blog\/wp-content\/uploads\/2023\/12\/rotas-penendo-656f5baacd4b9.webp\" data-orig-src=\"https:\/\/www.carroaluguel.com\/blog\/wp-content\/uploads\/2023\/12\/rotas-penendo-656f5baacd4b9.webp\" alt=\"Um muro separa o Rio S\u00e3o Francisco do centro hist\u00f3rico de Penedo, em Alagoas. Ao fundo, podemos vislumbrar casar\u00f5es coloniais de dois andares, al\u00e9m da igreja Nossa Senhora da Corrente.\" width=\"1200\" height=\"900\" srcset=\"data:image\/svg+xml,%3Csvg%20xmlns%3D%27http%3A%2F%2Fwww.w3.org%2F2000%2Fsvg%27%20width%3D%271200%27%20height%3D%27900%27%20viewBox%3D%270%200%201200%20900%27%3E%3Crect%20width%3D%271200%27%20height%3D%27900%27%20fill-opacity%3D%220%22%2F%3E%3C%2Fsvg%3E\" data-srcset=\"https:\/\/www.carroaluguel.com\/blog\/wp-content\/uploads\/2023\/12\/rotas-penendo-656f5baacd4b9-200x150.webp 200w, https:\/\/www.carroaluguel.com\/blog\/wp-content\/uploads\/2023\/12\/rotas-penendo-656f5baacd4b9-300x225.webp 300w, https:\/\/www.carroaluguel.com\/blog\/wp-content\/uploads\/2023\/12\/rotas-penendo-656f5baacd4b9-400x300.webp 400w, https:\/\/www.carroaluguel.com\/blog\/wp-content\/uploads\/2023\/12\/rotas-penendo-656f5baacd4b9-600x450.webp 600w, https:\/\/www.carroaluguel.com\/blog\/wp-content\/uploads\/2023\/12\/rotas-penendo-656f5baacd4b9-768x576.webp 768w, https:\/\/www.carroaluguel.com\/blog\/wp-content\/uploads\/2023\/12\/rotas-penendo-656f5baacd4b9-800x600.webp 800w, https:\/\/www.carroaluguel.com\/blog\/wp-content\/uploads\/2023\/12\/rotas-penendo-656f5baacd4b9-1024x768.webp 1024w, https:\/\/www.carroaluguel.com\/blog\/wp-content\/uploads\/2023\/12\/rotas-penendo-656f5baacd4b9.webp 1200w\" data-sizes=\"auto\" data-orig-sizes=\"(max-width: 1200px) 100vw, 1200px\" \/><p id=\"caption-attachment-10788\" class=\"wp-caption-text\">Centro Hist\u00f3rico de Penedo<\/p><\/div>\n<p><span data-contrast=\"none\">Aproximando<\/span><span data-contrast=\"none\">-se<\/span><span data-contrast=\"none\"> do final do curso do rio, voc\u00ea deve seguir para Penedo, munic\u00edpio alagoano que se desenvolveu na beira do S\u00e3o Francisco e \u00e9 ber\u00e7o da hist\u00f3ria e tradi\u00e7\u00e3o nordestina. As constru\u00e7\u00f5es barrocas do s\u00e9culo 17 e 18 fazem de Penedo uma das mais belas cidades hist\u00f3ricas do pa\u00eds.<\/span><span data-ccp-props=\"{&quot;134233117&quot;:false,&quot;134233118&quot;:false,&quot;201341983&quot;:0,&quot;335551550&quot;:6,&quot;335551620&quot;:6,&quot;335559738&quot;:0,&quot;335559739&quot;:300,&quot;335559740&quot;:259}\">\u00a0<\/span><\/p>\n<p><span data-contrast=\"none\">Em 1889, Dom Pedro II visitou a<\/span>\u00a0<span data-contrast=\"none\">localidade<\/span><span data-contrast=\"none\"> e ficou admirado com as igrejas banhadas a ouro e pelos deliciosos passeios de barco nas \u00e1guas do S\u00e3o Francisco. Os museus e igrejas guardam e recontam a hist\u00f3ria do pa\u00eds.<\/span><span data-ccp-props=\"{&quot;134233117&quot;:false,&quot;134233118&quot;:false,&quot;201341983&quot;:0,&quot;335551550&quot;:6,&quot;335551620&quot;:6,&quot;335559738&quot;:0,&quot;335559739&quot;:300,&quot;335559740&quot;:259}\">\u00a0<\/span><\/p>\n<h3><span class=\"NormalTextRun SCXW154259650 BCX0\">Pia\u00e7abu\u00e7u (<\/span><span class=\"NormalTextRun SCXW154259650 BCX0\">Alagoas)<\/span><\/h3>\n<div id=\"attachment_10789\" style=\"width: 1210px\" class=\"wp-caption aligncenter\"><img decoding=\"async\" aria-describedby=\"caption-attachment-10789\" class=\"lazyload wp-image-10789 size-full\" src=\"https:\/\/www.carroaluguel.com\/blog\/wp-content\/uploads\/2023\/12\/rotas-piacabucu-656f5bace6cff.webp\" data-orig-src=\"https:\/\/www.carroaluguel.com\/blog\/wp-content\/uploads\/2023\/12\/rotas-piacabucu-656f5bace6cff.webp\" alt=\"Bicicleta segue encostada em orla que margeia o Rio S\u00e3o Francisco, em Pia\u00e7abu\u00e7u (Alagoas). H\u00e1 embarca\u00e7\u00f5es atracadas. As \u00e1guas do rio competem na cor azulada com o c\u00e9u sem nuvens.\" width=\"1200\" height=\"900\" srcset=\"data:image\/svg+xml,%3Csvg%20xmlns%3D%27http%3A%2F%2Fwww.w3.org%2F2000%2Fsvg%27%20width%3D%271200%27%20height%3D%27900%27%20viewBox%3D%270%200%201200%20900%27%3E%3Crect%20width%3D%271200%27%20height%3D%27900%27%20fill-opacity%3D%220%22%2F%3E%3C%2Fsvg%3E\" data-srcset=\"https:\/\/www.carroaluguel.com\/blog\/wp-content\/uploads\/2023\/12\/rotas-piacabucu-656f5bace6cff-200x150.webp 200w, https:\/\/www.carroaluguel.com\/blog\/wp-content\/uploads\/2023\/12\/rotas-piacabucu-656f5bace6cff-300x225.webp 300w, https:\/\/www.carroaluguel.com\/blog\/wp-content\/uploads\/2023\/12\/rotas-piacabucu-656f5bace6cff-400x300.webp 400w, https:\/\/www.carroaluguel.com\/blog\/wp-content\/uploads\/2023\/12\/rotas-piacabucu-656f5bace6cff-600x450.webp 600w, https:\/\/www.carroaluguel.com\/blog\/wp-content\/uploads\/2023\/12\/rotas-piacabucu-656f5bace6cff-768x576.webp 768w, https:\/\/www.carroaluguel.com\/blog\/wp-content\/uploads\/2023\/12\/rotas-piacabucu-656f5bace6cff-800x600.webp 800w, https:\/\/www.carroaluguel.com\/blog\/wp-content\/uploads\/2023\/12\/rotas-piacabucu-656f5bace6cff-1024x768.webp 1024w, https:\/\/www.carroaluguel.com\/blog\/wp-content\/uploads\/2023\/12\/rotas-piacabucu-656f5bace6cff.webp 1200w\" data-sizes=\"auto\" data-orig-sizes=\"(max-width: 1200px) 100vw, 1200px\" \/><p id=\"caption-attachment-10789\" class=\"wp-caption-text\">Orla de Pia\u00e7abu\u00e7u<\/p><\/div>\n<p><span data-contrast=\"none\">De Penedo, com pouco mais de 30 minutos de carro<\/span><span data-contrast=\"none\">,<\/span><span data-contrast=\"none\"> voc\u00ea chega at\u00e9 Pia\u00e7abu\u00e7u, <\/span><span data-contrast=\"none\">j\u00e1 <\/span><span data-contrast=\"none\">no litoral, onde o Velho Chico finalmente encontra o mar.<\/span><span data-ccp-props=\"{&quot;134233117&quot;:false,&quot;134233118&quot;:false,&quot;201341983&quot;:0,&quot;335551550&quot;:6,&quot;335551620&quot;:6,&quot;335559738&quot;:0,&quot;335559739&quot;:300,&quot;335559740&quot;:259}\">\u00a0<\/span><\/p>\n<p><span data-contrast=\"none\">As belezas naturais, a culin\u00e1ria, as ricas manifesta\u00e7\u00f5es culturais, e o conv\u00edvio com o povo ribeirinho acrescenta na bagagem do viajante <\/span><span data-contrast=\"none\">diversas<\/span><span data-contrast=\"none\"> experi\u00eancias inexplic\u00e1veis <\/span><span data-contrast=\"none\">e inesquec\u00edveis<\/span><span data-contrast=\"none\">. Al\u00e9m disso, o contato com o rio, um dos mais importantes para a hist\u00f3ria e economia do pa\u00eds, \u00e9 uma oportunidade \u00fanica.<\/span><span data-ccp-props=\"{&quot;134233117&quot;:false,&quot;134233118&quot;:false,&quot;201341983&quot;:0,&quot;335551550&quot;:6,&quot;335551620&quot;:6,&quot;335559738&quot;:0,&quot;335559739&quot;:300,&quot;335559740&quot;:259}\">\u00a0<\/span><\/p>\n<h2><span class=\"TextRun Highlight SCXW9147635 BCX0\" lang=\"PT-PT\" xml:lang=\"PT-PT\" data-contrast=\"none\"><span class=\"NormalTextRun SCXW9147635 BCX0\">Conclus\u00e3o<\/span><\/span><\/h2>\n<p><span data-contrast=\"none\">A viagem <\/span><span data-contrast=\"none\">pelos arredores do lend\u00e1rio Rio S\u00e3o Francisco <\/span><span data-contrast=\"none\">pode <\/span><a href=\"https:\/\/www.carroaluguel.com\/blog\/2016\/08\/26\/quanto-custa-viajar\/\"><span data-contrast=\"none\">adaptar-se ao seu bolso<\/span><\/a><span data-contrast=\"none\"> e suas prioridades. O trajeto, para ser feito com calma, exige no m\u00ednimo 7 dias de viagem. \u00c9 claro que, com mais tempo, voc\u00ea consegue aproveitar muito mais de cada lugar que passar e descobrir cantinhos ainda inexplorados.<\/span><span data-ccp-props=\"{&quot;134233117&quot;:false,&quot;134233118&quot;:false,&quot;201341983&quot;:0,&quot;335551550&quot;:6,&quot;335551620&quot;:6,&quot;335559738&quot;:0,&quot;335559739&quot;:300,&quot;335559740&quot;:259}\">\u00a0<\/span><\/p>\n<p><span data-contrast=\"none\">O roteiro \u00e9 ideal para <\/span><span data-contrast=\"none\">aquele passeio <\/span><span data-contrast=\"none\">a dois, com amigos ou com a fam\u00edlia. Essa ser\u00e1, com certeza, uma das viagens mais transformadoras da sua vida.<\/span><span data-ccp-props=\"{&quot;134233117&quot;:false,&quot;134233118&quot;:false,&quot;201341983&quot;:0,&quot;335551550&quot;:6,&quot;335551620&quot;:6,&quot;335559738&quot;:0,&quot;335559739&quot;:300,&quot;335559740&quot;:259}\">\u00a0<\/span><\/p>\n<p><span data-contrast=\"none\">Portanto, a<\/span><span data-contrast=\"none\">proveite as oportunidades <\/span><span data-contrast=\"none\">que o trajeto ir\u00e1 lhe proporcionar<\/span><span data-contrast=\"none\">, tome os <\/span><a href=\"https:\/\/www.carroaluguel.com\/blog\/2016\/08\/10\/pe-na-estrada-cuidados-necessarios-antes-de-viajar\/\"><span data-contrast=\"none\">cuidados necess\u00e1rios antes de colocar o p\u00e9 na estrada<\/span><\/a><span data-contrast=\"none\"> e v\u00e1 viver com quem voc\u00ea gosta esses momentos incr\u00edveis!<\/span><span data-ccp-props=\"{&quot;134233117&quot;:false,&quot;134233118&quot;:false,&quot;201341983&quot;:0,&quot;335551550&quot;:6,&quot;335551620&quot;:6,&quot;335559738&quot;:0,&quot;335559739&quot;:300,&quot;335559740&quot;:259}\">\u00a0<\/span><\/p>\n<p><span data-contrast=\"none\">Gostou do nosso guia de turismo no Rio S\u00e3o Francisco? J\u00e1 viveu alguma experi\u00eancia com este roteiro e que queira compartilhar? Deixe o seu coment\u00e1rio!<\/span><span data-ccp-props=\"{&quot;134233117&quot;:false,&quot;134233118&quot;:false,&quot;201341983&quot;:0,&quot;335551550&quot;:6,&quot;335551620&quot;:6,&quot;335559738&quot;:0,&quot;335559739&quot;:300,&quot;335559740&quot;:259}\">\u00a0<\/span><\/p>\n","protected":false},"excerpt":{"rendered":"<p>O Rio S\u00e3o Francisco\u00a0\u00e9 uma das riquezas naturais mais importantes  [&#8230;]<\/p>\n","protected":false},"author":1,"featured_media":10774,"comment_status":"open","ping_status":"open","sticky":false,"template":"","format":"standard","meta":{"footnotes":""},"categories":[942],"tags":[338,381,699,763],"class_list":["post-5098","post","type-post","status-publish","format-standard","has-post-thumbnail","hentry","category-roteiros-nacionais","tag-alagoas","tag-bahia","tag-minas-gerais","tag-pernambuco"],"yoast_head":"<!-- This site is optimized with the Yoast SEO plugin v27.4 - https:\/\/yoast.com\/product\/yoast-seo-wordpress\/ -->\n<title>Turismo no Rio S\u00e3o Francisco: viaje perto do &quot;Velho Chico&quot;<\/title>\n<meta name=\"description\" content=\"Descubra roteiros incr\u00edveis \u00e0s margens do Rio S\u00e3o Francisco. Guia com dicas de hospedagem, cultura, natureza e hist\u00f3ria em uma viagem cheia de paisagens.\" \/>\n<meta name=\"robots\" content=\"index, follow, max-snippet:-1, max-image-preview:large, max-video-preview:-1\" \/>\n<link rel=\"canonical\" href=\"https:\/\/www.carroaluguel.com\/blog\/turismo-no-rio-sao-francisco\/\" \/>\n<meta property=\"og:locale\" content=\"pt_BR\" \/>\n<meta property=\"og:type\" content=\"article\" \/>\n<meta property=\"og:title\" content=\"Turismo no Rio S\u00e3o Francisco: viaje perto do &quot;Velho Chico&quot;\" \/>\n<meta property=\"og:description\" content=\"Descubra roteiros incr\u00edveis \u00e0s margens do Rio S\u00e3o Francisco. Guia com dicas de hospedagem, cultura, natureza e hist\u00f3ria em uma viagem cheia de paisagens.\" \/>\n<meta property=\"og:url\" content=\"https:\/\/www.carroaluguel.com\/blog\/turismo-no-rio-sao-francisco\/\" \/>\n<meta property=\"og:site_name\" content=\"Blog CarroAluguel\" \/>\n<meta property=\"article:publisher\" content=\"https:\/\/www.facebook.com\/CarroAluguelBR\" \/>\n<meta property=\"article:published_time\" content=\"2016-09-13T17:26:52+00:00\" \/>\n<meta property=\"article:modified_time\" content=\"2025-07-30T14:38:57+00:00\" \/>\n<meta property=\"og:image\" content=\"https:\/\/www.carroaluguel.com\/blog\/wp-content\/uploads\/2023\/12\/capa-656f5bb7309b6.webp\" \/>\n\t<meta property=\"og:image:width\" content=\"1200\" \/>\n\t<meta property=\"og:image:height\" content=\"900\" \/>\n\t<meta property=\"og:image:type\" content=\"image\/webp\" \/>\n<meta name=\"author\" content=\"blog\" \/>\n<meta name=\"twitter:card\" content=\"summary_large_image\" \/>\n<meta name=\"twitter:creator\" content=\"@CarroAluguel\" \/>\n<meta name=\"twitter:site\" content=\"@CarroAluguel\" \/>\n<meta name=\"twitter:label1\" content=\"Escrito por\" \/>\n\t<meta name=\"twitter:data1\" content=\"blog\" \/>\n\t<meta name=\"twitter:label2\" content=\"Est. tempo de leitura\" \/>\n\t<meta name=\"twitter:data2\" content=\"30 minutos\" \/>\n<script type=\"application\/ld+json\" class=\"yoast-schema-graph\">{\"@context\":\"https:\\\/\\\/schema.org\",\"@graph\":[{\"@type\":\"Article\",\"@id\":\"https:\\\/\\\/www.carroaluguel.com\\\/blog\\\/turismo-no-rio-sao-francisco\\\/#article\",\"isPartOf\":{\"@id\":\"https:\\\/\\\/www.carroaluguel.com\\\/blog\\\/turismo-no-rio-sao-francisco\\\/\"},\"author\":{\"name\":\"blog\",\"@id\":\"https:\\\/\\\/www.carroaluguel.com\\\/blog\\\/#\\\/schema\\\/person\\\/693414c3b2423315cf90fb75439be0e1\"},\"headline\":\"Turismo no Rio S\u00e3o Francisco: viaje pelas \u00e1guas do &#8220;Velho Chico&#8221;\",\"datePublished\":\"2016-09-13T17:26:52+00:00\",\"dateModified\":\"2025-07-30T14:38:57+00:00\",\"mainEntityOfPage\":{\"@id\":\"https:\\\/\\\/www.carroaluguel.com\\\/blog\\\/turismo-no-rio-sao-francisco\\\/\"},\"wordCount\":5132,\"commentCount\":5,\"publisher\":{\"@id\":\"https:\\\/\\\/www.carroaluguel.com\\\/blog\\\/#organization\"},\"image\":{\"@id\":\"https:\\\/\\\/www.carroaluguel.com\\\/blog\\\/turismo-no-rio-sao-francisco\\\/#primaryimage\"},\"thumbnailUrl\":\"https:\\\/\\\/www.carroaluguel.com\\\/blog\\\/wp-content\\\/uploads\\\/2023\\\/12\\\/capa-656f5bb7309b6.webp\",\"keywords\":[\"Alagoas\",\"Bahia\",\"Minas Gerais\",\"Pernambuco\"],\"articleSection\":[\"Roteiros nacionais\"],\"inLanguage\":\"pt-BR\",\"potentialAction\":[{\"@type\":\"CommentAction\",\"name\":\"Comment\",\"target\":[\"https:\\\/\\\/www.carroaluguel.com\\\/blog\\\/turismo-no-rio-sao-francisco\\\/#respond\"]}]},{\"@type\":\"WebPage\",\"@id\":\"https:\\\/\\\/www.carroaluguel.com\\\/blog\\\/turismo-no-rio-sao-francisco\\\/\",\"url\":\"https:\\\/\\\/www.carroaluguel.com\\\/blog\\\/turismo-no-rio-sao-francisco\\\/\",\"name\":\"Turismo no Rio S\u00e3o Francisco: viaje perto do \\\"Velho Chico\\\"\",\"isPartOf\":{\"@id\":\"https:\\\/\\\/www.carroaluguel.com\\\/blog\\\/#website\"},\"primaryImageOfPage\":{\"@id\":\"https:\\\/\\\/www.carroaluguel.com\\\/blog\\\/turismo-no-rio-sao-francisco\\\/#primaryimage\"},\"image\":{\"@id\":\"https:\\\/\\\/www.carroaluguel.com\\\/blog\\\/turismo-no-rio-sao-francisco\\\/#primaryimage\"},\"thumbnailUrl\":\"https:\\\/\\\/www.carroaluguel.com\\\/blog\\\/wp-content\\\/uploads\\\/2023\\\/12\\\/capa-656f5bb7309b6.webp\",\"datePublished\":\"2016-09-13T17:26:52+00:00\",\"dateModified\":\"2025-07-30T14:38:57+00:00\",\"description\":\"Descubra roteiros incr\u00edveis \u00e0s margens do Rio S\u00e3o Francisco. Guia com dicas de hospedagem, cultura, natureza e hist\u00f3ria em uma viagem cheia de paisagens.\",\"breadcrumb\":{\"@id\":\"https:\\\/\\\/www.carroaluguel.com\\\/blog\\\/turismo-no-rio-sao-francisco\\\/#breadcrumb\"},\"inLanguage\":\"pt-BR\",\"potentialAction\":[{\"@type\":\"ReadAction\",\"target\":[\"https:\\\/\\\/www.carroaluguel.com\\\/blog\\\/turismo-no-rio-sao-francisco\\\/\"]}]},{\"@type\":\"ImageObject\",\"inLanguage\":\"pt-BR\",\"@id\":\"https:\\\/\\\/www.carroaluguel.com\\\/blog\\\/turismo-no-rio-sao-francisco\\\/#primaryimage\",\"url\":\"https:\\\/\\\/www.carroaluguel.com\\\/blog\\\/wp-content\\\/uploads\\\/2023\\\/12\\\/capa-656f5bb7309b6.webp\",\"contentUrl\":\"https:\\\/\\\/www.carroaluguel.com\\\/blog\\\/wp-content\\\/uploads\\\/2023\\\/12\\\/capa-656f5bb7309b6.webp\",\"width\":1200,\"height\":900,\"caption\":\"Extens\u00e3o do Rio S\u00e3o Francisco, com seus pared\u00f5es (c\u00e2nios) contornando as margens e sobre eles diversas vegeta\u00e7\u00f5es. No leito do rio h\u00e1 duas embarca\u00e7\u00f5es, uma parada e outra em pleno movimento.\"},{\"@type\":\"BreadcrumbList\",\"@id\":\"https:\\\/\\\/www.carroaluguel.com\\\/blog\\\/turismo-no-rio-sao-francisco\\\/#breadcrumb\",\"itemListElement\":[{\"@type\":\"ListItem\",\"position\":1,\"name\":\"Home\",\"item\":\"https:\\\/\\\/www.carroaluguel.com\\\/blog\\\/\"},{\"@type\":\"ListItem\",\"position\":2,\"name\":\"Roteiros\",\"item\":\"https:\\\/\\\/www.carroaluguel.com\\\/blog\\\/category\\\/roteiros\\\/\"},{\"@type\":\"ListItem\",\"position\":3,\"name\":\"Roteiros nacionais\",\"item\":\"https:\\\/\\\/www.carroaluguel.com\\\/blog\\\/category\\\/roteiros\\\/roteiros-nacionais\\\/\"},{\"@type\":\"ListItem\",\"position\":4,\"name\":\"Turismo no Rio S\u00e3o Francisco: viaje pelas \u00e1guas do &#8220;Velho Chico&#8221;\"}]},{\"@type\":\"WebSite\",\"@id\":\"https:\\\/\\\/www.carroaluguel.com\\\/blog\\\/#website\",\"url\":\"https:\\\/\\\/www.carroaluguel.com\\\/blog\\\/\",\"name\":\"Blog CarroAluguel\",\"description\":\"\",\"publisher\":{\"@id\":\"https:\\\/\\\/www.carroaluguel.com\\\/blog\\\/#organization\"},\"potentialAction\":[{\"@type\":\"SearchAction\",\"target\":{\"@type\":\"EntryPoint\",\"urlTemplate\":\"https:\\\/\\\/www.carroaluguel.com\\\/blog\\\/?s={search_term_string}\"},\"query-input\":{\"@type\":\"PropertyValueSpecification\",\"valueRequired\":true,\"valueName\":\"search_term_string\"}}],\"inLanguage\":\"pt-BR\"},{\"@type\":\"Organization\",\"@id\":\"https:\\\/\\\/www.carroaluguel.com\\\/blog\\\/#organization\",\"name\":\"CarroAluguel.com\",\"url\":\"https:\\\/\\\/www.carroaluguel.com\\\/blog\\\/\",\"logo\":{\"@type\":\"ImageObject\",\"inLanguage\":\"pt-BR\",\"@id\":\"https:\\\/\\\/www.carroaluguel.com\\\/blog\\\/#\\\/schema\\\/logo\\\/image\\\/\",\"url\":\"https:\\\/\\\/www.carroaluguel.com\\\/blog\\\/wp-content\\\/uploads\\\/2023\\\/08\\\/logo-carro-aluguel-BLOG-200x54-1.png\",\"contentUrl\":\"https:\\\/\\\/www.carroaluguel.com\\\/blog\\\/wp-content\\\/uploads\\\/2023\\\/08\\\/logo-carro-aluguel-BLOG-200x54-1.png\",\"width\":200,\"height\":54,\"caption\":\"CarroAluguel.com\"},\"image\":{\"@id\":\"https:\\\/\\\/www.carroaluguel.com\\\/blog\\\/#\\\/schema\\\/logo\\\/image\\\/\"},\"sameAs\":[\"https:\\\/\\\/www.facebook.com\\\/CarroAluguelBR\",\"https:\\\/\\\/x.com\\\/CarroAluguel\",\"https:\\\/\\\/www.instagram.com\\\/carroaluguel\\\/\"]},{\"@type\":\"Person\",\"@id\":\"https:\\\/\\\/www.carroaluguel.com\\\/blog\\\/#\\\/schema\\\/person\\\/693414c3b2423315cf90fb75439be0e1\",\"name\":\"blog\",\"image\":{\"@type\":\"ImageObject\",\"inLanguage\":\"pt-BR\",\"@id\":\"https:\\\/\\\/secure.gravatar.com\\\/avatar\\\/b8a3d64fc0b21db017f462a77f2c79b24cf3db4426d602430441f37f7d2ac037?s=96&d=mm&r=g\",\"url\":\"https:\\\/\\\/secure.gravatar.com\\\/avatar\\\/b8a3d64fc0b21db017f462a77f2c79b24cf3db4426d602430441f37f7d2ac037?s=96&d=mm&r=g\",\"contentUrl\":\"https:\\\/\\\/secure.gravatar.com\\\/avatar\\\/b8a3d64fc0b21db017f462a77f2c79b24cf3db4426d602430441f37f7d2ac037?s=96&d=mm&r=g\",\"caption\":\"blog\"},\"sameAs\":[\"https:\\\/\\\/carroaluguel.com\\\/blog\"],\"url\":\"https:\\\/\\\/www.carroaluguel.com\\\/blog\\\/author\\\/blog\\\/\"}]}<\/script>\n<!-- \/ Yoast SEO plugin. -->","yoast_head_json":{"title":"Turismo no Rio S\u00e3o Francisco: viaje perto do \"Velho Chico\"","description":"Descubra roteiros incr\u00edveis \u00e0s margens do Rio S\u00e3o Francisco. Guia com dicas de hospedagem, cultura, natureza e hist\u00f3ria em uma viagem cheia de paisagens.","robots":{"index":"index","follow":"follow","max-snippet":"max-snippet:-1","max-image-preview":"max-image-preview:large","max-video-preview":"max-video-preview:-1"},"canonical":"https:\/\/www.carroaluguel.com\/blog\/turismo-no-rio-sao-francisco\/","og_locale":"pt_BR","og_type":"article","og_title":"Turismo no Rio S\u00e3o Francisco: viaje perto do \"Velho Chico\"","og_description":"Descubra roteiros incr\u00edveis \u00e0s margens do Rio S\u00e3o Francisco. Guia com dicas de hospedagem, cultura, natureza e hist\u00f3ria em uma viagem cheia de paisagens.","og_url":"https:\/\/www.carroaluguel.com\/blog\/turismo-no-rio-sao-francisco\/","og_site_name":"Blog CarroAluguel","article_publisher":"https:\/\/www.facebook.com\/CarroAluguelBR","article_published_time":"2016-09-13T17:26:52+00:00","article_modified_time":"2025-07-30T14:38:57+00:00","og_image":[{"width":1200,"height":900,"url":"https:\/\/www.carroaluguel.com\/blog\/wp-content\/uploads\/2023\/12\/capa-656f5bb7309b6.webp","type":"image\/webp"}],"author":"blog","twitter_card":"summary_large_image","twitter_creator":"@CarroAluguel","twitter_site":"@CarroAluguel","twitter_misc":{"Escrito por":"blog","Est. tempo de leitura":"30 minutos"},"schema":{"@context":"https:\/\/schema.org","@graph":[{"@type":"Article","@id":"https:\/\/www.carroaluguel.com\/blog\/turismo-no-rio-sao-francisco\/#article","isPartOf":{"@id":"https:\/\/www.carroaluguel.com\/blog\/turismo-no-rio-sao-francisco\/"},"author":{"name":"blog","@id":"https:\/\/www.carroaluguel.com\/blog\/#\/schema\/person\/693414c3b2423315cf90fb75439be0e1"},"headline":"Turismo no Rio S\u00e3o Francisco: viaje pelas \u00e1guas do &#8220;Velho Chico&#8221;","datePublished":"2016-09-13T17:26:52+00:00","dateModified":"2025-07-30T14:38:57+00:00","mainEntityOfPage":{"@id":"https:\/\/www.carroaluguel.com\/blog\/turismo-no-rio-sao-francisco\/"},"wordCount":5132,"commentCount":5,"publisher":{"@id":"https:\/\/www.carroaluguel.com\/blog\/#organization"},"image":{"@id":"https:\/\/www.carroaluguel.com\/blog\/turismo-no-rio-sao-francisco\/#primaryimage"},"thumbnailUrl":"https:\/\/www.carroaluguel.com\/blog\/wp-content\/uploads\/2023\/12\/capa-656f5bb7309b6.webp","keywords":["Alagoas","Bahia","Minas Gerais","Pernambuco"],"articleSection":["Roteiros nacionais"],"inLanguage":"pt-BR","potentialAction":[{"@type":"CommentAction","name":"Comment","target":["https:\/\/www.carroaluguel.com\/blog\/turismo-no-rio-sao-francisco\/#respond"]}]},{"@type":"WebPage","@id":"https:\/\/www.carroaluguel.com\/blog\/turismo-no-rio-sao-francisco\/","url":"https:\/\/www.carroaluguel.com\/blog\/turismo-no-rio-sao-francisco\/","name":"Turismo no Rio S\u00e3o Francisco: viaje perto do \"Velho Chico\"","isPartOf":{"@id":"https:\/\/www.carroaluguel.com\/blog\/#website"},"primaryImageOfPage":{"@id":"https:\/\/www.carroaluguel.com\/blog\/turismo-no-rio-sao-francisco\/#primaryimage"},"image":{"@id":"https:\/\/www.carroaluguel.com\/blog\/turismo-no-rio-sao-francisco\/#primaryimage"},"thumbnailUrl":"https:\/\/www.carroaluguel.com\/blog\/wp-content\/uploads\/2023\/12\/capa-656f5bb7309b6.webp","datePublished":"2016-09-13T17:26:52+00:00","dateModified":"2025-07-30T14:38:57+00:00","description":"Descubra roteiros incr\u00edveis \u00e0s margens do Rio S\u00e3o Francisco. Guia com dicas de hospedagem, cultura, natureza e hist\u00f3ria em uma viagem cheia de paisagens.","breadcrumb":{"@id":"https:\/\/www.carroaluguel.com\/blog\/turismo-no-rio-sao-francisco\/#breadcrumb"},"inLanguage":"pt-BR","potentialAction":[{"@type":"ReadAction","target":["https:\/\/www.carroaluguel.com\/blog\/turismo-no-rio-sao-francisco\/"]}]},{"@type":"ImageObject","inLanguage":"pt-BR","@id":"https:\/\/www.carroaluguel.com\/blog\/turismo-no-rio-sao-francisco\/#primaryimage","url":"https:\/\/www.carroaluguel.com\/blog\/wp-content\/uploads\/2023\/12\/capa-656f5bb7309b6.webp","contentUrl":"https:\/\/www.carroaluguel.com\/blog\/wp-content\/uploads\/2023\/12\/capa-656f5bb7309b6.webp","width":1200,"height":900,"caption":"Extens\u00e3o do Rio S\u00e3o Francisco, com seus pared\u00f5es (c\u00e2nios) contornando as margens e sobre eles diversas vegeta\u00e7\u00f5es. No leito do rio h\u00e1 duas embarca\u00e7\u00f5es, uma parada e outra em pleno movimento."},{"@type":"BreadcrumbList","@id":"https:\/\/www.carroaluguel.com\/blog\/turismo-no-rio-sao-francisco\/#breadcrumb","itemListElement":[{"@type":"ListItem","position":1,"name":"Home","item":"https:\/\/www.carroaluguel.com\/blog\/"},{"@type":"ListItem","position":2,"name":"Roteiros","item":"https:\/\/www.carroaluguel.com\/blog\/category\/roteiros\/"},{"@type":"ListItem","position":3,"name":"Roteiros nacionais","item":"https:\/\/www.carroaluguel.com\/blog\/category\/roteiros\/roteiros-nacionais\/"},{"@type":"ListItem","position":4,"name":"Turismo no Rio S\u00e3o Francisco: viaje pelas \u00e1guas do &#8220;Velho Chico&#8221;"}]},{"@type":"WebSite","@id":"https:\/\/www.carroaluguel.com\/blog\/#website","url":"https:\/\/www.carroaluguel.com\/blog\/","name":"Blog CarroAluguel","description":"","publisher":{"@id":"https:\/\/www.carroaluguel.com\/blog\/#organization"},"potentialAction":[{"@type":"SearchAction","target":{"@type":"EntryPoint","urlTemplate":"https:\/\/www.carroaluguel.com\/blog\/?s={search_term_string}"},"query-input":{"@type":"PropertyValueSpecification","valueRequired":true,"valueName":"search_term_string"}}],"inLanguage":"pt-BR"},{"@type":"Organization","@id":"https:\/\/www.carroaluguel.com\/blog\/#organization","name":"CarroAluguel.com","url":"https:\/\/www.carroaluguel.com\/blog\/","logo":{"@type":"ImageObject","inLanguage":"pt-BR","@id":"https:\/\/www.carroaluguel.com\/blog\/#\/schema\/logo\/image\/","url":"https:\/\/www.carroaluguel.com\/blog\/wp-content\/uploads\/2023\/08\/logo-carro-aluguel-BLOG-200x54-1.png","contentUrl":"https:\/\/www.carroaluguel.com\/blog\/wp-content\/uploads\/2023\/08\/logo-carro-aluguel-BLOG-200x54-1.png","width":200,"height":54,"caption":"CarroAluguel.com"},"image":{"@id":"https:\/\/www.carroaluguel.com\/blog\/#\/schema\/logo\/image\/"},"sameAs":["https:\/\/www.facebook.com\/CarroAluguelBR","https:\/\/x.com\/CarroAluguel","https:\/\/www.instagram.com\/carroaluguel\/"]},{"@type":"Person","@id":"https:\/\/www.carroaluguel.com\/blog\/#\/schema\/person\/693414c3b2423315cf90fb75439be0e1","name":"blog","image":{"@type":"ImageObject","inLanguage":"pt-BR","@id":"https:\/\/secure.gravatar.com\/avatar\/b8a3d64fc0b21db017f462a77f2c79b24cf3db4426d602430441f37f7d2ac037?s=96&d=mm&r=g","url":"https:\/\/secure.gravatar.com\/avatar\/b8a3d64fc0b21db017f462a77f2c79b24cf3db4426d602430441f37f7d2ac037?s=96&d=mm&r=g","contentUrl":"https:\/\/secure.gravatar.com\/avatar\/b8a3d64fc0b21db017f462a77f2c79b24cf3db4426d602430441f37f7d2ac037?s=96&d=mm&r=g","caption":"blog"},"sameAs":["https:\/\/carroaluguel.com\/blog"],"url":"https:\/\/www.carroaluguel.com\/blog\/author\/blog\/"}]}},"_links":{"self":[{"href":"https:\/\/www.carroaluguel.com\/blog\/wp-json\/wp\/v2\/posts\/5098","targetHints":{"allow":["GET"]}}],"collection":[{"href":"https:\/\/www.carroaluguel.com\/blog\/wp-json\/wp\/v2\/posts"}],"about":[{"href":"https:\/\/www.carroaluguel.com\/blog\/wp-json\/wp\/v2\/types\/post"}],"author":[{"embeddable":true,"href":"https:\/\/www.carroaluguel.com\/blog\/wp-json\/wp\/v2\/users\/1"}],"replies":[{"embeddable":true,"href":"https:\/\/www.carroaluguel.com\/blog\/wp-json\/wp\/v2\/comments?post=5098"}],"version-history":[{"count":3,"href":"https:\/\/www.carroaluguel.com\/blog\/wp-json\/wp\/v2\/posts\/5098\/revisions"}],"predecessor-version":[{"id":10797,"href":"https:\/\/www.carroaluguel.com\/blog\/wp-json\/wp\/v2\/posts\/5098\/revisions\/10797"}],"wp:featuredmedia":[{"embeddable":true,"href":"https:\/\/www.carroaluguel.com\/blog\/wp-json\/wp\/v2\/media\/10774"}],"wp:attachment":[{"href":"https:\/\/www.carroaluguel.com\/blog\/wp-json\/wp\/v2\/media?parent=5098"}],"wp:term":[{"taxonomy":"category","embeddable":true,"href":"https:\/\/www.carroaluguel.com\/blog\/wp-json\/wp\/v2\/categories?post=5098"},{"taxonomy":"post_tag","embeddable":true,"href":"https:\/\/www.carroaluguel.com\/blog\/wp-json\/wp\/v2\/tags?post=5098"}],"curies":[{"name":"wp","href":"https:\/\/api.w.org\/{rel}","templated":true}]}}