{"id":5451,"date":"2016-10-11T20:20:04","date_gmt":"2016-10-11T20:20:04","guid":{"rendered":"https:\/\/www.carroaluguel.com\/blog\/?p=5451"},"modified":"2024-05-07T16:30:06","modified_gmt":"2024-05-07T16:30:06","slug":"viajar-de-carro-pelo-nordeste","status":"publish","type":"post","link":"https:\/\/www.carroaluguel.com\/blog\/viajar-de-carro-pelo-nordeste\/","title":{"rendered":"Tudo que voc\u00ea precisa saber para viajar de carro pelo Nordeste"},"content":{"rendered":"<p style=\"text-align: justify;\">A regi\u00e3o Nordeste do Brasil est\u00e1 repleta de belezas naturais, riqueza cultural e um povo para l\u00e1 de hospitaleiro. As reduzidas dist\u00e2ncias entre seus principais destinos tur\u00edsticos s\u00e3o convites para <em>viajar de carro pelo Nordeste<\/em> e atravessar seus v\u00e1rios estados, explorando todas as suas potencialidades. Vamos agora apresentar um roteiro para um passeio de carro, passando por cinco de suas principais capitais. Confira!<\/p>\n<h2 style=\"text-align: justify;\"><strong>Roadtrip: planejando sua viagem<br \/>\n<\/strong><\/h2>\n<p style=\"text-align: justify;\">Nossa jornada se inicia em seus preparativos. Uma <strong>viagem de carro<\/strong>, ou <em>roadtrip<\/em>, n\u00e3o se trata apenas de pegar seu ve\u00edculo e sair dirigindo por a\u00ed. Ela envolve uma s\u00e9rie de medidas que objetivam tornar o passeio mais seguro e agrad\u00e1vel \u2014 a come\u00e7ar pelos cuidados com o carro.<\/p>\n<p style=\"text-align: justify;\">Certifique-se de que o ve\u00edculo est\u00e1 em boas condi\u00e7\u00f5es, submetendo-o a uma <strong>revis\u00e3o mec\u00e2nica,<\/strong> verificando o motor, freios e estado dos pneus, incluindo o estepe. Confira, tamb\u00e9m, se os <em>equipamentos obrigat\u00f3rios<\/em> exigidos pelo C\u00f3digo de Tr\u00e2nsito Brasileiro, como tri\u00e2ngulo de sinaliza\u00e7\u00e3o e cintos de seguran\u00e7a, est\u00e3o em perfeito estado.<\/p>\n<p style=\"text-align: justify;\">Todas essas condi\u00e7\u00f5es s\u00e3o essenciais para que voc\u00ea fa\u00e7a uma boa viagem e n\u00e3o corra o risco de ser punido por alguma infra\u00e7\u00e3o de tr\u00e2nsito.<\/p>\n<p style=\"text-align: justify;\">Se voc\u00ea n\u00e3o tiver tempo de verificar todos esses elementos, ou n\u00e3o est\u00e1 disposto a arcar com essa despesa no momento, uma \u00f3tima op\u00e7\u00e3o \u00e9 apostar no <a title=\"Dicas para o aluguel de carros\" href=\"http:\/\/carroaluguel.com\/blog\/2015\/06\/16\/5-dicas-para-escolher-o-melhor-carro-alugado\/\" target=\"_blank\" rel=\"noopener noreferrer\"><strong>aluguel de um carr<\/strong><strong>o<\/strong><\/a>. Os ve\u00edculos colocados \u00e0 disposi\u00e7\u00e3o para loca\u00e7\u00e3o t\u00eam todos os itens obrigat\u00f3rios checados e a revis\u00e3o mec\u00e2nica em dia, o que significa <strong>praticidade <\/strong>e<strong> menos preocupa\u00e7\u00f5es<\/strong> antes de pegar a estrada.<\/p>\n<p style=\"text-align: justify;\">Extintores de inc\u00eandio e kit de primeiros socorros n\u00e3o s\u00e3o obrigat\u00f3rios, mas \u00e9 aconselhado que em viagens longas o ve\u00edculo disponha desses itens, que podem ser \u00fateis no caso de uma emerg\u00eancia.<\/p>\n<p style=\"text-align: justify;\">Para al\u00e9m dos cuidados com o carro, aqueles que pretendem dirigir pelas estradas do pa\u00eds precisam estar atentos aos documentos. \u00c9 imprescind\u00edvel que o motorista porte uma <strong>Carteira Nacional de Habilita\u00e7\u00e3o<\/strong> v\u00e1lida e o Certificado de Registro Licenciamento Ve\u00edculo, lembrando que a falta de um desses documentos constitui infra\u00e7\u00e3o em uma eventual fiscaliza\u00e7\u00e3o.<\/p>\n<p style=\"text-align: justify;\"><a href=\"https:\/\/www.carroaluguel.com\/blog\" target=\"_blank\" rel=\"noopener noreferrer\"><img decoding=\"async\" class=\"lazyload aligncenter wp-image-3274 size-full\" title=\"CarroAluguel.com\" src=\"data:image\/svg+xml,%3Csvg%20xmlns%3D%27http%3A%2F%2Fwww.w3.org%2F2000%2Fsvg%27%20width%3D%27765%27%20height%3D%27120%27%20viewBox%3D%270%200%20765%20120%27%3E%3Crect%20width%3D%27765%27%20height%3D%27120%27%20fill-opacity%3D%220%22%2F%3E%3C%2Fsvg%3E\" data-orig-src=\"https:\/\/www.carroaluguel.com\/blog\/wp-content\/uploads\/2016\/02\/alugue-agora-03.gif\" alt=\"CarroAluguel\" width=\"765\" height=\"120\" \/><\/a><\/p>\n<p style=\"text-align: justify;\">Por fim, depois de certificar-se das <strong>condi\u00e7\u00f5es do ve\u00edculo<\/strong> e de sua <strong>documenta\u00e7\u00e3o<\/strong>, n\u00e3o se esque\u00e7a de fazer um bom <strong>planejamento financeiro<\/strong>. Uma roadtrip envolve gastos com <em>combust\u00edvel, hospedagem, alimenta\u00e7\u00e3o, passeios<\/em> e outros. Ter clareza estabelecendo limites e previs\u00f5es \u00e9 essencial para que a viagem chegue at\u00e9 o destino final conforme planejado. Um descontrole em seu trecho inicial, por exemplo, pode comprometer seus \u00faltimos dias.<\/p>\n<h2 style=\"text-align: justify;\"><strong>Escolha o roteiro da viagem<\/strong><\/h2>\n<p style=\"text-align: justify;\">Ao decidir conhecer o pa\u00eds em uma roadtrip, o viajante deve ter clareza quanto ao roteiro que ir\u00e1 seguir. Mas como escolher esse roteiro? Simples: observando o interesse e disposi\u00e7\u00e3o de todos envolvidos na viagem.<\/p>\n<p style=\"text-align: justify;\">Se a predile\u00e7\u00e3o \u00e9 por praias, pode n\u00e3o ser satisfat\u00f3rio percorrer o interior do pa\u00eds. Ao contr\u00e1rio, se a busca \u00e9 por mais do que balne\u00e1rios t\u00eam a oferecer, grandes capitais podem reservar interessantes pontos tur\u00edsticos.<\/p>\n<p style=\"text-align: justify;\">\u00c9 importante tamb\u00e9m saber se h\u00e1 <strong>disposi\u00e7\u00e3o para dirigir<\/strong> por horas ou dias, se os demais passageiros estar\u00e3o confort\u00e1veis com longos per\u00edodos dentro de um carro, se haver\u00e1 <strong>crian\u00e7as pequenas<\/strong> ou idosos no passeio, se o plano \u00e9 percorrer os arredores de uma cidade ou atravessar v\u00e1rios estados. Tudo isso vai influenciar no resultado de sua viagem. Assim, o que vale \u00e9 saber conjugar interesses e observar poss\u00edveis limita\u00e7\u00f5es.<\/p>\n<p style=\"text-align: justify;\">Nesse roteiro iremos recomendar uma <strong>viagem de carro pelo Nordeste<\/strong>, <em>partindo de Salvador com destino a Natal via litoral<\/em>. O trajeto tamb\u00e9m passa por outras tr\u00eas capitais e por caminhos repletos de atrativos para todos os gostos.<\/p>\n<h2 style=\"text-align: justify; padding-left: 30px;\">\u2022 Roteiro Salvador<\/h2>\n<p style=\"text-align: justify;\">Come\u00e7amos o <strong>roteiro por Salvador<\/strong>, terra de muita beleza, hist\u00f3ria e mist\u00e9rios. Nossa primeira parada \u00e9 no <strong>Pelourinho<\/strong>, <em>centro hist\u00f3rico da cidade e patrim\u00f4nio hist\u00f3rico da humanidade<\/em>. Suas ladeiras de pedra emolduradas por um casario colorido s\u00e3o um convite a boas caminhadas.<\/p>\n<p style=\"text-align: justify;\">Na regi\u00e3o se destaca a <strong>Funda\u00e7\u00e3o Casa de Jorge Amado<\/strong>, no Largo do Pelourinho, dedicada \u00e0 obra do escritor. Temos ainda o Terreiro de Jesus, onde est\u00e3o localizados os centen\u00e1rios pr\u00e9dios da Faculdade de Medicina, Santa Casa de Miseric\u00f3rdia e a impressionante Igreja de S\u00e3o Francisco. Por toda a regi\u00e3o v\u00e1rias <em>lojas de artesanato, bares e restaurantes <\/em>comp\u00f5em o cen\u00e1rio, com destaque para o restaurante de Ala\u00edde do Feij\u00e3o, famosa quituteira da cidade. Se der sorte, voc\u00ea poder\u00e1 acompanhar um ensaio gratuito do <strong>Olodum<\/strong> em meio \u00e0s hist\u00f3ricas ladeiras.<\/p>\n<p style=\"text-align: justify;\"><img decoding=\"async\" class=\"lazyload aligncenter wp-image-5464 size-full\" title=\"Pelourinho - Salvador, BA.\" src=\"https:\/\/www.carroaluguel.com\/blog\/wp-content\/uploads\/2016\/10\/pelourinho.jpg\" data-orig-src=\"https:\/\/www.carroaluguel.com\/blog\/wp-content\/uploads\/2016\/10\/pelourinho.jpg\" alt=\"Pelourinho - Salvador, Bahia\" width=\"765\" height=\"300\" srcset=\"data:image\/svg+xml,%3Csvg%20xmlns%3D%27http%3A%2F%2Fwww.w3.org%2F2000%2Fsvg%27%20width%3D%27765%27%20height%3D%27300%27%20viewBox%3D%270%200%20765%20300%27%3E%3Crect%20width%3D%27765%27%20height%3D%27300%27%20fill-opacity%3D%220%22%2F%3E%3C%2Fsvg%3E\" data-srcset=\"https:\/\/www.carroaluguel.com\/blog\/wp-content\/uploads\/2016\/10\/pelourinho-200x78.jpg 200w, https:\/\/www.carroaluguel.com\/blog\/wp-content\/uploads\/2016\/10\/pelourinho-300x118.jpg 300w, https:\/\/www.carroaluguel.com\/blog\/wp-content\/uploads\/2016\/10\/pelourinho-400x157.jpg 400w, https:\/\/www.carroaluguel.com\/blog\/wp-content\/uploads\/2016\/10\/pelourinho-600x235.jpg 600w, https:\/\/www.carroaluguel.com\/blog\/wp-content\/uploads\/2016\/10\/pelourinho.jpg 765w\" data-sizes=\"auto\" data-orig-sizes=\"(max-width: 765px) 100vw, 765px\" \/><\/p>\n<p style=\"font-size: 15px; color: #666666; text-align: center;\">Pelourinho &#8211; Salvador, Bahia.<\/p>\n<p style=\"text-align: justify;\">Saindo do Pelourinho, siga para o tradicional <strong>Elevador Lacerda<\/strong>, que o levar\u00e1 at\u00e9 o\u00a0<strong>Mercado Modelo<\/strong>. Com dezenas de expositores, \u00e9 um bom local para encontrar aquela lembran\u00e7a que pretende levar da Bahia.<\/p>\n<p style=\"text-align: justify;\">Pouco acima do Mercado Modelo, temos o <em>Solar do Unh\u00e3o \u2013 Museu de Arte Moderna da Bahia<\/em>. O espa\u00e7o funciona em um antigo solar, revitalizado para receber o museu. \u00c9 um lugar extremamente agrad\u00e1vel, com uma das mais belas vistas do p\u00f4r do sol na cidade. Aos s\u00e1bados, o solar abriga uma concorrida Jam session de jazz.<\/p>\n<p style=\"text-align: justify;\">J\u00e1 na Barra, a dica \u00e9 aproveitar a orla revitalizada, que agora conta com um grande cal\u00e7ad\u00e3o e loca\u00e7\u00e3o de bicicletas. O ponto central da regi\u00e3o \u00e9 o <strong>Farol da Barra<\/strong>, localizado no forte de mesmo nome e que, convertido em um museu, est\u00e1 aberto \u00e0 visita\u00e7\u00e3o. O p\u00f4r do sol no Farol rivaliza com o do Solar do Unh\u00e3o como um dos mais belos da capital baiana.<\/p>\n<p style=\"text-align: justify;\">Para quem curte boa comida, a dica \u00e9 seguir para o <strong>Rio Vermelho<\/strong>, regi\u00e3o que conta com uma enorme quantidade de bares e restaurantes de todos os tipos. O Largo da Mariquita \u00e9 um de seus espa\u00e7os mais disputados, tendo no <em>acaraj\u00e9 da baiana Cira<\/em> um de seus pontos altos. Ainda no Rio Vermelho, \u00e9 poss\u00edvel conhecer a Casa do Rio Vermelho<em>, resid\u00eancia de Jorge Amado e Z\u00e9lia Gattai<\/em>, que foi transformada em um museu surpreendentemente moderno. Sem d\u00favida um dos melhores passeios de Salvador!<\/p>\n<p style=\"text-align: justify;\">Conhecer o <strong>Dique do Toror\u00f3<\/strong>, com suas est\u00e1tuas de orix\u00e1s que parecem flutuar sobre o espelho d\u2019\u00e1gua, tamb\u00e9m \u00e9 uma boa pedida. \u00c0s margens da grande lagoa encontra-se, ainda, o est\u00e1dio da Fonte Nova, palco de v\u00e1rias partidas da \u00faltima Copa do Mundo de futebol.<\/p>\n<p style=\"text-align: justify;\">Se voc\u00ea quiser aproveitar as <strong>praias de Salvador<\/strong>, a dica \u00e9 banhar-se nas <em>praias ao norte da cidade<\/em>, como <em>Piat\u00e3, Flamengo e Stella Mares<\/em>.<\/p>\n<p style=\"text-align: justify;\"><img decoding=\"async\" class=\"lazyload aligncenter wp-image-5469 size-full\" title=\"Praia do Flamengo - Salvador, Bahia.\" src=\"https:\/\/www.carroaluguel.com\/blog\/wp-content\/uploads\/2016\/10\/praia-flamengo.jpg\" data-orig-src=\"https:\/\/www.carroaluguel.com\/blog\/wp-content\/uploads\/2016\/10\/praia-flamengo.jpg\" alt=\"Praia do Flamengo - Salvador, Bahia\" width=\"765\" height=\"300\" srcset=\"data:image\/svg+xml,%3Csvg%20xmlns%3D%27http%3A%2F%2Fwww.w3.org%2F2000%2Fsvg%27%20width%3D%27765%27%20height%3D%27300%27%20viewBox%3D%270%200%20765%20300%27%3E%3Crect%20width%3D%27765%27%20height%3D%27300%27%20fill-opacity%3D%220%22%2F%3E%3C%2Fsvg%3E\" data-srcset=\"https:\/\/www.carroaluguel.com\/blog\/wp-content\/uploads\/2016\/10\/praia-flamengo-200x78.jpg 200w, https:\/\/www.carroaluguel.com\/blog\/wp-content\/uploads\/2016\/10\/praia-flamengo-300x118.jpg 300w, https:\/\/www.carroaluguel.com\/blog\/wp-content\/uploads\/2016\/10\/praia-flamengo-400x157.jpg 400w, https:\/\/www.carroaluguel.com\/blog\/wp-content\/uploads\/2016\/10\/praia-flamengo-600x235.jpg 600w, https:\/\/www.carroaluguel.com\/blog\/wp-content\/uploads\/2016\/10\/praia-flamengo.jpg 765w\" data-sizes=\"auto\" data-orig-sizes=\"(max-width: 765px) 100vw, 765px\" \/><\/p>\n<p style=\"font-size: 15px; color: #666666; text-align: center;\">Praia do Flamengo &#8211; Salvador, Bahia.<\/p>\n<p style=\"text-align: justify;\">N\u00e3o poder\u00edamos nos despedir de Salvador sem mencionar dois de seus mais famosos cen\u00e1rios. O primeiro \u00e9 a <strong>Igreja do Bonfim<\/strong>, palco tradicional de exerc\u00edcio da f\u00e9 dos soteropolitanos, com seu gradil coberto de pequenas fitas coloridas que, ao balan\u00e7ar com o vento, produzem um cen\u00e1rio de rara beleza. O segundo \u00e9 o <strong>bairro Itapu\u00e3<\/strong>, imortalizado na m\u00fasica de Toquinho e Vin\u00edcius. Bem no meio do bairro existe o <strong>Parque Metropolitano do Abaet\u00e9<\/strong>, que, com <em>uma lagoa de \u00e1guas escuras cercada por dunas de areia branca e coqueirais<\/em>, oferece aos visitantes uma paisagem inimagin\u00e1vel em outras capitais do pa\u00eds. \u00c9 tamb\u00e9m em Itapo\u00e3 que encontramos Dinha, uma das mais tradicionais baianas da cidade.<\/p>\n<p style=\"text-align: justify;\">Seguindo nossa viagem, <em>vamos em dire\u00e7\u00e3o a Macei\u00f3<\/em>, distante 581,4 km de Salvador. Para aqueles que considerarem o trecho muito longo, uma <em>boa dica \u00e9 fazer uma pausa em Aracaju<\/em>, distante 324,8 km da capital baiana. Cidade muito agrad\u00e1vel, a capital de todos os sergipanos pode ser uma boa op\u00e7\u00e3o de estadia.<\/p>\n<p style=\"text-align: justify;\">Para todos os que seguirem para Macei\u00f3, uma dica \u00e9 conhecer algumas das <em>praias espalhadas pelo caminho<\/em>, como <strong>Arembepe<\/strong>, <strong>Guarajuba<\/strong>, <strong>Praia do Forte,<\/strong> <strong>Costa do Sau\u00edpe<\/strong> e <strong>Mangue Seco<\/strong>, cujas <em>dunas foram cen\u00e1rio para a novela <\/em><em>Tieta<\/em><em>.<\/em> Afinal, esta \u00e9 uma das grandes vantagens de se realizar uma viagem de carro pr\u00f3prio ou alugado: seguir seu pr\u00f3prio roteiro, sem se preocupar com hor\u00e1rios e tendo a possibilidade de realizar paradas sempre que considerar interessante!<\/p>\n<h2 style=\"text-align: justify; padding-left: 30px;\">\u2022 Roteiro Macei\u00f3<\/h2>\n<p style=\"text-align: justify;\">J\u00e1 em Macei\u00f3, prepare-se para um dos <em>mares de colora\u00e7\u00e3o mais intensa<\/em> que voc\u00ea j\u00e1 viu em toda a sua vida. Em muitos momentos, a impress\u00e3o que o visitante tem \u00e9 de estar em pleno mar do Caribe!<\/p>\n<p style=\"text-align: justify;\">Seja em <em>Paju\u00e7ara, Jati\u00faca <\/em>ou<em> Ponta Verde<\/em>, o visitante ter\u00e1 a oportunidade de desfrutar de praias urbanas de rara beleza, contando com uma <em>boa estrutura de bares, restaurantes, com\u00e9rcio e rede hoteleira<\/em>. A orla conta ainda com um cal\u00e7ad\u00e3o com pista de corrida e ciclovia, que permanece movimentado mesmo durante a noite e \u00e9 ideal para a pr\u00e1tica de esportes.<\/p>\n<p style=\"text-align: justify;\">A cidade tem pontos interessantes de visita\u00e7\u00e3o para aqueles que se interessam por <strong>hist\u00f3ria <\/strong>e <strong>cultura<\/strong>, com destaque para o <em>Museu Th\u00e9o Brand\u00e3o<\/em>, <em>Memorial da Rep\u00fablica<\/em>, <em>Catedral Metropolitana<\/em> e <em>Pal\u00e1cio Floriano Peixoto<\/em>. Boas op\u00e7\u00f5es, tamb\u00e9m, s\u00e3o a <strong>Feira de Paju\u00e7ara<\/strong>, o <strong>Pavilh\u00e3o do Artesanato<\/strong> e o <strong>Mercado Central<\/strong>, locais onde voc\u00ea poder\u00e1 encontrar uma imensa variedade de produtos, indo das diferentes express\u00f5es do artesanato aos tradicionais pratos da culin\u00e1ria regional.<\/p>\n<p style=\"text-align: justify;\">O entorno de Macei\u00f3 oferece outras op\u00e7\u00f5es de praias, de igual ou maior beleza que as j\u00e1 existentes na capital. A mais famosa delas \u00e9 a <strong>Praia do Franc\u00eas<\/strong>, bastante procurada por turistas de todo o pa\u00eds. Na mesma regi\u00e3o temos ainda a <strong>Praia do Gunga<\/strong>, considerada uma das mais belas do pa\u00eds, oferecendo aos turistas um cen\u00e1rio que envolve <em>fal\u00e9sias, dunas e encontro de rio com o mar<\/em>. Por fim, a <strong>praia de Barra de S\u00e3o Miguel<\/strong>, com suas <em>piscinas naturais<\/em> formadas quando a mar\u00e9 est\u00e1 baixa, \u00e9 ideal para quem passeia com crian\u00e7as.<\/p>\n<p style=\"text-align: justify;\">Nossa <em>pr\u00f3xima parada \u00e9 Recife, distante 259,1 km<\/em>. Entretanto, vale ressaltar que o trecho que separa Macei\u00f3 de Recife talvez seja o mais belo a ser percorrido em toda esta viagem de carro pelo Nordeste. O ideal \u00e9 fazer essa parte com calma, para poder aproveitar, sobretudo, dois destinos: <strong>Maragogi<\/strong> e <strong>Porto de Galinhas<\/strong>.<\/p>\n<p style=\"text-align: justify;\">A <em>129,5 km de dist\u00e2ncia de Macei\u00f3, Maragogi<\/em> reserva aos seus visitantes cen\u00e1rios verdadeiramente paradis\u00edacos. Praias de pouco movimento garantem a tranquilidade aos turistas, que podem desfrutar das v\u00e1rias <strong>piscinas naturais<\/strong> que se formam no <em>mar de tonalidade verde-esmeralda<\/em>. Percorrendo mais <em>100 km, chega-se a Porto de Galinhas<\/em>, j\u00e1 no <strong>litoral de Pernambuco<\/strong>.<\/p>\n<p style=\"text-align: justify;\"><img decoding=\"async\" class=\"lazyload aligncenter wp-image-5466 size-full\" title=\"Porto de Galinhas - Ipojuca, Pernambuco.\" src=\"https:\/\/www.carroaluguel.com\/blog\/wp-content\/uploads\/2016\/10\/Porto-de-Galinhas.jpg\" data-orig-src=\"https:\/\/www.carroaluguel.com\/blog\/wp-content\/uploads\/2016\/10\/Porto-de-Galinhas.jpg\" alt=\"Porto de Galinhas - Ipojuca, Pernambuco\" width=\"765\" height=\"300\" srcset=\"data:image\/svg+xml,%3Csvg%20xmlns%3D%27http%3A%2F%2Fwww.w3.org%2F2000%2Fsvg%27%20width%3D%27765%27%20height%3D%27300%27%20viewBox%3D%270%200%20765%20300%27%3E%3Crect%20width%3D%27765%27%20height%3D%27300%27%20fill-opacity%3D%220%22%2F%3E%3C%2Fsvg%3E\" data-srcset=\"https:\/\/www.carroaluguel.com\/blog\/wp-content\/uploads\/2016\/10\/Porto-de-Galinhas-200x78.jpg 200w, https:\/\/www.carroaluguel.com\/blog\/wp-content\/uploads\/2016\/10\/Porto-de-Galinhas-300x118.jpg 300w, https:\/\/www.carroaluguel.com\/blog\/wp-content\/uploads\/2016\/10\/Porto-de-Galinhas-400x157.jpg 400w, https:\/\/www.carroaluguel.com\/blog\/wp-content\/uploads\/2016\/10\/Porto-de-Galinhas-600x235.jpg 600w, https:\/\/www.carroaluguel.com\/blog\/wp-content\/uploads\/2016\/10\/Porto-de-Galinhas.jpg 765w\" data-sizes=\"auto\" data-orig-sizes=\"(max-width: 765px) 100vw, 765px\" \/><\/p>\n<p style=\"font-size: 15px; color: #666666; text-align: center;\">Porto de Galinhas &#8211; Ipojuca, Pernambuco.<\/p>\n<p style=\"text-align: justify;\">A charmosa vila de Porto de Galinhas encanta a todos que por ela passam. Apesar de simples, ela oferece toda a estrutura necess\u00e1ria aos viajantes. Os <strong>passeios de jangada<\/strong> e os <strong>mergulhos nas piscinas naturais<\/strong> que se formam no meio do mar s\u00e3o passeios imperd\u00edveis. Conhecer o santu\u00e1rio onde nascem os cavalos-marinhos, em meio a um manguezal, \u00e9 outro passeio singular.<\/p>\n<h2 style=\"text-align: justify; padding-left: 30px;\">\u2022 Roteiro Recife<\/h2>\n<p style=\"text-align: justify;\"><strong><a title=\"Guia de Viagem: Recife\" href=\"http:\/\/carroaluguel.com\/blog\/2016\/01\/28\/roteiro-recife-veja-7-dicas-de-lugares-para-visitar\/\" target=\"_blank\" rel=\"noopener noreferrer\">Recife<\/a><\/strong> recebe todos os visitantes de bra\u00e7os abertos, com bastante <em>frevo e maracatu<\/em>! Dona de uma hist\u00f3ria riqu\u00edssima, que conta com p\u00e1ginas escritas por holandeses, a cidade tem muito a oferecer em termos de cultura, sem descuidar de suas belezas naturais, que podem ser muito bem exemplificadas pela <strong>praia de Boa Viagem<\/strong>.<\/p>\n<p style=\"text-align: justify;\">Al\u00e9m de uma \u00f3tima estrutura de <em>barracas, bares, restaurantes e com\u00e9rcio<\/em>, Boa Viagem tem, ainda, um renovado cal\u00e7ad\u00e3o, com ciclovia e at\u00e9 mesmo banheiros p\u00fablicos.<\/p>\n<p style=\"text-align: justify;\">Em se tratando de cultura, o Recife \u00e9 um verdadeiro espet\u00e1culo. A come\u00e7ar pelo <strong>Recife Antigo<\/strong>, <em>bairro hist\u00f3rico que abriga edif\u00edcios centen\u00e1rios<\/em> e \u00f3timas op\u00e7\u00f5es para aqueles que querem provar um pouco da culin\u00e1ria local ou simplesmente beber alguma coisa enquanto bate papo \u00e0 beira do <strong>Rio Capibaribe<\/strong>. A regi\u00e3o \u00e9 movimentada tanto durante o dia quanto durante a noite, sobretudo por conta das <em>v\u00e1rias casas de show<\/em> existentes e da programa\u00e7\u00e3o rotineira em suas pra\u00e7as e largos, como no P\u00e1tio de S\u00e3o Pedro.<\/p>\n<p style=\"text-align: justify;\"><img decoding=\"async\" class=\"lazyload aligncenter wp-image-5473 size-full\" title=\"Rio Capibaribe - Recife, Pernambuco.\" src=\"https:\/\/www.carroaluguel.com\/blog\/wp-content\/uploads\/2016\/10\/Rio-Capibaribe-1.jpg\" data-orig-src=\"https:\/\/www.carroaluguel.com\/blog\/wp-content\/uploads\/2016\/10\/Rio-Capibaribe-1.jpg\" alt=\"Rio Capibaribe - Recife, Pernambuco\" width=\"765\" height=\"300\" srcset=\"data:image\/svg+xml,%3Csvg%20xmlns%3D%27http%3A%2F%2Fwww.w3.org%2F2000%2Fsvg%27%20width%3D%27765%27%20height%3D%27300%27%20viewBox%3D%270%200%20765%20300%27%3E%3Crect%20width%3D%27765%27%20height%3D%27300%27%20fill-opacity%3D%220%22%2F%3E%3C%2Fsvg%3E\" data-srcset=\"https:\/\/www.carroaluguel.com\/blog\/wp-content\/uploads\/2016\/10\/Rio-Capibaribe-1-200x78.jpg 200w, https:\/\/www.carroaluguel.com\/blog\/wp-content\/uploads\/2016\/10\/Rio-Capibaribe-1-300x118.jpg 300w, https:\/\/www.carroaluguel.com\/blog\/wp-content\/uploads\/2016\/10\/Rio-Capibaribe-1-400x157.jpg 400w, https:\/\/www.carroaluguel.com\/blog\/wp-content\/uploads\/2016\/10\/Rio-Capibaribe-1-600x235.jpg 600w, https:\/\/www.carroaluguel.com\/blog\/wp-content\/uploads\/2016\/10\/Rio-Capibaribe-1.jpg 765w\" data-sizes=\"auto\" data-orig-sizes=\"(max-width: 765px) 100vw, 765px\" \/><\/p>\n<p style=\"font-size: 15px; color: #666666; text-align: center;\">Rio Capibaribe &#8211; Recife, Pernambuco.<\/p>\n<p style=\"text-align: justify;\">\u00a0Mais da hist\u00f3ria da cidade pode ser encontrado no tamb\u00e9m hist\u00f3rico <strong>bairro de Santo Ant\u00f4nio<\/strong>, <em>lar da Pra\u00e7a da Rep\u00fablica<\/em> que abriga em seu entorno o <em>Pal\u00e1cio do Campo das Princesas<\/em>, sede do governo estadual; o <em>Pal\u00e1cio do Tribunal de Justi\u00e7a<\/em>; e o <em>Teatro Santa Isabel<\/em>.<\/p>\n<p style=\"text-align: justify;\">Para os amantes da arte, uma \u00f3tima pedida \u00e9 o <strong>Instituto Ricardo Brennand<\/strong>, colecionador que disponibilizou ao p\u00fablico seu imenso acervo reunido ao longo dos anos. O espa\u00e7o foi considerado pelos usu\u00e1rios do TripAdvisor como o <em>melhor museu da Am\u00e9rica Latina<\/em>. Outra boa op\u00e7\u00e3o \u00e9 a <strong>Oficina Brennand<\/strong>, espa\u00e7o dedicado \u00e0 obra do artista pl\u00e1stico Francisco Brennand, primo de Ricardo. A <em>r\u00e9plica do Taj Mahal<\/em>, disposta nos jardins da Oficina, \u00e9 de encher os olhos dos visitantes.<\/p>\n<p style=\"text-align: justify;\">Ap\u00f3s conhecer todas as atra\u00e7\u00f5es do Recife, n\u00e3o deixe de passar <strong>pelo Centro de Artesanato de Pernambuco<\/strong>, ideal para a compra de artesanato; pelo Mercado de S\u00e3o Jos\u00e9, com seus mais de 500 expositores; e pela Casa de Cultura, antiga cadeia p\u00fablica e que hoje oferece aos visitantes v\u00e1rios produtos.<\/p>\n<p style=\"text-align: justify;\">Conhecer o Recife e n\u00e3o visitar sua co-irm\u00e3 <strong>Olinda<\/strong> \u00e9 um erro quase imperdo\u00e1vel. Distantes apenas 8,4 km uma da outra, s\u00e3o costumeiramente inclu\u00eddas em um mesmo passeio.<\/p>\n<p style=\"text-align: justify;\"><img decoding=\"async\" class=\"lazyload aligncenter wp-image-5463 size-full\" title=\"Olinda, Pernambuco.\" src=\"https:\/\/www.carroaluguel.com\/blog\/wp-content\/uploads\/2016\/10\/olinda.jpg\" data-orig-src=\"https:\/\/www.carroaluguel.com\/blog\/wp-content\/uploads\/2016\/10\/olinda.jpg\" alt=\"Olinda, Pernambuco\" width=\"765\" height=\"300\" srcset=\"data:image\/svg+xml,%3Csvg%20xmlns%3D%27http%3A%2F%2Fwww.w3.org%2F2000%2Fsvg%27%20width%3D%27765%27%20height%3D%27300%27%20viewBox%3D%270%200%20765%20300%27%3E%3Crect%20width%3D%27765%27%20height%3D%27300%27%20fill-opacity%3D%220%22%2F%3E%3C%2Fsvg%3E\" data-srcset=\"https:\/\/www.carroaluguel.com\/blog\/wp-content\/uploads\/2016\/10\/olinda-200x78.jpg 200w, https:\/\/www.carroaluguel.com\/blog\/wp-content\/uploads\/2016\/10\/olinda-300x118.jpg 300w, https:\/\/www.carroaluguel.com\/blog\/wp-content\/uploads\/2016\/10\/olinda-400x157.jpg 400w, https:\/\/www.carroaluguel.com\/blog\/wp-content\/uploads\/2016\/10\/olinda-600x235.jpg 600w, https:\/\/www.carroaluguel.com\/blog\/wp-content\/uploads\/2016\/10\/olinda.jpg 765w\" data-sizes=\"auto\" data-orig-sizes=\"(max-width: 765px) 100vw, 765px\" \/><\/p>\n<p style=\"font-size: 15px; color: #666666; text-align: center;\">Olinda, Pernambuco.<\/p>\n<p style=\"text-align: justify;\">Em Olinda o visitante encontrar\u00e1 uma cidade declarada <em>Patrim\u00f4nio Hist\u00f3rico e Cultural da Humanidade <\/em>pela UNESCO. O destaque fica por conta do <strong>Alto da S\u00e9<\/strong> e da sensacional vista que ela proporciona.<\/p>\n<p style=\"text-align: justify;\">Depois de conhecer Olinda, \u00e9 hora de seguir viagem. <em>120 km separam o Recife de Jo\u00e3o Pessoa<\/em>, nosso pr\u00f3ximo destino. Percorridos os primeiros 45 km desse trecho, recomendamos uma parada para conhecer a <strong>Ilha de Itamarac\u00e1<\/strong>. O <em>Forte Orange<\/em>, <em>constru\u00eddo pelos holandeses em 1631<\/em>, \u00e9 um ponto de visita\u00e7\u00e3o interessante, assim como a <strong>Coroa do Avi\u00e3o<\/strong>, um <em>banco de areia que surge no mar <\/em>durante a mar\u00e9 baixa e que rapidamente \u00e9 ocupado por barracas, mesas e cadeiras prontas para receber turistas que desfrutam da bela paisagem formada pela ilha tempor\u00e1ria.<\/p>\n<p style=\"text-align: justify;\">J\u00e1 em territ\u00f3rio paraibano, boas op\u00e7\u00f5es de parada s\u00e3o as <strong>praias do Coqueirinho<\/strong>, <strong>Barra do Gramame<\/strong> e <strong>Carapibus<\/strong>, que oferecem aos visitantes um pouco de tudo \u2014 de <em>fal\u00e9sias e dunas <\/em>a um mar tranquilo de <em>\u00e1guas mornas<\/em> e <em>piscinas naturais<\/em>.<\/p>\n<p style=\"text-align: justify;\">Ainda nesse trecho o viajante mais desinibido poder\u00e1 experimentar a sensa\u00e7\u00e3o de liberdade que a pr\u00e1tica do naturismo proporciona, pois \u00e9 nessa regi\u00e3o que est\u00e1 localizada a praia de Tambaba.<\/p>\n<h2 style=\"text-align: justify; padding-left: 30px;\">\u2022 Roteiro Jo\u00e3o Pessoa<\/h2>\n<p style=\"text-align: justify;\">Chegamos a Jo\u00e3o Pessoa e nossa primeira parada \u00e9 no <strong>Farol de Cabo Branco<\/strong>, na Ponta dos Seixas, o ponto mais oriental das Am\u00e9ricas. Logo ao lado encontra-se a <strong>Esta\u00e7\u00e3o Cabo Branco<\/strong>, espa\u00e7o de arte, cultura e ci\u00eancias, com <em>edif\u00edcio projetado por<\/em> <em>Oscar Niemeyer<\/em>.<\/p>\n<p style=\"text-align: justify;\">No centro hist\u00f3rico da capital paraibana encontramos o Centro Cultural S\u00e3o Francisco, com v\u00e1rios edif\u00edcios centen\u00e1rios de car\u00e1ter religioso, bem como a Casa dos Azulejos e o antigo Hotel Globo, palco de badaladas festas da alta sociedade na Jo\u00e3o Pessoa do passado. Outra boa pedida \u00e9 dar uma passada pela <strong>Casa do Artista Popular<\/strong>, grande centro de com\u00e9rcio do artesanato local.<\/p>\n<p style=\"text-align: justify;\">Mas n\u00e3o h\u00e1 como negar que o principal atrativo de Jo\u00e3o Pessoa \u00e9 seu litoral. A come\u00e7ar pela <strong>praia de Cabo Branco<\/strong>, que, com sua boa extens\u00e3o de areia e \u00e1guas calmas e mornas, \u00e9 um constante convite a banhistas e esportistas. A vizinha <strong>Tamba\u00fa <\/strong>n\u00e3o fica atr\u00e1s em termos de beleza, mas atrai aqueles que buscam por um pouco mais de agito. Com um bom conjunto <em>de bares, restaurantes e barracas<\/em>, a praia \u00e9 movimentada durante todo o dia e principalmente \u00e0 noite, quando a estrutura existente se junta \u00e0 sua tradicional Feirinha. De Tamba\u00fa partem, ainda, os passeios para as <strong>piscinas naturais de Pic\u00e3ozinho<\/strong>, alguns metros mar a dentro.<\/p>\n<p style=\"text-align: justify;\"><img decoding=\"async\" class=\"lazyload aligncenter wp-image-5467 size-full\" title=\"Praia de Cabo Branco - Jo\u00e3o Pessoa, Para\u00edba.\" src=\"https:\/\/www.carroaluguel.com\/blog\/wp-content\/uploads\/2016\/10\/Praia-de-Cabro-Branco.jpg\" data-orig-src=\"https:\/\/www.carroaluguel.com\/blog\/wp-content\/uploads\/2016\/10\/Praia-de-Cabro-Branco.jpg\" alt=\"Praia de Cabo Branco - Jo\u00e3o Pessoa, Para\u00edba\" width=\"765\" height=\"300\" srcset=\"data:image\/svg+xml,%3Csvg%20xmlns%3D%27http%3A%2F%2Fwww.w3.org%2F2000%2Fsvg%27%20width%3D%27765%27%20height%3D%27300%27%20viewBox%3D%270%200%20765%20300%27%3E%3Crect%20width%3D%27765%27%20height%3D%27300%27%20fill-opacity%3D%220%22%2F%3E%3C%2Fsvg%3E\" data-srcset=\"https:\/\/www.carroaluguel.com\/blog\/wp-content\/uploads\/2016\/10\/Praia-de-Cabro-Branco-200x78.jpg 200w, https:\/\/www.carroaluguel.com\/blog\/wp-content\/uploads\/2016\/10\/Praia-de-Cabro-Branco-300x118.jpg 300w, https:\/\/www.carroaluguel.com\/blog\/wp-content\/uploads\/2016\/10\/Praia-de-Cabro-Branco-400x157.jpg 400w, https:\/\/www.carroaluguel.com\/blog\/wp-content\/uploads\/2016\/10\/Praia-de-Cabro-Branco-600x235.jpg 600w, https:\/\/www.carroaluguel.com\/blog\/wp-content\/uploads\/2016\/10\/Praia-de-Cabro-Branco.jpg 765w\" data-sizes=\"auto\" data-orig-sizes=\"(max-width: 765px) 100vw, 765px\" \/><\/p>\n<p style=\"font-size: 15px; color: #666666; text-align: center;\">Praia de Cabo Branco &#8211; Jo\u00e3o Pessoa, Para\u00edba.<\/p>\n<p style=\"text-align: justify;\">Completam o conjunto de boas praias urbanas de Jo\u00e3o Pessoa a de Bessa, com suas barracas famosas pela anima\u00e7\u00e3o e seu mar de um azul impressionante, e a de Mana\u00edra, com seu mar tranquilo, boa estrutura de barracas e quiosques e estreita faixa de areia que some com a subida da mar\u00e9.<\/p>\n<p style=\"text-align: justify;\">Ao lado de Jo\u00e3o Pessoa encontra-se <strong>Cabedelo<\/strong>, famosa pela <strong>praia do Jacar\u00e9<\/strong>. \u00c9 nela que, em todo final de tarde, o <em>p\u00f4r do sol acontece ao som do<\/em> <strong>Bolero de Ravel<\/strong>. Visitantes disputam espa\u00e7o nos restaurantes com seus decks sobre as \u00e1guas do Jacar\u00e9 para ouvir de perto o desempenho de <strong>Jurandy do Sax<\/strong>. Se voc\u00ea n\u00e3o estiver com um ve\u00edculo pr\u00f3prio, vale a pena <strong><a title=\"Aluguel de carros em Jo\u00e3o Pessoa\" href=\"https:\/\/www.carroaluguel.com\/aluguel-de-carros-em-joao-pessoa\" target=\"_blank\" rel=\"noopener noreferrer\">alugar um carro<\/a><\/strong> e ir conhecer a atra\u00e7\u00e3o!<\/p>\n<p style=\"text-align: justify;\"><img decoding=\"async\" class=\"lazyload aligncenter wp-image-5460 size-full\" title=\"Praia do Jacar\u00e9 - Cabedelo, Para\u00edba.\" src=\"https:\/\/www.carroaluguel.com\/blog\/wp-content\/uploads\/2016\/10\/Bolero-de-Ravel.jpg\" data-orig-src=\"https:\/\/www.carroaluguel.com\/blog\/wp-content\/uploads\/2016\/10\/Bolero-de-Ravel.jpg\" alt=\"Praia do Jacar\u00e9 - Cabedelo, Para\u00edba\" width=\"765\" height=\"300\" srcset=\"data:image\/svg+xml,%3Csvg%20xmlns%3D%27http%3A%2F%2Fwww.w3.org%2F2000%2Fsvg%27%20width%3D%27765%27%20height%3D%27300%27%20viewBox%3D%270%200%20765%20300%27%3E%3Crect%20width%3D%27765%27%20height%3D%27300%27%20fill-opacity%3D%220%22%2F%3E%3C%2Fsvg%3E\" data-srcset=\"https:\/\/www.carroaluguel.com\/blog\/wp-content\/uploads\/2016\/10\/Bolero-de-Ravel-200x78.jpg 200w, https:\/\/www.carroaluguel.com\/blog\/wp-content\/uploads\/2016\/10\/Bolero-de-Ravel-300x118.jpg 300w, https:\/\/www.carroaluguel.com\/blog\/wp-content\/uploads\/2016\/10\/Bolero-de-Ravel-400x157.jpg 400w, https:\/\/www.carroaluguel.com\/blog\/wp-content\/uploads\/2016\/10\/Bolero-de-Ravel-600x235.jpg 600w, https:\/\/www.carroaluguel.com\/blog\/wp-content\/uploads\/2016\/10\/Bolero-de-Ravel.jpg 765w\" data-sizes=\"auto\" data-orig-sizes=\"(max-width: 765px) 100vw, 765px\" \/><\/p>\n<p style=\"font-size: 15px; color: #666666; text-align: center;\">Praia do Jacar\u00e9 &#8211; Cabedelo, Para\u00edba.<\/p>\n<p style=\"text-align: justify;\">Findada a passagem pela capital paraibana, \u00e9 hora de <em>seguir viagem rumo a Natal<\/em>, distante 188,8 km. Uma boa dica \u00e9 aproveitar o caminho para conhecer as <strong>praias de Intermares<\/strong>, <em>point de surfistas<\/em>; <strong>Camboinha<\/strong>, com suas <em>piscinas naturais<\/em>; e <strong>Oitero<\/strong>, com suas caracter\u00edsticas <em>dunas de areia branca<\/em>, ainda na Para\u00edba.<\/p>\n<p style=\"text-align: justify;\">J\u00e1 no <strong>Rio Grande do Norte<\/strong>, a sequ\u00eancia de praias \u00e9 imperd\u00edvel. A come\u00e7ar por <strong>Pipa<\/strong>, considerada <em>uma das mais belas do pa\u00eds<\/em>. Em seguida temos ainda <strong>B\u00fazios<\/strong>, \u00e1rea que re\u00fane \u00f3timas condi\u00e7\u00f5es para a pr\u00e1tica do mergulho; <strong>Pirangi do Sul<\/strong>, com suas piscinas naturais; <strong>Barra de Tabatinga<\/strong> e sua incr\u00edvel <em>enseada dos golfinhos<\/em>, onde \u00e9 poss\u00edvel observar muitos deles; <strong>Pirangi do Norte<\/strong>, com suas piscinas naturais e o maior cajueiro do mundo, cuja copa se espalha por uma \u00e1rea de 8.500 m\u00b2; e Cotovelo, com suas dunas e coqueirais, distante pouco mais de 12 km das praias urbanas de Natal.<\/p>\n<h2 style=\"text-align: justify; padding-left: 30px;\">\u2022 Roteiro Natal<\/h2>\n<p style=\"text-align: justify;\">Chegamos a Natal, a Cidade do Sol, nossa \u00faltima parada. A fama da capital potiguar nos faz logo pensar em suas praias, mas vamos antes explorar outros interessantes pontos da cidade.<\/p>\n<p style=\"text-align: justify;\">O primeiro deles \u00e9 o <strong>Forte dos Reis Magos<\/strong>, cujo formato lembra uma estrela, constru\u00eddo em 1598 e hoje parte do <em>Patrim\u00f4nio Hist\u00f3rico e Cultural Nacional<\/em>. Em Natal encontraremos ainda os bel\u00edssimos Teatro Alberto Maranh\u00e3o e Memorial C\u00e2mara Cascudo. O <strong>centro hist\u00f3rico da cidade<\/strong> tamb\u00e9m \u00e9 pontuado por locais de grande interesse, como a Pra\u00e7a Sete de Setembro, cujo entorno abriga o Pal\u00e1cio Felipe Camar\u00e3o, sede do poder municipal; e o Pal\u00e1cio Potengi, antiga sede do governo estadual e hoje convertida em centro cultural.<\/p>\n<p style=\"text-align: justify;\">E por falar em centro cultural, vale uma visita ao <strong>Complexo Cultural de Todos<\/strong>, espa\u00e7o que oferece aos visitantes, <em>salas de cinema<\/em>, <em>teatros<\/em>, <em>oficinas<\/em>, <em>galeria de arte e pinacoteca<\/em>, audit\u00f3rios, salas de m\u00fasica e dan\u00e7a, al\u00e9m de lojas de artesanato e restaurantes. Para aqueles que se interessam por uma arquitetura mais moderna, uma boa dica \u00e9 conhecer a <strong>Catedral Metropolitana<\/strong>, a Ponte Newton Navarro, o <strong>Parque da Cidade<\/strong>, <em>projetado pelo arquiteto Oscar Niemeyer<\/em>, e a Arena das Dunas, palco da \u00faltima Copa do Mundo de futebol, considerado um dos mais belos est\u00e1dios do torneio.<\/p>\n<p style=\"text-align: justify;\">Ap\u00f3s esse banho de cultura, \u00e9 hora de um merecido banho de mar. Uma boa op\u00e7\u00e3o \u00e9 a <strong>orla de Ponta Negra<\/strong>, um dos cart\u00f5es-postais da cidade e onde est\u00e1 localizado o inconfund\u00edvel Morro do Careca.<\/p>\n<p style=\"text-align: justify;\"><img decoding=\"async\" class=\"lazyload aligncenter wp-image-5465 size-full\" title=\"Praia de Ponta Negra - Natal, Rio Grande do Norte.\" src=\"https:\/\/www.carroaluguel.com\/blog\/wp-content\/uploads\/2016\/10\/Ponta-Negra.jpg\" data-orig-src=\"https:\/\/www.carroaluguel.com\/blog\/wp-content\/uploads\/2016\/10\/Ponta-Negra.jpg\" alt=\"Praia de Ponta Negra - Natal, Rio Grande do Norte\" width=\"765\" height=\"300\" srcset=\"data:image\/svg+xml,%3Csvg%20xmlns%3D%27http%3A%2F%2Fwww.w3.org%2F2000%2Fsvg%27%20width%3D%27765%27%20height%3D%27300%27%20viewBox%3D%270%200%20765%20300%27%3E%3Crect%20width%3D%27765%27%20height%3D%27300%27%20fill-opacity%3D%220%22%2F%3E%3C%2Fsvg%3E\" data-srcset=\"https:\/\/www.carroaluguel.com\/blog\/wp-content\/uploads\/2016\/10\/Ponta-Negra-200x78.jpg 200w, https:\/\/www.carroaluguel.com\/blog\/wp-content\/uploads\/2016\/10\/Ponta-Negra-300x118.jpg 300w, https:\/\/www.carroaluguel.com\/blog\/wp-content\/uploads\/2016\/10\/Ponta-Negra-400x157.jpg 400w, https:\/\/www.carroaluguel.com\/blog\/wp-content\/uploads\/2016\/10\/Ponta-Negra-600x235.jpg 600w, https:\/\/www.carroaluguel.com\/blog\/wp-content\/uploads\/2016\/10\/Ponta-Negra.jpg 765w\" data-sizes=\"auto\" data-orig-sizes=\"(max-width: 765px) 100vw, 765px\" \/><\/p>\n<p style=\"font-size: 15px; color: #666666; text-align: center;\">Praia de Ponta Negra &#8211; Natal, Rio Grande do Norte.<\/p>\n<p style=\"text-align: justify;\">Contando com \u00f3tima estrutura, a praia \u00e9 bastante movimentada durante o dia e concorrido ponto de encontro durante a noite, dividindo com a <strong>Praia dos Artistas<\/strong> e com a <strong>Ribeira <\/strong><em>o t\u00edtulo de point da vida noturna de Natal<\/em>. Seja qual desses tr\u00eas destinos for a sua escolha, voc\u00ea encontrar\u00e1 <em>divers\u00e3o em \u00f3timos bares, restaurantes e casas noturnas <\/em>dedicadas a todos os tipos de m\u00fasica.<\/p>\n<p style=\"text-align: justify;\">Aproveitando o fato de que est\u00e1 em uma viagem de carro pelo Nordeste e que, portanto, disp\u00f5e de um autom\u00f3vel, o visitante pode se deslocar um pouco mais rumo ao norte, mas ainda nos arredores de Natal, para conhecer a imperd\u00edvel <strong>Genipabu<\/strong>. Por l\u00e1, voc\u00ea vai conferir <em>imensas dunas de areia branqu\u00edssima<\/em>, perfeitas para um passeio de buggy ou at\u00e9 mesmo uma volta de dromed\u00e1rio.<\/p>\n<p style=\"text-align: justify;\"><img decoding=\"async\" class=\"lazyload aligncenter wp-image-5462 size-full\" title=\"Dunas de Genipabu, Rio Grande do Norte.\" src=\"https:\/\/www.carroaluguel.com\/blog\/wp-content\/uploads\/2016\/10\/Genipabu.jpg\" data-orig-src=\"https:\/\/www.carroaluguel.com\/blog\/wp-content\/uploads\/2016\/10\/Genipabu.jpg\" alt=\"Dunas de Genipabu, Rio Grande do Norte\" width=\"765\" height=\"300\" srcset=\"data:image\/svg+xml,%3Csvg%20xmlns%3D%27http%3A%2F%2Fwww.w3.org%2F2000%2Fsvg%27%20width%3D%27765%27%20height%3D%27300%27%20viewBox%3D%270%200%20765%20300%27%3E%3Crect%20width%3D%27765%27%20height%3D%27300%27%20fill-opacity%3D%220%22%2F%3E%3C%2Fsvg%3E\" data-srcset=\"https:\/\/www.carroaluguel.com\/blog\/wp-content\/uploads\/2016\/10\/Genipabu-200x78.jpg 200w, https:\/\/www.carroaluguel.com\/blog\/wp-content\/uploads\/2016\/10\/Genipabu-300x118.jpg 300w, https:\/\/www.carroaluguel.com\/blog\/wp-content\/uploads\/2016\/10\/Genipabu-400x157.jpg 400w, https:\/\/www.carroaluguel.com\/blog\/wp-content\/uploads\/2016\/10\/Genipabu-600x235.jpg 600w, https:\/\/www.carroaluguel.com\/blog\/wp-content\/uploads\/2016\/10\/Genipabu.jpg 765w\" data-sizes=\"auto\" data-orig-sizes=\"(max-width: 765px) 100vw, 765px\" \/><\/p>\n<p style=\"font-size: 15px; color: #666666; text-align: center;\">Dunas de Genipabu, Rio Grande do Norte.<\/p>\n<p style=\"text-align: justify;\">Cerca de 30 km mais ao norte, encontraremos <strong>Maracaja\u00fa<\/strong>, cuja orla conta com fascinantes forma\u00e7\u00f5es de corais, convidativas para a <em>pr\u00e1tica do mergulho<\/em>, seja de snorkel ou com cilindro. Por ser uma \u00e1rea de preserva\u00e7\u00e3o, o fluxo de turistas \u00e9 limitado pela fiscaliza\u00e7\u00e3o local.<\/p>\n<p style=\"text-align: justify;\">Se n\u00e3o \u00e9 muito f\u00e3 de mergulhos, mas n\u00e3o dispensa atividades divertidas, pode seguir para <strong>Pitangui <\/strong>e praticar \u201c<em>skibunda<\/em>\u201d em suas dunas, ou ainda, rumar para <strong>Jacum\u00e3 <\/strong>e se aventurar no \u201c<em>aerobunda<\/em>\u201d, uma esp\u00e9cie de <em>tirolesa<\/em> que te joga diretamente nas \u00e1guas refrescantes da Lagoa de Jacum\u00e3<\/p>\n<p style=\"text-align: justify;\">Chegamos assim ao final de nosso roteiro. Partimos de <strong>Salvador rumo a Natal<\/strong>, mas o caminho inverso pode ser realizado tranquilamente, reservando aos viajantes as mesmas atra\u00e7\u00f5es. Basta pegar a estrada em Natal, seja em um ve\u00edculo pr\u00f3prio ou em um <strong><a title=\"Aluguel de carros em Natal\" href=\"https:\/\/www.carroaluguel.com\/aluguel-de-carros-em-natal\" target=\"_blank\" rel=\"noopener noreferrer\">carro alugado<\/a><\/strong>, e aproveitar a jornada!<\/p>\n<h2 style=\"text-align: justify;\"><span style=\"color: #000000;\">Viajar de carro pelo Nordeste<\/span><\/h2>\n<p style=\"text-align: justify;\"><strong>Viajar de carro pelo litoral do Nordeste<\/strong> \u00e9 um dos melhores passeios de que um turista pode desfrutar no Brasil. Passando por lugares de <em>cultura riqu\u00edssima<\/em>, <em>povo acolhedor<\/em> e <em>hospitaleiro<\/em>, muita hist\u00f3ria, tradi\u00e7\u00e3o e modernidade \u2014 sem falar nas <strong>paradis\u00edacas paisagens<\/strong> \u2014, quem apostar em nossas indica\u00e7\u00f5es n\u00e3o ir\u00e1 se arrepender!<\/p>\n<p style=\"text-align: justify;\">Gostou de nosso roteiro? Ent\u00e3o assine nossa newsletter e n\u00e3o perca nenhuma de nossas dicas!<\/p>\n","protected":false},"excerpt":{"rendered":"<p>A regi\u00e3o Nordeste do Brasil est\u00e1 repleta de belezas naturais,  [&#8230;]<\/p>\n","protected":false},"author":1,"featured_media":5458,"comment_status":"open","ping_status":"open","sticky":false,"template":"","format":"standard","meta":{"footnotes":""},"categories":[941],"tags":[338,381,722,763,824],"class_list":["post-5451","post","type-post","status-publish","format-standard","has-post-thumbnail","hentry","category-ideias-de-viagem","tag-alagoas","tag-bahia","tag-nordeste","tag-pernambuco","tag-rio-grande-do-norte"],"yoast_head":"<!-- This site is optimized with the Yoast SEO plugin v27.4 - https:\/\/yoast.com\/product\/yoast-seo-wordpress\/ -->\n<title>Tudo que voc\u00ea precisa saber para viajar de carro pelo Nordeste<\/title>\n<meta name=\"description\" content=\"Viajar de carro pelo Nordeste \u00e9 um dos melhores passeios no Brasil. Encante-se com as paisagens paradis\u00edacas de Natal, Macei\u00f3, Recife, Salvador e muito mais\" \/>\n<meta name=\"robots\" content=\"index, follow, max-snippet:-1, max-image-preview:large, max-video-preview:-1\" \/>\n<link rel=\"canonical\" href=\"https:\/\/www.carroaluguel.com\/blog\/viajar-de-carro-pelo-nordeste\/\" \/>\n<meta property=\"og:locale\" content=\"pt_BR\" \/>\n<meta property=\"og:type\" content=\"article\" \/>\n<meta property=\"og:title\" content=\"Tudo que voc\u00ea precisa saber para viajar de carro pelo Nordeste\" \/>\n<meta property=\"og:description\" content=\"Viajar de carro pelo Nordeste \u00e9 um dos melhores passeios no Brasil. Encante-se com as paisagens paradis\u00edacas de Natal, Macei\u00f3, Recife, Salvador e muito mais\" \/>\n<meta property=\"og:url\" content=\"https:\/\/www.carroaluguel.com\/blog\/viajar-de-carro-pelo-nordeste\/\" \/>\n<meta property=\"og:site_name\" content=\"Blog CarroAluguel\" \/>\n<meta property=\"article:publisher\" content=\"https:\/\/www.facebook.com\/CarroAluguelBR\" \/>\n<meta property=\"article:published_time\" content=\"2016-10-11T20:20:04+00:00\" \/>\n<meta property=\"article:modified_time\" content=\"2024-05-07T16:30:06+00:00\" \/>\n<meta property=\"og:image\" content=\"https:\/\/www.carroaluguel.com\/blog\/wp-content\/uploads\/2016\/10\/capa-destinos-nordeste.jpg\" \/>\n\t<meta property=\"og:image:width\" content=\"765\" \/>\n\t<meta property=\"og:image:height\" content=\"480\" \/>\n\t<meta property=\"og:image:type\" content=\"image\/jpeg\" \/>\n<meta name=\"author\" content=\"blog\" \/>\n<meta name=\"twitter:card\" content=\"summary_large_image\" \/>\n<meta name=\"twitter:creator\" content=\"@CarroAluguel\" \/>\n<meta name=\"twitter:site\" content=\"@CarroAluguel\" \/>\n<meta name=\"twitter:label1\" content=\"Escrito por\" \/>\n\t<meta name=\"twitter:data1\" content=\"blog\" \/>\n\t<meta name=\"twitter:label2\" content=\"Est. tempo de leitura\" \/>\n\t<meta name=\"twitter:data2\" content=\"21 minutos\" \/>\n<script type=\"application\/ld+json\" class=\"yoast-schema-graph\">{\"@context\":\"https:\\\/\\\/schema.org\",\"@graph\":[{\"@type\":\"Article\",\"@id\":\"https:\\\/\\\/www.carroaluguel.com\\\/blog\\\/viajar-de-carro-pelo-nordeste\\\/#article\",\"isPartOf\":{\"@id\":\"https:\\\/\\\/www.carroaluguel.com\\\/blog\\\/viajar-de-carro-pelo-nordeste\\\/\"},\"author\":{\"name\":\"blog\",\"@id\":\"https:\\\/\\\/www.carroaluguel.com\\\/blog\\\/#\\\/schema\\\/person\\\/693414c3b2423315cf90fb75439be0e1\"},\"headline\":\"Tudo que voc\u00ea precisa saber para viajar de carro pelo Nordeste\",\"datePublished\":\"2016-10-11T20:20:04+00:00\",\"dateModified\":\"2024-05-07T16:30:06+00:00\",\"mainEntityOfPage\":{\"@id\":\"https:\\\/\\\/www.carroaluguel.com\\\/blog\\\/viajar-de-carro-pelo-nordeste\\\/\"},\"wordCount\":3664,\"commentCount\":1,\"publisher\":{\"@id\":\"https:\\\/\\\/www.carroaluguel.com\\\/blog\\\/#organization\"},\"image\":{\"@id\":\"https:\\\/\\\/www.carroaluguel.com\\\/blog\\\/viajar-de-carro-pelo-nordeste\\\/#primaryimage\"},\"thumbnailUrl\":\"https:\\\/\\\/www.carroaluguel.com\\\/blog\\\/wp-content\\\/uploads\\\/2016\\\/10\\\/capa-destinos-nordeste.jpg\",\"keywords\":[\"Alagoas\",\"Bahia\",\"Nordeste\",\"Pernambuco\",\"Rio Grande do Norte\"],\"articleSection\":[\"Ideias para sua pr\u00f3xima viagem\"],\"inLanguage\":\"pt-BR\",\"potentialAction\":[{\"@type\":\"CommentAction\",\"name\":\"Comment\",\"target\":[\"https:\\\/\\\/www.carroaluguel.com\\\/blog\\\/viajar-de-carro-pelo-nordeste\\\/#respond\"]}]},{\"@type\":\"WebPage\",\"@id\":\"https:\\\/\\\/www.carroaluguel.com\\\/blog\\\/viajar-de-carro-pelo-nordeste\\\/\",\"url\":\"https:\\\/\\\/www.carroaluguel.com\\\/blog\\\/viajar-de-carro-pelo-nordeste\\\/\",\"name\":\"Tudo que voc\u00ea precisa saber para viajar de carro pelo Nordeste\",\"isPartOf\":{\"@id\":\"https:\\\/\\\/www.carroaluguel.com\\\/blog\\\/#website\"},\"primaryImageOfPage\":{\"@id\":\"https:\\\/\\\/www.carroaluguel.com\\\/blog\\\/viajar-de-carro-pelo-nordeste\\\/#primaryimage\"},\"image\":{\"@id\":\"https:\\\/\\\/www.carroaluguel.com\\\/blog\\\/viajar-de-carro-pelo-nordeste\\\/#primaryimage\"},\"thumbnailUrl\":\"https:\\\/\\\/www.carroaluguel.com\\\/blog\\\/wp-content\\\/uploads\\\/2016\\\/10\\\/capa-destinos-nordeste.jpg\",\"datePublished\":\"2016-10-11T20:20:04+00:00\",\"dateModified\":\"2024-05-07T16:30:06+00:00\",\"description\":\"Viajar de carro pelo Nordeste \u00e9 um dos melhores passeios no Brasil. Encante-se com as paisagens paradis\u00edacas de Natal, Macei\u00f3, Recife, Salvador e muito mais\",\"breadcrumb\":{\"@id\":\"https:\\\/\\\/www.carroaluguel.com\\\/blog\\\/viajar-de-carro-pelo-nordeste\\\/#breadcrumb\"},\"inLanguage\":\"pt-BR\",\"potentialAction\":[{\"@type\":\"ReadAction\",\"target\":[\"https:\\\/\\\/www.carroaluguel.com\\\/blog\\\/viajar-de-carro-pelo-nordeste\\\/\"]}]},{\"@type\":\"ImageObject\",\"inLanguage\":\"pt-BR\",\"@id\":\"https:\\\/\\\/www.carroaluguel.com\\\/blog\\\/viajar-de-carro-pelo-nordeste\\\/#primaryimage\",\"url\":\"https:\\\/\\\/www.carroaluguel.com\\\/blog\\\/wp-content\\\/uploads\\\/2016\\\/10\\\/capa-destinos-nordeste.jpg\",\"contentUrl\":\"https:\\\/\\\/www.carroaluguel.com\\\/blog\\\/wp-content\\\/uploads\\\/2016\\\/10\\\/capa-destinos-nordeste.jpg\",\"width\":765,\"height\":480,\"caption\":\"viajar de carro pelo Nordeste\"},{\"@type\":\"BreadcrumbList\",\"@id\":\"https:\\\/\\\/www.carroaluguel.com\\\/blog\\\/viajar-de-carro-pelo-nordeste\\\/#breadcrumb\",\"itemListElement\":[{\"@type\":\"ListItem\",\"position\":1,\"name\":\"Home\",\"item\":\"https:\\\/\\\/www.carroaluguel.com\\\/blog\\\/\"},{\"@type\":\"ListItem\",\"position\":2,\"name\":\"Roteiros\",\"item\":\"https:\\\/\\\/www.carroaluguel.com\\\/blog\\\/category\\\/roteiros\\\/\"},{\"@type\":\"ListItem\",\"position\":3,\"name\":\"Ideias para sua pr\u00f3xima viagem\",\"item\":\"https:\\\/\\\/www.carroaluguel.com\\\/blog\\\/category\\\/roteiros\\\/ideias-de-viagem\\\/\"},{\"@type\":\"ListItem\",\"position\":4,\"name\":\"Tudo que voc\u00ea precisa saber para viajar de carro pelo Nordeste\"}]},{\"@type\":\"WebSite\",\"@id\":\"https:\\\/\\\/www.carroaluguel.com\\\/blog\\\/#website\",\"url\":\"https:\\\/\\\/www.carroaluguel.com\\\/blog\\\/\",\"name\":\"Blog CarroAluguel\",\"description\":\"\",\"publisher\":{\"@id\":\"https:\\\/\\\/www.carroaluguel.com\\\/blog\\\/#organization\"},\"potentialAction\":[{\"@type\":\"SearchAction\",\"target\":{\"@type\":\"EntryPoint\",\"urlTemplate\":\"https:\\\/\\\/www.carroaluguel.com\\\/blog\\\/?s={search_term_string}\"},\"query-input\":{\"@type\":\"PropertyValueSpecification\",\"valueRequired\":true,\"valueName\":\"search_term_string\"}}],\"inLanguage\":\"pt-BR\"},{\"@type\":\"Organization\",\"@id\":\"https:\\\/\\\/www.carroaluguel.com\\\/blog\\\/#organization\",\"name\":\"CarroAluguel.com\",\"url\":\"https:\\\/\\\/www.carroaluguel.com\\\/blog\\\/\",\"logo\":{\"@type\":\"ImageObject\",\"inLanguage\":\"pt-BR\",\"@id\":\"https:\\\/\\\/www.carroaluguel.com\\\/blog\\\/#\\\/schema\\\/logo\\\/image\\\/\",\"url\":\"https:\\\/\\\/www.carroaluguel.com\\\/blog\\\/wp-content\\\/uploads\\\/2023\\\/08\\\/logo-carro-aluguel-BLOG-200x54-1.png\",\"contentUrl\":\"https:\\\/\\\/www.carroaluguel.com\\\/blog\\\/wp-content\\\/uploads\\\/2023\\\/08\\\/logo-carro-aluguel-BLOG-200x54-1.png\",\"width\":200,\"height\":54,\"caption\":\"CarroAluguel.com\"},\"image\":{\"@id\":\"https:\\\/\\\/www.carroaluguel.com\\\/blog\\\/#\\\/schema\\\/logo\\\/image\\\/\"},\"sameAs\":[\"https:\\\/\\\/www.facebook.com\\\/CarroAluguelBR\",\"https:\\\/\\\/x.com\\\/CarroAluguel\",\"https:\\\/\\\/www.instagram.com\\\/carroaluguel\\\/\"]},{\"@type\":\"Person\",\"@id\":\"https:\\\/\\\/www.carroaluguel.com\\\/blog\\\/#\\\/schema\\\/person\\\/693414c3b2423315cf90fb75439be0e1\",\"name\":\"blog\",\"image\":{\"@type\":\"ImageObject\",\"inLanguage\":\"pt-BR\",\"@id\":\"https:\\\/\\\/secure.gravatar.com\\\/avatar\\\/b8a3d64fc0b21db017f462a77f2c79b24cf3db4426d602430441f37f7d2ac037?s=96&d=mm&r=g\",\"url\":\"https:\\\/\\\/secure.gravatar.com\\\/avatar\\\/b8a3d64fc0b21db017f462a77f2c79b24cf3db4426d602430441f37f7d2ac037?s=96&d=mm&r=g\",\"contentUrl\":\"https:\\\/\\\/secure.gravatar.com\\\/avatar\\\/b8a3d64fc0b21db017f462a77f2c79b24cf3db4426d602430441f37f7d2ac037?s=96&d=mm&r=g\",\"caption\":\"blog\"},\"sameAs\":[\"https:\\\/\\\/carroaluguel.com\\\/blog\"],\"url\":\"https:\\\/\\\/www.carroaluguel.com\\\/blog\\\/author\\\/blog\\\/\"}]}<\/script>\n<!-- \/ Yoast SEO plugin. -->","yoast_head_json":{"title":"Tudo que voc\u00ea precisa saber para viajar de carro pelo Nordeste","description":"Viajar de carro pelo Nordeste \u00e9 um dos melhores passeios no Brasil. Encante-se com as paisagens paradis\u00edacas de Natal, Macei\u00f3, Recife, Salvador e muito mais","robots":{"index":"index","follow":"follow","max-snippet":"max-snippet:-1","max-image-preview":"max-image-preview:large","max-video-preview":"max-video-preview:-1"},"canonical":"https:\/\/www.carroaluguel.com\/blog\/viajar-de-carro-pelo-nordeste\/","og_locale":"pt_BR","og_type":"article","og_title":"Tudo que voc\u00ea precisa saber para viajar de carro pelo Nordeste","og_description":"Viajar de carro pelo Nordeste \u00e9 um dos melhores passeios no Brasil. Encante-se com as paisagens paradis\u00edacas de Natal, Macei\u00f3, Recife, Salvador e muito mais","og_url":"https:\/\/www.carroaluguel.com\/blog\/viajar-de-carro-pelo-nordeste\/","og_site_name":"Blog CarroAluguel","article_publisher":"https:\/\/www.facebook.com\/CarroAluguelBR","article_published_time":"2016-10-11T20:20:04+00:00","article_modified_time":"2024-05-07T16:30:06+00:00","og_image":[{"width":765,"height":480,"url":"https:\/\/www.carroaluguel.com\/blog\/wp-content\/uploads\/2016\/10\/capa-destinos-nordeste.jpg","type":"image\/jpeg"}],"author":"blog","twitter_card":"summary_large_image","twitter_creator":"@CarroAluguel","twitter_site":"@CarroAluguel","twitter_misc":{"Escrito por":"blog","Est. tempo de leitura":"21 minutos"},"schema":{"@context":"https:\/\/schema.org","@graph":[{"@type":"Article","@id":"https:\/\/www.carroaluguel.com\/blog\/viajar-de-carro-pelo-nordeste\/#article","isPartOf":{"@id":"https:\/\/www.carroaluguel.com\/blog\/viajar-de-carro-pelo-nordeste\/"},"author":{"name":"blog","@id":"https:\/\/www.carroaluguel.com\/blog\/#\/schema\/person\/693414c3b2423315cf90fb75439be0e1"},"headline":"Tudo que voc\u00ea precisa saber para viajar de carro pelo Nordeste","datePublished":"2016-10-11T20:20:04+00:00","dateModified":"2024-05-07T16:30:06+00:00","mainEntityOfPage":{"@id":"https:\/\/www.carroaluguel.com\/blog\/viajar-de-carro-pelo-nordeste\/"},"wordCount":3664,"commentCount":1,"publisher":{"@id":"https:\/\/www.carroaluguel.com\/blog\/#organization"},"image":{"@id":"https:\/\/www.carroaluguel.com\/blog\/viajar-de-carro-pelo-nordeste\/#primaryimage"},"thumbnailUrl":"https:\/\/www.carroaluguel.com\/blog\/wp-content\/uploads\/2016\/10\/capa-destinos-nordeste.jpg","keywords":["Alagoas","Bahia","Nordeste","Pernambuco","Rio Grande do Norte"],"articleSection":["Ideias para sua pr\u00f3xima viagem"],"inLanguage":"pt-BR","potentialAction":[{"@type":"CommentAction","name":"Comment","target":["https:\/\/www.carroaluguel.com\/blog\/viajar-de-carro-pelo-nordeste\/#respond"]}]},{"@type":"WebPage","@id":"https:\/\/www.carroaluguel.com\/blog\/viajar-de-carro-pelo-nordeste\/","url":"https:\/\/www.carroaluguel.com\/blog\/viajar-de-carro-pelo-nordeste\/","name":"Tudo que voc\u00ea precisa saber para viajar de carro pelo Nordeste","isPartOf":{"@id":"https:\/\/www.carroaluguel.com\/blog\/#website"},"primaryImageOfPage":{"@id":"https:\/\/www.carroaluguel.com\/blog\/viajar-de-carro-pelo-nordeste\/#primaryimage"},"image":{"@id":"https:\/\/www.carroaluguel.com\/blog\/viajar-de-carro-pelo-nordeste\/#primaryimage"},"thumbnailUrl":"https:\/\/www.carroaluguel.com\/blog\/wp-content\/uploads\/2016\/10\/capa-destinos-nordeste.jpg","datePublished":"2016-10-11T20:20:04+00:00","dateModified":"2024-05-07T16:30:06+00:00","description":"Viajar de carro pelo Nordeste \u00e9 um dos melhores passeios no Brasil. Encante-se com as paisagens paradis\u00edacas de Natal, Macei\u00f3, Recife, Salvador e muito mais","breadcrumb":{"@id":"https:\/\/www.carroaluguel.com\/blog\/viajar-de-carro-pelo-nordeste\/#breadcrumb"},"inLanguage":"pt-BR","potentialAction":[{"@type":"ReadAction","target":["https:\/\/www.carroaluguel.com\/blog\/viajar-de-carro-pelo-nordeste\/"]}]},{"@type":"ImageObject","inLanguage":"pt-BR","@id":"https:\/\/www.carroaluguel.com\/blog\/viajar-de-carro-pelo-nordeste\/#primaryimage","url":"https:\/\/www.carroaluguel.com\/blog\/wp-content\/uploads\/2016\/10\/capa-destinos-nordeste.jpg","contentUrl":"https:\/\/www.carroaluguel.com\/blog\/wp-content\/uploads\/2016\/10\/capa-destinos-nordeste.jpg","width":765,"height":480,"caption":"viajar de carro pelo Nordeste"},{"@type":"BreadcrumbList","@id":"https:\/\/www.carroaluguel.com\/blog\/viajar-de-carro-pelo-nordeste\/#breadcrumb","itemListElement":[{"@type":"ListItem","position":1,"name":"Home","item":"https:\/\/www.carroaluguel.com\/blog\/"},{"@type":"ListItem","position":2,"name":"Roteiros","item":"https:\/\/www.carroaluguel.com\/blog\/category\/roteiros\/"},{"@type":"ListItem","position":3,"name":"Ideias para sua pr\u00f3xima viagem","item":"https:\/\/www.carroaluguel.com\/blog\/category\/roteiros\/ideias-de-viagem\/"},{"@type":"ListItem","position":4,"name":"Tudo que voc\u00ea precisa saber para viajar de carro pelo Nordeste"}]},{"@type":"WebSite","@id":"https:\/\/www.carroaluguel.com\/blog\/#website","url":"https:\/\/www.carroaluguel.com\/blog\/","name":"Blog CarroAluguel","description":"","publisher":{"@id":"https:\/\/www.carroaluguel.com\/blog\/#organization"},"potentialAction":[{"@type":"SearchAction","target":{"@type":"EntryPoint","urlTemplate":"https:\/\/www.carroaluguel.com\/blog\/?s={search_term_string}"},"query-input":{"@type":"PropertyValueSpecification","valueRequired":true,"valueName":"search_term_string"}}],"inLanguage":"pt-BR"},{"@type":"Organization","@id":"https:\/\/www.carroaluguel.com\/blog\/#organization","name":"CarroAluguel.com","url":"https:\/\/www.carroaluguel.com\/blog\/","logo":{"@type":"ImageObject","inLanguage":"pt-BR","@id":"https:\/\/www.carroaluguel.com\/blog\/#\/schema\/logo\/image\/","url":"https:\/\/www.carroaluguel.com\/blog\/wp-content\/uploads\/2023\/08\/logo-carro-aluguel-BLOG-200x54-1.png","contentUrl":"https:\/\/www.carroaluguel.com\/blog\/wp-content\/uploads\/2023\/08\/logo-carro-aluguel-BLOG-200x54-1.png","width":200,"height":54,"caption":"CarroAluguel.com"},"image":{"@id":"https:\/\/www.carroaluguel.com\/blog\/#\/schema\/logo\/image\/"},"sameAs":["https:\/\/www.facebook.com\/CarroAluguelBR","https:\/\/x.com\/CarroAluguel","https:\/\/www.instagram.com\/carroaluguel\/"]},{"@type":"Person","@id":"https:\/\/www.carroaluguel.com\/blog\/#\/schema\/person\/693414c3b2423315cf90fb75439be0e1","name":"blog","image":{"@type":"ImageObject","inLanguage":"pt-BR","@id":"https:\/\/secure.gravatar.com\/avatar\/b8a3d64fc0b21db017f462a77f2c79b24cf3db4426d602430441f37f7d2ac037?s=96&d=mm&r=g","url":"https:\/\/secure.gravatar.com\/avatar\/b8a3d64fc0b21db017f462a77f2c79b24cf3db4426d602430441f37f7d2ac037?s=96&d=mm&r=g","contentUrl":"https:\/\/secure.gravatar.com\/avatar\/b8a3d64fc0b21db017f462a77f2c79b24cf3db4426d602430441f37f7d2ac037?s=96&d=mm&r=g","caption":"blog"},"sameAs":["https:\/\/carroaluguel.com\/blog"],"url":"https:\/\/www.carroaluguel.com\/blog\/author\/blog\/"}]}},"_links":{"self":[{"href":"https:\/\/www.carroaluguel.com\/blog\/wp-json\/wp\/v2\/posts\/5451","targetHints":{"allow":["GET"]}}],"collection":[{"href":"https:\/\/www.carroaluguel.com\/blog\/wp-json\/wp\/v2\/posts"}],"about":[{"href":"https:\/\/www.carroaluguel.com\/blog\/wp-json\/wp\/v2\/types\/post"}],"author":[{"embeddable":true,"href":"https:\/\/www.carroaluguel.com\/blog\/wp-json\/wp\/v2\/users\/1"}],"replies":[{"embeddable":true,"href":"https:\/\/www.carroaluguel.com\/blog\/wp-json\/wp\/v2\/comments?post=5451"}],"version-history":[{"count":3,"href":"https:\/\/www.carroaluguel.com\/blog\/wp-json\/wp\/v2\/posts\/5451\/revisions"}],"predecessor-version":[{"id":11039,"href":"https:\/\/www.carroaluguel.com\/blog\/wp-json\/wp\/v2\/posts\/5451\/revisions\/11039"}],"wp:featuredmedia":[{"embeddable":true,"href":"https:\/\/www.carroaluguel.com\/blog\/wp-json\/wp\/v2\/media\/5458"}],"wp:attachment":[{"href":"https:\/\/www.carroaluguel.com\/blog\/wp-json\/wp\/v2\/media?parent=5451"}],"wp:term":[{"taxonomy":"category","embeddable":true,"href":"https:\/\/www.carroaluguel.com\/blog\/wp-json\/wp\/v2\/categories?post=5451"},{"taxonomy":"post_tag","embeddable":true,"href":"https:\/\/www.carroaluguel.com\/blog\/wp-json\/wp\/v2\/tags?post=5451"}],"curies":[{"name":"wp","href":"https:\/\/api.w.org\/{rel}","templated":true}]}}