{"id":5506,"date":"2016-10-18T13:27:55","date_gmt":"2016-10-18T13:27:55","guid":{"rendered":"https:\/\/www.carroaluguel.com\/blog\/?p=5506"},"modified":"2023-08-24T00:40:15","modified_gmt":"2023-08-24T00:40:15","slug":"pontos-turisticos-de-natal","status":"publish","type":"post","link":"https:\/\/www.carroaluguel.com\/blog\/pontos-turisticos-de-natal\/","title":{"rendered":"Os pontos tur\u00edsticos de Natal que voc\u00ea precisa conhecer"},"content":{"rendered":"<p style=\"text-align: justify;\">O <strong><a title=\"Roteiro para viajar de carro pelo Nordeste\" href=\"https:\/\/www.carroaluguel.com\/blog\/2016\/10\/11\/viajar-de-carro-pelo-nordeste\/\" target=\"_blank\" rel=\"noopener\">nordeste brasileiro<\/a><\/strong> \u00e9 um dos destinos preferidos pelos brasileiros em suas <em>viagens de f\u00e9rias<\/em>. Dentro das maravilhosas op\u00e7\u00f5es que essa regi\u00e3o proporciona, a <em>capital do Rio Grande do Norte<\/em>, al\u00e9m de ser uma das mais belas cidades do pa\u00eds, destaca-se devido aos diversos tipos de passeios que oferece e pela grande variedade que podemos encontrar de <strong>pontos tur\u00edsticos de Natal<\/strong>.<\/p>\n<p style=\"text-align: justify;\">E n\u00e3o \u00e9 s\u00f3 de praias que ela \u00e9 feita, por mais que sua <a title=\"Melhores praias de Natal\" href=\"https:\/\/www.carroaluguel.com\/blog\/2016\/02\/18\/melhores-praias-de-natal-passeios\/\" target=\"_blank\" rel=\"noopener\"><strong>regi\u00e3o litor\u00e2nea seja exuberante<\/strong><\/a>, outras op\u00e7\u00f5es podem proporcionar uma diversidade de passeios aos turistas.<\/p>\n<p style=\"text-align: justify;\"><a href=\"https:\/\/www.carroaluguel.com\/blog\" target=\"_blank\" rel=\"noopener\"><img decoding=\"async\" class=\"lazyload aligncenter wp-image-3274 size-full\" title=\"CarroAluguel.com\" src=\"data:image\/svg+xml,%3Csvg%20xmlns%3D%27http%3A%2F%2Fwww.w3.org%2F2000%2Fsvg%27%20width%3D%27765%27%20height%3D%27120%27%20viewBox%3D%270%200%20765%20120%27%3E%3Crect%20width%3D%27765%27%20height%3D%27120%27%20fill-opacity%3D%220%22%2F%3E%3C%2Fsvg%3E\" data-orig-src=\"https:\/\/www.carroaluguel.com\/blog\/wp-content\/uploads\/2016\/02\/alugue-agora-03.gif\" alt=\"CarroAluguel\" width=\"765\" height=\"120\" \/><\/a><\/p>\n<p style=\"text-align: justify;\">A cidade \u00e9 famosa por suas <em>belezas naturais<\/em>, <em>atra\u00e7\u00f5es culturais<\/em> e diversos pr\u00e9dios, igrejas e <em>constru\u00e7\u00f5es hist\u00f3ricas<\/em>.<\/p>\n<p style=\"text-align: justify;\">Por isso, listamos uma s\u00e9rie de lugares imperd\u00edveis para todos aqueles que querem visitar a capital potiguar e n\u00e3o perder os mais importantes <strong>pontos tur\u00edsticos de Natal<\/strong>. Confira:<\/p>\n<h2 style=\"text-align: justify;\">Pontos tur\u00edsticos de Natal<\/h2>\n<h3 style=\"text-align: justify;\"><strong>Orla de Ponta Negra<\/strong><\/h3>\n<p style=\"text-align: justify;\">A praia de Ponta Negra possui a <em>mais bela orla do Rio Grande do Norte<\/em> e, por isso, \u00e9 considerado um dos lugares mais populares.<\/p>\n<p style=\"text-align: justify;\">Al\u00e9m de ser <strong>cart\u00e3o postal<\/strong> oficial da cidade pela sua exuberante beleza, Ponta Negra \u00e9 cheio de pontos gastron\u00f4micos famosos, hot\u00e9is, bares e boates, tornando sua noite t\u00e3o badalada quanto o dia.<\/p>\n<p style=\"text-align: justify;\"><img decoding=\"async\" class=\"lazyload aligncenter wp-image-5518 size-full\" title=\"Orla de Ponta Negra\" src=\"https:\/\/www.carroaluguel.com\/blog\/wp-content\/uploads\/2016\/10\/Orla-de-Ponta-Negra.jpg\" data-orig-src=\"https:\/\/www.carroaluguel.com\/blog\/wp-content\/uploads\/2016\/10\/Orla-de-Ponta-Negra.jpg\" alt=\"Orla de Ponta Negra\" width=\"765\" height=\"240\" srcset=\"data:image\/svg+xml,%3Csvg%20xmlns%3D%27http%3A%2F%2Fwww.w3.org%2F2000%2Fsvg%27%20width%3D%27765%27%20height%3D%27240%27%20viewBox%3D%270%200%20765%20240%27%3E%3Crect%20width%3D%27765%27%20height%3D%27240%27%20fill-opacity%3D%220%22%2F%3E%3C%2Fsvg%3E\" data-srcset=\"https:\/\/www.carroaluguel.com\/blog\/wp-content\/uploads\/2016\/10\/Orla-de-Ponta-Negra-200x63.jpg 200w, https:\/\/www.carroaluguel.com\/blog\/wp-content\/uploads\/2016\/10\/Orla-de-Ponta-Negra-300x94.jpg 300w, https:\/\/www.carroaluguel.com\/blog\/wp-content\/uploads\/2016\/10\/Orla-de-Ponta-Negra-400x125.jpg 400w, https:\/\/www.carroaluguel.com\/blog\/wp-content\/uploads\/2016\/10\/Orla-de-Ponta-Negra-600x188.jpg 600w, https:\/\/www.carroaluguel.com\/blog\/wp-content\/uploads\/2016\/10\/Orla-de-Ponta-Negra.jpg 765w\" data-sizes=\"auto\" data-orig-sizes=\"(max-width: 765px) 100vw, 765px\" \/><\/p>\n<p style=\"font-size: 15px; color: #666666; text-align: center;\">Orla de Ponta Negra<\/p>\n<p style=\"text-align: justify;\">Nela, os aventureiros que buscam um passeio pelas dunas, podem fazer os famosos <strong>passeios de bugs<\/strong>. Essa op\u00e7\u00e3o serve, tamb\u00e9m, para aqueles que querem um passeio tranquilo com a fam\u00edlia, com a oportunidade de curtir a bel\u00edssima paisagem da regi\u00e3o.<\/p>\n<h3 style=\"text-align: justify;\"><strong>Morro do Careca<\/strong><\/h3>\n<p style=\"text-align: justify;\">Ainda nas media\u00e7\u00f5es da orla de Ponta Negra, exatamente no extremo sul da Praia da Ponta Negro, encontra-se o <strong>Morro do Careca<\/strong>, uma duna de aproximadamente 107 metros, outro dos conhecid\u00edssimos <strong>pontos tur\u00edsticos de Natal<\/strong>.<\/p>\n<p style=\"text-align: justify;\"><img decoding=\"async\" class=\"lazyload aligncenter wp-image-5516 size-full\" title=\"Morro do Careca\" src=\"https:\/\/www.carroaluguel.com\/blog\/wp-content\/uploads\/2016\/10\/Morro-do-Careca.jpg\" data-orig-src=\"https:\/\/www.carroaluguel.com\/blog\/wp-content\/uploads\/2016\/10\/Morro-do-Careca.jpg\" alt=\"Morro do Careca Natal\" width=\"765\" height=\"240\" srcset=\"data:image\/svg+xml,%3Csvg%20xmlns%3D%27http%3A%2F%2Fwww.w3.org%2F2000%2Fsvg%27%20width%3D%27765%27%20height%3D%27240%27%20viewBox%3D%270%200%20765%20240%27%3E%3Crect%20width%3D%27765%27%20height%3D%27240%27%20fill-opacity%3D%220%22%2F%3E%3C%2Fsvg%3E\" data-srcset=\"https:\/\/www.carroaluguel.com\/blog\/wp-content\/uploads\/2016\/10\/Morro-do-Careca-200x63.jpg 200w, https:\/\/www.carroaluguel.com\/blog\/wp-content\/uploads\/2016\/10\/Morro-do-Careca-300x94.jpg 300w, https:\/\/www.carroaluguel.com\/blog\/wp-content\/uploads\/2016\/10\/Morro-do-Careca-400x125.jpg 400w, https:\/\/www.carroaluguel.com\/blog\/wp-content\/uploads\/2016\/10\/Morro-do-Careca-600x188.jpg 600w, https:\/\/www.carroaluguel.com\/blog\/wp-content\/uploads\/2016\/10\/Morro-do-Careca.jpg 765w\" data-sizes=\"auto\" data-orig-sizes=\"(max-width: 765px) 100vw, 765px\" \/><\/p>\n<p style=\"font-size: 15px; color: #666666; text-align: center;\">Morro do Careca<\/p>\n<p style=\"text-align: justify;\">A duna \u00e9 cart\u00e3o postal e tamb\u00e9m<strong> s\u00edmbolo da cidade<\/strong> e de suas famosas dunas. Antigamente, o Morro do Careca era fonte de divers\u00e3o para os turistas, pois era poss\u00edvel praticar esportes radicais ao longo dele. Contudo, devido \u00e0 preserva\u00e7\u00e3o da mata de restinga, a duna acabou sendo cercada e negada a interven\u00e7\u00e3o dos turistas. Agora s\u00f3 \u00e9 poss\u00edvel ser admirada de longe pelos seus visitantes, mas mesmo assim o passeio vale muito a pena.<\/p>\n<h3 style=\"text-align: justify;\"><strong>Parque das Dunas<\/strong><\/h3>\n<p style=\"text-align: justify;\">O famoso Parque das Dunas \u00e9 uma \u00e1rea verde de 1.172 hectares protegida por lei dentro da \u00e1rea urbana. Sua grandeza equipara-se \u00e0 sua beleza, tendo em vista que o parque pode ser visto por quase toda a extens\u00e3o da zona sul da capital do Rio Grande do Norte.<\/p>\n<p style=\"text-align: justify;\"><img decoding=\"async\" class=\"lazyload aligncenter wp-image-5524 size-full\" title=\"Parque das Dunas\" src=\"https:\/\/www.carroaluguel.com\/blog\/wp-content\/uploads\/2016\/10\/trilha-Parque-das-Dunas.jpg\" data-orig-src=\"https:\/\/www.carroaluguel.com\/blog\/wp-content\/uploads\/2016\/10\/trilha-Parque-das-Dunas.jpg\" alt=\"trilha parque das dunas\" width=\"765\" height=\"240\" srcset=\"data:image\/svg+xml,%3Csvg%20xmlns%3D%27http%3A%2F%2Fwww.w3.org%2F2000%2Fsvg%27%20width%3D%27765%27%20height%3D%27240%27%20viewBox%3D%270%200%20765%20240%27%3E%3Crect%20width%3D%27765%27%20height%3D%27240%27%20fill-opacity%3D%220%22%2F%3E%3C%2Fsvg%3E\" data-srcset=\"https:\/\/www.carroaluguel.com\/blog\/wp-content\/uploads\/2016\/10\/trilha-Parque-das-Dunas-200x63.jpg 200w, https:\/\/www.carroaluguel.com\/blog\/wp-content\/uploads\/2016\/10\/trilha-Parque-das-Dunas-300x94.jpg 300w, https:\/\/www.carroaluguel.com\/blog\/wp-content\/uploads\/2016\/10\/trilha-Parque-das-Dunas-400x125.jpg 400w, https:\/\/www.carroaluguel.com\/blog\/wp-content\/uploads\/2016\/10\/trilha-Parque-das-Dunas-600x188.jpg 600w, https:\/\/www.carroaluguel.com\/blog\/wp-content\/uploads\/2016\/10\/trilha-Parque-das-Dunas.jpg 765w\" data-sizes=\"auto\" data-orig-sizes=\"(max-width: 765px) 100vw, 765px\" \/><\/p>\n<p style=\"font-size: 15px; color: #666666; text-align: center;\">Trilha no Parque das Dunas<\/p>\n<p style=\"text-align: justify;\">O Parque das Dunas \u00e9 uma atra\u00e7\u00e3o e tanto para os <strong>amantes da natureza<\/strong> e, por isso, consagra-se como um passeio imperd\u00edvel entre os pontos tur\u00edsticos de Natal.<\/p>\n<p style=\"text-align: justify;\">Nele, encontram-se um laborat\u00f3rio de insetos e outro com cat\u00e1logos de plantas do parque, al\u00e9m de v\u00e1rias trilhas para caminhadas e contato com a fauna e flora nativas da regi\u00e3o.<\/p>\n<h3 style=\"text-align: justify;\"><strong>Antigo Pr\u00e9dio da Capitania dos Portos<\/strong><\/h3>\n<p style=\"text-align: justify;\">O Antigo Pr\u00e9dio da Capitania dos Portos destaca-se por seu<strong> valor hist\u00f3rico <\/strong>e<strong> cultural<\/strong>.<\/p>\n<p style=\"text-align: justify;\">Sua import\u00e2ncia hist\u00f3rica \u00e9 imensa. O pr\u00e9dio preservou as caracter\u00edsticas neocl\u00e1ssicas de sua fachada e foi abrigo da antiga sede da Capitania dos Portos da cidade. V\u00e1rios documentos, fotos e objetos daquela \u00e9poca encontram-se em <em>exposi\u00e7\u00e3o<\/em>.<\/p>\n<p style=\"text-align: justify;\"><img decoding=\"async\" class=\"lazyload aligncenter wp-image-5527 size-full\" title=\"Antigo Pr\u00e9dio da Capitania dos Portos\" src=\"data:image\/svg+xml,%3Csvg%20xmlns%3D%27http%3A%2F%2Fwww.w3.org%2F2000%2Fsvg%27%20width%3D%27765%27%20height%3D%27240%27%20viewBox%3D%270%200%20765%20240%27%3E%3Crect%20width%3D%27765%27%20height%3D%27240%27%20fill-opacity%3D%220%22%2F%3E%3C%2Fsvg%3E\" data-orig-src=\"https:\/\/www.carroaluguel.com\/blog\/wp-content\/uploads\/2016\/10\/capitania-dos-portos-natal.jpg\" alt=\"capitania dos portos natal\" width=\"765\" height=\"240\" \/><\/p>\n<p style=\"font-size: 15px; color: #666666; text-align: center;\">Antigo pr\u00e9dio da Capitania dos Portos<\/p>\n<p style=\"text-align: justify;\">Hoje em dia a constru\u00e7\u00e3o serve como um complexo art\u00edstico-cultural do munic\u00edpio, sempre com apresenta\u00e7\u00f5es art\u00edsticas e exposi\u00e7\u00f5es de artes diferenciadas.<\/p>\n<h3 style=\"text-align: justify;\"><strong>Canto do Mangue<\/strong><\/h3>\n<p style=\"text-align: justify;\">O Canto do Mangue destaca-se dos outros pontos tur\u00edsticos de Natal por seu aspecto r\u00fastico e pitoresco e por servir como <strong>centro comercial<\/strong> de venda de peixes e frutos do mar.<\/p>\n<p style=\"text-align: justify;\"><img decoding=\"async\" class=\"lazyload aligncenter wp-image-5513 size-full\" title=\"Canto do Mangue\" src=\"data:image\/svg+xml,%3Csvg%20xmlns%3D%27http%3A%2F%2Fwww.w3.org%2F2000%2Fsvg%27%20width%3D%27765%27%20height%3D%27240%27%20viewBox%3D%270%200%20765%20240%27%3E%3Crect%20width%3D%27765%27%20height%3D%27240%27%20fill-opacity%3D%220%22%2F%3E%3C%2Fsvg%3E\" data-orig-src=\"https:\/\/www.carroaluguel.com\/blog\/wp-content\/uploads\/2016\/10\/Canto-do-Mangue.jpg\" alt=\"canto do mangue natal\" width=\"765\" height=\"240\" \/><\/p>\n<p style=\"font-size: 15px; color: #666666; text-align: center;\">Barcos pesqueiros no Canto do Mangue<\/p>\n<p style=\"text-align: justify;\">Por se encontrar <em>\u00e0 beira do Rio Potengi<\/em>, muitos o consideram uma atra\u00e7\u00e3o ex\u00f3tica, com cen\u00e1rios e constru\u00e7\u00f5es antigos e buc\u00f3licos. Al\u00e9m disso, o visitante pode encontrar ali uma <strong><a title=\"Turismo gastron\u00f4mico no Brasil\" href=\"https:\/\/www.carroaluguel.com\/blog\/2016\/06\/20\/turismo-gastronomico-para-provar-a-culinaria-brasileira\/\" target=\"_blank\" rel=\"noopener\">variedade gastron\u00f4mica<\/a><\/strong> incr\u00edvel para agradar a todos paladares.<\/p>\n<h3 style=\"text-align: justify;\"><strong>Fortaleza dos Reis Magos<\/strong><\/h3>\n<p style=\"text-align: justify;\">A <strong>Fortaleza da Barra do Rio Grande<\/strong> \u00e9 popularmente conhecida como Fortaleza dos Reis Magos \u2013 apelido ganhado devido ao in\u00edcio de sua constru\u00e7\u00e3o, no dia de Reis de 1598 \u2013 e tamb\u00e9m por ser o <em>marco inicial da cidade<\/em> fundada em 1599.<\/p>\n<p style=\"text-align: justify;\"><img decoding=\"async\" class=\"lazyload aligncenter wp-image-5515 size-full\" title=\"Fortaleza dos Reis Magos\" src=\"https:\/\/www.carroaluguel.com\/blog\/wp-content\/uploads\/2016\/10\/Fortaleza-dos-Reis-Magos.jpg\" data-orig-src=\"https:\/\/www.carroaluguel.com\/blog\/wp-content\/uploads\/2016\/10\/Fortaleza-dos-Reis-Magos.jpg\" alt=\"fortaleza dos reis magos natal\" width=\"765\" height=\"240\" srcset=\"data:image\/svg+xml,%3Csvg%20xmlns%3D%27http%3A%2F%2Fwww.w3.org%2F2000%2Fsvg%27%20width%3D%27765%27%20height%3D%27240%27%20viewBox%3D%270%200%20765%20240%27%3E%3Crect%20width%3D%27765%27%20height%3D%27240%27%20fill-opacity%3D%220%22%2F%3E%3C%2Fsvg%3E\" data-srcset=\"https:\/\/www.carroaluguel.com\/blog\/wp-content\/uploads\/2016\/10\/Fortaleza-dos-Reis-Magos-200x63.jpg 200w, https:\/\/www.carroaluguel.com\/blog\/wp-content\/uploads\/2016\/10\/Fortaleza-dos-Reis-Magos-300x94.jpg 300w, https:\/\/www.carroaluguel.com\/blog\/wp-content\/uploads\/2016\/10\/Fortaleza-dos-Reis-Magos-400x125.jpg 400w, https:\/\/www.carroaluguel.com\/blog\/wp-content\/uploads\/2016\/10\/Fortaleza-dos-Reis-Magos-600x188.jpg 600w, https:\/\/www.carroaluguel.com\/blog\/wp-content\/uploads\/2016\/10\/Fortaleza-dos-Reis-Magos.jpg 765w\" data-sizes=\"auto\" data-orig-sizes=\"(max-width: 765px) 100vw, 765px\" \/><\/p>\n<p style=\"font-size: 15px; color: #666666; text-align: center;\">Fortaleza dos Reis Magos<\/p>\n<p style=\"text-align: justify;\">A constru\u00e7\u00e3o destaca-se por seu imenso valor hist\u00f3rico e arquitet\u00f4nico. O monumento ainda preserva v\u00e1rios outros marcos, tais como: canh\u00f5es, alojamentos, po\u00e7o com \u00e1gua doce e uma capela.<\/p>\n<p style=\"text-align: justify;\">A Fortaleza encontra-se muito pr\u00f3xima \u00e0 Ponte Newton Navarro.<\/p>\n<h3 style=\"text-align: justify;\"><strong>Ponte Newton Navarro<\/strong><\/h3>\n<p style=\"text-align: justify;\">A Ponte Newton Navarro foi inaugurada em 2007 e, apesar de ser uma constru\u00e7\u00e3o nova, destaca-se entre os pontos tur\u00edsticos de Natal devido sua extens\u00e3o e bel\u00edssima arquitetura.<\/p>\n<p style=\"text-align: justify;\"><img decoding=\"async\" class=\"lazyload aligncenter wp-image-5522 size-full\" title=\"Ponte Newton Navarro\" src=\"https:\/\/www.carroaluguel.com\/blog\/wp-content\/uploads\/2016\/10\/Ponte-Newton-Navarro.jpg\" data-orig-src=\"https:\/\/www.carroaluguel.com\/blog\/wp-content\/uploads\/2016\/10\/Ponte-Newton-Navarro.jpg\" alt=\"ponte newton navarro\" width=\"765\" height=\"240\" srcset=\"data:image\/svg+xml,%3Csvg%20xmlns%3D%27http%3A%2F%2Fwww.w3.org%2F2000%2Fsvg%27%20width%3D%27765%27%20height%3D%27240%27%20viewBox%3D%270%200%20765%20240%27%3E%3Crect%20width%3D%27765%27%20height%3D%27240%27%20fill-opacity%3D%220%22%2F%3E%3C%2Fsvg%3E\" data-srcset=\"https:\/\/www.carroaluguel.com\/blog\/wp-content\/uploads\/2016\/10\/Ponte-Newton-Navarro-200x63.jpg 200w, https:\/\/www.carroaluguel.com\/blog\/wp-content\/uploads\/2016\/10\/Ponte-Newton-Navarro-300x94.jpg 300w, https:\/\/www.carroaluguel.com\/blog\/wp-content\/uploads\/2016\/10\/Ponte-Newton-Navarro-400x125.jpg 400w, https:\/\/www.carroaluguel.com\/blog\/wp-content\/uploads\/2016\/10\/Ponte-Newton-Navarro-600x188.jpg 600w, https:\/\/www.carroaluguel.com\/blog\/wp-content\/uploads\/2016\/10\/Ponte-Newton-Navarro.jpg 765w\" data-sizes=\"auto\" data-orig-sizes=\"(max-width: 765px) 100vw, 765px\" \/><\/p>\n<p style=\"font-size: 15px; color: #666666; text-align: center;\">Ponte Newton Navarro<\/p>\n<p style=\"text-align: justify;\">Ao todo s\u00e3o 1.800 m de comprimento, sendo 500 metros sustentados por cabos de a\u00e7o e presos a dois blocos gigantes de 110 metros de altura, que ligam um lado ao outro do rio Potengi.<\/p>\n<p style=\"text-align: justify;\">A ilumina\u00e7\u00e3o da Ponte tamb\u00e9m chama a aten\u00e7\u00e3o e a torna ainda mais bela, sendo at\u00e9 considerada em muitas listas entre as<em> pontes mais belas do Brasil<\/em>.<\/p>\n<h3 style=\"text-align: justify;\"><strong>Farol de M\u00e3e Lu\u00edza<\/strong><\/h3>\n<p style=\"text-align: justify;\">O Farol de M\u00e3e Lu\u00edza est\u00e1 situado no bairro M\u00e3e Luiza, cujo nome foi dado em homenagem a uma velha parteira da regi\u00e3o. A torre \u00e9 feita de tijolos, em formato cil\u00edndrico, com lanternas duplas e duas grandes galerias.<\/p>\n<p style=\"text-align: justify;\"><img decoding=\"async\" class=\"lazyload aligncenter wp-image-5523 size-full\" title=\"Farol de M\u00e3e Lu\u00edza\" src=\"data:image\/svg+xml,%3Csvg%20xmlns%3D%27http%3A%2F%2Fwww.w3.org%2F2000%2Fsvg%27%20width%3D%27765%27%20height%3D%27240%27%20viewBox%3D%270%200%20765%20240%27%3E%3Crect%20width%3D%27765%27%20height%3D%27240%27%20fill-opacity%3D%220%22%2F%3E%3C%2Fsvg%3E\" data-orig-src=\"https:\/\/www.carroaluguel.com\/blog\/wp-content\/uploads\/2016\/10\/Farol-de-M\u00e3e-Lu\u00edza-1.jpg\" alt=\"farol da m\u00e3e luiza\" width=\"765\" height=\"240\" \/><\/p>\n<p style=\"font-size: 15px; color: #666666; text-align: center;\">Farol de M\u00e3e Lu\u00edza<\/p>\n<p style=\"text-align: justify;\">Inaugurada em 1951, o Farol possui uma <em>torre de concreto de 37 metros de altura<\/em> e uma escadaria com 151 degraus em espiral. Do alto, pode-se ver a praia de Areia Preta, de Jenipabu e Ponta Negra, al\u00e9m de um belo nascer e p\u00f4r do sol.<\/p>\n<p style=\"text-align: justify;\">\u00c0 noite, o Farol da M\u00e3e Luiza se acende e suas duas lanternas iluminam com lampejos de luz a cada 12 segundos numa extens\u00e3o de 44 quil\u00f4metros.<\/p>\n<h3 style=\"text-align: justify;\"><strong>Parque da Cidade Dom Nivaldo Monte<\/strong><\/h3>\n<p style=\"text-align: justify;\">O Parque da Cidade \u00e9 mais uma das grandes obras realizadas pelo grande <em>arquiteto Oscar Niemeyer<\/em>. Por isso, \u00e9 destino garantido entre os turistas.<\/p>\n<p style=\"text-align: justify;\"><img decoding=\"async\" class=\"lazyload aligncenter wp-image-5520 size-full\" title=\"Parque da Cidade Dom Nivaldo Monte\" src=\"https:\/\/www.carroaluguel.com\/blog\/wp-content\/uploads\/2016\/10\/Parque-da-Cidade-Dom-Nivaldo-Monte.jpg\" data-orig-src=\"https:\/\/www.carroaluguel.com\/blog\/wp-content\/uploads\/2016\/10\/Parque-da-Cidade-Dom-Nivaldo-Monte.jpg\" alt=\"parque da cidade dom nivaldo monte\" width=\"765\" height=\"240\" srcset=\"data:image\/svg+xml,%3Csvg%20xmlns%3D%27http%3A%2F%2Fwww.w3.org%2F2000%2Fsvg%27%20width%3D%27765%27%20height%3D%27240%27%20viewBox%3D%270%200%20765%20240%27%3E%3Crect%20width%3D%27765%27%20height%3D%27240%27%20fill-opacity%3D%220%22%2F%3E%3C%2Fsvg%3E\" data-srcset=\"https:\/\/www.carroaluguel.com\/blog\/wp-content\/uploads\/2016\/10\/Parque-da-Cidade-Dom-Nivaldo-Monte-200x63.jpg 200w, https:\/\/www.carroaluguel.com\/blog\/wp-content\/uploads\/2016\/10\/Parque-da-Cidade-Dom-Nivaldo-Monte-300x94.jpg 300w, https:\/\/www.carroaluguel.com\/blog\/wp-content\/uploads\/2016\/10\/Parque-da-Cidade-Dom-Nivaldo-Monte-400x125.jpg 400w, https:\/\/www.carroaluguel.com\/blog\/wp-content\/uploads\/2016\/10\/Parque-da-Cidade-Dom-Nivaldo-Monte-600x188.jpg 600w, https:\/\/www.carroaluguel.com\/blog\/wp-content\/uploads\/2016\/10\/Parque-da-Cidade-Dom-Nivaldo-Monte.jpg 765w\" data-sizes=\"auto\" data-orig-sizes=\"(max-width: 765px) 100vw, 765px\" \/><\/p>\n<p style=\"font-size: 15px; color: #666666; text-align: center;\">Parque da Cidade Dom Nivaldo Monte<\/p>\n<p style=\"text-align: justify;\">Com uma grande reserva de \u00e1gua subterr\u00e2nea, localizada no centro, o parque ocupa tr\u00eas bairros diferentes numa constru\u00e7\u00e3o gigantesca e com uma \u00f3tima estrutura para receber os turistas da melhor forma poss\u00edvel: quatro baterias de banheiros inteligentes e bem localizados, dois estacionamentos em volta do parque, dois port\u00f5es de acesso, ciclovia, cinco trilhas para caminhadas, um memorial de 45 metros de altura, uma biblioteca, um mirante, um centro de educa\u00e7\u00e3o ambiental, um audit\u00f3rio e unidades de descanso espalhadas pelo parque.<\/p>\n<h3 style=\"text-align: justify;\"><strong>Pal\u00e1cio Potengi<\/strong><\/h3>\n<p style=\"text-align: justify;\">O Pal\u00e1cio Potengi foi <em>constru\u00eddo no s\u00e9culo XIX<\/em> e at\u00e9 os anos 80 era utilizado como sede do governo do Rio Grande do Norte. Hoje ele funciona como<strong> espa\u00e7o cultural<\/strong> e \u00e9 um dos pontos tur\u00edsticos de Natal mais visitados.<\/p>\n<p style=\"text-align: justify;\"><img decoding=\"async\" class=\"lazyload aligncenter wp-image-5519 size-full\" title=\"Pal\u00e1cio Potengi\" src=\"data:image\/svg+xml,%3Csvg%20xmlns%3D%27http%3A%2F%2Fwww.w3.org%2F2000%2Fsvg%27%20width%3D%27765%27%20height%3D%27240%27%20viewBox%3D%270%200%20765%20240%27%3E%3Crect%20width%3D%27765%27%20height%3D%27240%27%20fill-opacity%3D%220%22%2F%3E%3C%2Fsvg%3E\" data-orig-src=\"https:\/\/www.carroaluguel.com\/blog\/wp-content\/uploads\/2016\/10\/Pal\u00e1cio-Potengi.jpg\" alt=\"pal\u00e1cio potengi natal\" width=\"765\" height=\"240\" \/><\/p>\n<p style=\"font-size: 15px; color: #666666; text-align: center;\">Pal\u00e1cio Potengi<\/p>\n<p style=\"text-align: justify;\">A Pinacoteca da constru\u00e7\u00e3o possui um acervo incr\u00edvel. O passeio acaba sendo imperd\u00edvel para os amantes da arte.<\/p>\n<h3 style=\"text-align: justify;\"><strong>Barreira do Inferno<\/strong><\/h3>\n<p style=\"text-align: justify;\">As mais famosas<strong> fal\u00e9sias<\/strong> do estado do Rio Grande do Norte podem assustar ao serem ouvidas por turistas durante um passeio.<\/p>\n<p style=\"text-align: justify;\">O nome \u00e9 apenas uma brincadeira entre os moradores da regi\u00e3o, que a nomearam Barreira do Inferno pelo fato de tomarem uma cor avermelhada todas as manh\u00e3s e ao entardecer quando entram em contato com a luz do sol.<\/p>\n<p style=\"text-align: justify;\"><img decoding=\"async\" class=\"lazyload aligncenter wp-image-5512 size-full\" title=\"Barreira do Inferno\" src=\"https:\/\/www.carroaluguel.com\/blog\/wp-content\/uploads\/2016\/10\/Barreira-do-Inferno.jpg\" data-orig-src=\"https:\/\/www.carroaluguel.com\/blog\/wp-content\/uploads\/2016\/10\/Barreira-do-Inferno.jpg\" alt=\"barreira do inferno natal\" width=\"765\" height=\"240\" srcset=\"data:image\/svg+xml,%3Csvg%20xmlns%3D%27http%3A%2F%2Fwww.w3.org%2F2000%2Fsvg%27%20width%3D%27765%27%20height%3D%27240%27%20viewBox%3D%270%200%20765%20240%27%3E%3Crect%20width%3D%27765%27%20height%3D%27240%27%20fill-opacity%3D%220%22%2F%3E%3C%2Fsvg%3E\" data-srcset=\"https:\/\/www.carroaluguel.com\/blog\/wp-content\/uploads\/2016\/10\/Barreira-do-Inferno-200x63.jpg 200w, https:\/\/www.carroaluguel.com\/blog\/wp-content\/uploads\/2016\/10\/Barreira-do-Inferno-300x94.jpg 300w, https:\/\/www.carroaluguel.com\/blog\/wp-content\/uploads\/2016\/10\/Barreira-do-Inferno-400x125.jpg 400w, https:\/\/www.carroaluguel.com\/blog\/wp-content\/uploads\/2016\/10\/Barreira-do-Inferno-600x188.jpg 600w, https:\/\/www.carroaluguel.com\/blog\/wp-content\/uploads\/2016\/10\/Barreira-do-Inferno.jpg 765w\" data-sizes=\"auto\" data-orig-sizes=\"(max-width: 765px) 100vw, 765px\" \/><\/p>\n<p style=\"font-size: 15px; color: #666666; text-align: center;\">Barreira do Inferno.<\/p>\n<p style=\"text-align: justify;\">Al\u00e9m da beleza desse fen\u00f4meno, a Barreira do Inferno tamb\u00e9m proporciona a visita a uma das feiras mais famosas de Natal \u2013 oportunidade perfeita para quem quer comprar presentes e suvenires.<\/p>\n<h3 style=\"text-align: justify;\"><strong>O maior cajueiro do mundo<\/strong><\/h3>\n<p style=\"text-align: justify;\">O maior cajueiro do mundo \u00e9 uma das \u00e1reas mais conhecidas e singulares da cidade potiguar.<\/p>\n<p style=\"text-align: justify;\">O famoso cajueiro da localidade de Pirangi ganha destaque devido ao t\u00edtulo de maior cajueiro com 8.500 metros quadrados ocupados. No per\u00edodo de safra, o cajueiro chega a produzir 80 mil cajus, o que equivale a 2 toneladas e meia da fruta.<\/p>\n<p style=\"text-align: justify;\">O cajueiro ocupa um espa\u00e7o equivalente a 70 \u00e1rvores. \u00c9 como se uma \u00fanica \u00e1rvore formasse um pequeno bosque com seus troncos, galhos e folhas.<\/p>\n<p style=\"text-align: justify;\"><img decoding=\"async\" class=\"lazyload aligncenter wp-image-5517 size-full\" title=\"O maior cajueiro do mundo\" src=\"https:\/\/www.carroaluguel.com\/blog\/wp-content\/uploads\/2016\/10\/O-maior-cajueiro-do-mundo.jpg\" data-orig-src=\"https:\/\/www.carroaluguel.com\/blog\/wp-content\/uploads\/2016\/10\/O-maior-cajueiro-do-mundo.jpg\" alt=\"maior cajueiro do mundo\" width=\"765\" height=\"240\" srcset=\"data:image\/svg+xml,%3Csvg%20xmlns%3D%27http%3A%2F%2Fwww.w3.org%2F2000%2Fsvg%27%20width%3D%27765%27%20height%3D%27240%27%20viewBox%3D%270%200%20765%20240%27%3E%3Crect%20width%3D%27765%27%20height%3D%27240%27%20fill-opacity%3D%220%22%2F%3E%3C%2Fsvg%3E\" data-srcset=\"https:\/\/www.carroaluguel.com\/blog\/wp-content\/uploads\/2016\/10\/O-maior-cajueiro-do-mundo-200x63.jpg 200w, https:\/\/www.carroaluguel.com\/blog\/wp-content\/uploads\/2016\/10\/O-maior-cajueiro-do-mundo-300x94.jpg 300w, https:\/\/www.carroaluguel.com\/blog\/wp-content\/uploads\/2016\/10\/O-maior-cajueiro-do-mundo-400x125.jpg 400w, https:\/\/www.carroaluguel.com\/blog\/wp-content\/uploads\/2016\/10\/O-maior-cajueiro-do-mundo-600x188.jpg 600w, https:\/\/www.carroaluguel.com\/blog\/wp-content\/uploads\/2016\/10\/O-maior-cajueiro-do-mundo.jpg 765w\" data-sizes=\"auto\" data-orig-sizes=\"(max-width: 765px) 100vw, 765px\" \/><\/p>\n<p style=\"font-size: 15px; color: #666666; text-align: center;\">Vista a\u00e9rea do maior cajueiro do mundo<\/p>\n<p>E agora que voc\u00ea j\u00e1 conhece os <strong>pontos tur\u00edstico de Natal<\/strong>, que tal <strong><a title=\"Aluguel de carros em Natal\" href=\"https:\/\/www.carroaluguel.com\/aluguel-de-carros-em-natal\" target=\"_blank\" rel=\"noopener\">alugar um carro<\/a> <\/strong>e colocar o p\u00e9 na estrada? Comente e aproveite para sugerir outros destinos!<\/p>\n","protected":false},"excerpt":{"rendered":"<p>O nordeste brasileiro \u00e9 um dos destinos preferidos pelos brasileiros  [&#8230;]<\/p>\n","protected":false},"author":1,"featured_media":7781,"comment_status":"open","ping_status":"open","sticky":false,"template":"","format":"standard","meta":{"footnotes":""},"categories":[942],"tags":[717,722,824],"class_list":["post-5506","post","type-post","status-publish","format-standard","has-post-thumbnail","hentry","category-roteiros-nacionais","tag-natal","tag-nordeste","tag-rio-grande-do-norte"],"yoast_head":"<!-- This site is optimized with the Yoast SEO plugin v27.5 - https:\/\/yoast.com\/product\/yoast-seo-wordpress\/ -->\n<title>Os pontos tur\u00edsticos de Natal que voc\u00ea precisa conhecer<\/title>\n<meta name=\"description\" content=\"Encante-se com os pontos tur\u00edsticos de Natal e descubra por que a regi\u00e3o \u00e9 t\u00e3o famosa por suas lindas praias, belezas naturais e atra\u00e7\u00f5es culturais!\" \/>\n<meta name=\"robots\" content=\"index, follow, max-snippet:-1, max-image-preview:large, max-video-preview:-1\" \/>\n<link rel=\"canonical\" href=\"https:\/\/www.carroaluguel.com\/blog\/pontos-turisticos-de-natal\/\" \/>\n<meta property=\"og:locale\" content=\"pt_BR\" \/>\n<meta property=\"og:type\" content=\"article\" \/>\n<meta property=\"og:title\" content=\"Os pontos tur\u00edsticos de Natal que voc\u00ea precisa conhecer\" \/>\n<meta property=\"og:description\" content=\"Encante-se com os pontos tur\u00edsticos de Natal e descubra por que a regi\u00e3o \u00e9 t\u00e3o famosa por suas lindas praias, belezas naturais e atra\u00e7\u00f5es culturais!\" \/>\n<meta property=\"og:url\" content=\"https:\/\/www.carroaluguel.com\/blog\/pontos-turisticos-de-natal\/\" \/>\n<meta property=\"og:site_name\" content=\"Blog CarroAluguel\" \/>\n<meta property=\"article:publisher\" content=\"https:\/\/www.facebook.com\/CarroAluguelBR\" \/>\n<meta property=\"article:published_time\" content=\"2016-10-18T13:27:55+00:00\" \/>\n<meta property=\"article:modified_time\" content=\"2023-08-24T00:40:15+00:00\" \/>\n<meta property=\"og:image\" content=\"https:\/\/www.carroaluguel.com\/blog\/wp-content\/uploads\/2016\/10\/blog-relembrar-natal.png\" \/>\n\t<meta property=\"og:image:width\" content=\"765\" \/>\n\t<meta property=\"og:image:height\" content=\"480\" \/>\n\t<meta property=\"og:image:type\" content=\"image\/png\" \/>\n<meta name=\"author\" content=\"blog\" \/>\n<meta name=\"twitter:card\" content=\"summary_large_image\" \/>\n<meta name=\"twitter:creator\" content=\"@CarroAluguel\" \/>\n<meta name=\"twitter:site\" content=\"@CarroAluguel\" \/>\n<meta name=\"twitter:label1\" content=\"Escrito por\" \/>\n\t<meta name=\"twitter:data1\" content=\"blog\" \/>\n\t<meta name=\"twitter:label2\" content=\"Est. tempo de leitura\" \/>\n\t<meta name=\"twitter:data2\" content=\"7 minutos\" \/>\n<script type=\"application\/ld+json\" class=\"yoast-schema-graph\">{\"@context\":\"https:\\\/\\\/schema.org\",\"@graph\":[{\"@type\":\"Article\",\"@id\":\"https:\\\/\\\/www.carroaluguel.com\\\/blog\\\/pontos-turisticos-de-natal\\\/#article\",\"isPartOf\":{\"@id\":\"https:\\\/\\\/www.carroaluguel.com\\\/blog\\\/pontos-turisticos-de-natal\\\/\"},\"author\":{\"name\":\"blog\",\"@id\":\"https:\\\/\\\/www.carroaluguel.com\\\/blog\\\/#\\\/schema\\\/person\\\/693414c3b2423315cf90fb75439be0e1\"},\"headline\":\"Os pontos tur\u00edsticos de Natal que voc\u00ea precisa conhecer\",\"datePublished\":\"2016-10-18T13:27:55+00:00\",\"dateModified\":\"2023-08-24T00:40:15+00:00\",\"mainEntityOfPage\":{\"@id\":\"https:\\\/\\\/www.carroaluguel.com\\\/blog\\\/pontos-turisticos-de-natal\\\/\"},\"wordCount\":1438,\"commentCount\":0,\"publisher\":{\"@id\":\"https:\\\/\\\/www.carroaluguel.com\\\/blog\\\/#organization\"},\"image\":{\"@id\":\"https:\\\/\\\/www.carroaluguel.com\\\/blog\\\/pontos-turisticos-de-natal\\\/#primaryimage\"},\"thumbnailUrl\":\"https:\\\/\\\/www.carroaluguel.com\\\/blog\\\/wp-content\\\/uploads\\\/2016\\\/10\\\/blog-relembrar-natal.png\",\"keywords\":[\"Natal\",\"Nordeste\",\"Rio Grande do Norte\"],\"articleSection\":[\"Roteiros nacionais\"],\"inLanguage\":\"pt-BR\",\"potentialAction\":[{\"@type\":\"CommentAction\",\"name\":\"Comment\",\"target\":[\"https:\\\/\\\/www.carroaluguel.com\\\/blog\\\/pontos-turisticos-de-natal\\\/#respond\"]}]},{\"@type\":\"WebPage\",\"@id\":\"https:\\\/\\\/www.carroaluguel.com\\\/blog\\\/pontos-turisticos-de-natal\\\/\",\"url\":\"https:\\\/\\\/www.carroaluguel.com\\\/blog\\\/pontos-turisticos-de-natal\\\/\",\"name\":\"Os pontos tur\u00edsticos de Natal que voc\u00ea precisa conhecer\",\"isPartOf\":{\"@id\":\"https:\\\/\\\/www.carroaluguel.com\\\/blog\\\/#website\"},\"primaryImageOfPage\":{\"@id\":\"https:\\\/\\\/www.carroaluguel.com\\\/blog\\\/pontos-turisticos-de-natal\\\/#primaryimage\"},\"image\":{\"@id\":\"https:\\\/\\\/www.carroaluguel.com\\\/blog\\\/pontos-turisticos-de-natal\\\/#primaryimage\"},\"thumbnailUrl\":\"https:\\\/\\\/www.carroaluguel.com\\\/blog\\\/wp-content\\\/uploads\\\/2016\\\/10\\\/blog-relembrar-natal.png\",\"datePublished\":\"2016-10-18T13:27:55+00:00\",\"dateModified\":\"2023-08-24T00:40:15+00:00\",\"description\":\"Encante-se com os pontos tur\u00edsticos de Natal e descubra por que a regi\u00e3o \u00e9 t\u00e3o famosa por suas lindas praias, belezas naturais e atra\u00e7\u00f5es culturais!\",\"breadcrumb\":{\"@id\":\"https:\\\/\\\/www.carroaluguel.com\\\/blog\\\/pontos-turisticos-de-natal\\\/#breadcrumb\"},\"inLanguage\":\"pt-BR\",\"potentialAction\":[{\"@type\":\"ReadAction\",\"target\":[\"https:\\\/\\\/www.carroaluguel.com\\\/blog\\\/pontos-turisticos-de-natal\\\/\"]}]},{\"@type\":\"ImageObject\",\"inLanguage\":\"pt-BR\",\"@id\":\"https:\\\/\\\/www.carroaluguel.com\\\/blog\\\/pontos-turisticos-de-natal\\\/#primaryimage\",\"url\":\"https:\\\/\\\/www.carroaluguel.com\\\/blog\\\/wp-content\\\/uploads\\\/2016\\\/10\\\/blog-relembrar-natal.png\",\"contentUrl\":\"https:\\\/\\\/www.carroaluguel.com\\\/blog\\\/wp-content\\\/uploads\\\/2016\\\/10\\\/blog-relembrar-natal.png\",\"width\":765,\"height\":480},{\"@type\":\"BreadcrumbList\",\"@id\":\"https:\\\/\\\/www.carroaluguel.com\\\/blog\\\/pontos-turisticos-de-natal\\\/#breadcrumb\",\"itemListElement\":[{\"@type\":\"ListItem\",\"position\":1,\"name\":\"Home\",\"item\":\"https:\\\/\\\/www.carroaluguel.com\\\/blog\\\/\"},{\"@type\":\"ListItem\",\"position\":2,\"name\":\"Roteiros\",\"item\":\"https:\\\/\\\/www.carroaluguel.com\\\/blog\\\/category\\\/roteiros\\\/\"},{\"@type\":\"ListItem\",\"position\":3,\"name\":\"Roteiros nacionais\",\"item\":\"https:\\\/\\\/www.carroaluguel.com\\\/blog\\\/category\\\/roteiros\\\/roteiros-nacionais\\\/\"},{\"@type\":\"ListItem\",\"position\":4,\"name\":\"Os pontos tur\u00edsticos de Natal que voc\u00ea precisa conhecer\"}]},{\"@type\":\"WebSite\",\"@id\":\"https:\\\/\\\/www.carroaluguel.com\\\/blog\\\/#website\",\"url\":\"https:\\\/\\\/www.carroaluguel.com\\\/blog\\\/\",\"name\":\"Blog CarroAluguel\",\"description\":\"\",\"publisher\":{\"@id\":\"https:\\\/\\\/www.carroaluguel.com\\\/blog\\\/#organization\"},\"potentialAction\":[{\"@type\":\"SearchAction\",\"target\":{\"@type\":\"EntryPoint\",\"urlTemplate\":\"https:\\\/\\\/www.carroaluguel.com\\\/blog\\\/?s={search_term_string}\"},\"query-input\":{\"@type\":\"PropertyValueSpecification\",\"valueRequired\":true,\"valueName\":\"search_term_string\"}}],\"inLanguage\":\"pt-BR\"},{\"@type\":\"Organization\",\"@id\":\"https:\\\/\\\/www.carroaluguel.com\\\/blog\\\/#organization\",\"name\":\"CarroAluguel.com\",\"url\":\"https:\\\/\\\/www.carroaluguel.com\\\/blog\\\/\",\"logo\":{\"@type\":\"ImageObject\",\"inLanguage\":\"pt-BR\",\"@id\":\"https:\\\/\\\/www.carroaluguel.com\\\/blog\\\/#\\\/schema\\\/logo\\\/image\\\/\",\"url\":\"https:\\\/\\\/www.carroaluguel.com\\\/blog\\\/wp-content\\\/uploads\\\/2023\\\/08\\\/logo-carro-aluguel-BLOG-200x54-1.png\",\"contentUrl\":\"https:\\\/\\\/www.carroaluguel.com\\\/blog\\\/wp-content\\\/uploads\\\/2023\\\/08\\\/logo-carro-aluguel-BLOG-200x54-1.png\",\"width\":200,\"height\":54,\"caption\":\"CarroAluguel.com\"},\"image\":{\"@id\":\"https:\\\/\\\/www.carroaluguel.com\\\/blog\\\/#\\\/schema\\\/logo\\\/image\\\/\"},\"sameAs\":[\"https:\\\/\\\/www.facebook.com\\\/CarroAluguelBR\",\"https:\\\/\\\/x.com\\\/CarroAluguel\",\"https:\\\/\\\/www.instagram.com\\\/carroaluguel\\\/\"]},{\"@type\":\"Person\",\"@id\":\"https:\\\/\\\/www.carroaluguel.com\\\/blog\\\/#\\\/schema\\\/person\\\/693414c3b2423315cf90fb75439be0e1\",\"name\":\"blog\",\"image\":{\"@type\":\"ImageObject\",\"inLanguage\":\"pt-BR\",\"@id\":\"https:\\\/\\\/secure.gravatar.com\\\/avatar\\\/b8a3d64fc0b21db017f462a77f2c79b24cf3db4426d602430441f37f7d2ac037?s=96&d=mm&r=g\",\"url\":\"https:\\\/\\\/secure.gravatar.com\\\/avatar\\\/b8a3d64fc0b21db017f462a77f2c79b24cf3db4426d602430441f37f7d2ac037?s=96&d=mm&r=g\",\"contentUrl\":\"https:\\\/\\\/secure.gravatar.com\\\/avatar\\\/b8a3d64fc0b21db017f462a77f2c79b24cf3db4426d602430441f37f7d2ac037?s=96&d=mm&r=g\",\"caption\":\"blog\"},\"sameAs\":[\"https:\\\/\\\/carroaluguel.com\\\/blog\"],\"url\":\"https:\\\/\\\/www.carroaluguel.com\\\/blog\\\/author\\\/blog\\\/\"}]}<\/script>\n<!-- \/ Yoast SEO plugin. -->","yoast_head_json":{"title":"Os pontos tur\u00edsticos de Natal que voc\u00ea precisa conhecer","description":"Encante-se com os pontos tur\u00edsticos de Natal e descubra por que a regi\u00e3o \u00e9 t\u00e3o famosa por suas lindas praias, belezas naturais e atra\u00e7\u00f5es culturais!","robots":{"index":"index","follow":"follow","max-snippet":"max-snippet:-1","max-image-preview":"max-image-preview:large","max-video-preview":"max-video-preview:-1"},"canonical":"https:\/\/www.carroaluguel.com\/blog\/pontos-turisticos-de-natal\/","og_locale":"pt_BR","og_type":"article","og_title":"Os pontos tur\u00edsticos de Natal que voc\u00ea precisa conhecer","og_description":"Encante-se com os pontos tur\u00edsticos de Natal e descubra por que a regi\u00e3o \u00e9 t\u00e3o famosa por suas lindas praias, belezas naturais e atra\u00e7\u00f5es culturais!","og_url":"https:\/\/www.carroaluguel.com\/blog\/pontos-turisticos-de-natal\/","og_site_name":"Blog CarroAluguel","article_publisher":"https:\/\/www.facebook.com\/CarroAluguelBR","article_published_time":"2016-10-18T13:27:55+00:00","article_modified_time":"2023-08-24T00:40:15+00:00","og_image":[{"width":765,"height":480,"url":"https:\/\/www.carroaluguel.com\/blog\/wp-content\/uploads\/2016\/10\/blog-relembrar-natal.png","type":"image\/png"}],"author":"blog","twitter_card":"summary_large_image","twitter_creator":"@CarroAluguel","twitter_site":"@CarroAluguel","twitter_misc":{"Escrito por":"blog","Est. tempo de leitura":"7 minutos"},"schema":{"@context":"https:\/\/schema.org","@graph":[{"@type":"Article","@id":"https:\/\/www.carroaluguel.com\/blog\/pontos-turisticos-de-natal\/#article","isPartOf":{"@id":"https:\/\/www.carroaluguel.com\/blog\/pontos-turisticos-de-natal\/"},"author":{"name":"blog","@id":"https:\/\/www.carroaluguel.com\/blog\/#\/schema\/person\/693414c3b2423315cf90fb75439be0e1"},"headline":"Os pontos tur\u00edsticos de Natal que voc\u00ea precisa conhecer","datePublished":"2016-10-18T13:27:55+00:00","dateModified":"2023-08-24T00:40:15+00:00","mainEntityOfPage":{"@id":"https:\/\/www.carroaluguel.com\/blog\/pontos-turisticos-de-natal\/"},"wordCount":1438,"commentCount":0,"publisher":{"@id":"https:\/\/www.carroaluguel.com\/blog\/#organization"},"image":{"@id":"https:\/\/www.carroaluguel.com\/blog\/pontos-turisticos-de-natal\/#primaryimage"},"thumbnailUrl":"https:\/\/www.carroaluguel.com\/blog\/wp-content\/uploads\/2016\/10\/blog-relembrar-natal.png","keywords":["Natal","Nordeste","Rio Grande do Norte"],"articleSection":["Roteiros nacionais"],"inLanguage":"pt-BR","potentialAction":[{"@type":"CommentAction","name":"Comment","target":["https:\/\/www.carroaluguel.com\/blog\/pontos-turisticos-de-natal\/#respond"]}]},{"@type":"WebPage","@id":"https:\/\/www.carroaluguel.com\/blog\/pontos-turisticos-de-natal\/","url":"https:\/\/www.carroaluguel.com\/blog\/pontos-turisticos-de-natal\/","name":"Os pontos tur\u00edsticos de Natal que voc\u00ea precisa conhecer","isPartOf":{"@id":"https:\/\/www.carroaluguel.com\/blog\/#website"},"primaryImageOfPage":{"@id":"https:\/\/www.carroaluguel.com\/blog\/pontos-turisticos-de-natal\/#primaryimage"},"image":{"@id":"https:\/\/www.carroaluguel.com\/blog\/pontos-turisticos-de-natal\/#primaryimage"},"thumbnailUrl":"https:\/\/www.carroaluguel.com\/blog\/wp-content\/uploads\/2016\/10\/blog-relembrar-natal.png","datePublished":"2016-10-18T13:27:55+00:00","dateModified":"2023-08-24T00:40:15+00:00","description":"Encante-se com os pontos tur\u00edsticos de Natal e descubra por que a regi\u00e3o \u00e9 t\u00e3o famosa por suas lindas praias, belezas naturais e atra\u00e7\u00f5es culturais!","breadcrumb":{"@id":"https:\/\/www.carroaluguel.com\/blog\/pontos-turisticos-de-natal\/#breadcrumb"},"inLanguage":"pt-BR","potentialAction":[{"@type":"ReadAction","target":["https:\/\/www.carroaluguel.com\/blog\/pontos-turisticos-de-natal\/"]}]},{"@type":"ImageObject","inLanguage":"pt-BR","@id":"https:\/\/www.carroaluguel.com\/blog\/pontos-turisticos-de-natal\/#primaryimage","url":"https:\/\/www.carroaluguel.com\/blog\/wp-content\/uploads\/2016\/10\/blog-relembrar-natal.png","contentUrl":"https:\/\/www.carroaluguel.com\/blog\/wp-content\/uploads\/2016\/10\/blog-relembrar-natal.png","width":765,"height":480},{"@type":"BreadcrumbList","@id":"https:\/\/www.carroaluguel.com\/blog\/pontos-turisticos-de-natal\/#breadcrumb","itemListElement":[{"@type":"ListItem","position":1,"name":"Home","item":"https:\/\/www.carroaluguel.com\/blog\/"},{"@type":"ListItem","position":2,"name":"Roteiros","item":"https:\/\/www.carroaluguel.com\/blog\/category\/roteiros\/"},{"@type":"ListItem","position":3,"name":"Roteiros nacionais","item":"https:\/\/www.carroaluguel.com\/blog\/category\/roteiros\/roteiros-nacionais\/"},{"@type":"ListItem","position":4,"name":"Os pontos tur\u00edsticos de Natal que voc\u00ea precisa conhecer"}]},{"@type":"WebSite","@id":"https:\/\/www.carroaluguel.com\/blog\/#website","url":"https:\/\/www.carroaluguel.com\/blog\/","name":"Blog CarroAluguel","description":"","publisher":{"@id":"https:\/\/www.carroaluguel.com\/blog\/#organization"},"potentialAction":[{"@type":"SearchAction","target":{"@type":"EntryPoint","urlTemplate":"https:\/\/www.carroaluguel.com\/blog\/?s={search_term_string}"},"query-input":{"@type":"PropertyValueSpecification","valueRequired":true,"valueName":"search_term_string"}}],"inLanguage":"pt-BR"},{"@type":"Organization","@id":"https:\/\/www.carroaluguel.com\/blog\/#organization","name":"CarroAluguel.com","url":"https:\/\/www.carroaluguel.com\/blog\/","logo":{"@type":"ImageObject","inLanguage":"pt-BR","@id":"https:\/\/www.carroaluguel.com\/blog\/#\/schema\/logo\/image\/","url":"https:\/\/www.carroaluguel.com\/blog\/wp-content\/uploads\/2023\/08\/logo-carro-aluguel-BLOG-200x54-1.png","contentUrl":"https:\/\/www.carroaluguel.com\/blog\/wp-content\/uploads\/2023\/08\/logo-carro-aluguel-BLOG-200x54-1.png","width":200,"height":54,"caption":"CarroAluguel.com"},"image":{"@id":"https:\/\/www.carroaluguel.com\/blog\/#\/schema\/logo\/image\/"},"sameAs":["https:\/\/www.facebook.com\/CarroAluguelBR","https:\/\/x.com\/CarroAluguel","https:\/\/www.instagram.com\/carroaluguel\/"]},{"@type":"Person","@id":"https:\/\/www.carroaluguel.com\/blog\/#\/schema\/person\/693414c3b2423315cf90fb75439be0e1","name":"blog","image":{"@type":"ImageObject","inLanguage":"pt-BR","@id":"https:\/\/secure.gravatar.com\/avatar\/b8a3d64fc0b21db017f462a77f2c79b24cf3db4426d602430441f37f7d2ac037?s=96&d=mm&r=g","url":"https:\/\/secure.gravatar.com\/avatar\/b8a3d64fc0b21db017f462a77f2c79b24cf3db4426d602430441f37f7d2ac037?s=96&d=mm&r=g","contentUrl":"https:\/\/secure.gravatar.com\/avatar\/b8a3d64fc0b21db017f462a77f2c79b24cf3db4426d602430441f37f7d2ac037?s=96&d=mm&r=g","caption":"blog"},"sameAs":["https:\/\/carroaluguel.com\/blog"],"url":"https:\/\/www.carroaluguel.com\/blog\/author\/blog\/"}]}},"_links":{"self":[{"href":"https:\/\/www.carroaluguel.com\/blog\/wp-json\/wp\/v2\/posts\/5506","targetHints":{"allow":["GET"]}}],"collection":[{"href":"https:\/\/www.carroaluguel.com\/blog\/wp-json\/wp\/v2\/posts"}],"about":[{"href":"https:\/\/www.carroaluguel.com\/blog\/wp-json\/wp\/v2\/types\/post"}],"author":[{"embeddable":true,"href":"https:\/\/www.carroaluguel.com\/blog\/wp-json\/wp\/v2\/users\/1"}],"replies":[{"embeddable":true,"href":"https:\/\/www.carroaluguel.com\/blog\/wp-json\/wp\/v2\/comments?post=5506"}],"version-history":[{"count":1,"href":"https:\/\/www.carroaluguel.com\/blog\/wp-json\/wp\/v2\/posts\/5506\/revisions"}],"predecessor-version":[{"id":9925,"href":"https:\/\/www.carroaluguel.com\/blog\/wp-json\/wp\/v2\/posts\/5506\/revisions\/9925"}],"wp:featuredmedia":[{"embeddable":true,"href":"https:\/\/www.carroaluguel.com\/blog\/wp-json\/wp\/v2\/media\/7781"}],"wp:attachment":[{"href":"https:\/\/www.carroaluguel.com\/blog\/wp-json\/wp\/v2\/media?parent=5506"}],"wp:term":[{"taxonomy":"category","embeddable":true,"href":"https:\/\/www.carroaluguel.com\/blog\/wp-json\/wp\/v2\/categories?post=5506"},{"taxonomy":"post_tag","embeddable":true,"href":"https:\/\/www.carroaluguel.com\/blog\/wp-json\/wp\/v2\/tags?post=5506"}],"curies":[{"name":"wp","href":"https:\/\/api.w.org\/{rel}","templated":true}]}}