{"id":5595,"date":"2016-10-31T18:29:20","date_gmt":"2016-10-31T18:29:20","guid":{"rendered":"https:\/\/www.carroaluguel.com\/blog\/?p=5595"},"modified":"2023-08-24T00:41:58","modified_gmt":"2023-08-24T00:41:58","slug":"turismo-na-regiao-dos-lagos","status":"publish","type":"post","link":"https:\/\/www.carroaluguel.com\/blog\/turismo-na-regiao-dos-lagos\/","title":{"rendered":"Regi\u00e3o dos Lagos: encante-se com B\u00fazios, Arraial do Cabo e Cabo Frio"},"content":{"rendered":"<p style=\"text-align: justify;\">Viajar \u00e9 sempre um momento prazeroso e, muitas vezes, o destino ideal\u00a0est\u00e1 mais perto do que voc\u00ea imagina. Uma viagem barata, prazerosa e para toda a fam\u00edlia est\u00e1 apenas a alguns km de dist\u00e2ncia da capital do <strong><a title=\"Passeios no Rio de Janeiro\" href=\"https:\/\/www.carroaluguel.com\/blog\/2016\/04\/11\/turismo-rio-de-janeiro-passeios-que-voce-precisa-fazer\/\" target=\"_blank\" rel=\"noopener\">Rio de Janeiro<\/a><\/strong>, a chamada Regi\u00e3o dos Lagos.<\/p>\n<p style=\"text-align: justify;\">Ent\u00e3o, que tal <strong><a title=\"Aluguel de carros no RJ\" href=\"https:\/\/www.carroaluguel.com\/aluguel-de-carros-no-rio-de-janeiro\" target=\"_blank\" rel=\"noopener\">alugar um carro no Rio de Janeiro <\/a><\/strong>e fazer uma super viagem para as praias paradis\u00edacas da Regi\u00e3o dos Lagos? <em>B\u00fazios, Arraial do Cabo e Cabo Frio<\/em> precisam estar em seu roteiro!<\/p>\n<p style=\"text-align: justify;\">Confira aqui tudo sobre a regi\u00e3o e seus encantos.<\/p>\n<h2 style=\"text-align: justify;\">A Regi\u00e3o dos Lagos e suas divis\u00f5es<\/h2>\n<p style=\"text-align: justify;\">Composta por 13 cidades magn\u00edficas e apenas\u00a0<strong>170 km de dist\u00e2ncia do\u00a0Rio de Janeiro<\/strong>, a <strong>Regi\u00e3o dos Lagos<\/strong> \u00e9 conhecida por abrigar as praias mais belas e ex\u00f3ticas do estado. Desde a <em>badalada cidade de B\u00fazios<\/em>, com suas praias,\u00a0lojas e festas, at\u00e9 a cidade tranquila e <em>relaxante\u00a0Arraial do Cabo<\/em>.<\/p>\n<p style=\"text-align: justify;\"><img decoding=\"async\" class=\"lazyload aligncenter wp-image-5607 size-full\" title=\"Regi\u00e3o dos Lagos: Cabo Frio, Rio de Janeiro\" src=\"https:\/\/www.carroaluguel.com\/blog\/wp-content\/uploads\/2016\/10\/cabo-frio-rj.jpg\" data-orig-src=\"https:\/\/www.carroaluguel.com\/blog\/wp-content\/uploads\/2016\/10\/cabo-frio-rj.jpg\" alt=\"cabo frio rj\" width=\"765\" height=\"300\" srcset=\"data:image\/svg+xml,%3Csvg%20xmlns%3D%27http%3A%2F%2Fwww.w3.org%2F2000%2Fsvg%27%20width%3D%27765%27%20height%3D%27300%27%20viewBox%3D%270%200%20765%20300%27%3E%3Crect%20width%3D%27765%27%20height%3D%27300%27%20fill-opacity%3D%220%22%2F%3E%3C%2Fsvg%3E\" data-srcset=\"https:\/\/www.carroaluguel.com\/blog\/wp-content\/uploads\/2016\/10\/cabo-frio-rj-200x78.jpg 200w, https:\/\/www.carroaluguel.com\/blog\/wp-content\/uploads\/2016\/10\/cabo-frio-rj-300x118.jpg 300w, https:\/\/www.carroaluguel.com\/blog\/wp-content\/uploads\/2016\/10\/cabo-frio-rj-400x157.jpg 400w, https:\/\/www.carroaluguel.com\/blog\/wp-content\/uploads\/2016\/10\/cabo-frio-rj-600x235.jpg 600w, https:\/\/www.carroaluguel.com\/blog\/wp-content\/uploads\/2016\/10\/cabo-frio-rj.jpg 765w\" data-sizes=\"auto\" data-orig-sizes=\"(max-width: 765px) 100vw, 765px\" \/><\/p>\n<p style=\"font-size: 15px; color: #666666; text-align: center;\">Regi\u00e3o dos Lagos: Cabo Frio, Rio de Janeiro.<\/p>\n<p style=\"text-align: justify;\">O tempo depende do seu roteiro e planejamento, mas definitivamente, cada local merece no m\u00ednimo dois a tr\u00eas dias para se explorar bem as belezas naturais e maravilhas da regi\u00e3o.<\/p>\n<p style=\"text-align: justify;\"><img decoding=\"async\" class=\"lazyload aligncenter wp-image-5608 size-full\" title=\"Praia do Farol - Arraial do Cabo, Rio de Janeiro\" src=\"https:\/\/www.carroaluguel.com\/blog\/wp-content\/uploads\/2016\/10\/praia-do-farol-arraial-do-cabo.jpg\" data-orig-src=\"https:\/\/www.carroaluguel.com\/blog\/wp-content\/uploads\/2016\/10\/praia-do-farol-arraial-do-cabo.jpg\" alt=\"praia do farol arraial do cabo\" width=\"765\" height=\"300\" srcset=\"data:image\/svg+xml,%3Csvg%20xmlns%3D%27http%3A%2F%2Fwww.w3.org%2F2000%2Fsvg%27%20width%3D%27765%27%20height%3D%27300%27%20viewBox%3D%270%200%20765%20300%27%3E%3Crect%20width%3D%27765%27%20height%3D%27300%27%20fill-opacity%3D%220%22%2F%3E%3C%2Fsvg%3E\" data-srcset=\"https:\/\/www.carroaluguel.com\/blog\/wp-content\/uploads\/2016\/10\/praia-do-farol-arraial-do-cabo-200x78.jpg 200w, https:\/\/www.carroaluguel.com\/blog\/wp-content\/uploads\/2016\/10\/praia-do-farol-arraial-do-cabo-300x118.jpg 300w, https:\/\/www.carroaluguel.com\/blog\/wp-content\/uploads\/2016\/10\/praia-do-farol-arraial-do-cabo-400x157.jpg 400w, https:\/\/www.carroaluguel.com\/blog\/wp-content\/uploads\/2016\/10\/praia-do-farol-arraial-do-cabo-600x235.jpg 600w, https:\/\/www.carroaluguel.com\/blog\/wp-content\/uploads\/2016\/10\/praia-do-farol-arraial-do-cabo.jpg 765w\" data-sizes=\"auto\" data-orig-sizes=\"(max-width: 765px) 100vw, 765px\" \/><\/p>\n<p style=\"font-size: 15px; color: #666666; text-align: center;\">Praia do Farol &#8211; Arraial do Cabo, Rio de Janeiro.<\/p>\n<p style=\"text-align: justify;\"><strong>Arraial do Cabo<\/strong> \u00e9 famosa pelo <em>mar multicolorido,<\/em> praias paradis\u00edacas e\u00a0<strong>pontos de mergulho<\/strong>. <strong>B\u00fazios<\/strong> j\u00e1 segue a linha chique\u00a0e charmosa, a cidade tem pousadas, boa gastronomia e uma\u00a0<strong>vida noturna<\/strong> animada. <strong>Cabo Frio<\/strong> atrai pela infraestrutura, com\u00a0<em>longas faixas de areia branca e fina<\/em>, repletas de dunas.<\/p>\n<p style=\"text-align: justify;\">E a\u00ed, j\u00e1 sabe qual escolher?<\/p>\n<h2 style=\"text-align: justify;\">Como chegar e onde ficar?<\/h2>\n<p style=\"text-align: justify;\">A <em>Regi\u00e3o dos Lagos est\u00e1\u00a0aproximadamente 2 horas e meia de carro<\/em> saindo do centro do Rio de Janeiro. A <strong>estrada<\/strong> \u00e9 super segura e <strong>bem sinalizada<\/strong>, com diversas paradas para comer e abastecer o carro pelo caminho.<\/p>\n<p style=\"text-align: justify;\">As cidades de B\u00fazios, Arraial do Cabo e Cabo Frio possuem o turismo bem desenvolvido. Por isso, a zona hoteleira \u00e9 uma maravilha. Desde <em>pousadas<\/em>,\u00a0<em>hot\u00e9is de luxo<\/em> at\u00e9\u00a0<em>resorts<\/em> est\u00e3o localizados no litoral da regi\u00e3o. O centro das cidades pode ser visitado facilmente a p\u00e9, mas para praias mais distantes recomenda-se o uso de transportes.<\/p>\n<p style=\"text-align: justify;\"><img decoding=\"async\" class=\"lazyload aligncenter wp-image-5606 size-full\" title=\"Regi\u00e3o dos Lagos: B\u00fazios, Rio de Janeiro.\" src=\"https:\/\/www.carroaluguel.com\/blog\/wp-content\/uploads\/2016\/10\/buzios-rj.jpg\" data-orig-src=\"https:\/\/www.carroaluguel.com\/blog\/wp-content\/uploads\/2016\/10\/buzios-rj.jpg\" alt=\"buzios rj\" width=\"765\" height=\"300\" srcset=\"data:image\/svg+xml,%3Csvg%20xmlns%3D%27http%3A%2F%2Fwww.w3.org%2F2000%2Fsvg%27%20width%3D%27765%27%20height%3D%27300%27%20viewBox%3D%270%200%20765%20300%27%3E%3Crect%20width%3D%27765%27%20height%3D%27300%27%20fill-opacity%3D%220%22%2F%3E%3C%2Fsvg%3E\" data-srcset=\"https:\/\/www.carroaluguel.com\/blog\/wp-content\/uploads\/2016\/10\/buzios-rj-200x78.jpg 200w, https:\/\/www.carroaluguel.com\/blog\/wp-content\/uploads\/2016\/10\/buzios-rj-300x118.jpg 300w, https:\/\/www.carroaluguel.com\/blog\/wp-content\/uploads\/2016\/10\/buzios-rj-400x157.jpg 400w, https:\/\/www.carroaluguel.com\/blog\/wp-content\/uploads\/2016\/10\/buzios-rj-600x235.jpg 600w, https:\/\/www.carroaluguel.com\/blog\/wp-content\/uploads\/2016\/10\/buzios-rj.jpg 765w\" data-sizes=\"auto\" data-orig-sizes=\"(max-width: 765px) 100vw, 765px\" \/><\/p>\n<p style=\"font-size: 15px; color: #666666; text-align: center;\">Regi\u00e3o dos Lagos: B\u00fazios, Rio de Janeiro.<\/p>\n<p style=\"text-align: justify;\">Por isso, <strong><a title=\"Como alugar carro sem burocracia\" href=\"https:\/\/www.carroaluguel.com\/blog\/2016\/09\/21\/alugar-um-carro-sem-burocracia\/\" target=\"_blank\" rel=\"noopener\">alugar um carro<\/a><\/strong> \u00e9 a melhor op\u00e7\u00e3o, tanto para chegar e sair dos munic\u00edpios como para se locomover dentro deles, se necess\u00e1rio.<\/p>\n<h2 style=\"text-align: justify;\">Praias e mais praias<\/h2>\n<p style=\"text-align: justify;\">Mesmo que a cidade tenha in\u00fameros atrativos para oferecer, como B\u00fazios com a <em>Rua das Pedras<\/em> &#8211; famosa rua com com\u00e9rcio, restaurantes e boates &#8211; o forte da Regi\u00e3o dos Lagos s\u00e3o as praias.<\/p>\n<p style=\"text-align: justify;\">Cada uma oferece uma gama de op\u00e7\u00f5es, desde <strong>pontos sem ondas<\/strong>, ideais para quem tem filhos pequenos\u00a0at\u00e9 praias com <strong>ondas pr\u00f3prias para surf<\/strong>. O <strong>mergulho<\/strong> tamb\u00e9m \u00e9 uma pr\u00e1tica muito comum na regi\u00e3o e pode ser feito juntamente com os passeios de escuna.<\/p>\n<p style=\"text-align: justify;\"><a href=\"https:\/\/www.carroaluguel.com\/blog\" target=\"_blank\" rel=\"noopener\"><img decoding=\"async\" class=\"lazyload aligncenter wp-image-3468 size-full\" title=\"CarroAluguel.com\" src=\"data:image\/svg+xml,%3Csvg%20xmlns%3D%27http%3A%2F%2Fwww.w3.org%2F2000%2Fsvg%27%20width%3D%27765%27%20height%3D%27120%27%20viewBox%3D%270%200%20765%20120%27%3E%3Crect%20width%3D%27765%27%20height%3D%27120%27%20fill-opacity%3D%220%22%2F%3E%3C%2Fsvg%3E\" data-orig-src=\"https:\/\/www.carroaluguel.com\/blog\/wp-content\/uploads\/2016\/03\/alugue-agora-01.gif\" alt=\"aluguel de carros\" width=\"765\" height=\"120\" \/><\/a><\/p>\n<p style=\"text-align: justify;\">Conhecida como o Caribe brasileiro,\u00a0<strong>Arraial do Cabo<\/strong> certamente possui as <em>praias mais impressionantes da Regi\u00e3o dos Lagos<\/em>, mas n\u00e3o\u00a0oferece uma infraestrutura de pousadas como\u00a0B\u00fazios e nem um com\u00e9rcio t\u00e3o desenvolvido quanto Cabo Frio.<\/p>\n<h2 style=\"text-align: justify;\">E os outros pontos tur\u00edsticos?<\/h2>\n<p style=\"text-align: justify;\">Porque nem s\u00f3 de sombra, mar e \u00e1gua fresca vivem os turistas. As cidades da Regi\u00e3o dos Lagos tamb\u00e9m possuem <strong>pontos tur\u00edsticos<\/strong> bem interessantes.<\/p>\n<p style=\"text-align: justify;\"><strong>B\u00fazios<\/strong> tem entre as atra\u00e7\u00f5es o\u00a0<em>Cal\u00e7ad\u00e3o da Orla Bardot<\/em>, in\u00fameros\u00a0<em>casar\u00f5es em estilo colonial<\/em>,\u00a0<em>esculturas em bronze<\/em> e\u00a0a <em>Rua das Pedras<\/em>, que com uma ilumina\u00e7\u00e3o despretensiosa, une\u00a0restaurantes, bares, galerias e outras op\u00e7\u00f5es de entretenimento como boates e lojas.<\/p>\n<p style=\"text-align: justify;\"><img decoding=\"async\" class=\"lazyload aligncenter wp-image-5603 size-full\" title=\"Rua das Pedras - B\u00fazios, Rio de Janeiro\" src=\"https:\/\/www.carroaluguel.com\/blog\/wp-content\/uploads\/2016\/10\/rua-das-pedras-buzios-rj.jpg\" data-orig-src=\"https:\/\/www.carroaluguel.com\/blog\/wp-content\/uploads\/2016\/10\/rua-das-pedras-buzios-rj.jpg\" alt=\"rua das pedras buzios rj\" width=\"765\" height=\"300\" srcset=\"data:image\/svg+xml,%3Csvg%20xmlns%3D%27http%3A%2F%2Fwww.w3.org%2F2000%2Fsvg%27%20width%3D%27765%27%20height%3D%27300%27%20viewBox%3D%270%200%20765%20300%27%3E%3Crect%20width%3D%27765%27%20height%3D%27300%27%20fill-opacity%3D%220%22%2F%3E%3C%2Fsvg%3E\" data-srcset=\"https:\/\/www.carroaluguel.com\/blog\/wp-content\/uploads\/2016\/10\/rua-das-pedras-buzios-rj-200x78.jpg 200w, https:\/\/www.carroaluguel.com\/blog\/wp-content\/uploads\/2016\/10\/rua-das-pedras-buzios-rj-300x118.jpg 300w, https:\/\/www.carroaluguel.com\/blog\/wp-content\/uploads\/2016\/10\/rua-das-pedras-buzios-rj-400x157.jpg 400w, https:\/\/www.carroaluguel.com\/blog\/wp-content\/uploads\/2016\/10\/rua-das-pedras-buzios-rj-600x235.jpg 600w, https:\/\/www.carroaluguel.com\/blog\/wp-content\/uploads\/2016\/10\/rua-das-pedras-buzios-rj.jpg 765w\" data-sizes=\"auto\" data-orig-sizes=\"(max-width: 765px) 100vw, 765px\" \/><\/p>\n<p style=\"font-size: 15px; color: #666666; text-align: center;\">Rua das Pedras &#8211; B\u00fazios, Rio de Janeiro.<\/p>\n<p style=\"text-align: justify;\">Em <strong>Arraial do Cabo<\/strong>, n\u00e3o deixe de conferir o <em>Mirante do Pontal do Atalaia<\/em>, onde voc\u00ea poder\u00e1 ver o p\u00f4r do sol\u00a0mais bonito\u00a0e emocionante\u00a0do Rio de Janeiro. A cidade n\u00e3o possui muitos pontos tur\u00edsticos, mas a\u00a0hist\u00f3ria da conquista da cidade pelos europeus pode ser vista nas constru\u00e7\u00f5es e edifica\u00e7\u00f5es do <em>Centro Hist\u00f3rico<\/em>.<\/p>\n<p style=\"text-align: justify;\">Outra atra\u00e7\u00e3o \u00e9 a\u00a0<em>Igreja Nossa Senhora dos Rem\u00e9dios<\/em>, local\u00a0conhecido\u00a0por ser o ponto da primeira missa coberta do Brasil. J\u00e1 o\u00a0<em>Museu Oceanogr\u00e1fico Almirante Paulo Moreira<\/em>\u00a0oferece um panorama dos fen\u00f4menos que ocorrem\u00a0na regi\u00e3o e explica o porqu\u00ea\u00a0do mar de Arraial do Cabo ser t\u00e3o singular.<\/p>\n<p style=\"text-align: justify;\"><img decoding=\"async\" class=\"lazyload aligncenter wp-image-5604 size-full\" title=\"Pontal do Atalaia - Arraial do Cabo, Rio de Janeiro\" src=\"https:\/\/www.carroaluguel.com\/blog\/wp-content\/uploads\/2016\/10\/pontal-do-atalaia-arraial-do-cabo.jpg\" data-orig-src=\"https:\/\/www.carroaluguel.com\/blog\/wp-content\/uploads\/2016\/10\/pontal-do-atalaia-arraial-do-cabo.jpg\" alt=\"pontal do atalaia arraial do cabo\" width=\"765\" height=\"300\" srcset=\"data:image\/svg+xml,%3Csvg%20xmlns%3D%27http%3A%2F%2Fwww.w3.org%2F2000%2Fsvg%27%20width%3D%27765%27%20height%3D%27300%27%20viewBox%3D%270%200%20765%20300%27%3E%3Crect%20width%3D%27765%27%20height%3D%27300%27%20fill-opacity%3D%220%22%2F%3E%3C%2Fsvg%3E\" data-srcset=\"https:\/\/www.carroaluguel.com\/blog\/wp-content\/uploads\/2016\/10\/pontal-do-atalaia-arraial-do-cabo-200x78.jpg 200w, https:\/\/www.carroaluguel.com\/blog\/wp-content\/uploads\/2016\/10\/pontal-do-atalaia-arraial-do-cabo-300x118.jpg 300w, https:\/\/www.carroaluguel.com\/blog\/wp-content\/uploads\/2016\/10\/pontal-do-atalaia-arraial-do-cabo-400x157.jpg 400w, https:\/\/www.carroaluguel.com\/blog\/wp-content\/uploads\/2016\/10\/pontal-do-atalaia-arraial-do-cabo-600x235.jpg 600w, https:\/\/www.carroaluguel.com\/blog\/wp-content\/uploads\/2016\/10\/pontal-do-atalaia-arraial-do-cabo.jpg 765w\" data-sizes=\"auto\" data-orig-sizes=\"(max-width: 765px) 100vw, 765px\" \/><\/p>\n<p style=\"font-size: 15px; color: #666666; text-align: center;\">Pontal do Atalaia &#8211; Arraial do Cabo, Rio de Janeiro.<\/p>\n<p style=\"text-align: justify;\">Para finalizar, <strong>Cabo Frio<\/strong> traz tamb\u00e9m pontos tur\u00edsticos importantes como o <em>Forte S\u00e3o Mateus<\/em>, localizado no canto esquerdo da praia do Forte.\u00a0Constru\u00eddo no s\u00e9culo 17 para defender a regi\u00e3o das invas\u00f5es estrangeiras, o Forte ainda preserva os canh\u00f5es apontados para o mar, al\u00e9m de uma bela vista panor\u00e2mica.<\/p>\n<p style=\"text-align: justify;\">Outro ponto forte do turismo \u00e9 o <em>Museu de Arte Religiosa e Tradicional<\/em>, um dos patrim\u00f4nios do IPHAN (Instituto do Patrim\u00f4nio Hist\u00f3rico e Art\u00edstico Nacional), o local traz\u00a0exposi\u00e7\u00f5es al\u00e9m de\u00a0eventos culturais\u00a0para todos os p\u00fablicos e idades.<\/p>\n<p style=\"text-align: justify;\"><img decoding=\"async\" class=\"lazyload aligncenter wp-image-5605 size-full\" title=\"Forte S\u00e3o Mateus - Cabo Frio, Rio de Janeiro\" src=\"https:\/\/www.carroaluguel.com\/blog\/wp-content\/uploads\/2016\/10\/forte-sao-mateus-cabo-frio.jpg\" data-orig-src=\"https:\/\/www.carroaluguel.com\/blog\/wp-content\/uploads\/2016\/10\/forte-sao-mateus-cabo-frio.jpg\" alt=\"forte sao mateus cabo frio\" width=\"765\" height=\"300\" srcset=\"data:image\/svg+xml,%3Csvg%20xmlns%3D%27http%3A%2F%2Fwww.w3.org%2F2000%2Fsvg%27%20width%3D%27765%27%20height%3D%27300%27%20viewBox%3D%270%200%20765%20300%27%3E%3Crect%20width%3D%27765%27%20height%3D%27300%27%20fill-opacity%3D%220%22%2F%3E%3C%2Fsvg%3E\" data-srcset=\"https:\/\/www.carroaluguel.com\/blog\/wp-content\/uploads\/2016\/10\/forte-sao-mateus-cabo-frio-200x78.jpg 200w, https:\/\/www.carroaluguel.com\/blog\/wp-content\/uploads\/2016\/10\/forte-sao-mateus-cabo-frio-300x118.jpg 300w, https:\/\/www.carroaluguel.com\/blog\/wp-content\/uploads\/2016\/10\/forte-sao-mateus-cabo-frio-400x157.jpg 400w, https:\/\/www.carroaluguel.com\/blog\/wp-content\/uploads\/2016\/10\/forte-sao-mateus-cabo-frio-600x235.jpg 600w, https:\/\/www.carroaluguel.com\/blog\/wp-content\/uploads\/2016\/10\/forte-sao-mateus-cabo-frio.jpg 765w\" data-sizes=\"auto\" data-orig-sizes=\"(max-width: 765px) 100vw, 765px\" \/><\/p>\n<p style=\"font-size: 15px; color: #666666; text-align: center;\">Forte S\u00e3o Mateus &#8211; Cabo Frio, Rio de Janeiro.<\/p>\n<p style=\"text-align: justify;\">Se voc\u00ea gostou de todos os passeios incr\u00edveis que pode fazer na <strong>Regi\u00e3o dos Lagos<\/strong>, que tal assinar a nossa <em>newsletter<\/em>?\u00a0Fique por dentro das novidades, \u00e9 s\u00f3 deixar seu e-mail para come\u00e7ar a receber dicas de destinos imperd\u00edveis.<\/p>\n<p>&nbsp;<\/p>\n","protected":false},"excerpt":{"rendered":"<p>Viajar \u00e9 sempre um momento prazeroso e, muitas vezes, o  [&#8230;]<\/p>\n","protected":false},"author":1,"featured_media":5602,"comment_status":"open","ping_status":"open","sticky":false,"template":"","format":"standard","meta":{"footnotes":""},"categories":[942],"tags":[823],"class_list":["post-5595","post","type-post","status-publish","format-standard","has-post-thumbnail","hentry","category-roteiros-nacionais","tag-rio-de-janeiro"],"yoast_head":"<!-- This site is optimized with the Yoast SEO plugin v27.5 - https:\/\/yoast.com\/product\/yoast-seo-wordpress\/ -->\n<title>Regi\u00e3o dos Lagos: encante-se com B\u00fazios, Arraial do Cabo e Cabo Frio<\/title>\n<meta name=\"description\" content=\"\u00c1guas transparentes, areia branca e sol o ano todo fazem de B\u00fazios, Cabo Frio e Arraial do Cabo destinos perfeitos! Confira a paradis\u00edaca Regi\u00e3o dos Lagos.\" \/>\n<meta name=\"robots\" content=\"index, follow, max-snippet:-1, max-image-preview:large, max-video-preview:-1\" \/>\n<link rel=\"canonical\" href=\"https:\/\/www.carroaluguel.com\/blog\/turismo-na-regiao-dos-lagos\/\" \/>\n<meta property=\"og:locale\" content=\"pt_BR\" \/>\n<meta property=\"og:type\" content=\"article\" \/>\n<meta property=\"og:title\" content=\"Regi\u00e3o dos Lagos: encante-se com B\u00fazios, Arraial do Cabo e Cabo Frio\" \/>\n<meta property=\"og:description\" content=\"\u00c1guas transparentes, areia branca e sol o ano todo fazem de B\u00fazios, Cabo Frio e Arraial do Cabo destinos perfeitos! Confira a paradis\u00edaca Regi\u00e3o dos Lagos.\" \/>\n<meta property=\"og:url\" content=\"https:\/\/www.carroaluguel.com\/blog\/turismo-na-regiao-dos-lagos\/\" \/>\n<meta property=\"og:site_name\" content=\"Blog CarroAluguel\" \/>\n<meta property=\"article:publisher\" content=\"https:\/\/www.facebook.com\/CarroAluguelBR\" \/>\n<meta property=\"article:published_time\" content=\"2016-10-31T18:29:20+00:00\" \/>\n<meta property=\"article:modified_time\" content=\"2023-08-24T00:41:58+00:00\" \/>\n<meta property=\"og:image\" content=\"https:\/\/www.carroaluguel.com\/blog\/wp-content\/uploads\/2016\/10\/regiao-dos-lagos.jpg\" \/>\n\t<meta property=\"og:image:width\" content=\"765\" \/>\n\t<meta property=\"og:image:height\" content=\"480\" \/>\n\t<meta property=\"og:image:type\" content=\"image\/jpeg\" \/>\n<meta name=\"author\" content=\"blog\" \/>\n<meta name=\"twitter:card\" content=\"summary_large_image\" \/>\n<meta name=\"twitter:creator\" content=\"@CarroAluguel\" \/>\n<meta name=\"twitter:site\" content=\"@CarroAluguel\" \/>\n<meta name=\"twitter:label1\" content=\"Escrito por\" \/>\n\t<meta name=\"twitter:data1\" content=\"blog\" \/>\n\t<meta name=\"twitter:label2\" content=\"Est. tempo de leitura\" \/>\n\t<meta name=\"twitter:data2\" content=\"5 minutos\" \/>\n<script type=\"application\/ld+json\" class=\"yoast-schema-graph\">{\"@context\":\"https:\\\/\\\/schema.org\",\"@graph\":[{\"@type\":\"Article\",\"@id\":\"https:\\\/\\\/www.carroaluguel.com\\\/blog\\\/turismo-na-regiao-dos-lagos\\\/#article\",\"isPartOf\":{\"@id\":\"https:\\\/\\\/www.carroaluguel.com\\\/blog\\\/turismo-na-regiao-dos-lagos\\\/\"},\"author\":{\"name\":\"blog\",\"@id\":\"https:\\\/\\\/www.carroaluguel.com\\\/blog\\\/#\\\/schema\\\/person\\\/693414c3b2423315cf90fb75439be0e1\"},\"headline\":\"Regi\u00e3o dos Lagos: encante-se com B\u00fazios, Arraial do Cabo e Cabo Frio\",\"datePublished\":\"2016-10-31T18:29:20+00:00\",\"dateModified\":\"2023-08-24T00:41:58+00:00\",\"mainEntityOfPage\":{\"@id\":\"https:\\\/\\\/www.carroaluguel.com\\\/blog\\\/turismo-na-regiao-dos-lagos\\\/\"},\"wordCount\":926,\"commentCount\":0,\"publisher\":{\"@id\":\"https:\\\/\\\/www.carroaluguel.com\\\/blog\\\/#organization\"},\"image\":{\"@id\":\"https:\\\/\\\/www.carroaluguel.com\\\/blog\\\/turismo-na-regiao-dos-lagos\\\/#primaryimage\"},\"thumbnailUrl\":\"https:\\\/\\\/www.carroaluguel.com\\\/blog\\\/wp-content\\\/uploads\\\/2016\\\/10\\\/regiao-dos-lagos.jpg\",\"keywords\":[\"Rio de Janeiro\"],\"articleSection\":[\"Roteiros nacionais\"],\"inLanguage\":\"pt-BR\",\"potentialAction\":[{\"@type\":\"CommentAction\",\"name\":\"Comment\",\"target\":[\"https:\\\/\\\/www.carroaluguel.com\\\/blog\\\/turismo-na-regiao-dos-lagos\\\/#respond\"]}]},{\"@type\":\"WebPage\",\"@id\":\"https:\\\/\\\/www.carroaluguel.com\\\/blog\\\/turismo-na-regiao-dos-lagos\\\/\",\"url\":\"https:\\\/\\\/www.carroaluguel.com\\\/blog\\\/turismo-na-regiao-dos-lagos\\\/\",\"name\":\"Regi\u00e3o dos Lagos: encante-se com B\u00fazios, Arraial do Cabo e Cabo Frio\",\"isPartOf\":{\"@id\":\"https:\\\/\\\/www.carroaluguel.com\\\/blog\\\/#website\"},\"primaryImageOfPage\":{\"@id\":\"https:\\\/\\\/www.carroaluguel.com\\\/blog\\\/turismo-na-regiao-dos-lagos\\\/#primaryimage\"},\"image\":{\"@id\":\"https:\\\/\\\/www.carroaluguel.com\\\/blog\\\/turismo-na-regiao-dos-lagos\\\/#primaryimage\"},\"thumbnailUrl\":\"https:\\\/\\\/www.carroaluguel.com\\\/blog\\\/wp-content\\\/uploads\\\/2016\\\/10\\\/regiao-dos-lagos.jpg\",\"datePublished\":\"2016-10-31T18:29:20+00:00\",\"dateModified\":\"2023-08-24T00:41:58+00:00\",\"description\":\"\u00c1guas transparentes, areia branca e sol o ano todo fazem de B\u00fazios, Cabo Frio e Arraial do Cabo destinos perfeitos! Confira a paradis\u00edaca Regi\u00e3o dos Lagos.\",\"breadcrumb\":{\"@id\":\"https:\\\/\\\/www.carroaluguel.com\\\/blog\\\/turismo-na-regiao-dos-lagos\\\/#breadcrumb\"},\"inLanguage\":\"pt-BR\",\"potentialAction\":[{\"@type\":\"ReadAction\",\"target\":[\"https:\\\/\\\/www.carroaluguel.com\\\/blog\\\/turismo-na-regiao-dos-lagos\\\/\"]}]},{\"@type\":\"ImageObject\",\"inLanguage\":\"pt-BR\",\"@id\":\"https:\\\/\\\/www.carroaluguel.com\\\/blog\\\/turismo-na-regiao-dos-lagos\\\/#primaryimage\",\"url\":\"https:\\\/\\\/www.carroaluguel.com\\\/blog\\\/wp-content\\\/uploads\\\/2016\\\/10\\\/regiao-dos-lagos.jpg\",\"contentUrl\":\"https:\\\/\\\/www.carroaluguel.com\\\/blog\\\/wp-content\\\/uploads\\\/2016\\\/10\\\/regiao-dos-lagos.jpg\",\"width\":765,\"height\":480},{\"@type\":\"BreadcrumbList\",\"@id\":\"https:\\\/\\\/www.carroaluguel.com\\\/blog\\\/turismo-na-regiao-dos-lagos\\\/#breadcrumb\",\"itemListElement\":[{\"@type\":\"ListItem\",\"position\":1,\"name\":\"Home\",\"item\":\"https:\\\/\\\/www.carroaluguel.com\\\/blog\\\/\"},{\"@type\":\"ListItem\",\"position\":2,\"name\":\"Roteiros\",\"item\":\"https:\\\/\\\/www.carroaluguel.com\\\/blog\\\/category\\\/roteiros\\\/\"},{\"@type\":\"ListItem\",\"position\":3,\"name\":\"Roteiros nacionais\",\"item\":\"https:\\\/\\\/www.carroaluguel.com\\\/blog\\\/category\\\/roteiros\\\/roteiros-nacionais\\\/\"},{\"@type\":\"ListItem\",\"position\":4,\"name\":\"Regi\u00e3o dos Lagos: encante-se com B\u00fazios, Arraial do Cabo e Cabo Frio\"}]},{\"@type\":\"WebSite\",\"@id\":\"https:\\\/\\\/www.carroaluguel.com\\\/blog\\\/#website\",\"url\":\"https:\\\/\\\/www.carroaluguel.com\\\/blog\\\/\",\"name\":\"Blog CarroAluguel\",\"description\":\"\",\"publisher\":{\"@id\":\"https:\\\/\\\/www.carroaluguel.com\\\/blog\\\/#organization\"},\"potentialAction\":[{\"@type\":\"SearchAction\",\"target\":{\"@type\":\"EntryPoint\",\"urlTemplate\":\"https:\\\/\\\/www.carroaluguel.com\\\/blog\\\/?s={search_term_string}\"},\"query-input\":{\"@type\":\"PropertyValueSpecification\",\"valueRequired\":true,\"valueName\":\"search_term_string\"}}],\"inLanguage\":\"pt-BR\"},{\"@type\":\"Organization\",\"@id\":\"https:\\\/\\\/www.carroaluguel.com\\\/blog\\\/#organization\",\"name\":\"CarroAluguel.com\",\"url\":\"https:\\\/\\\/www.carroaluguel.com\\\/blog\\\/\",\"logo\":{\"@type\":\"ImageObject\",\"inLanguage\":\"pt-BR\",\"@id\":\"https:\\\/\\\/www.carroaluguel.com\\\/blog\\\/#\\\/schema\\\/logo\\\/image\\\/\",\"url\":\"https:\\\/\\\/www.carroaluguel.com\\\/blog\\\/wp-content\\\/uploads\\\/2023\\\/08\\\/logo-carro-aluguel-BLOG-200x54-1.png\",\"contentUrl\":\"https:\\\/\\\/www.carroaluguel.com\\\/blog\\\/wp-content\\\/uploads\\\/2023\\\/08\\\/logo-carro-aluguel-BLOG-200x54-1.png\",\"width\":200,\"height\":54,\"caption\":\"CarroAluguel.com\"},\"image\":{\"@id\":\"https:\\\/\\\/www.carroaluguel.com\\\/blog\\\/#\\\/schema\\\/logo\\\/image\\\/\"},\"sameAs\":[\"https:\\\/\\\/www.facebook.com\\\/CarroAluguelBR\",\"https:\\\/\\\/x.com\\\/CarroAluguel\",\"https:\\\/\\\/www.instagram.com\\\/carroaluguel\\\/\"]},{\"@type\":\"Person\",\"@id\":\"https:\\\/\\\/www.carroaluguel.com\\\/blog\\\/#\\\/schema\\\/person\\\/693414c3b2423315cf90fb75439be0e1\",\"name\":\"blog\",\"image\":{\"@type\":\"ImageObject\",\"inLanguage\":\"pt-BR\",\"@id\":\"https:\\\/\\\/secure.gravatar.com\\\/avatar\\\/b8a3d64fc0b21db017f462a77f2c79b24cf3db4426d602430441f37f7d2ac037?s=96&d=mm&r=g\",\"url\":\"https:\\\/\\\/secure.gravatar.com\\\/avatar\\\/b8a3d64fc0b21db017f462a77f2c79b24cf3db4426d602430441f37f7d2ac037?s=96&d=mm&r=g\",\"contentUrl\":\"https:\\\/\\\/secure.gravatar.com\\\/avatar\\\/b8a3d64fc0b21db017f462a77f2c79b24cf3db4426d602430441f37f7d2ac037?s=96&d=mm&r=g\",\"caption\":\"blog\"},\"sameAs\":[\"https:\\\/\\\/carroaluguel.com\\\/blog\"],\"url\":\"https:\\\/\\\/www.carroaluguel.com\\\/blog\\\/author\\\/blog\\\/\"}]}<\/script>\n<!-- \/ Yoast SEO plugin. -->","yoast_head_json":{"title":"Regi\u00e3o dos Lagos: encante-se com B\u00fazios, Arraial do Cabo e Cabo Frio","description":"\u00c1guas transparentes, areia branca e sol o ano todo fazem de B\u00fazios, Cabo Frio e Arraial do Cabo destinos perfeitos! Confira a paradis\u00edaca Regi\u00e3o dos Lagos.","robots":{"index":"index","follow":"follow","max-snippet":"max-snippet:-1","max-image-preview":"max-image-preview:large","max-video-preview":"max-video-preview:-1"},"canonical":"https:\/\/www.carroaluguel.com\/blog\/turismo-na-regiao-dos-lagos\/","og_locale":"pt_BR","og_type":"article","og_title":"Regi\u00e3o dos Lagos: encante-se com B\u00fazios, Arraial do Cabo e Cabo Frio","og_description":"\u00c1guas transparentes, areia branca e sol o ano todo fazem de B\u00fazios, Cabo Frio e Arraial do Cabo destinos perfeitos! Confira a paradis\u00edaca Regi\u00e3o dos Lagos.","og_url":"https:\/\/www.carroaluguel.com\/blog\/turismo-na-regiao-dos-lagos\/","og_site_name":"Blog CarroAluguel","article_publisher":"https:\/\/www.facebook.com\/CarroAluguelBR","article_published_time":"2016-10-31T18:29:20+00:00","article_modified_time":"2023-08-24T00:41:58+00:00","og_image":[{"width":765,"height":480,"url":"https:\/\/www.carroaluguel.com\/blog\/wp-content\/uploads\/2016\/10\/regiao-dos-lagos.jpg","type":"image\/jpeg"}],"author":"blog","twitter_card":"summary_large_image","twitter_creator":"@CarroAluguel","twitter_site":"@CarroAluguel","twitter_misc":{"Escrito por":"blog","Est. tempo de leitura":"5 minutos"},"schema":{"@context":"https:\/\/schema.org","@graph":[{"@type":"Article","@id":"https:\/\/www.carroaluguel.com\/blog\/turismo-na-regiao-dos-lagos\/#article","isPartOf":{"@id":"https:\/\/www.carroaluguel.com\/blog\/turismo-na-regiao-dos-lagos\/"},"author":{"name":"blog","@id":"https:\/\/www.carroaluguel.com\/blog\/#\/schema\/person\/693414c3b2423315cf90fb75439be0e1"},"headline":"Regi\u00e3o dos Lagos: encante-se com B\u00fazios, Arraial do Cabo e Cabo Frio","datePublished":"2016-10-31T18:29:20+00:00","dateModified":"2023-08-24T00:41:58+00:00","mainEntityOfPage":{"@id":"https:\/\/www.carroaluguel.com\/blog\/turismo-na-regiao-dos-lagos\/"},"wordCount":926,"commentCount":0,"publisher":{"@id":"https:\/\/www.carroaluguel.com\/blog\/#organization"},"image":{"@id":"https:\/\/www.carroaluguel.com\/blog\/turismo-na-regiao-dos-lagos\/#primaryimage"},"thumbnailUrl":"https:\/\/www.carroaluguel.com\/blog\/wp-content\/uploads\/2016\/10\/regiao-dos-lagos.jpg","keywords":["Rio de Janeiro"],"articleSection":["Roteiros nacionais"],"inLanguage":"pt-BR","potentialAction":[{"@type":"CommentAction","name":"Comment","target":["https:\/\/www.carroaluguel.com\/blog\/turismo-na-regiao-dos-lagos\/#respond"]}]},{"@type":"WebPage","@id":"https:\/\/www.carroaluguel.com\/blog\/turismo-na-regiao-dos-lagos\/","url":"https:\/\/www.carroaluguel.com\/blog\/turismo-na-regiao-dos-lagos\/","name":"Regi\u00e3o dos Lagos: encante-se com B\u00fazios, Arraial do Cabo e Cabo Frio","isPartOf":{"@id":"https:\/\/www.carroaluguel.com\/blog\/#website"},"primaryImageOfPage":{"@id":"https:\/\/www.carroaluguel.com\/blog\/turismo-na-regiao-dos-lagos\/#primaryimage"},"image":{"@id":"https:\/\/www.carroaluguel.com\/blog\/turismo-na-regiao-dos-lagos\/#primaryimage"},"thumbnailUrl":"https:\/\/www.carroaluguel.com\/blog\/wp-content\/uploads\/2016\/10\/regiao-dos-lagos.jpg","datePublished":"2016-10-31T18:29:20+00:00","dateModified":"2023-08-24T00:41:58+00:00","description":"\u00c1guas transparentes, areia branca e sol o ano todo fazem de B\u00fazios, Cabo Frio e Arraial do Cabo destinos perfeitos! Confira a paradis\u00edaca Regi\u00e3o dos Lagos.","breadcrumb":{"@id":"https:\/\/www.carroaluguel.com\/blog\/turismo-na-regiao-dos-lagos\/#breadcrumb"},"inLanguage":"pt-BR","potentialAction":[{"@type":"ReadAction","target":["https:\/\/www.carroaluguel.com\/blog\/turismo-na-regiao-dos-lagos\/"]}]},{"@type":"ImageObject","inLanguage":"pt-BR","@id":"https:\/\/www.carroaluguel.com\/blog\/turismo-na-regiao-dos-lagos\/#primaryimage","url":"https:\/\/www.carroaluguel.com\/blog\/wp-content\/uploads\/2016\/10\/regiao-dos-lagos.jpg","contentUrl":"https:\/\/www.carroaluguel.com\/blog\/wp-content\/uploads\/2016\/10\/regiao-dos-lagos.jpg","width":765,"height":480},{"@type":"BreadcrumbList","@id":"https:\/\/www.carroaluguel.com\/blog\/turismo-na-regiao-dos-lagos\/#breadcrumb","itemListElement":[{"@type":"ListItem","position":1,"name":"Home","item":"https:\/\/www.carroaluguel.com\/blog\/"},{"@type":"ListItem","position":2,"name":"Roteiros","item":"https:\/\/www.carroaluguel.com\/blog\/category\/roteiros\/"},{"@type":"ListItem","position":3,"name":"Roteiros nacionais","item":"https:\/\/www.carroaluguel.com\/blog\/category\/roteiros\/roteiros-nacionais\/"},{"@type":"ListItem","position":4,"name":"Regi\u00e3o dos Lagos: encante-se com B\u00fazios, Arraial do Cabo e Cabo Frio"}]},{"@type":"WebSite","@id":"https:\/\/www.carroaluguel.com\/blog\/#website","url":"https:\/\/www.carroaluguel.com\/blog\/","name":"Blog CarroAluguel","description":"","publisher":{"@id":"https:\/\/www.carroaluguel.com\/blog\/#organization"},"potentialAction":[{"@type":"SearchAction","target":{"@type":"EntryPoint","urlTemplate":"https:\/\/www.carroaluguel.com\/blog\/?s={search_term_string}"},"query-input":{"@type":"PropertyValueSpecification","valueRequired":true,"valueName":"search_term_string"}}],"inLanguage":"pt-BR"},{"@type":"Organization","@id":"https:\/\/www.carroaluguel.com\/blog\/#organization","name":"CarroAluguel.com","url":"https:\/\/www.carroaluguel.com\/blog\/","logo":{"@type":"ImageObject","inLanguage":"pt-BR","@id":"https:\/\/www.carroaluguel.com\/blog\/#\/schema\/logo\/image\/","url":"https:\/\/www.carroaluguel.com\/blog\/wp-content\/uploads\/2023\/08\/logo-carro-aluguel-BLOG-200x54-1.png","contentUrl":"https:\/\/www.carroaluguel.com\/blog\/wp-content\/uploads\/2023\/08\/logo-carro-aluguel-BLOG-200x54-1.png","width":200,"height":54,"caption":"CarroAluguel.com"},"image":{"@id":"https:\/\/www.carroaluguel.com\/blog\/#\/schema\/logo\/image\/"},"sameAs":["https:\/\/www.facebook.com\/CarroAluguelBR","https:\/\/x.com\/CarroAluguel","https:\/\/www.instagram.com\/carroaluguel\/"]},{"@type":"Person","@id":"https:\/\/www.carroaluguel.com\/blog\/#\/schema\/person\/693414c3b2423315cf90fb75439be0e1","name":"blog","image":{"@type":"ImageObject","inLanguage":"pt-BR","@id":"https:\/\/secure.gravatar.com\/avatar\/b8a3d64fc0b21db017f462a77f2c79b24cf3db4426d602430441f37f7d2ac037?s=96&d=mm&r=g","url":"https:\/\/secure.gravatar.com\/avatar\/b8a3d64fc0b21db017f462a77f2c79b24cf3db4426d602430441f37f7d2ac037?s=96&d=mm&r=g","contentUrl":"https:\/\/secure.gravatar.com\/avatar\/b8a3d64fc0b21db017f462a77f2c79b24cf3db4426d602430441f37f7d2ac037?s=96&d=mm&r=g","caption":"blog"},"sameAs":["https:\/\/carroaluguel.com\/blog"],"url":"https:\/\/www.carroaluguel.com\/blog\/author\/blog\/"}]}},"_links":{"self":[{"href":"https:\/\/www.carroaluguel.com\/blog\/wp-json\/wp\/v2\/posts\/5595","targetHints":{"allow":["GET"]}}],"collection":[{"href":"https:\/\/www.carroaluguel.com\/blog\/wp-json\/wp\/v2\/posts"}],"about":[{"href":"https:\/\/www.carroaluguel.com\/blog\/wp-json\/wp\/v2\/types\/post"}],"author":[{"embeddable":true,"href":"https:\/\/www.carroaluguel.com\/blog\/wp-json\/wp\/v2\/users\/1"}],"replies":[{"embeddable":true,"href":"https:\/\/www.carroaluguel.com\/blog\/wp-json\/wp\/v2\/comments?post=5595"}],"version-history":[{"count":2,"href":"https:\/\/www.carroaluguel.com\/blog\/wp-json\/wp\/v2\/posts\/5595\/revisions"}],"predecessor-version":[{"id":11081,"href":"https:\/\/www.carroaluguel.com\/blog\/wp-json\/wp\/v2\/posts\/5595\/revisions\/11081"}],"wp:featuredmedia":[{"embeddable":true,"href":"https:\/\/www.carroaluguel.com\/blog\/wp-json\/wp\/v2\/media\/5602"}],"wp:attachment":[{"href":"https:\/\/www.carroaluguel.com\/blog\/wp-json\/wp\/v2\/media?parent=5595"}],"wp:term":[{"taxonomy":"category","embeddable":true,"href":"https:\/\/www.carroaluguel.com\/blog\/wp-json\/wp\/v2\/categories?post=5595"},{"taxonomy":"post_tag","embeddable":true,"href":"https:\/\/www.carroaluguel.com\/blog\/wp-json\/wp\/v2\/tags?post=5595"}],"curies":[{"name":"wp","href":"https:\/\/api.w.org\/{rel}","templated":true}]}}