{"id":6384,"date":"2017-04-06T13:05:16","date_gmt":"2017-04-06T13:05:16","guid":{"rendered":"https:\/\/www.carroaluguel.com\/blog\/?p=6384"},"modified":"2024-05-10T20:30:09","modified_gmt":"2024-05-10T20:30:09","slug":"rotas-de-carro-pelo-litoral-catarinense","status":"publish","type":"post","link":"https:\/\/www.carroaluguel.com\/blog\/rotas-de-carro-pelo-litoral-catarinense\/","title":{"rendered":"Al\u00e9m de Florian\u00f3polis: 4 rotas de carro pelo litoral catarinense"},"content":{"rendered":"<p>Paisagens bel\u00edssimas se espalham do\u00a0<a title=\"Lugares para viajar no Brasil\" href=\"https:\/\/www.carroaluguel.com\/blog\/2017\/03\/13\/lugares-para-viajar-no-brasil\/\" target=\"_blank\" rel=\"noopener\">norte ao sul do Brasil<\/a>, e um dos destinos praianos mais requisitados pelos viajantes \u00e9 Santa Catarina. Por conta da diversidade impressionante de cen\u00e1rios naturais, as rotas de carro pelo litoral catarinense se tornam especiais para adultos e crian\u00e7as.<\/p>\n<p>Viajar de carro \u00e9 ter total independ\u00eancia para explorar os\u00a0<a title=\"Guia Santa Catarina\" href=\"http:\/\/www.guiasantacatarina.com.br\/mapas\/roteiros_turisticos.php3\" target=\"_blank\" rel=\"noopener\">atrativos tur\u00edsticos<\/a>\u00a0de cada localidade, dos points mais badalados aos ref\u00fagios de dif\u00edcil acesso. E a gama de op\u00e7\u00f5es em Santa Catarina definitivamente n\u00e3o deixa a desejar.<\/p>\n<p>Voc\u00ea quer conhecer as melhores estradas e praias desse estado? Ent\u00e3o, confira quatro<strong>\u00a0rotas de carro pelo litoral catarinense<\/strong>!<\/p>\n<h2>1. Litoral Norte<\/h2>\n<p>No topo do estado\u00a0encontram-se as praias pertencentes ao munic\u00edpio de<strong> Itapo\u00e1<\/strong>, onde h\u00e1 infraestrutura de com\u00e9rcio, restaurantes e rede hoteleira. Embora a regi\u00e3o possua \u00e1reas de preserva\u00e7\u00e3o ambiental e seja predominantemente tranquila ao longo do ano, \u00e9 povoada por pescadores, surfistas e veranistas.<\/p>\n<p>J\u00e1 a maior refer\u00eancia do litoral norte catarinense \u00e9<strong> S\u00e3o Francisco do Sul<\/strong>. A cidade \u00e9 uma ilha situada na Ba\u00eda da Babitonga, que abriga cerca de 20 outras ilhas. No local, al\u00e9m de apreciar a arquitetura hist\u00f3rica, \u00e9 poss\u00edvel visitar pontos tur\u00edsticos como o <em>Museu Nacional do Mar<\/em>, o <em>Forte Marechal Luz<\/em> e o <em>Porto de S\u00e3o Francisco do Sul<\/em>.<\/p>\n<p><img decoding=\"async\" class=\"lazyload aligncenter wp-image-6392 size-full\" title=\"S\u00e3o Francisco do Sul\" src=\"https:\/\/www.carroaluguel.com\/blog\/wp-content\/uploads\/2017\/04\/sao-francisco-sul.jpg\" data-orig-src=\"https:\/\/www.carroaluguel.com\/blog\/wp-content\/uploads\/2017\/04\/sao-francisco-sul.jpg\" alt=\"S\u00e3o Francisco do Sul\" width=\"765\" height=\"240\" srcset=\"data:image\/svg+xml,%3Csvg%20xmlns%3D%27http%3A%2F%2Fwww.w3.org%2F2000%2Fsvg%27%20width%3D%27765%27%20height%3D%27240%27%20viewBox%3D%270%200%20765%20240%27%3E%3Crect%20width%3D%27765%27%20height%3D%27240%27%20fill-opacity%3D%220%22%2F%3E%3C%2Fsvg%3E\" data-srcset=\"https:\/\/www.carroaluguel.com\/blog\/wp-content\/uploads\/2017\/04\/sao-francisco-sul-200x63.jpg 200w, https:\/\/www.carroaluguel.com\/blog\/wp-content\/uploads\/2017\/04\/sao-francisco-sul-300x94.jpg 300w, https:\/\/www.carroaluguel.com\/blog\/wp-content\/uploads\/2017\/04\/sao-francisco-sul-400x125.jpg 400w, https:\/\/www.carroaluguel.com\/blog\/wp-content\/uploads\/2017\/04\/sao-francisco-sul-600x188.jpg 600w, https:\/\/www.carroaluguel.com\/blog\/wp-content\/uploads\/2017\/04\/sao-francisco-sul.jpg 765w\" data-sizes=\"auto\" data-orig-sizes=\"(max-width: 765px) 100vw, 765px\" \/><\/p>\n<p style=\"font-size: 15px; color: #666666; text-align: center;\">S\u00e3o Francisco do Sul \/ SC<\/p>\n<p>Dentre as praias, <strong>Ubatuba<\/strong> e <strong>Enseada<\/strong> atraem muitos veranistas devido \u00e0s \u00e1guas calmas e \u00e0 infraestrutura de bares e restaurantes. Outras, como os balne\u00e1rios de <strong>Capri<\/strong> e <strong>Paulas<\/strong>, s\u00e3o prop\u00edcias aos esportes n\u00e1uticos. J\u00e1 a <strong>Praia Grande<\/strong> \u00e9 uma das favoritas dos surfistas, assim como a <strong>Prainha<\/strong> \u2014\u00a0famosa por sua agitada vida noturna.<\/p>\n<p>Mais \u00e0 frente, em dire\u00e7\u00e3o ao sul, encontram-se os munic\u00edpios de<strong> Balne\u00e1rio Barra do Sul<\/strong>, <strong>Barra Velha<\/strong> e <strong>Pi\u00e7arras<\/strong>, localidades com ares de vilas de pescadores, cujo movimento aumenta no ver\u00e3o. Seguindo viagem, chega-se a <strong>Penha<\/strong>, onde est\u00e1 situado o quinto maior parque tem\u00e1tico do mundo: o Beto Carrero World.<\/p>\n<p>Se voc\u00ea pretende explorar a fundo essa rota, confira uma lista caprichada com as <strong>praias do litoral norte catarinense<\/strong>, ordenadas de norte a sul:<\/p>\n<h3>Itapo\u00e1<\/h3>\n<ul>\n<li>Praia da Barra do Sa\u00ed<\/li>\n<li>Praia de Itapema do Norte<\/li>\n<li>Praia de Itapo\u00e1<\/li>\n<li>Praia do Pontal da Figueira<\/li>\n<\/ul>\n<h3>S\u00e3o Francisco do Sul<\/h3>\n<ul>\n<li>Praia dos Ingleses<\/li>\n<li>Praia da Figueira<\/li>\n<li>Praia dos Paulas<\/li>\n<li>Praia de Calixto<\/li>\n<li>Praia do Capri<\/li>\n<li>Praia do Forte<\/li>\n<li>Praia de Itagua\u00e7u<\/li>\n<li>Praia de Ubatuba<\/li>\n<li>Praia da Enseada<\/li>\n<li>Praia do Molhe<\/li>\n<li>Prainha (Praia da Saudade)<\/li>\n<li>Praia Grande<\/li>\n<li>Praia do Ervino<\/li>\n<\/ul>\n<h3>Balne\u00e1rio Barra do Sul<\/h3>\n<ul>\n<li>Praia da Picama<\/li>\n<li>Praia do Bispo<\/li>\n<li>Praia de Salinas<\/li>\n<li>Praia da Boca da Barra<\/li>\n<\/ul>\n<h3>Barra Velha<\/h3>\n<ul>\n<li>Praia da Pen\u00ednsula<\/li>\n<li>Praia Central<\/li>\n<li>Praia do Cost\u00e3o dos N\u00e1ufragos<\/li>\n<li>Praia do Tabuleiro<\/li>\n<li>Praia do Sol<\/li>\n<li>Praia das Pedras Brancas e Negras<\/li>\n<li>Praia do Grant<\/li>\n<li>Praia de Itajuba<\/li>\n<\/ul>\n<h3>Pi\u00e7arras<\/h3>\n<ul>\n<li>Praia de Ponta dos Jacques<\/li>\n<li>Praia das Palmeiras<\/li>\n<li>Praia de Pi\u00e7arras<\/li>\n<\/ul>\n<h3>Penha<\/h3>\n<ul>\n<li>Praia Alegre<\/li>\n<li>Prainha (Praia da Saudade)<\/li>\n<li>Praia do Quilombo<\/li>\n<li>Praia da Arma\u00e7\u00e3o<\/li>\n<li>Praia da Arma\u00e7\u00e3o do Itapocor\u00f3i<\/li>\n<li>Praia da Paci\u00eancia<\/li>\n<li>Praia Grande<\/li>\n<li>Praia do Po\u00e1<\/li>\n<li>Praia de S\u00e3o Roque<\/li>\n<li>Praia Vermelha<\/li>\n<li>Praia de S\u00e3o Miguel<\/li>\n<li>Praia do Lucas<\/li>\n<\/ul>\n<h2>2. Rota do Sol<\/h2>\n<p>Do sentido norte ao sul, a Rota do Sol \u00e9 composta por <strong>Navegantes<\/strong>, <strong>Itaja\u00ed<\/strong> e<strong> Balne\u00e1rio Cambori\u00fa<\/strong>. Juntas, as tr\u00eas cidades apresentam uma vasta gama de op\u00e7\u00f5es tur\u00edsticas e gastron\u00f4micas \u2014\u00a0de praias preservadas a baladas de prest\u00edgio internacional.<\/p>\n<p>Navegantes e Itaja\u00ed s\u00e3o <em>cidades portu\u00e1rias<\/em>. A primeira \u00e9 mais pacata, diferentemente da segunda \u2014\u00a0o munic\u00edpio itajaiense \u00e9 considerado o polo econ\u00f4mico da regi\u00e3o. Em rela\u00e7\u00e3o \u00e0s praias, Cabe\u00e7udas e Brava s\u00e3o as mais famosas.<\/p>\n<p>J\u00e1 Balne\u00e1rio Cambori\u00fa recebe mais de meio milh\u00e3o de visitantes na temporada de ver\u00e3o, sendo muito frequentada por turistas da Am\u00e9rica do Sul. A cidade oferece in\u00fameras alternativas de <em>bares e restaurantes<\/em>, <em>turismo de compras e ecoturismo<\/em>. A Praia Central \u00e9 a mais frequentada.<\/p>\n<p><img decoding=\"async\" class=\"lazyload aligncenter wp-image-6389 size-full\" title=\"Balne\u00e1rio Cambori\u00fa\" src=\"https:\/\/www.carroaluguel.com\/blog\/wp-content\/uploads\/2017\/04\/balneario-camboriu.jpg\" data-orig-src=\"https:\/\/www.carroaluguel.com\/blog\/wp-content\/uploads\/2017\/04\/balneario-camboriu.jpg\" alt=\"Balne\u00e1rio Cambori\u00fa\" width=\"765\" height=\"240\" srcset=\"data:image\/svg+xml,%3Csvg%20xmlns%3D%27http%3A%2F%2Fwww.w3.org%2F2000%2Fsvg%27%20width%3D%27765%27%20height%3D%27240%27%20viewBox%3D%270%200%20765%20240%27%3E%3Crect%20width%3D%27765%27%20height%3D%27240%27%20fill-opacity%3D%220%22%2F%3E%3C%2Fsvg%3E\" data-srcset=\"https:\/\/www.carroaluguel.com\/blog\/wp-content\/uploads\/2017\/04\/balneario-camboriu-200x63.jpg 200w, https:\/\/www.carroaluguel.com\/blog\/wp-content\/uploads\/2017\/04\/balneario-camboriu-300x94.jpg 300w, https:\/\/www.carroaluguel.com\/blog\/wp-content\/uploads\/2017\/04\/balneario-camboriu-400x125.jpg 400w, https:\/\/www.carroaluguel.com\/blog\/wp-content\/uploads\/2017\/04\/balneario-camboriu-600x188.jpg 600w, https:\/\/www.carroaluguel.com\/blog\/wp-content\/uploads\/2017\/04\/balneario-camboriu.jpg 765w\" data-sizes=\"auto\" data-orig-sizes=\"(max-width: 765px) 100vw, 765px\" \/><\/p>\n<p style=\"font-size: 15px; color: #666666; text-align: center;\">Balne\u00e1rio Cambori\u00fa \/ SC<\/p>\n<p>Mais ao sul, acessando a <strong>Rodovia Interpraias<\/strong> pela BR-101, \u00e9 poss\u00edvel conhecer as verdadeiras joias de Balne\u00e1rio Cambori\u00fa. As praias de<em> Laranjeiras, Taquarinhas, Taquaras, Pinho, Estaleiro <\/em>e<em> Estaleirinho<\/em> s\u00e3o menos povoadas e apresentam diferentes perfis tur\u00edsticos. Tem at\u00e9 praia naturista! Vale a pena conhecer.<\/p>\n<p>Conhe\u00e7a as praias pertencentes \u00e0 Rota do Sol:<\/p>\n<h3>Navegantes<\/h3>\n<ul>\n<li>S\u00e3o Miguel<\/li>\n<li>Gravat\u00e1<\/li>\n<li>Meia Praia<\/li>\n<li>Navegantes<\/li>\n<li>Praia do Pontal (Praia dos Molhes)<\/li>\n<\/ul>\n<h3>Itaja\u00ed<\/h3>\n<ul>\n<li>Praia do Molhe<\/li>\n<li>Praia de Atalaia<\/li>\n<li>Praia do Jeremias<\/li>\n<li>Praia de Cabe\u00e7udas<\/li>\n<li>Canto do Morcego<\/li>\n<li>Praia Brava<\/li>\n<\/ul>\n<h3>Balne\u00e1rio Cambori\u00fa<\/h3>\n<ul>\n<li>Praia dos Amores<\/li>\n<li>Praia do Buraco<\/li>\n<li>Praia do Canto<\/li>\n<li>Praia Central<\/li>\n<li>Laranjeiras<\/li>\n<li>Taquarinhas<\/li>\n<li>Taquaras<\/li>\n<li>Pinho<\/li>\n<li>Estaleiro<\/li>\n<li>Estaleirinho<\/li>\n<\/ul>\n<h2>3. Costa Esmeralda<\/h2>\n<p>Muitos consideram a Costa Esmeralda um verdadeiro para\u00edso natural. <strong>Itapema<\/strong>, <strong>Porto Belo<\/strong> e <strong>Bombinhas<\/strong> comp\u00f5em uma regi\u00e3o com<strong> mais de 30 praias de \u00e1guas cristalinas<\/strong>, onde a cultura a\u00e7oriana se faz presente nos vilarejos e na gastronomia.<\/p>\n<p>Situada <em>logo ap\u00f3s Balne\u00e1rio Cambori\u00fa<\/em>, Itapema \u00e9 o <em>terceiro destino tur\u00edstico mais procurados<\/em> pelos veranistas, apresentando uma \u00f3tima infraestrutura urbana. Em Porto Belo, al\u00e9m das diversas praias, a Ilha atrai viajantes de todos os lugares. J\u00e1 Bombinhas destaca-se pelas<strong> \u00e1guas l\u00edmpidas<\/strong> e pela <strong>biodiversidade<\/strong>.<\/p>\n<p><img decoding=\"async\" class=\"lazyload aligncenter wp-image-6390 size-full\" title=\"Bombinhas\" src=\"https:\/\/www.carroaluguel.com\/blog\/wp-content\/uploads\/2017\/04\/bombinhas-santa-catarina.jpg\" data-orig-src=\"https:\/\/www.carroaluguel.com\/blog\/wp-content\/uploads\/2017\/04\/bombinhas-santa-catarina.jpg\" alt=\"Bombinhas\" width=\"765\" height=\"240\" srcset=\"data:image\/svg+xml,%3Csvg%20xmlns%3D%27http%3A%2F%2Fwww.w3.org%2F2000%2Fsvg%27%20width%3D%27765%27%20height%3D%27240%27%20viewBox%3D%270%200%20765%20240%27%3E%3Crect%20width%3D%27765%27%20height%3D%27240%27%20fill-opacity%3D%220%22%2F%3E%3C%2Fsvg%3E\" data-srcset=\"https:\/\/www.carroaluguel.com\/blog\/wp-content\/uploads\/2017\/04\/bombinhas-santa-catarina-200x63.jpg 200w, https:\/\/www.carroaluguel.com\/blog\/wp-content\/uploads\/2017\/04\/bombinhas-santa-catarina-300x94.jpg 300w, https:\/\/www.carroaluguel.com\/blog\/wp-content\/uploads\/2017\/04\/bombinhas-santa-catarina-400x125.jpg 400w, https:\/\/www.carroaluguel.com\/blog\/wp-content\/uploads\/2017\/04\/bombinhas-santa-catarina-600x188.jpg 600w, https:\/\/www.carroaluguel.com\/blog\/wp-content\/uploads\/2017\/04\/bombinhas-santa-catarina.jpg 765w\" data-sizes=\"auto\" data-orig-sizes=\"(max-width: 765px) 100vw, 765px\" \/><\/p>\n<p style=\"font-size: 15px; color: #666666; text-align: center;\">Bombinhas \/ SC<\/p>\n<p>Por estar pr\u00f3xima \u00e0 <strong>Reserva Biol\u00f3gica Marinha do Arvoredo<\/strong>, a Costa Esmeralda \u00e9 muito frequentada por <strong>mergulhadores<\/strong>. Al\u00e9m do mergulho, surfe, vela, esqui aqu\u00e1tico e\u00a0stand-up paddle\u00a0s\u00e3o algumas das modalidades esportivas praticadas em Bombinhas. O acesso principal \u00e0 regi\u00e3o est\u00e1 localizado na BR-101.<\/p>\n<p>Descubra as bel\u00edssimas praias da Costa Esmeralda:<\/p>\n<h3>Itapema<\/h3>\n<ul>\n<li>Praia Mato de Cambori\u00fa<\/li>\n<li>Praia da Ilhota<\/li>\n<li>Praia Grossa<\/li>\n<li>Praia do Cabe\u00e7o<\/li>\n<li>Canto da Praia<\/li>\n<li>Praia do Centro<\/li>\n<li>Meia Praia<\/li>\n<\/ul>\n<h3>Porto Belo<\/h3>\n<ul>\n<li>Praia de Perequ\u00ea<\/li>\n<li>Praia de Porto Belo (Praia Central)<\/li>\n<li>Praia do Baixio<\/li>\n<li>Ilha de Porto Belo<\/li>\n<li>Praia do Ara\u00e7\u00e1<\/li>\n<li>Praia do Caixa D\u2019A\u00e7o<\/li>\n<li>Praia do Estaleiro<\/li>\n<\/ul>\n<h3>Bombinhas<\/h3>\n<ul>\n<li>Praia da Galheta<\/li>\n<li>Praia de Bombas<\/li>\n<li>Praia do Ribeiro<\/li>\n<li>Praia de Bombinhas<\/li>\n<li>Prainha<\/li>\n<li>Praia do Embrulho<\/li>\n<li>Praia da Lagoinha<\/li>\n<li>Praia da Mis\u00e9ria<\/li>\n<li>Praia da Sepultura<\/li>\n<li>Praia do Retiro dos Padres<\/li>\n<li>Praia de Quatro Ilhas<\/li>\n<li>Praia da Atalaia<\/li>\n<li>Praia de Mariscal<\/li>\n<li>Praia de Canto Grande \u2014\u00a0Mar de Fora<\/li>\n<li>Praia da Concei\u00e7\u00e3o<\/li>\n<li>Praia da Tainha<\/li>\n<li>Praia de Canto Grande \u2014\u00a0Mar de Dentro<\/li>\n<li>Praia de Morrinhos<\/li>\n<li>Praia de Zimbros<\/li>\n<li>Praia do Cardoso<\/li>\n<li>Praia da Lagoa<\/li>\n<li>Praia Triste<\/li>\n<li>Praia Vermelha<\/li>\n<\/ul>\n<h2>4. Litoral Sul<\/h2>\n<p>Al\u00e9m das praias fascinantes, o <em>litoral sul de Santa Catarina possui um grande valor hist\u00f3rico<\/em>. A rota das praias passa por munic\u00edpios como <strong>Palho\u00e7a<\/strong>, <strong>Paulo Lopes<\/strong>, <strong>Garopaba<\/strong>, <strong>Imbituba<\/strong> e <strong>Laguna<\/strong>, cujos atrativos naturais atraem a aten\u00e7\u00e3o de visitantes internacionais.<\/p>\n<p>Logo ap\u00f3s as simp\u00e1ticas praias de Palho\u00e7a, o munic\u00edpio de<em> Paulo Lopes \u00e9 lar da famos\u00edssima<\/em> <strong>Guarda do Emba\u00fa<\/strong>. Para chegar \u00e0 beira-mar, \u00e9 necess\u00e1rio realizar uma travessia a barco ou nado pelo Rio da\u00a0Madre. Poucas centenas de moradores vivem no balne\u00e1rio \u2014\u00a0a maioria artes\u00e3os, pescadores e surfistas. Os visitantes, no entanto, s\u00e3o in\u00fameros.<\/p>\n<p><img decoding=\"async\" class=\"lazyload aligncenter wp-image-6391 size-full\" title=\"Guarda do Emba\u00fa\" src=\"https:\/\/www.carroaluguel.com\/blog\/wp-content\/uploads\/2017\/04\/guarda-do-embau-sc.jpg\" data-orig-src=\"https:\/\/www.carroaluguel.com\/blog\/wp-content\/uploads\/2017\/04\/guarda-do-embau-sc.jpg\" alt=\"Guarda do Emba\u00fa\" width=\"765\" height=\"240\" srcset=\"data:image\/svg+xml,%3Csvg%20xmlns%3D%27http%3A%2F%2Fwww.w3.org%2F2000%2Fsvg%27%20width%3D%27765%27%20height%3D%27240%27%20viewBox%3D%270%200%20765%20240%27%3E%3Crect%20width%3D%27765%27%20height%3D%27240%27%20fill-opacity%3D%220%22%2F%3E%3C%2Fsvg%3E\" data-srcset=\"https:\/\/www.carroaluguel.com\/blog\/wp-content\/uploads\/2017\/04\/guarda-do-embau-sc-200x63.jpg 200w, https:\/\/www.carroaluguel.com\/blog\/wp-content\/uploads\/2017\/04\/guarda-do-embau-sc-300x94.jpg 300w, https:\/\/www.carroaluguel.com\/blog\/wp-content\/uploads\/2017\/04\/guarda-do-embau-sc-400x125.jpg 400w, https:\/\/www.carroaluguel.com\/blog\/wp-content\/uploads\/2017\/04\/guarda-do-embau-sc-600x188.jpg 600w, https:\/\/www.carroaluguel.com\/blog\/wp-content\/uploads\/2017\/04\/guarda-do-embau-sc.jpg 765w\" data-sizes=\"auto\" data-orig-sizes=\"(max-width: 765px) 100vw, 765px\" \/><\/p>\n<p style=\"font-size: 15px; color: #666666; text-align: center;\">Guarda do Emba\u00fa \/ SC<\/p>\n<p>Garopaba e Imbituba s\u00e3o pontos com <strong>atrativos naturais<\/strong> impressionantes. A <strong>Praia de Garopaba<\/strong> e a <strong>Praia do Rosa<\/strong> est\u00e3o <em>entre as mais visitadas<\/em> nos pequenos munic\u00edpios. J\u00e1 Laguna \u00e9 a maior cidade do litoral sul, pela qual passou o hist\u00f3rico Tratado de Tordesilhas. Tamb\u00e9m possui in\u00fameras praias de \u00e1guas frias.<\/p>\n<p>Veja quais praias est\u00e3o na rota do litoral sul catarinense:<\/p>\n<h3>Palho\u00e7a<\/h3>\n<ul>\n<li>Praia do Sonho<\/li>\n<li>Praia da Pinheira<\/li>\n<li>Praia de Cima<\/li>\n<\/ul>\n<h3>Paulo Lopes<\/h3>\n<ul>\n<li>Guarda do Emba\u00fa<\/li>\n<\/ul>\n<h3>Garopaba<\/h3>\n<ul>\n<li>Praia da Gamboa<\/li>\n<li>Praia do Siri\u00fa<\/li>\n<li>Praia de Garopaba<\/li>\n<li>Praia do Vigia<\/li>\n<li>Praia do Silveira<\/li>\n<li>Praia da Ferrugem<\/li>\n<li>Praia da Barra<\/li>\n<li>Praia do Ouvidor<\/li>\n<\/ul>\n<h3>Imbituba<\/h3>\n<ul>\n<li>Praia Vermelha<\/li>\n<li>Praia do Rosa<\/li>\n<li>Praia de Ibiraquera<\/li>\n<li>Praia da Ribanceira<\/li>\n<li>Praia da \u00c1gua<\/li>\n<li>Praia do Porto<\/li>\n<li>Praia da Vila<\/li>\n<li>Praia de Itapirub\u00e1 \u2014\u00a0Norte<\/li>\n<\/ul>\n<h3>Laguna<\/h3>\n<ul>\n<li>Praia de Itapirub\u00e1 \u2014\u00a0Sul<\/li>\n<li>Praia do Sol<\/li>\n<li>Praia do Gi<\/li>\n<li>Praia do Ir\u00f3<\/li>\n<li>Praia do Mar Grosso<\/li>\n<li>Praia Grande<\/li>\n<li>Praia dos Molhes<\/li>\n<li>Praia dos Botos<\/li>\n<li>Praia do Seis<\/li>\n<li>Praia do Tamborete<\/li>\n<li>Praia do Gravat\u00e1<\/li>\n<li>Praia do Siri (Man\u00e9 Lome)<\/li>\n<li>Praia Tereza<\/li>\n<li>Praia da Ilhota<\/li>\n<li>Praia Ypu\u00e3<\/li>\n<li>Praia da Galheta<\/li>\n<li>Praia Grande<\/li>\n<li>Prainha<\/li>\n<li>Praia do Cardoso<\/li>\n<li>Praia da Cigana<\/li>\n<\/ul>\n<h2><span style=\"color: #000000;\">Rotas de carro pelo Litoral Catarinense<\/span><\/h2>\n<p>Gostou dessas <strong>dicas de viagem<\/strong>? Sem d\u00favidas, as rotas de carro pelo litoral catarinense proporcionar\u00e3o \u00f3timos momentos para voc\u00ea e\u00a0sua fam\u00edlia. Seja para aproveitar\u00a0as belezas da capital\u00a0ou as demais regi\u00f5es de Santa Catarina, prepare as malas,\u00a0<a title=\"CarroAluguel.com\" href=\"https:\/\/www.carroaluguel.com\/\" target=\"_blank\" rel=\"noopener\">alugue um carro<\/a>\u00a0e siga em frente. \u00c9 hora de explorar novos mundos!<\/p>\n<p>Quer mais dicas de turismo? Ent\u00e3o, assine nossa newsletter e fique por dentro das novidades!<\/p>\n","protected":false},"excerpt":{"rendered":"<p>Paisagens bel\u00edssimas se espalham do\u00a0norte ao sul do Brasil, e  [&#8230;]<\/p>\n","protected":false},"author":1,"featured_media":6388,"comment_status":"open","ping_status":"open","sticky":false,"template":"","format":"standard","meta":{"footnotes":""},"categories":[942],"tags":[788,839],"class_list":["post-6384","post","type-post","status-publish","format-standard","has-post-thumbnail","hentry","category-roteiros-nacionais","tag-praias","tag-santa-catarina"],"yoast_head":"<!-- This site is optimized with the Yoast SEO plugin v27.5 - https:\/\/yoast.com\/product\/yoast-seo-wordpress\/ -->\n<title>Al\u00e9m de Florian\u00f3polis: 4 rotas de carro pelo litoral catarinense<\/title>\n<meta name=\"description\" content=\"Paisagens bel\u00edssimas se espalham do norte ao sul do Brasil, e um dos destinos mais belos \u00e9 SC. Confira incr\u00edveis rotas de carro pelo litoral catarinense!\" \/>\n<meta name=\"robots\" content=\"index, follow, max-snippet:-1, max-image-preview:large, max-video-preview:-1\" \/>\n<link rel=\"canonical\" href=\"https:\/\/www.carroaluguel.com\/blog\/rotas-de-carro-pelo-litoral-catarinense\/\" \/>\n<meta property=\"og:locale\" content=\"pt_BR\" \/>\n<meta property=\"og:type\" content=\"article\" \/>\n<meta property=\"og:title\" content=\"Al\u00e9m de Florian\u00f3polis: 4 rotas de carro pelo litoral catarinense\" \/>\n<meta property=\"og:description\" content=\"Paisagens bel\u00edssimas se espalham do norte ao sul do Brasil, e um dos destinos mais belos \u00e9 SC. Confira incr\u00edveis rotas de carro pelo litoral catarinense!\" \/>\n<meta property=\"og:url\" content=\"https:\/\/www.carroaluguel.com\/blog\/rotas-de-carro-pelo-litoral-catarinense\/\" \/>\n<meta property=\"og:site_name\" content=\"Blog CarroAluguel\" \/>\n<meta property=\"article:publisher\" content=\"https:\/\/www.facebook.com\/CarroAluguelBR\" \/>\n<meta property=\"article:published_time\" content=\"2017-04-06T13:05:16+00:00\" \/>\n<meta property=\"article:modified_time\" content=\"2024-05-10T20:30:09+00:00\" \/>\n<meta property=\"og:image\" content=\"https:\/\/www.carroaluguel.com\/blog\/wp-content\/uploads\/2017\/04\/alem-de-florianopolis-4-rotas-de-carro-pelo-litoral-catarinense.jpg\" \/>\n\t<meta property=\"og:image:width\" content=\"765\" \/>\n\t<meta property=\"og:image:height\" content=\"480\" \/>\n\t<meta property=\"og:image:type\" content=\"image\/jpeg\" \/>\n<meta name=\"author\" content=\"blog\" \/>\n<meta name=\"twitter:card\" content=\"summary_large_image\" \/>\n<meta name=\"twitter:creator\" content=\"@CarroAluguel\" \/>\n<meta name=\"twitter:site\" content=\"@CarroAluguel\" \/>\n<meta name=\"twitter:label1\" content=\"Escrito por\" \/>\n\t<meta name=\"twitter:data1\" content=\"blog\" \/>\n\t<meta name=\"twitter:label2\" content=\"Est. tempo de leitura\" \/>\n\t<meta name=\"twitter:data2\" content=\"9 minutos\" \/>\n<script type=\"application\/ld+json\" class=\"yoast-schema-graph\">{\"@context\":\"https:\\\/\\\/schema.org\",\"@graph\":[{\"@type\":\"Article\",\"@id\":\"https:\\\/\\\/www.carroaluguel.com\\\/blog\\\/rotas-de-carro-pelo-litoral-catarinense\\\/#article\",\"isPartOf\":{\"@id\":\"https:\\\/\\\/www.carroaluguel.com\\\/blog\\\/rotas-de-carro-pelo-litoral-catarinense\\\/\"},\"author\":{\"name\":\"blog\",\"@id\":\"https:\\\/\\\/www.carroaluguel.com\\\/blog\\\/#\\\/schema\\\/person\\\/693414c3b2423315cf90fb75439be0e1\"},\"headline\":\"Al\u00e9m de Florian\u00f3polis: 4 rotas de carro pelo litoral catarinense\",\"datePublished\":\"2017-04-06T13:05:16+00:00\",\"dateModified\":\"2024-05-10T20:30:09+00:00\",\"mainEntityOfPage\":{\"@id\":\"https:\\\/\\\/www.carroaluguel.com\\\/blog\\\/rotas-de-carro-pelo-litoral-catarinense\\\/\"},\"wordCount\":1453,\"commentCount\":0,\"publisher\":{\"@id\":\"https:\\\/\\\/www.carroaluguel.com\\\/blog\\\/#organization\"},\"image\":{\"@id\":\"https:\\\/\\\/www.carroaluguel.com\\\/blog\\\/rotas-de-carro-pelo-litoral-catarinense\\\/#primaryimage\"},\"thumbnailUrl\":\"https:\\\/\\\/www.carroaluguel.com\\\/blog\\\/wp-content\\\/uploads\\\/2017\\\/04\\\/alem-de-florianopolis-4-rotas-de-carro-pelo-litoral-catarinense.jpg\",\"keywords\":[\"Praias\",\"Santa Catarina\"],\"articleSection\":[\"Roteiros nacionais\"],\"inLanguage\":\"pt-BR\",\"potentialAction\":[{\"@type\":\"CommentAction\",\"name\":\"Comment\",\"target\":[\"https:\\\/\\\/www.carroaluguel.com\\\/blog\\\/rotas-de-carro-pelo-litoral-catarinense\\\/#respond\"]}]},{\"@type\":\"WebPage\",\"@id\":\"https:\\\/\\\/www.carroaluguel.com\\\/blog\\\/rotas-de-carro-pelo-litoral-catarinense\\\/\",\"url\":\"https:\\\/\\\/www.carroaluguel.com\\\/blog\\\/rotas-de-carro-pelo-litoral-catarinense\\\/\",\"name\":\"Al\u00e9m de Florian\u00f3polis: 4 rotas de carro pelo litoral catarinense\",\"isPartOf\":{\"@id\":\"https:\\\/\\\/www.carroaluguel.com\\\/blog\\\/#website\"},\"primaryImageOfPage\":{\"@id\":\"https:\\\/\\\/www.carroaluguel.com\\\/blog\\\/rotas-de-carro-pelo-litoral-catarinense\\\/#primaryimage\"},\"image\":{\"@id\":\"https:\\\/\\\/www.carroaluguel.com\\\/blog\\\/rotas-de-carro-pelo-litoral-catarinense\\\/#primaryimage\"},\"thumbnailUrl\":\"https:\\\/\\\/www.carroaluguel.com\\\/blog\\\/wp-content\\\/uploads\\\/2017\\\/04\\\/alem-de-florianopolis-4-rotas-de-carro-pelo-litoral-catarinense.jpg\",\"datePublished\":\"2017-04-06T13:05:16+00:00\",\"dateModified\":\"2024-05-10T20:30:09+00:00\",\"description\":\"Paisagens bel\u00edssimas se espalham do norte ao sul do Brasil, e um dos destinos mais belos \u00e9 SC. Confira incr\u00edveis rotas de carro pelo litoral catarinense!\",\"breadcrumb\":{\"@id\":\"https:\\\/\\\/www.carroaluguel.com\\\/blog\\\/rotas-de-carro-pelo-litoral-catarinense\\\/#breadcrumb\"},\"inLanguage\":\"pt-BR\",\"potentialAction\":[{\"@type\":\"ReadAction\",\"target\":[\"https:\\\/\\\/www.carroaluguel.com\\\/blog\\\/rotas-de-carro-pelo-litoral-catarinense\\\/\"]}]},{\"@type\":\"ImageObject\",\"inLanguage\":\"pt-BR\",\"@id\":\"https:\\\/\\\/www.carroaluguel.com\\\/blog\\\/rotas-de-carro-pelo-litoral-catarinense\\\/#primaryimage\",\"url\":\"https:\\\/\\\/www.carroaluguel.com\\\/blog\\\/wp-content\\\/uploads\\\/2017\\\/04\\\/alem-de-florianopolis-4-rotas-de-carro-pelo-litoral-catarinense.jpg\",\"contentUrl\":\"https:\\\/\\\/www.carroaluguel.com\\\/blog\\\/wp-content\\\/uploads\\\/2017\\\/04\\\/alem-de-florianopolis-4-rotas-de-carro-pelo-litoral-catarinense.jpg\",\"width\":765,\"height\":480,\"caption\":\"rotas de carro pelo litoral catarinense\"},{\"@type\":\"BreadcrumbList\",\"@id\":\"https:\\\/\\\/www.carroaluguel.com\\\/blog\\\/rotas-de-carro-pelo-litoral-catarinense\\\/#breadcrumb\",\"itemListElement\":[{\"@type\":\"ListItem\",\"position\":1,\"name\":\"Home\",\"item\":\"https:\\\/\\\/www.carroaluguel.com\\\/blog\\\/\"},{\"@type\":\"ListItem\",\"position\":2,\"name\":\"Roteiros\",\"item\":\"https:\\\/\\\/www.carroaluguel.com\\\/blog\\\/category\\\/roteiros\\\/\"},{\"@type\":\"ListItem\",\"position\":3,\"name\":\"Roteiros nacionais\",\"item\":\"https:\\\/\\\/www.carroaluguel.com\\\/blog\\\/category\\\/roteiros\\\/roteiros-nacionais\\\/\"},{\"@type\":\"ListItem\",\"position\":4,\"name\":\"Al\u00e9m de Florian\u00f3polis: 4 rotas de carro pelo litoral catarinense\"}]},{\"@type\":\"WebSite\",\"@id\":\"https:\\\/\\\/www.carroaluguel.com\\\/blog\\\/#website\",\"url\":\"https:\\\/\\\/www.carroaluguel.com\\\/blog\\\/\",\"name\":\"Blog CarroAluguel\",\"description\":\"\",\"publisher\":{\"@id\":\"https:\\\/\\\/www.carroaluguel.com\\\/blog\\\/#organization\"},\"potentialAction\":[{\"@type\":\"SearchAction\",\"target\":{\"@type\":\"EntryPoint\",\"urlTemplate\":\"https:\\\/\\\/www.carroaluguel.com\\\/blog\\\/?s={search_term_string}\"},\"query-input\":{\"@type\":\"PropertyValueSpecification\",\"valueRequired\":true,\"valueName\":\"search_term_string\"}}],\"inLanguage\":\"pt-BR\"},{\"@type\":\"Organization\",\"@id\":\"https:\\\/\\\/www.carroaluguel.com\\\/blog\\\/#organization\",\"name\":\"CarroAluguel.com\",\"url\":\"https:\\\/\\\/www.carroaluguel.com\\\/blog\\\/\",\"logo\":{\"@type\":\"ImageObject\",\"inLanguage\":\"pt-BR\",\"@id\":\"https:\\\/\\\/www.carroaluguel.com\\\/blog\\\/#\\\/schema\\\/logo\\\/image\\\/\",\"url\":\"https:\\\/\\\/www.carroaluguel.com\\\/blog\\\/wp-content\\\/uploads\\\/2023\\\/08\\\/logo-carro-aluguel-BLOG-200x54-1.png\",\"contentUrl\":\"https:\\\/\\\/www.carroaluguel.com\\\/blog\\\/wp-content\\\/uploads\\\/2023\\\/08\\\/logo-carro-aluguel-BLOG-200x54-1.png\",\"width\":200,\"height\":54,\"caption\":\"CarroAluguel.com\"},\"image\":{\"@id\":\"https:\\\/\\\/www.carroaluguel.com\\\/blog\\\/#\\\/schema\\\/logo\\\/image\\\/\"},\"sameAs\":[\"https:\\\/\\\/www.facebook.com\\\/CarroAluguelBR\",\"https:\\\/\\\/x.com\\\/CarroAluguel\",\"https:\\\/\\\/www.instagram.com\\\/carroaluguel\\\/\"]},{\"@type\":\"Person\",\"@id\":\"https:\\\/\\\/www.carroaluguel.com\\\/blog\\\/#\\\/schema\\\/person\\\/693414c3b2423315cf90fb75439be0e1\",\"name\":\"blog\",\"image\":{\"@type\":\"ImageObject\",\"inLanguage\":\"pt-BR\",\"@id\":\"https:\\\/\\\/secure.gravatar.com\\\/avatar\\\/b8a3d64fc0b21db017f462a77f2c79b24cf3db4426d602430441f37f7d2ac037?s=96&d=mm&r=g\",\"url\":\"https:\\\/\\\/secure.gravatar.com\\\/avatar\\\/b8a3d64fc0b21db017f462a77f2c79b24cf3db4426d602430441f37f7d2ac037?s=96&d=mm&r=g\",\"contentUrl\":\"https:\\\/\\\/secure.gravatar.com\\\/avatar\\\/b8a3d64fc0b21db017f462a77f2c79b24cf3db4426d602430441f37f7d2ac037?s=96&d=mm&r=g\",\"caption\":\"blog\"},\"sameAs\":[\"https:\\\/\\\/carroaluguel.com\\\/blog\"],\"url\":\"https:\\\/\\\/www.carroaluguel.com\\\/blog\\\/author\\\/blog\\\/\"}]}<\/script>\n<!-- \/ Yoast SEO plugin. -->","yoast_head_json":{"title":"Al\u00e9m de Florian\u00f3polis: 4 rotas de carro pelo litoral catarinense","description":"Paisagens bel\u00edssimas se espalham do norte ao sul do Brasil, e um dos destinos mais belos \u00e9 SC. Confira incr\u00edveis rotas de carro pelo litoral catarinense!","robots":{"index":"index","follow":"follow","max-snippet":"max-snippet:-1","max-image-preview":"max-image-preview:large","max-video-preview":"max-video-preview:-1"},"canonical":"https:\/\/www.carroaluguel.com\/blog\/rotas-de-carro-pelo-litoral-catarinense\/","og_locale":"pt_BR","og_type":"article","og_title":"Al\u00e9m de Florian\u00f3polis: 4 rotas de carro pelo litoral catarinense","og_description":"Paisagens bel\u00edssimas se espalham do norte ao sul do Brasil, e um dos destinos mais belos \u00e9 SC. Confira incr\u00edveis rotas de carro pelo litoral catarinense!","og_url":"https:\/\/www.carroaluguel.com\/blog\/rotas-de-carro-pelo-litoral-catarinense\/","og_site_name":"Blog CarroAluguel","article_publisher":"https:\/\/www.facebook.com\/CarroAluguelBR","article_published_time":"2017-04-06T13:05:16+00:00","article_modified_time":"2024-05-10T20:30:09+00:00","og_image":[{"width":765,"height":480,"url":"https:\/\/www.carroaluguel.com\/blog\/wp-content\/uploads\/2017\/04\/alem-de-florianopolis-4-rotas-de-carro-pelo-litoral-catarinense.jpg","type":"image\/jpeg"}],"author":"blog","twitter_card":"summary_large_image","twitter_creator":"@CarroAluguel","twitter_site":"@CarroAluguel","twitter_misc":{"Escrito por":"blog","Est. tempo de leitura":"9 minutos"},"schema":{"@context":"https:\/\/schema.org","@graph":[{"@type":"Article","@id":"https:\/\/www.carroaluguel.com\/blog\/rotas-de-carro-pelo-litoral-catarinense\/#article","isPartOf":{"@id":"https:\/\/www.carroaluguel.com\/blog\/rotas-de-carro-pelo-litoral-catarinense\/"},"author":{"name":"blog","@id":"https:\/\/www.carroaluguel.com\/blog\/#\/schema\/person\/693414c3b2423315cf90fb75439be0e1"},"headline":"Al\u00e9m de Florian\u00f3polis: 4 rotas de carro pelo litoral catarinense","datePublished":"2017-04-06T13:05:16+00:00","dateModified":"2024-05-10T20:30:09+00:00","mainEntityOfPage":{"@id":"https:\/\/www.carroaluguel.com\/blog\/rotas-de-carro-pelo-litoral-catarinense\/"},"wordCount":1453,"commentCount":0,"publisher":{"@id":"https:\/\/www.carroaluguel.com\/blog\/#organization"},"image":{"@id":"https:\/\/www.carroaluguel.com\/blog\/rotas-de-carro-pelo-litoral-catarinense\/#primaryimage"},"thumbnailUrl":"https:\/\/www.carroaluguel.com\/blog\/wp-content\/uploads\/2017\/04\/alem-de-florianopolis-4-rotas-de-carro-pelo-litoral-catarinense.jpg","keywords":["Praias","Santa Catarina"],"articleSection":["Roteiros nacionais"],"inLanguage":"pt-BR","potentialAction":[{"@type":"CommentAction","name":"Comment","target":["https:\/\/www.carroaluguel.com\/blog\/rotas-de-carro-pelo-litoral-catarinense\/#respond"]}]},{"@type":"WebPage","@id":"https:\/\/www.carroaluguel.com\/blog\/rotas-de-carro-pelo-litoral-catarinense\/","url":"https:\/\/www.carroaluguel.com\/blog\/rotas-de-carro-pelo-litoral-catarinense\/","name":"Al\u00e9m de Florian\u00f3polis: 4 rotas de carro pelo litoral catarinense","isPartOf":{"@id":"https:\/\/www.carroaluguel.com\/blog\/#website"},"primaryImageOfPage":{"@id":"https:\/\/www.carroaluguel.com\/blog\/rotas-de-carro-pelo-litoral-catarinense\/#primaryimage"},"image":{"@id":"https:\/\/www.carroaluguel.com\/blog\/rotas-de-carro-pelo-litoral-catarinense\/#primaryimage"},"thumbnailUrl":"https:\/\/www.carroaluguel.com\/blog\/wp-content\/uploads\/2017\/04\/alem-de-florianopolis-4-rotas-de-carro-pelo-litoral-catarinense.jpg","datePublished":"2017-04-06T13:05:16+00:00","dateModified":"2024-05-10T20:30:09+00:00","description":"Paisagens bel\u00edssimas se espalham do norte ao sul do Brasil, e um dos destinos mais belos \u00e9 SC. Confira incr\u00edveis rotas de carro pelo litoral catarinense!","breadcrumb":{"@id":"https:\/\/www.carroaluguel.com\/blog\/rotas-de-carro-pelo-litoral-catarinense\/#breadcrumb"},"inLanguage":"pt-BR","potentialAction":[{"@type":"ReadAction","target":["https:\/\/www.carroaluguel.com\/blog\/rotas-de-carro-pelo-litoral-catarinense\/"]}]},{"@type":"ImageObject","inLanguage":"pt-BR","@id":"https:\/\/www.carroaluguel.com\/blog\/rotas-de-carro-pelo-litoral-catarinense\/#primaryimage","url":"https:\/\/www.carroaluguel.com\/blog\/wp-content\/uploads\/2017\/04\/alem-de-florianopolis-4-rotas-de-carro-pelo-litoral-catarinense.jpg","contentUrl":"https:\/\/www.carroaluguel.com\/blog\/wp-content\/uploads\/2017\/04\/alem-de-florianopolis-4-rotas-de-carro-pelo-litoral-catarinense.jpg","width":765,"height":480,"caption":"rotas de carro pelo litoral catarinense"},{"@type":"BreadcrumbList","@id":"https:\/\/www.carroaluguel.com\/blog\/rotas-de-carro-pelo-litoral-catarinense\/#breadcrumb","itemListElement":[{"@type":"ListItem","position":1,"name":"Home","item":"https:\/\/www.carroaluguel.com\/blog\/"},{"@type":"ListItem","position":2,"name":"Roteiros","item":"https:\/\/www.carroaluguel.com\/blog\/category\/roteiros\/"},{"@type":"ListItem","position":3,"name":"Roteiros nacionais","item":"https:\/\/www.carroaluguel.com\/blog\/category\/roteiros\/roteiros-nacionais\/"},{"@type":"ListItem","position":4,"name":"Al\u00e9m de Florian\u00f3polis: 4 rotas de carro pelo litoral catarinense"}]},{"@type":"WebSite","@id":"https:\/\/www.carroaluguel.com\/blog\/#website","url":"https:\/\/www.carroaluguel.com\/blog\/","name":"Blog CarroAluguel","description":"","publisher":{"@id":"https:\/\/www.carroaluguel.com\/blog\/#organization"},"potentialAction":[{"@type":"SearchAction","target":{"@type":"EntryPoint","urlTemplate":"https:\/\/www.carroaluguel.com\/blog\/?s={search_term_string}"},"query-input":{"@type":"PropertyValueSpecification","valueRequired":true,"valueName":"search_term_string"}}],"inLanguage":"pt-BR"},{"@type":"Organization","@id":"https:\/\/www.carroaluguel.com\/blog\/#organization","name":"CarroAluguel.com","url":"https:\/\/www.carroaluguel.com\/blog\/","logo":{"@type":"ImageObject","inLanguage":"pt-BR","@id":"https:\/\/www.carroaluguel.com\/blog\/#\/schema\/logo\/image\/","url":"https:\/\/www.carroaluguel.com\/blog\/wp-content\/uploads\/2023\/08\/logo-carro-aluguel-BLOG-200x54-1.png","contentUrl":"https:\/\/www.carroaluguel.com\/blog\/wp-content\/uploads\/2023\/08\/logo-carro-aluguel-BLOG-200x54-1.png","width":200,"height":54,"caption":"CarroAluguel.com"},"image":{"@id":"https:\/\/www.carroaluguel.com\/blog\/#\/schema\/logo\/image\/"},"sameAs":["https:\/\/www.facebook.com\/CarroAluguelBR","https:\/\/x.com\/CarroAluguel","https:\/\/www.instagram.com\/carroaluguel\/"]},{"@type":"Person","@id":"https:\/\/www.carroaluguel.com\/blog\/#\/schema\/person\/693414c3b2423315cf90fb75439be0e1","name":"blog","image":{"@type":"ImageObject","inLanguage":"pt-BR","@id":"https:\/\/secure.gravatar.com\/avatar\/b8a3d64fc0b21db017f462a77f2c79b24cf3db4426d602430441f37f7d2ac037?s=96&d=mm&r=g","url":"https:\/\/secure.gravatar.com\/avatar\/b8a3d64fc0b21db017f462a77f2c79b24cf3db4426d602430441f37f7d2ac037?s=96&d=mm&r=g","contentUrl":"https:\/\/secure.gravatar.com\/avatar\/b8a3d64fc0b21db017f462a77f2c79b24cf3db4426d602430441f37f7d2ac037?s=96&d=mm&r=g","caption":"blog"},"sameAs":["https:\/\/carroaluguel.com\/blog"],"url":"https:\/\/www.carroaluguel.com\/blog\/author\/blog\/"}]}},"_links":{"self":[{"href":"https:\/\/www.carroaluguel.com\/blog\/wp-json\/wp\/v2\/posts\/6384","targetHints":{"allow":["GET"]}}],"collection":[{"href":"https:\/\/www.carroaluguel.com\/blog\/wp-json\/wp\/v2\/posts"}],"about":[{"href":"https:\/\/www.carroaluguel.com\/blog\/wp-json\/wp\/v2\/types\/post"}],"author":[{"embeddable":true,"href":"https:\/\/www.carroaluguel.com\/blog\/wp-json\/wp\/v2\/users\/1"}],"replies":[{"embeddable":true,"href":"https:\/\/www.carroaluguel.com\/blog\/wp-json\/wp\/v2\/comments?post=6384"}],"version-history":[{"count":4,"href":"https:\/\/www.carroaluguel.com\/blog\/wp-json\/wp\/v2\/posts\/6384\/revisions"}],"predecessor-version":[{"id":11125,"href":"https:\/\/www.carroaluguel.com\/blog\/wp-json\/wp\/v2\/posts\/6384\/revisions\/11125"}],"wp:featuredmedia":[{"embeddable":true,"href":"https:\/\/www.carroaluguel.com\/blog\/wp-json\/wp\/v2\/media\/6388"}],"wp:attachment":[{"href":"https:\/\/www.carroaluguel.com\/blog\/wp-json\/wp\/v2\/media?parent=6384"}],"wp:term":[{"taxonomy":"category","embeddable":true,"href":"https:\/\/www.carroaluguel.com\/blog\/wp-json\/wp\/v2\/categories?post=6384"},{"taxonomy":"post_tag","embeddable":true,"href":"https:\/\/www.carroaluguel.com\/blog\/wp-json\/wp\/v2\/tags?post=6384"}],"curies":[{"name":"wp","href":"https:\/\/api.w.org\/{rel}","templated":true}]}}