{"id":6402,"date":"2017-04-17T17:31:54","date_gmt":"2017-04-17T17:31:54","guid":{"rendered":"https:\/\/www.carroaluguel.com\/blog\/?p=6402"},"modified":"2024-03-08T19:04:32","modified_gmt":"2024-03-08T19:04:32","slug":"dicas-para-alugar-uma-4x4","status":"publish","type":"post","link":"https:\/\/www.carroaluguel.com\/blog\/dicas-para-alugar-uma-4x4\/","title":{"rendered":"Dicas para alugar uma 4\u00d74 \u2013 Como deixar sua viagem mais incr\u00edvel"},"content":{"rendered":"<p><span data-contrast=\"none\">Que carro alugar na hora de fazer uma viagem? A resposta vai depender do percurso, da dist\u00e2ncia, do n\u00famero de passageiros, dentre outras informa\u00e7\u00f5es relevantes para saber o ve\u00edculo ideal para o passeio.<\/span><\/p>\n<p><span data-contrast=\"none\">Para quem est\u00e1 pensando em fazer uma viagem conhecendo as cidades pelo caminho e seus pontos tur\u00edsticos, <\/span><span data-contrast=\"none\">percorrendo estradas mais sinuosas, algumas sem asfalto ou at\u00e9 ladeiras consider\u00e1veis,<\/span><span data-contrast=\"none\"> talvez seja interessante <\/span><b><span data-contrast=\"none\">alugar um carro 4\u00d74<\/span><\/b><span data-contrast=\"none\">.<\/span><\/p>\n<p><span data-contrast=\"none\">Afinal, esses ve\u00edculos possuem diversas<\/span><b><span data-contrast=\"none\"> vantagens sobre os carros de passeio<\/span><\/b><span data-contrast=\"none\"> comuns nas rodovias, al\u00e9m de permitirem rodar em estradas e trilhas para alcan\u00e7ar os destinos mais incr\u00edveis.<\/span><\/p>\n<p><span data-contrast=\"none\">E n\u00e3o \u00e9 por coincid\u00eancia que os ve\u00edculos de tra\u00e7\u00e3o nas quatro rodas t\u00eam sido bastante procurados nos \u00faltimos anos por fam\u00edlias e jovens aventureiros, aumentando sua fatia no mercado.<\/span><\/p>\n<p><span data-contrast=\"none\">Seja <\/span><span data-contrast=\"none\">uma<\/span> <b><span data-contrast=\"none\">SU<\/span><\/b><strong>V ou<\/strong> <b><span data-contrast=\"none\">caminhonete cabine dupla<\/span><\/b><span data-contrast=\"none\">, os 4\u00d74 deixaram para tr\u00e1s a <\/span><span data-contrast=\"none\">ideia <\/span><span data-contrast=\"none\">de carro utilit\u00e1rio off-road e ganharam as ruas das cidades<\/span><span data-contrast=\"none\">. O condutor \u00e9 quem mais ganha com os diferenciais, <\/span><span data-contrast=\"none\">tirando proveito do conforto e da seguran\u00e7a desse tipo de tra\u00e7\u00e3o.<\/span><\/p>\n<p><span data-contrast=\"none\">\u00c9 fato:<\/span><span data-contrast=\"none\"> os ve\u00edculos 4\u00d74 s\u00e3o ideais para uma viagem <\/span><span data-contrast=\"none\">otimizada<\/span><span data-contrast=\"none\"> pelas estradas e rodovias do pa\u00eds. Quer saber <\/span><span data-contrast=\"none\">o motivo<\/span><span data-contrast=\"none\">? Continue sua leitura que falaremos mais sobre as vantagens dessa categoria<\/span><span data-contrast=\"none\">!<\/span><\/p>\n<h2 aria-level=\"2\"><span data-contrast=\"none\">Vantagens de viajar com uma caminhonete 4\u00d74<\/span><\/h2>\n<div id=\"attachment_10881\" style=\"width: 1210px\" class=\"wp-caption aligncenter\"><img decoding=\"async\" aria-describedby=\"caption-attachment-10881\" class=\"lazyload wp-image-10881 size-full\" src=\"https:\/\/www.carroaluguel.com\/blog\/wp-content\/uploads\/2024\/01\/vantagens-turismo.webp\" data-orig-src=\"https:\/\/www.carroaluguel.com\/blog\/wp-content\/uploads\/2024\/01\/vantagens-turismo.webp\" alt=\"A imagem mostra um carro branco no topo de uma colina. Duas pessoas est\u00e3o observando a paisagem. Um homem usa uma camisa xadrez vermelha e preta e est\u00e1 com o bra\u00e7o direito levantado. A segunda pessoa tamb\u00e9m usa uma camisa xadrez vermelha e preta, com um casaco jeans e um bon\u00e9. Ela est\u00e1 com o bra\u00e7o esquerdo levantado. Ao fundo, \u00e9 poss\u00edvel ver partes da paisagem. \u00c1rvores, montanhas e o c\u00e9u azul.\" width=\"1200\" height=\"900\" srcset=\"data:image\/svg+xml,%3Csvg%20xmlns%3D%27http%3A%2F%2Fwww.w3.org%2F2000%2Fsvg%27%20width%3D%271200%27%20height%3D%27900%27%20viewBox%3D%270%200%201200%20900%27%3E%3Crect%20width%3D%271200%27%20height%3D%27900%27%20fill-opacity%3D%220%22%2F%3E%3C%2Fsvg%3E\" data-srcset=\"https:\/\/www.carroaluguel.com\/blog\/wp-content\/uploads\/2024\/01\/vantagens-turismo-200x150.webp 200w, https:\/\/www.carroaluguel.com\/blog\/wp-content\/uploads\/2024\/01\/vantagens-turismo-300x225.webp 300w, https:\/\/www.carroaluguel.com\/blog\/wp-content\/uploads\/2024\/01\/vantagens-turismo-400x300.webp 400w, https:\/\/www.carroaluguel.com\/blog\/wp-content\/uploads\/2024\/01\/vantagens-turismo-600x450.webp 600w, https:\/\/www.carroaluguel.com\/blog\/wp-content\/uploads\/2024\/01\/vantagens-turismo-768x576.webp 768w, https:\/\/www.carroaluguel.com\/blog\/wp-content\/uploads\/2024\/01\/vantagens-turismo-800x600.webp 800w, https:\/\/www.carroaluguel.com\/blog\/wp-content\/uploads\/2024\/01\/vantagens-turismo-1024x768.webp 1024w, https:\/\/www.carroaluguel.com\/blog\/wp-content\/uploads\/2024\/01\/vantagens-turismo.webp 1200w\" data-sizes=\"auto\" data-orig-sizes=\"(max-width: 1200px) 100vw, 1200px\" \/><p id=\"caption-attachment-10881\" class=\"wp-caption-text\">A tra\u00e7\u00e3o 4\u00d74 oferece diversas vantagens.<\/p><\/div>\n<p><span data-contrast=\"none\">Seja com amigos<\/span><span data-contrast=\"none\">, somente o casal<\/span><span data-contrast=\"none\"> ou a fam\u00edlia <\/span><span data-contrast=\"none\">toda<\/span><span data-contrast=\"none\">,<\/span> <a href=\"https:\/\/www.carroaluguel.com\/blog\/2017\/01\/31\/o-que-e-preciso-para-alugar-carro\/\"><span data-contrast=\"none\">alugar uma caminhonete<\/span><\/a> <span data-contrast=\"none\">com tra\u00e7\u00e3o nas quatro rodas pode tornar a viagem muito mais interessante.<\/span><\/p>\n<p><span data-contrast=\"none\">Al\u00e9m disso, a tra\u00e7\u00e3o 4\u00d74 tamb\u00e9m traz outras vantagens, que incluem<\/span><b><span data-contrast=\"none\"> maior seguran\u00e7a nas estradas<\/span><\/b><span data-contrast=\"none\"> e mais <\/span><b><span data-contrast=\"none\">conforto nos diferentes tipos de terrenos<\/span><\/b><span data-contrast=\"none\">.<\/span><\/p>\n<p><span data-contrast=\"none\">Veja abaixo algumas das <\/span><b><span data-contrast=\"none\">vantagens de usar uma 4\u00d74 para viajar<\/span><\/b><span data-contrast=\"none\">:<\/span><\/p>\n<h3 aria-level=\"3\"><span data-contrast=\"none\">1. Maior estabilidade<\/span><\/h3>\n<div id=\"attachment_10876\" style=\"width: 1210px\" class=\"wp-caption aligncenter\"><img decoding=\"async\" aria-describedby=\"caption-attachment-10876\" class=\"lazyload wp-image-10876 size-full\" src=\"https:\/\/www.carroaluguel.com\/blog\/wp-content\/uploads\/2024\/01\/maior-estabilidade.webp\" data-orig-src=\"https:\/\/www.carroaluguel.com\/blog\/wp-content\/uploads\/2024\/01\/maior-estabilidade.webp\" alt=\"Na imagem, um carro cinza transita sozinho em uma rodovia rodeada de vegeta\u00e7\u00e3o des\u00e9rtica. \u00c9 poss\u00edvel observar diversas moitas, cactos e um ch\u00e3o de terra. A vegeta\u00e7\u00e3o ocupa a maior parte da imagem.\" width=\"1200\" height=\"900\" srcset=\"data:image\/svg+xml,%3Csvg%20xmlns%3D%27http%3A%2F%2Fwww.w3.org%2F2000%2Fsvg%27%20width%3D%271200%27%20height%3D%27900%27%20viewBox%3D%270%200%201200%20900%27%3E%3Crect%20width%3D%271200%27%20height%3D%27900%27%20fill-opacity%3D%220%22%2F%3E%3C%2Fsvg%3E\" data-srcset=\"https:\/\/www.carroaluguel.com\/blog\/wp-content\/uploads\/2024\/01\/maior-estabilidade-200x150.webp 200w, https:\/\/www.carroaluguel.com\/blog\/wp-content\/uploads\/2024\/01\/maior-estabilidade-300x225.webp 300w, https:\/\/www.carroaluguel.com\/blog\/wp-content\/uploads\/2024\/01\/maior-estabilidade-400x300.webp 400w, https:\/\/www.carroaluguel.com\/blog\/wp-content\/uploads\/2024\/01\/maior-estabilidade-600x450.webp 600w, https:\/\/www.carroaluguel.com\/blog\/wp-content\/uploads\/2024\/01\/maior-estabilidade-768x576.webp 768w, https:\/\/www.carroaluguel.com\/blog\/wp-content\/uploads\/2024\/01\/maior-estabilidade-800x600.webp 800w, https:\/\/www.carroaluguel.com\/blog\/wp-content\/uploads\/2024\/01\/maior-estabilidade-1024x768.webp 1024w, https:\/\/www.carroaluguel.com\/blog\/wp-content\/uploads\/2024\/01\/maior-estabilidade.webp 1200w\" data-sizes=\"auto\" data-orig-sizes=\"(max-width: 1200px) 100vw, 1200px\" \/><p id=\"caption-attachment-10876\" class=\"wp-caption-text\">Tra\u00e7\u00e3o 4\u00d74 oferece maior ader\u00eancia ao solo.<\/p><\/div>\n<p><span data-contrast=\"none\">Mesmo em rodovias pavimentadas, ve\u00edculos com tra\u00e7\u00e3o nas quatro rodas tendem a ser <\/span><b><span data-contrast=\"none\">mais est\u00e1veis<\/span><\/b><span data-contrast=\"none\">, especialmente em curvas e em condi\u00e7\u00f5es adversas<\/span><span data-contrast=\"none\">,<\/span><span data-contrast=\"none\"> como pista molhada ou suja.<\/span><\/p>\n<p><span data-contrast=\"none\">Como a tra\u00e7\u00e3o <\/span><b><span data-contrast=\"none\">4\u00d74 aumenta a ader\u00eancia ao solo<\/span><\/b><span data-contrast=\"none\"> e <strong>melhora o controle do carro pelo motorista<\/strong>, rodar em alta velocidade fica mais seguro.<\/span><\/p>\n<p><span data-contrast=\"none\">Al\u00e9m disso, \u00e9 h\u00e1 um<strong> risco <\/strong><\/span><b><span data-contrast=\"none\"><strong>menor <\/strong>de aquaplanagem<\/span><\/b> <strong>ou de<\/strong><b><span data-contrast=\"none\">rrapagens<\/span><\/b><span data-contrast=\"none\">, pois as quatro rodas est\u00e3o tracionadas. J\u00e1 em terrenos irregulares, a premissa \u00e9 a mesma: como h\u00e1 dois eixos de tra\u00e7\u00e3o, \u00e9 mais dif\u00edcil que o ve\u00edculo derrape e o motorista perca o controle, mesmo enfrentando buracos ou lama.<\/span><\/p>\n<p><span data-contrast=\"none\">Enfim, a estabilidade de um carro \u00e9 fundamental quando o mesmo trafega pelas mais diversas estradas. Optar por um carro 4&#215;4 pode assegurar voc\u00ea e os passageiros, enfrentando com maior equil\u00edbrio os diversos contratempos que se tornam comuns em rodovias.<\/span><\/p>\n<h3 aria-level=\"3\"><span data-contrast=\"none\">2. Maior conforto em estradas<\/span><\/h3>\n<div id=\"attachment_10887\" style=\"width: 1210px\" class=\"wp-caption aligncenter\"><img decoding=\"async\" aria-describedby=\"caption-attachment-10887\" class=\"lazyload wp-image-10887 size-full\" src=\"https:\/\/www.carroaluguel.com\/blog\/wp-content\/uploads\/2024\/01\/conforto.webp\" data-orig-src=\"https:\/\/www.carroaluguel.com\/blog\/wp-content\/uploads\/2024\/01\/conforto.webp\" alt=\"A imagem mostra o interior de um carro com janelas amplas e teto solar. \u00c9 poss\u00edvel ver \u00e1rvores do lado de fora do ve\u00edculo. No interior, dois jovens est\u00e3o sentados, usando o cinto de seguran\u00e7a. Na esquerda, uma mulher de cabelo comprido usando um short azul e uma camisa branca. Na direita, um homem usa cal\u00e7\u00f5es e casaco jeans e uma camisa branca.\" width=\"1200\" height=\"900\" srcset=\"data:image\/svg+xml,%3Csvg%20xmlns%3D%27http%3A%2F%2Fwww.w3.org%2F2000%2Fsvg%27%20width%3D%271200%27%20height%3D%27900%27%20viewBox%3D%270%200%201200%20900%27%3E%3Crect%20width%3D%271200%27%20height%3D%27900%27%20fill-opacity%3D%220%22%2F%3E%3C%2Fsvg%3E\" data-srcset=\"https:\/\/www.carroaluguel.com\/blog\/wp-content\/uploads\/2024\/01\/conforto-200x150.webp 200w, https:\/\/www.carroaluguel.com\/blog\/wp-content\/uploads\/2024\/01\/conforto-300x225.webp 300w, https:\/\/www.carroaluguel.com\/blog\/wp-content\/uploads\/2024\/01\/conforto-400x300.webp 400w, https:\/\/www.carroaluguel.com\/blog\/wp-content\/uploads\/2024\/01\/conforto-600x450.webp 600w, https:\/\/www.carroaluguel.com\/blog\/wp-content\/uploads\/2024\/01\/conforto-768x576.webp 768w, https:\/\/www.carroaluguel.com\/blog\/wp-content\/uploads\/2024\/01\/conforto-800x600.webp 800w, https:\/\/www.carroaluguel.com\/blog\/wp-content\/uploads\/2024\/01\/conforto-1024x768.webp 1024w, https:\/\/www.carroaluguel.com\/blog\/wp-content\/uploads\/2024\/01\/conforto.webp 1200w\" data-sizes=\"auto\" data-orig-sizes=\"(max-width: 1200px) 100vw, 1200px\" \/><p id=\"caption-attachment-10887\" class=\"wp-caption-text\">Suspens\u00f5es mais robustas e maior estabilidade aumentam o conforto da viagem.<\/p><\/div>\n<p><span data-contrast=\"none\">Uma boa parte das <\/span><a href=\"https:\/\/www.carroaluguel.com\/blog\/2017\/01\/19\/preparar-para-uma-viagem-de-carro\/\"><span data-contrast=\"none\">viagens de carro<\/span><\/a> pelo pa\u00eds \u00e9 feita em estradas n\u00e3o pavimentadas ou com condi\u00e7\u00f5es ruins, em que o asfalto se mistura a terra de trechos desgastados ou \u00e0 areia usada em remendos.<\/p>\n<p>Assim, com <strong>suspens\u00f5es mais robustas e maior estabilidade<\/strong>, fica mais f\u00e1cil enfrentar as mudan\u00e7as bruscas ocorridas nesses terrenos.<\/p>\n<p>Essa facilidade diminui os efeitos desconfort\u00e1veis dentro da cabine, como solavancos e tremores, fazendo com que os trechos possam ser percorridos em menos tempo. Dessa forma, o desconforto de trafegar por estradas irregulares transforma-se em aventura e divers\u00e3o.<\/p>\n<h3 aria-level=\"3\"><span data-contrast=\"none\">3. Seguran\u00e7a<\/span><\/h3>\n<p><span data-contrast=\"none\">Por <\/span><span data-contrast=\"none\">proporcionarem<\/span><span data-contrast=\"none\"><strong> maior estabilidade em altas velocidades e em terrenos acidentados<\/strong>, os ve\u00edculos 4\u00d74 s\u00e3o mais seguros. O risco de derrapagem \u00e9 menor, bem como o de aquaplanagens, e mesmo a frenagem \u00e9 mais segura.<\/span><\/p>\n<p><span data-contrast=\"none\">Como as <\/span>quatro rodas s\u00e3o tracionadas<span data-contrast=\"none\">, o freio motor (<\/span><span data-contrast=\"none\">que \u00e9<\/span><span data-contrast=\"none\"> quando a resist\u00eancia <\/span><span data-contrast=\"none\">desse dispositivo <\/span><span data-contrast=\"none\">age diminuindo a velocidade das rodas ao tirar o p\u00e9 do acelerador) funciona em todas elas. Assim, al\u00e9m de maior controle da velocidade, o freio n\u00e3o fica sobrecarregado.<\/span><\/p>\n<p><span data-contrast=\"none\">Isso aumenta bastante a <\/span><b><span data-contrast=\"none\">seguran\u00e7a em rodovias e estradas<\/span><\/b><span data-contrast=\"none\">, especialmente em descidas, como em trechos de serra.<\/span><\/p>\n<p><span data-contrast=\"none\">Al\u00e9m disso, a tra\u00e7\u00e3o 4\u00d74 \u00e9 importante para <strong>manter a seguran\u00e7a em terrenos irregulares<\/strong>, pois diminui a possibilidade de o carro deslizar e perder o controle<\/span><span data-contrast=\"none\">.<\/span><\/p>\n<h3 aria-level=\"3\"><span data-contrast=\"none\">4. Acesso a trechos dif\u00edceis<\/span><\/h3>\n<div id=\"attachment_10878\" style=\"width: 1210px\" class=\"wp-caption aligncenter\"><img decoding=\"async\" aria-describedby=\"caption-attachment-10878\" class=\"lazyload wp-image-10878 size-full\" src=\"https:\/\/www.carroaluguel.com\/blog\/wp-content\/uploads\/2024\/01\/passeio-com-aventura.webp\" data-orig-src=\"https:\/\/www.carroaluguel.com\/blog\/wp-content\/uploads\/2024\/01\/passeio-com-aventura.webp\" alt=\"Um carro preto, com um bagageiro superior, avan\u00e7a por uma estrada de terra alagada. \u00c1gua com barro se levanta nas laterais do ve\u00edculo. A estrada \u00e9 ladeada de vegeta\u00e7\u00e3o verde. Ao fundo, \u00e9 poss\u00edvel ver uma vegeta\u00e7\u00e3o alta e fechada, e o c\u00e9u azul acinzentado com nuvens.\" width=\"1200\" height=\"900\" srcset=\"data:image\/svg+xml,%3Csvg%20xmlns%3D%27http%3A%2F%2Fwww.w3.org%2F2000%2Fsvg%27%20width%3D%271200%27%20height%3D%27900%27%20viewBox%3D%270%200%201200%20900%27%3E%3Crect%20width%3D%271200%27%20height%3D%27900%27%20fill-opacity%3D%220%22%2F%3E%3C%2Fsvg%3E\" data-srcset=\"https:\/\/www.carroaluguel.com\/blog\/wp-content\/uploads\/2024\/01\/passeio-com-aventura-200x150.webp 200w, https:\/\/www.carroaluguel.com\/blog\/wp-content\/uploads\/2024\/01\/passeio-com-aventura-300x225.webp 300w, https:\/\/www.carroaluguel.com\/blog\/wp-content\/uploads\/2024\/01\/passeio-com-aventura-400x300.webp 400w, https:\/\/www.carroaluguel.com\/blog\/wp-content\/uploads\/2024\/01\/passeio-com-aventura-600x450.webp 600w, https:\/\/www.carroaluguel.com\/blog\/wp-content\/uploads\/2024\/01\/passeio-com-aventura-768x576.webp 768w, https:\/\/www.carroaluguel.com\/blog\/wp-content\/uploads\/2024\/01\/passeio-com-aventura-800x600.webp 800w, https:\/\/www.carroaluguel.com\/blog\/wp-content\/uploads\/2024\/01\/passeio-com-aventura-1024x768.webp 1024w, https:\/\/www.carroaluguel.com\/blog\/wp-content\/uploads\/2024\/01\/passeio-com-aventura.webp 1200w\" data-sizes=\"auto\" data-orig-sizes=\"(max-width: 1200px) 100vw, 1200px\" \/><p id=\"caption-attachment-10878\" class=\"wp-caption-text\">Inclua destinos menos conhecidos no seu roteiro.<\/p><\/div>\n<p><span data-contrast=\"none\">Ve\u00edculos 4\u00d74 d\u00e3o a possibilidade de incluir no roteiro, trechos e at\u00e9 trilhas em locais tur\u00edsticos <\/span><span data-contrast=\"none\">raros<\/span><span data-contrast=\"none\">. Assim, a viagem pode contar com passeios a praias<\/span><span data-contrast=\"none\">, regi\u00f5es montanhosas<\/span><span data-contrast=\"none\"> e cidades pouco frequentadas, passando por<\/span><b><span data-contrast=\"none\"> estradas de dif\u00edcil acesso<\/span><\/b><span data-contrast=\"none\">.<\/span><\/p>\n<p><span data-contrast=\"none\">Conhecer lugares fora dos roteiros mais badalados e viajar por estradas com pouca estrutura adiciona bastante<\/span> <a href=\"https:\/\/www.carroaluguel.com\/blog\/2017\/03\/03\/viagens-para-quem-ama-aventura\/\"><span data-contrast=\"none\">aventura \u00e0 viagem<\/span><\/a><span data-contrast=\"none\">.<\/span><\/p>\n<p><span data-contrast=\"none\">Mas, apesar de serem ve\u00edculos bastante robustos, \u00e9 preciso alguns cuidados na dire\u00e7\u00e3o, al\u00e9m de verificar se o combust\u00edvel \u00e9 suficiente para o trecho e lembrar de levar \u00e1gua e lanches para os passageiros.<\/span><\/p>\n<p><span data-contrast=\"none\">Outra situa\u00e7\u00e3o a ser verificada sobre tais trechos \u00e9 se eles possuem sinaliza\u00e7\u00e3o adequada. Afinal, imprevistos podem acontecer e precisamos estar sempre atentos.<\/span><\/p>\n<p><span data-contrast=\"none\">As placas notificam diversas condi\u00e7\u00f5es de pista, como declives logo adiante, curvas sinuosas, rios e corredeiras, etc. Ah, e apesar dessas estradas serem livres de congestionamentos, a velocidade do carro precisa respeitar a fauna local. Portanto, nunca alie aventura a poss\u00edveis transtornos.<\/span><\/p>\n<h3 aria-level=\"3\"><span data-contrast=\"none\">5. Contato com a natureza<\/span><\/h3>\n<div id=\"attachment_10888\" style=\"width: 1210px\" class=\"wp-caption aligncenter\"><img decoding=\"async\" aria-describedby=\"caption-attachment-10888\" class=\"lazyload wp-image-10888 size-full\" src=\"https:\/\/www.carroaluguel.com\/blog\/wp-content\/uploads\/2024\/01\/contato-com-a-natureza.webp\" data-orig-src=\"https:\/\/www.carroaluguel.com\/blog\/wp-content\/uploads\/2024\/01\/contato-com-a-natureza.webp\" alt=\"A imagem mostra um ve\u00edculo branco avan\u00e7ando por uma estrada de terra. O carro levanta uma nuvem de poeira atr\u00e1s de si. A estrada \u00e9 ladeada por vegeta\u00e7\u00e3o verde baixa. Ao fundo, \u00e9 poss\u00edvel ver o c\u00e9u azul repleto de nuvens brancas.\" width=\"1200\" height=\"900\" srcset=\"data:image\/svg+xml,%3Csvg%20xmlns%3D%27http%3A%2F%2Fwww.w3.org%2F2000%2Fsvg%27%20width%3D%271200%27%20height%3D%27900%27%20viewBox%3D%270%200%201200%20900%27%3E%3Crect%20width%3D%271200%27%20height%3D%27900%27%20fill-opacity%3D%220%22%2F%3E%3C%2Fsvg%3E\" data-srcset=\"https:\/\/www.carroaluguel.com\/blog\/wp-content\/uploads\/2024\/01\/contato-com-a-natureza-200x150.webp 200w, https:\/\/www.carroaluguel.com\/blog\/wp-content\/uploads\/2024\/01\/contato-com-a-natureza-300x225.webp 300w, https:\/\/www.carroaluguel.com\/blog\/wp-content\/uploads\/2024\/01\/contato-com-a-natureza-400x300.webp 400w, https:\/\/www.carroaluguel.com\/blog\/wp-content\/uploads\/2024\/01\/contato-com-a-natureza-600x450.webp 600w, https:\/\/www.carroaluguel.com\/blog\/wp-content\/uploads\/2024\/01\/contato-com-a-natureza-768x576.webp 768w, https:\/\/www.carroaluguel.com\/blog\/wp-content\/uploads\/2024\/01\/contato-com-a-natureza-800x600.webp 800w, https:\/\/www.carroaluguel.com\/blog\/wp-content\/uploads\/2024\/01\/contato-com-a-natureza-1024x768.webp 1024w, https:\/\/www.carroaluguel.com\/blog\/wp-content\/uploads\/2024\/01\/contato-com-a-natureza.webp 1200w\" data-sizes=\"auto\" data-orig-sizes=\"(max-width: 1200px) 100vw, 1200px\" \/><p id=\"caption-attachment-10888\" class=\"wp-caption-text\">Visite praias desertas, rios l\u00edmpidos, parques ambientais, cachoeiras, morros e muito mais.<\/p><\/div>\n<p><span data-contrast=\"none\">Pela sua capacidade de atravessar caminhos irregulares, os chamados off-road, os ve\u00edculos 4\u00d74 permitem que a viagem seja feita a destinos encravados em \u00e1reas de preserva\u00e7\u00e3o, pouco frequentadas ou de dif\u00edcil acesso.<\/span><\/p>\n<p><span data-contrast=\"none\">Esses lugares costumam ter pouca interfer\u00eancia humana, oferecendo um contato muito maior com a natureza.<\/span><\/p>\n<p><span data-contrast=\"none\">S\u00e3o praias desertas, rios l\u00edmpidos,<\/span> <a href=\"https:\/\/www.carroaluguel.com\/blog\/2017\/01\/17\/parques-nacionais-para-viajar\/\"><span data-contrast=\"none\">parques ambientais<\/span><\/a><span data-contrast=\"none\">, cachoeiras, morros e at\u00e9 comunidades extrativistas e de povos origin\u00e1rios, onde a fam\u00edlia <\/span><span data-contrast=\"none\">e amigos<\/span> <span data-contrast=\"none\">poder\u00e3o <\/span><span data-contrast=\"none\">curtir bastante ar puro e tirar todo o estresse da vida corrida das cidades.<\/span><\/p>\n<p><span data-contrast=\"none\">Mas lembre-se: \u00e1reas ambientais geralmente t\u00eam as suas regras e todos precisam respeit\u00e1-las na sua totalidade. E nada de deixar alimentos, pl\u00e1sticos, dentre outros itens jogados na natureza!<\/span><\/p>\n<h3 aria-level=\"3\"><span data-contrast=\"none\">6. Grande capacidade de carga<\/span><\/h3>\n<div id=\"attachment_10886\" style=\"width: 1210px\" class=\"wp-caption aligncenter\"><img decoding=\"async\" aria-describedby=\"caption-attachment-10886\" class=\"lazyload wp-image-10886 size-full\" src=\"https:\/\/www.carroaluguel.com\/blog\/wp-content\/uploads\/2024\/01\/capacidade-de-carga.webp\" data-orig-src=\"https:\/\/www.carroaluguel.com\/blog\/wp-content\/uploads\/2024\/01\/capacidade-de-carga.webp\" alt=\"A imagem mostra a traseira de um ve\u00edculo com o porta-malas aberto. Dentro \u00e9 poss\u00edvel ver um cachorro branco, malas e uma bola de futebol. Ao fundo, troncos de \u00e1rvores. No horizonte, o c\u00e9u e o mar azul.\" width=\"1200\" height=\"900\" srcset=\"data:image\/svg+xml,%3Csvg%20xmlns%3D%27http%3A%2F%2Fwww.w3.org%2F2000%2Fsvg%27%20width%3D%271200%27%20height%3D%27900%27%20viewBox%3D%270%200%201200%20900%27%3E%3Crect%20width%3D%271200%27%20height%3D%27900%27%20fill-opacity%3D%220%22%2F%3E%3C%2Fsvg%3E\" data-srcset=\"https:\/\/www.carroaluguel.com\/blog\/wp-content\/uploads\/2024\/01\/capacidade-de-carga-200x150.webp 200w, https:\/\/www.carroaluguel.com\/blog\/wp-content\/uploads\/2024\/01\/capacidade-de-carga-300x225.webp 300w, https:\/\/www.carroaluguel.com\/blog\/wp-content\/uploads\/2024\/01\/capacidade-de-carga-400x300.webp 400w, https:\/\/www.carroaluguel.com\/blog\/wp-content\/uploads\/2024\/01\/capacidade-de-carga-600x450.webp 600w, https:\/\/www.carroaluguel.com\/blog\/wp-content\/uploads\/2024\/01\/capacidade-de-carga-768x576.webp 768w, https:\/\/www.carroaluguel.com\/blog\/wp-content\/uploads\/2024\/01\/capacidade-de-carga-800x600.webp 800w, https:\/\/www.carroaluguel.com\/blog\/wp-content\/uploads\/2024\/01\/capacidade-de-carga-1024x768.webp 1024w, https:\/\/www.carroaluguel.com\/blog\/wp-content\/uploads\/2024\/01\/capacidade-de-carga.webp 1200w\" data-sizes=\"auto\" data-orig-sizes=\"(max-width: 1200px) 100vw, 1200px\" \/><p id=\"caption-attachment-10886\" class=\"wp-caption-text\">Leve tudo o que precisa sem amontoamento.<\/p><\/div>\n<p><span data-contrast=\"none\">Em uma viagem, a quantidade de bagagem \u00e9 sempre um problema. <\/span><span data-contrast=\"none\">Por\u00e9m,<\/span> <span data-contrast=\"none\">h\u00e1 itens <\/span><span data-contrast=\"none\">que n\u00e3o <\/span><span data-contrast=\"none\">podem ser deixados<\/span><span data-contrast=\"none\"> para tr\u00e1s. <\/span><span data-contrast=\"none\">Por isso,<\/span><span data-contrast=\"none\"> \u00e9 importante <\/span><span data-contrast=\"none\">vislumbrar <\/span><span data-contrast=\"none\">um carro que aguente carregar a quantidade suficiente de carga para que todos possam levar seus pertences com conforto<\/span><span data-contrast=\"none\">, principalmente <\/span><span data-contrast=\"none\">se o roteiro for passar por trechos n\u00e3o pavimentados.<\/span><\/p>\n<p><span data-contrast=\"none\">Com muito peso<\/span><span data-contrast=\"none\">, carros de passeio comuns tendem a derrapar em subidas e podem atolar. J\u00e1 os <strong>carros 4\u00d74 possuem <\/strong><\/span><strong>motor e suspens\u00e3o robustos<\/strong><span data-contrast=\"none\">, al\u00e9m da tra\u00e7\u00e3o em todas as rodas, permitindo que <\/span><span data-contrast=\"none\">o carro<\/span><span data-contrast=\"none\"> passe com muito mais facilidade por terrenos acidentados, mesmo com bastante peso.<\/span><\/p>\n<p><span data-contrast=\"none\">Dessa forma, s\u00e3o ve\u00edculos ideais para passar o dia com a fam\u00edlia em uma praia afastada ou organizar um acampamento com amigos, <\/span><span data-contrast=\"none\">e ainda levar <\/span><span data-contrast=\"none\">os <\/span><b><span data-contrast=\"none\">equipamentos <\/span><\/b><span data-contrast=\"none\">e<\/span><b><span data-contrast=\"none\"> suprimentos<\/span><\/b><span data-contrast=\"none\"> necess\u00e1rios.<\/span><\/p>\n<p><span data-contrast=\"none\">Deu para perceber que um ve\u00edculo 4&#215;4 \u00e9 a melhor op\u00e7\u00e3o para tornar <\/span><span data-contrast=\"none\">sua<\/span> <span data-contrast=\"none\">uma <\/span><span data-contrast=\"none\">viagem inesquec\u00edvel, conhecendo os <\/span><b><span data-contrast=\"none\">pontos tur\u00edsticos mais restritos<\/span><\/b><span data-contrast=\"none\"> e diversos, sem descuidar da seguran\u00e7a e do conforto<\/span><span data-contrast=\"none\">?<\/span><\/p>\n<p><span data-contrast=\"none\">No entanto, n\u00e3o \u00e9 preciso ser dono de uma 4\u00d74 para aproveitar <\/span><span data-contrast=\"none\">as <\/span><span data-contrast=\"none\">suas vantagens e<\/span> <a href=\"https:\/\/www.carroaluguel.com\/blog\/2017\/03\/23\/aplicativos-para-planejar-viagens\/\"><span data-contrast=\"none\">planejar roteiros<\/span><\/a> <span data-contrast=\"none\">incr\u00edveis. \u00c9 poss\u00edvel alugar um desses ve\u00edculos nas melhores locadoras do pa\u00eds<\/span><span data-contrast=\"none\">, ou mesmo via site como o da CarroAluguel! Veja:<\/span><\/p>\n<h2 aria-level=\"2\"><span data-contrast=\"none\">Aluguel de caminhonete 4\u00d74<\/span><\/h2>\n<div id=\"attachment_10884\" style=\"width: 1210px\" class=\"wp-caption aligncenter\"><img decoding=\"async\" aria-describedby=\"caption-attachment-10884\" class=\"lazyload wp-image-10884 size-full\" src=\"https:\/\/www.carroaluguel.com\/blog\/wp-content\/uploads\/2024\/01\/alugar-4x4-e-facil.webp\" data-orig-src=\"https:\/\/www.carroaluguel.com\/blog\/wp-content\/uploads\/2024\/01\/alugar-4x4-e-facil.webp\" alt=\"A imagem mostra a lateral de um carro preto. No lugar do motorista, um homem com um bra\u00e7o apoiado na janela aberta e uma m\u00e3o no volante olha para a c\u00e2mera. No banco traseiro, duas crian\u00e7as tamb\u00e9m encaram a c\u00e2mera, sorridentes. Ao fundo, \u00e9 poss\u00edvel ver \u00e1rvores e vegeta\u00e7\u00e3o verde.\" width=\"1200\" height=\"900\" srcset=\"data:image\/svg+xml,%3Csvg%20xmlns%3D%27http%3A%2F%2Fwww.w3.org%2F2000%2Fsvg%27%20width%3D%271200%27%20height%3D%27900%27%20viewBox%3D%270%200%201200%20900%27%3E%3Crect%20width%3D%271200%27%20height%3D%27900%27%20fill-opacity%3D%220%22%2F%3E%3C%2Fsvg%3E\" data-srcset=\"https:\/\/www.carroaluguel.com\/blog\/wp-content\/uploads\/2024\/01\/alugar-4x4-e-facil-200x150.webp 200w, https:\/\/www.carroaluguel.com\/blog\/wp-content\/uploads\/2024\/01\/alugar-4x4-e-facil-300x225.webp 300w, https:\/\/www.carroaluguel.com\/blog\/wp-content\/uploads\/2024\/01\/alugar-4x4-e-facil-400x300.webp 400w, https:\/\/www.carroaluguel.com\/blog\/wp-content\/uploads\/2024\/01\/alugar-4x4-e-facil-600x450.webp 600w, https:\/\/www.carroaluguel.com\/blog\/wp-content\/uploads\/2024\/01\/alugar-4x4-e-facil-768x576.webp 768w, https:\/\/www.carroaluguel.com\/blog\/wp-content\/uploads\/2024\/01\/alugar-4x4-e-facil-800x600.webp 800w, https:\/\/www.carroaluguel.com\/blog\/wp-content\/uploads\/2024\/01\/alugar-4x4-e-facil-1024x768.webp 1024w, https:\/\/www.carroaluguel.com\/blog\/wp-content\/uploads\/2024\/01\/alugar-4x4-e-facil.webp 1200w\" data-sizes=\"auto\" data-orig-sizes=\"(max-width: 1200px) 100vw, 1200px\" \/><p id=\"caption-attachment-10884\" class=\"wp-caption-text\">No momento da loca\u00e7\u00e3o s\u00e3o oferecidos v\u00e1rios tipos de suporte, que v\u00e3o desde seguros aos adicionais como o aparelho GPS.<\/p><\/div>\n<p><span data-contrast=\"none\">Com o aumento da procura por ve\u00edculos 4\u00d74, ficou mais f\u00e1cil <\/span><b><span data-contrast=\"none\">alugar uma caminhonet<\/span><\/b><strong>e ou um S<\/strong><b><span data-contrast=\"none\">UV<\/span><\/b><span data-contrast=\"none\"> (ve\u00edculo utilit\u00e1rio esportivo) para turismo. As empresas de loca\u00e7\u00e3o de carros oferecem <\/span><span data-contrast=\"none\">tais <\/span><span data-contrast=\"none\">ve\u00edculos nas categorias mais avan\u00e7adas, geralmente categoria J ou grupo S, a depender da classifica\u00e7\u00e3o de cada locadora.<\/span><\/p>\n<p><span data-contrast=\"none\">Para comparar tarifas e reservar uma caminhonete 4\u00d74 ou SUV pelo melhor pre\u00e7o, acesse <\/span><a href=\"https:\/\/www.carroaluguel.com\/\"><span data-contrast=\"none\">CarroAluguel.com<\/span><\/a><span data-contrast=\"none\">.<\/span> <span data-contrast=\"none\">Via site \u00e9 poss\u00edvel <strong>comparar pre\u00e7os<\/strong>, atentar-se \u00e0s melhores condi\u00e7\u00f5es e ainda escolher a categoria que mais se encaixa com o tipo de viagem que a pessoa est\u00e1 programando.<\/span><\/p>\n<p><span data-contrast=\"none\">No <\/span><span data-contrast=\"none\">momento da loca\u00e7\u00e3o <\/span><span data-contrast=\"none\">s\u00e3o oferecidos v\u00e1rios tipos de suporte<\/span><span data-contrast=\"none\">, <\/span><span data-contrast=\"none\">que v\u00e3o<\/span><span data-contrast=\"none\"> desde seguros a<\/span><span data-contrast=\"none\">os<\/span><span data-contrast=\"none\"> adicionais como o aparelho<\/span> <a href=\"https:\/\/www.carroaluguel.com\/blog\/2017\/02\/03\/os-5-melhores-apps-de-gps\/\"><span data-contrast=\"none\">GPS<\/span><\/a><span data-contrast=\"none\">. Assim, a viagem se torna segura e confort\u00e1vel <\/span><span data-contrast=\"none\">o suficiente <\/span><span data-contrast=\"none\">para <\/span><span data-contrast=\"none\">que o cliente conhe\u00e7a de forma vantajosa <\/span><span data-contrast=\"none\">as <\/span><span data-contrast=\"none\">mais diversas<\/span><span data-contrast=\"none\"> rotas e os pontos tur\u00edsticos mais desejados.<\/span><\/p>\n<p><span data-contrast=\"none\">Tem vontade de fazer uma viagem incr\u00edvel? Ent\u00e3o<\/span><span data-contrast=\"none\">, al\u00e9m de visitar o site da CarroAluguel,<\/span><span data-contrast=\"none\"> confira abaixo algumas sugest\u00f5es de roteiros para fazer com uma 4\u00d74 <\/span><span data-contrast=\"none\">e<\/span><span data-contrast=\"none\"> j\u00e1 ir se preparando!<\/span><\/p>\n<h2 aria-level=\"2\"><span data-contrast=\"none\">Roteiros para fazer com um carro 4\u00d74<\/span><\/h2>\n<p><span data-contrast=\"none\">Para quem <\/span><span data-contrast=\"none\">est\u00e1 considerando a ideia de alugar uma 4\u00d74 para pr\u00f3xima viagem, mas n\u00e3o tem sabe ainda por onde come\u00e7ar, n\u00f3s separamos abaixo <\/span><span data-contrast=\"none\">8 <\/span><span data-contrast=\"none\">dicas de roteiros pelo Brasil<\/span><span data-contrast=\"none\">, todos<\/span><span data-contrast=\"none\"> indicados para <\/span><span data-contrast=\"none\">serem feitos<\/span><span data-contrast=\"none\"> a bordo de um ve\u00edculo com tra\u00e7\u00e3o nas quatro rodas.<\/span><\/p>\n<p><span data-contrast=\"none\">S\u00e3o<\/span><span data-contrast=\"none\"> caminhos asfaltados na maior parte do percurso. No entanto, possuem trechos em que a estabilidade e a maior ader\u00eancia dos 4\u00d74 ajudam bastante, como curvas fechadas, pistas mal conservadas e estradas de terra. A paisagem e os pontos tur\u00edsticos mais escondidos fazem a viagem valer a pena<\/span><span data-contrast=\"none\">.<\/span><span data-contrast=\"none\"> Confira!<\/span><\/p>\n<h3 aria-level=\"3\"><span data-contrast=\"none\">1. Estrada Real (RJ\/MG)<\/span><\/h3>\n<div id=\"attachment_10883\" style=\"width: 1210px\" class=\"wp-caption aligncenter\"><img decoding=\"async\" aria-describedby=\"caption-attachment-10883\" class=\"lazyload wp-image-10883 size-full\" src=\"https:\/\/www.carroaluguel.com\/blog\/wp-content\/uploads\/2024\/01\/estrada-real.webp\" data-orig-src=\"https:\/\/www.carroaluguel.com\/blog\/wp-content\/uploads\/2024\/01\/estrada-real.webp\" alt=\"A imagem mostra uma vis\u00e3o a\u00e9rea de um trecho da Estrada Real. Uma ponte de madeira sobre um rio. \u00c9 poss\u00edvel ver bancos de areia nas margens, a encosta rochosa em que a ponte se apoia e uma floresta densa ao fundo.\" width=\"1200\" height=\"900\" srcset=\"data:image\/svg+xml,%3Csvg%20xmlns%3D%27http%3A%2F%2Fwww.w3.org%2F2000%2Fsvg%27%20width%3D%271200%27%20height%3D%27900%27%20viewBox%3D%270%200%201200%20900%27%3E%3Crect%20width%3D%271200%27%20height%3D%27900%27%20fill-opacity%3D%220%22%2F%3E%3C%2Fsvg%3E\" data-srcset=\"https:\/\/www.carroaluguel.com\/blog\/wp-content\/uploads\/2024\/01\/estrada-real-200x150.webp 200w, https:\/\/www.carroaluguel.com\/blog\/wp-content\/uploads\/2024\/01\/estrada-real-300x225.webp 300w, https:\/\/www.carroaluguel.com\/blog\/wp-content\/uploads\/2024\/01\/estrada-real-400x300.webp 400w, https:\/\/www.carroaluguel.com\/blog\/wp-content\/uploads\/2024\/01\/estrada-real-600x450.webp 600w, https:\/\/www.carroaluguel.com\/blog\/wp-content\/uploads\/2024\/01\/estrada-real-768x576.webp 768w, https:\/\/www.carroaluguel.com\/blog\/wp-content\/uploads\/2024\/01\/estrada-real-800x600.webp 800w, https:\/\/www.carroaluguel.com\/blog\/wp-content\/uploads\/2024\/01\/estrada-real-1024x768.webp 1024w, https:\/\/www.carroaluguel.com\/blog\/wp-content\/uploads\/2024\/01\/estrada-real.webp 1200w\" data-sizes=\"auto\" data-orig-sizes=\"(max-width: 1200px) 100vw, 1200px\" \/><p id=\"caption-attachment-10883\" class=\"wp-caption-text\">A Estrada Real tem seu in\u00edcio na cidade de Diamantina (MG) e vai at\u00e9 o litoral do Rio de Janeiro.<\/p><\/div>\n<p><span data-contrast=\"none\">O caminho conhecido como Estrada Real refaz a rota de escoa\u00e7\u00e3o da produ\u00e7\u00e3o de ouro e pedras preciosas do interior de Minas Gerais at\u00e9 o litoral do estado do Rio de Janeiro. Passa por diversas atra\u00e7\u00f5es hist\u00f3ricas e pode ser feito tanto por trechos n\u00e3o-pavimentados como por rodovias.<\/span><\/p>\n<p><span data-contrast=\"none\">A Estrada Real tem seu in\u00edcio na cidade de Diamantina (MG), onde as cascatas do Parque Biribiri s\u00e3o a principal atra\u00e7\u00e3o. No caminho, o viajante passa por Ouro Preto, cidade hist\u00f3rica tombada como Patrim\u00f4nio da Humanidade, e Tiradentes, onde as obras de Aleijadinho podem ser conhecidas <\/span><span data-contrast=\"none\">de perto<\/span><span data-contrast=\"none\">. <\/span><span data-contrast=\"none\">S\u00e3o tr\u00eas lugares encantadores que ofertam hist\u00f3ria, \u00f3tima gastronomia e trajetos \u00fanicos para serem desbravados com uma 4&#215;4.<\/span><\/p>\n<p><span data-contrast=\"none\">A<\/span><span data-contrast=\"none\">o seguir<\/span><span data-contrast=\"none\"> viagem<\/span><span data-contrast=\"none\">,<\/span> <span data-contrast=\"none\">o turista encontra <\/span><span data-contrast=\"none\">alguns<\/span> <a href=\"https:\/\/www.carroaluguel.com\/blog\/2017\/01\/17\/parques-nacionais-para-viajar\/\"><span data-contrast=\"none\">parques<\/span><\/a> <span data-contrast=\"none\">e balne\u00e1rios que podem ser acessados <\/span><span data-contrast=\"none\">com <\/span><span data-contrast=\"none\">menos pressa, enquanto desce a serra at\u00e9 Paraty. Antigas fazendas foram transformadas em pousadas e d\u00e3o um gostinho dos s\u00e9culos XVIII e XIX ao visitante. <\/span><span data-contrast=\"none\">N\u00e3o faltam atrativos pelos arredores, tanto para serem feitos a p\u00e9 ou de carro.<\/span><\/p>\n<p><span data-contrast=\"none\">Manifesta\u00e7\u00f5es<\/span><span data-contrast=\"none\"> art\u00edsticas <\/span><span data-contrast=\"none\">locais <\/span><span data-contrast=\"none\">tamb\u00e9m s\u00e3o abundantes. Al\u00e9m das esculturas de Aleijadinho <\/span><span data-contrast=\"none\">em Tiradentes<\/span><span data-contrast=\"none\"> e da arquitetura colonial <\/span><span data-contrast=\"none\">de diversos munic\u00edpios<\/span><span data-contrast=\"none\">, <\/span><span data-contrast=\"none\">j\u00e1 <\/span><span data-contrast=\"none\">em Cunha <\/span><span data-contrast=\"none\">(SP)<\/span><span data-contrast=\"none\">, artistas exp\u00f5e suas obras de cer\u00e2mica nos variados ateli\u00eas pela cidade.<\/span><\/p>\n<p><span data-contrast=\"none\">Ainda <\/span><span data-contrast=\"none\">tem mais:<\/span><span data-contrast=\"none\"> igrejas hist\u00f3ricas por todo o caminho guardam uma arte requintada em seu interior, <\/span><span data-contrast=\"none\">algumas <\/span><span data-contrast=\"none\">com pe\u00e7as revestidas de ouro.<\/span><\/p>\n<p><span data-contrast=\"none\">Na chegada a Paraty, no Rio de Janeiro, os turistas podem conferir<\/span><span data-contrast=\"none\">, al\u00e9m da<\/span><span data-contrast=\"none\"> sua arquitetura do s\u00e9culo XVII<\/span><span data-contrast=\"none\">,<\/span><span data-contrast=\"none\"> aproveitar as calmas praias de seu litoral, <\/span><span data-contrast=\"none\">isso <\/span><span data-contrast=\"none\">a poucos minutos da cidade. <\/span><span data-contrast=\"none\">Conhecer as ilhas e apreciar a boa gastronomia local tamb\u00e9m s\u00e3o \u00f3timas op\u00e7\u00f5es para um lazer relaxante.<\/span><\/p>\n<h3 aria-level=\"3\"><span data-contrast=\"none\">2. Rio-Santos (RJ\/SP)<\/span><\/h3>\n<div id=\"attachment_10873\" style=\"width: 1210px\" class=\"wp-caption aligncenter\"><img decoding=\"async\" aria-describedby=\"caption-attachment-10873\" class=\"lazyload wp-image-10873 size-full\" src=\"https:\/\/www.carroaluguel.com\/blog\/wp-content\/uploads\/2024\/01\/estrada-rio-santos.webp\" data-orig-src=\"https:\/\/www.carroaluguel.com\/blog\/wp-content\/uploads\/2024\/01\/estrada-rio-santos.webp\" alt=\"A imagem mostra um trecho da rodovia Rio-Santos, ladeado de vegeta\u00e7\u00e3o verde alta. \u00c9 poss\u00edvel ver alguns postes e linhas de energia el\u00e9trica. No horizonte, o mar azul e algumas serras. O c\u00e9u tamb\u00e9m est\u00e1 azul, sugerindo um dia ensolarado.\" width=\"1200\" height=\"900\" srcset=\"data:image\/svg+xml,%3Csvg%20xmlns%3D%27http%3A%2F%2Fwww.w3.org%2F2000%2Fsvg%27%20width%3D%271200%27%20height%3D%27900%27%20viewBox%3D%270%200%201200%20900%27%3E%3Crect%20width%3D%271200%27%20height%3D%27900%27%20fill-opacity%3D%220%22%2F%3E%3C%2Fsvg%3E\" data-srcset=\"https:\/\/www.carroaluguel.com\/blog\/wp-content\/uploads\/2024\/01\/estrada-rio-santos-200x150.webp 200w, https:\/\/www.carroaluguel.com\/blog\/wp-content\/uploads\/2024\/01\/estrada-rio-santos-300x225.webp 300w, https:\/\/www.carroaluguel.com\/blog\/wp-content\/uploads\/2024\/01\/estrada-rio-santos-400x300.webp 400w, https:\/\/www.carroaluguel.com\/blog\/wp-content\/uploads\/2024\/01\/estrada-rio-santos-600x450.webp 600w, https:\/\/www.carroaluguel.com\/blog\/wp-content\/uploads\/2024\/01\/estrada-rio-santos-768x576.webp 768w, https:\/\/www.carroaluguel.com\/blog\/wp-content\/uploads\/2024\/01\/estrada-rio-santos-800x600.webp 800w, https:\/\/www.carroaluguel.com\/blog\/wp-content\/uploads\/2024\/01\/estrada-rio-santos-1024x768.webp 1024w, https:\/\/www.carroaluguel.com\/blog\/wp-content\/uploads\/2024\/01\/estrada-rio-santos.webp 1200w\" data-sizes=\"auto\" data-orig-sizes=\"(max-width: 1200px) 100vw, 1200px\" \/><p id=\"caption-attachment-10873\" class=\"wp-caption-text\">Rodovia Rio-Santos passa em meio \u00e0s montanhas da Serra do Mar.<\/p><\/div>\n<p><span data-contrast=\"none\">Famosa pela m\u00fasica de Roberto Carlos, a <\/span><span data-contrast=\"none\">bel\u00edssima rodovia <\/span><span data-contrast=\"none\">Rio-Santos passa em meio \u00e0s montanhas da Serra do Mar e possui uma vista privilegiada do litoral. Por esse motivo, \u00e9 considerada por muitos com uma das estradas mais bonitas do pa\u00eds.<\/span><\/p>\n<p><span data-contrast=\"none\">Come\u00e7ando a viagem em Santos, no litoral paulista, ela segue pelas boas SP-050 e BR-101, mas \u00e9 poss\u00edvel desviar do caminho para conhecer alguns pontos tur\u00edsticos e cidades hist\u00f3ricas encravas na serra. <\/span><span data-contrast=\"none\">Ao continuar pela rota, diversos munic\u00edpios litor\u00e2neos formam paisagens \u00fanicas.<\/span><\/p>\n<p><span data-contrast=\"none\">Ainda na <\/span><span data-contrast=\"none\">cidade de Santos, <\/span><span data-contrast=\"none\">por exemplo, <\/span><span data-contrast=\"none\">vale conhecer o maior jardim de orla do mundo, com 7 km de extens\u00e3o. <\/span><span data-contrast=\"none\">A <\/span><span data-contrast=\"none\">pr\u00f3xima parada \u00e9 no Guaruj\u00e1, onde as praias e edif\u00edcios hist\u00f3ricos s\u00e3o as atra\u00e7\u00f5es. Tanto Santos quanto o Guaruj\u00e1 oferecem boa infraestrutura para turistas.<\/span><\/p>\n<p><span data-contrast=\"none\">Em Bertioga, os visitantes ter\u00e3o contato com uma grande \u00e1rea de preserva\u00e7\u00e3o da Mata Atl\u00e2ntica. Al\u00e9m disso, uma visita monitorada ao Forte S\u00e3o Jo\u00e3o, mais antigo do Brasil, \u00e9 outra atra\u00e7\u00e3o que n\u00e3o pode ser ignorada.<\/span><\/p>\n<p><span data-contrast=\"none\">O caminho ainda passa por S\u00e3o Sebasti\u00e3o, uma das primeiras cidades do pa\u00eds, fundada em 1502, que possui diversos edif\u00edcios hist\u00f3ricos e praias paradis\u00edacas. <\/span><span data-contrast=\"none\">J\u00e1 em<\/span><span data-contrast=\"none\"> Caraguatatuba pode-se ter um momento de contato com a natureza. Basta pegar um desvio na Rodovia dos Tamoios, <\/span><span data-contrast=\"none\">via <\/span><span data-contrast=\"none\">estrada de terra, at\u00e9 o N\u00facleo Caraguatatuba do Parque Estadual da Serra do Mar.<\/span><\/p>\n<p><span data-contrast=\"none\">A Rio-Santos ainda passa por Ubatuba, Paraty e Angra dos Reis, todas cidades com belas praias e atra\u00e7\u00f5es tur\u00edsticas voltadas \u00e0 preserva\u00e7\u00e3o ambiental e hist\u00f3rica, e chega \u00e0 cidade do Rio de Janeiro, com suas belezas conhecidas internacionalmente.<\/span><\/p>\n<h3 aria-level=\"3\"><span data-contrast=\"none\">3. Costa do Sol Poente (CE)<\/span><span data-ccp-props=\"{&quot;134245418&quot;:true,&quot;134245529&quot;:true,&quot;201341983&quot;:0,&quot;335559738&quot;:40,&quot;335559739&quot;:0,&quot;335559740&quot;:259}\">\u00a0<\/span><\/h3>\n<div id=\"attachment_10889\" style=\"width: 1210px\" class=\"wp-caption aligncenter\"><img decoding=\"async\" aria-describedby=\"caption-attachment-10889\" class=\"lazyload wp-image-10889 size-full\" src=\"https:\/\/www.carroaluguel.com\/blog\/wp-content\/uploads\/2024\/01\/costa-sol-poente.webp\" data-orig-src=\"https:\/\/www.carroaluguel.com\/blog\/wp-content\/uploads\/2024\/01\/costa-sol-poente.webp\" alt=\"A imagem mostra um trecho da rota da Costa do Sol Poente. \u00c9 poss\u00edvel ver v\u00e1rias forma\u00e7\u00f5es rochosas de diferentes cores de marrom em uma praia. Ao fundo, o mar azul e o c\u00e9u coberto de nuvens brancas.\" width=\"1200\" height=\"900\" srcset=\"data:image\/svg+xml,%3Csvg%20xmlns%3D%27http%3A%2F%2Fwww.w3.org%2F2000%2Fsvg%27%20width%3D%271200%27%20height%3D%27900%27%20viewBox%3D%270%200%201200%20900%27%3E%3Crect%20width%3D%271200%27%20height%3D%27900%27%20fill-opacity%3D%220%22%2F%3E%3C%2Fsvg%3E\" data-srcset=\"https:\/\/www.carroaluguel.com\/blog\/wp-content\/uploads\/2024\/01\/costa-sol-poente-200x150.webp 200w, https:\/\/www.carroaluguel.com\/blog\/wp-content\/uploads\/2024\/01\/costa-sol-poente-300x225.webp 300w, https:\/\/www.carroaluguel.com\/blog\/wp-content\/uploads\/2024\/01\/costa-sol-poente-400x300.webp 400w, https:\/\/www.carroaluguel.com\/blog\/wp-content\/uploads\/2024\/01\/costa-sol-poente-600x450.webp 600w, https:\/\/www.carroaluguel.com\/blog\/wp-content\/uploads\/2024\/01\/costa-sol-poente-768x576.webp 768w, https:\/\/www.carroaluguel.com\/blog\/wp-content\/uploads\/2024\/01\/costa-sol-poente-800x600.webp 800w, https:\/\/www.carroaluguel.com\/blog\/wp-content\/uploads\/2024\/01\/costa-sol-poente-1024x768.webp 1024w, https:\/\/www.carroaluguel.com\/blog\/wp-content\/uploads\/2024\/01\/costa-sol-poente.webp 1200w\" data-sizes=\"auto\" data-orig-sizes=\"(max-width: 1200px) 100vw, 1200px\" \/><p id=\"caption-attachment-10889\" class=\"wp-caption-text\">A rota da Costa do Sol Poente pode ser feita pela rodovia ou por estradas \u00e0 beira da praia.<\/p><\/div>\n<p><span data-contrast=\"none\">Considerado um dos mais belos roteiros litor\u00e2neos, a costa cearense possui diversos atrativos naturais para os turistas. Repleta de fal\u00e9sias, dunas, lagoas e mangues, a rota pode ser feita pela rodovia ou por estradas \u00e0 beira da praia.<\/span><\/p>\n<p><span data-contrast=\"none\">Seu in\u00edcio \u00e9 em<\/span><span data-contrast=\"none\"> Fortaleza, capital do Cear\u00e1, e segue at\u00e9 o delta do Rio Parna\u00edba. Da regi\u00e3o metropolitana at\u00e9 a cidade de Cruz, passando por Paracuru e Trairi, as praias s\u00e3o pontos de encontro de velejadores e praticantes de kitesurfe e windsurfe, todos atr\u00e1s dos fortes ventos litor\u00e2neos. <\/span><span data-contrast=\"none\">No meio do caminho, as dunas vermelhas da Praia de Lagoinha, em Paraipaba, formam uma paisagem imperd\u00edvel.<\/span><\/p>\n<p><span data-contrast=\"none\">Seguindo viagem, o ve\u00edculo 4\u00d74 ser\u00e1 interessante para continuar at\u00e9 a praia de Jericoacoara, onde a famosa duna Por do Sol oferece aos visitantes uma bela vista do fen\u00f4meno. O local \u00e9 bastante concorrido e pode ser acessado por buggy com guia, contratado no local.<\/span><\/p>\n<p><span data-contrast=\"none\">Para finalizar, a rota leva ao delta do Rio Parna\u00edba, formado por mais de 70 ilhas em uma \u00e1rea de manguezal e jun\u00e7\u00e3o da \u00e1gua doce com a salgada.<\/span><\/p>\n<h3 aria-level=\"3\"><span data-contrast=\"none\">4. Parque Serra da Capivara (PI)<\/span><\/h3>\n<div id=\"attachment_10877\" style=\"width: 1210px\" class=\"wp-caption aligncenter\"><img decoding=\"async\" aria-describedby=\"caption-attachment-10877\" class=\"lazyload wp-image-10877 size-full\" src=\"https:\/\/www.carroaluguel.com\/blog\/wp-content\/uploads\/2024\/01\/parque-serra-da-capivara.webp\" data-orig-src=\"https:\/\/www.carroaluguel.com\/blog\/wp-content\/uploads\/2024\/01\/parque-serra-da-capivara.webp\" alt=\"A imagem mostra uma paisagem do Parque da Serra da Capivara. \u00c9 poss\u00edvel ver forma\u00e7\u00f5es rochosas altas e \u00e1rvores com a folhagem verde. Ao fundo, o c\u00e9u azul e algumas nuvens brancas.\" width=\"1200\" height=\"900\" srcset=\"data:image\/svg+xml,%3Csvg%20xmlns%3D%27http%3A%2F%2Fwww.w3.org%2F2000%2Fsvg%27%20width%3D%271200%27%20height%3D%27900%27%20viewBox%3D%270%200%201200%20900%27%3E%3Crect%20width%3D%271200%27%20height%3D%27900%27%20fill-opacity%3D%220%22%2F%3E%3C%2Fsvg%3E\" data-srcset=\"https:\/\/www.carroaluguel.com\/blog\/wp-content\/uploads\/2024\/01\/parque-serra-da-capivara-200x150.webp 200w, https:\/\/www.carroaluguel.com\/blog\/wp-content\/uploads\/2024\/01\/parque-serra-da-capivara-300x225.webp 300w, https:\/\/www.carroaluguel.com\/blog\/wp-content\/uploads\/2024\/01\/parque-serra-da-capivara-400x300.webp 400w, https:\/\/www.carroaluguel.com\/blog\/wp-content\/uploads\/2024\/01\/parque-serra-da-capivara-600x450.webp 600w, https:\/\/www.carroaluguel.com\/blog\/wp-content\/uploads\/2024\/01\/parque-serra-da-capivara-768x576.webp 768w, https:\/\/www.carroaluguel.com\/blog\/wp-content\/uploads\/2024\/01\/parque-serra-da-capivara-800x600.webp 800w, https:\/\/www.carroaluguel.com\/blog\/wp-content\/uploads\/2024\/01\/parque-serra-da-capivara-1024x768.webp 1024w, https:\/\/www.carroaluguel.com\/blog\/wp-content\/uploads\/2024\/01\/parque-serra-da-capivara.webp 1200w\" data-sizes=\"auto\" data-orig-sizes=\"(max-width: 1200px) 100vw, 1200px\" \/><p id=\"caption-attachment-10877\" class=\"wp-caption-text\">O Parque da Serra da Capivara possui a maior quantidade de pinturas rupestres em todo o mundo.<\/p><\/div>\n<p><span data-contrast=\"none\">O Parque da Serra da Capivara \u00e9 o destino para quem gosta de hist\u00f3ria e arqueologia. Com 173 s\u00edtios arqueol\u00f3gicos, possui a maior quantidade de pinturas rupestres em todo o mundo. A rota conta ainda com o Rio Parna\u00edba como atra\u00e7\u00e3o tur\u00edstica.<\/span><\/p>\n<p><span data-contrast=\"none\">O roteiro tem seu in\u00edcio na cidade de Teresina, com suas belas praias <\/span><span data-contrast=\"none\">de \u00e1gua doce<\/span> <span data-contrast=\"none\">perto da capital do Piau\u00ed <\/span><span data-contrast=\"none\">e sol quente o ano inteiro. O caminho segue por rodovias asfaltadas, passando pelas cidades de Amarante e Floriano, lugares onde o Rio Parna\u00edba pode ser apreciado.<\/span><\/p>\n<p><span data-contrast=\"none\">Depois, o viajante passa pela primeira <\/span><span data-contrast=\"none\">cidade a se tornar<\/span><span data-contrast=\"none\"> capital do estado do Piau\u00ed <\/span><span data-contrast=\"none\">(at\u00e9 1851)<\/span><span data-contrast=\"none\">, Oeiras. A cidade possui atra\u00e7\u00f5es culturais e hist\u00f3ricas, como o Museu de Arte Sacra, o Museu da P\u00f3lvora, o Centro Hist\u00f3rico e a Ponte Grande, primeira ponte de pedra do Piau\u00ed.<\/span><\/p>\n<p><span data-contrast=\"none\">Seguindo o trajeto, a pr\u00f3xima parada \u00e9 em S\u00e3o Raimundo Nonato, munic\u00edpio que abriga o Parque Nacional da Serra da Capivara. O turista encontrar\u00e1 estradas de terra em que o ve\u00edculo 4\u00d74 far\u00e1 diferen\u00e7a. L\u00e1 \u00e9 poss\u00edvel conhecer as pinturas rupestres de habitantes pr\u00e9-hist\u00f3ricos da regi\u00e3o. Al\u00e9m disso, suas forma\u00e7\u00f5es rochosas em meio \u00e0 Caatinga j\u00e1 s\u00e3o uma atra\u00e7\u00e3o por si.<\/span><\/p>\n<p><span data-contrast=\"none\">A viagem pode, ainda, continuar at\u00e9 Petrolina, em Pernambuco, onde o visitante <\/span><span data-contrast=\"none\">ir\u00e1<\/span><span data-contrast=\"none\"> se deliciar com a paisagem magn\u00edfica do <\/span><a href=\"https:\/\/www.carroaluguel.com\/blog\/2016\/09\/13\/turismo-no-rio-sao-francisco\/\"><span data-contrast=\"none\">Rio S\u00e3o Francisco<\/span><\/a><span data-contrast=\"none\">.<\/span><\/p>\n<h3 aria-level=\"3\"><span data-contrast=\"none\">5. Rota do Sol (RN)<\/span><\/h3>\n<div id=\"attachment_10879\" style=\"width: 1210px\" class=\"wp-caption aligncenter\"><img decoding=\"async\" aria-describedby=\"caption-attachment-10879\" class=\"lazyload wp-image-10879 size-full\" src=\"https:\/\/www.carroaluguel.com\/blog\/wp-content\/uploads\/2024\/01\/rota-do-sol.webp\" data-orig-src=\"https:\/\/www.carroaluguel.com\/blog\/wp-content\/uploads\/2024\/01\/rota-do-sol.webp\" alt=\"A imagem mostra uma praia. Do lado direito, o mar avan\u00e7a em ondas. Do lado esquerdo, parte da faixa de areia \u00e9 ocupada por palmeiras. Ao fundo, o c\u00e9u azul.\" width=\"1200\" height=\"900\" srcset=\"data:image\/svg+xml,%3Csvg%20xmlns%3D%27http%3A%2F%2Fwww.w3.org%2F2000%2Fsvg%27%20width%3D%271200%27%20height%3D%27900%27%20viewBox%3D%270%200%201200%20900%27%3E%3Crect%20width%3D%271200%27%20height%3D%27900%27%20fill-opacity%3D%220%22%2F%3E%3C%2Fsvg%3E\" data-srcset=\"https:\/\/www.carroaluguel.com\/blog\/wp-content\/uploads\/2024\/01\/rota-do-sol-200x150.webp 200w, https:\/\/www.carroaluguel.com\/blog\/wp-content\/uploads\/2024\/01\/rota-do-sol-300x225.webp 300w, https:\/\/www.carroaluguel.com\/blog\/wp-content\/uploads\/2024\/01\/rota-do-sol-400x300.webp 400w, https:\/\/www.carroaluguel.com\/blog\/wp-content\/uploads\/2024\/01\/rota-do-sol-600x450.webp 600w, https:\/\/www.carroaluguel.com\/blog\/wp-content\/uploads\/2024\/01\/rota-do-sol-768x576.webp 768w, https:\/\/www.carroaluguel.com\/blog\/wp-content\/uploads\/2024\/01\/rota-do-sol-800x600.webp 800w, https:\/\/www.carroaluguel.com\/blog\/wp-content\/uploads\/2024\/01\/rota-do-sol-1024x768.webp 1024w, https:\/\/www.carroaluguel.com\/blog\/wp-content\/uploads\/2024\/01\/rota-do-sol.webp 1200w\" data-sizes=\"auto\" data-orig-sizes=\"(max-width: 1200px) 100vw, 1200px\" \/><p id=\"caption-attachment-10879\" class=\"wp-caption-text\">Um caminho com diversas praias e pontos tur\u00edsticos.<\/p><\/div>\n<p><span data-contrast=\"none\">\u00c9 na <\/span><span data-contrast=\"none\">capital do Rio Grande do Norte,<\/span> <a href=\"https:\/\/www.carroaluguel.com\/blog\/2016\/10\/18\/pontos-turisticos-de-natal\/\"><span data-contrast=\"none\">Natal<\/span><\/a><span data-contrast=\"none\">, <\/span><span data-contrast=\"none\">onde se<\/span><span data-contrast=\"none\"> a chamada Rota do Sol, um caminho com diversas praias e pontos tur\u00edsticos ao longo do litoral do estado. O passeio come\u00e7a na zona sul da <\/span><span data-contrast=\"none\">cidade<\/span><span data-contrast=\"none\">, <\/span><span data-contrast=\"none\">mais precisamente <\/span><span data-contrast=\"none\">na famosa Praia de Ponta Negra, que conta com toda a infraestrutura de hot\u00e9is, restaurantes e bares em suas proximidades.<\/span><\/p>\n<p><span data-contrast=\"none\">J\u00e1 na praia de Pirangi, est\u00e1 localizado o chamado \u201cmaior cajueiro do mundo\u201d. Cobrindo 8.500 metros quadrados de \u00e1rea e com uma produ\u00e7\u00e3o de 70 a 80 mil cajus por safra, a \u00e1rvore tem o tamanho de 70 cajueiros normais.<\/span><\/p>\n<p><span data-contrast=\"none\">Por <\/span><span data-contrast=\"none\">conta de seu tamanho e reconhecimento internacional, <\/span><span data-contrast=\"none\">a \u00e1rvore se tornou <\/span><span data-contrast=\"none\">um ponto tur\u00edstico <\/span><span data-contrast=\"none\">procurado na <\/span><span data-contrast=\"none\">regi\u00e3o <\/span><span data-contrast=\"none\">e <\/span><span data-contrast=\"none\">que n\u00e3o pode ser deixado de lado.<\/span><\/p>\n<p><span data-contrast=\"none\">O roteiro continua em dire\u00e7\u00e3o ao litoral sul do estado, passando por diversas praias bel\u00edssimas e mirantes com vistas incr\u00edveis, inclusive o pouco frequentado Mirante dos Golfinhos. O local possui esse nome pois d\u00e1 uma vis\u00e3o privilegiada do mar onde golfinhos aparecem nadando frequentemente.<\/span><\/p>\n<p><span data-contrast=\"none\">O passeio termina na praia de Pipa, cheia de fal\u00e9sias e dunas onde turistas podem aproveitar e \u201cesquiar\u201d. Toda a rota pode ser feita beirando o litoral e um ve\u00edculo 4\u00d74 ajuda nas curvas e a alcan\u00e7ar os mirantes e as praias em trechos irregulares.<\/span><\/p>\n<h3 aria-level=\"3\"><span data-contrast=\"none\">6. Serra do Rio do Rastro (SC)<\/span><\/h3>\n<div id=\"attachment_10882\" style=\"width: 1210px\" class=\"wp-caption aligncenter\"><img decoding=\"async\" aria-describedby=\"caption-attachment-10882\" class=\"lazyload wp-image-10882 size-full\" src=\"https:\/\/www.carroaluguel.com\/blog\/wp-content\/uploads\/2024\/01\/serra-rio-rastro.webp\" data-orig-src=\"https:\/\/www.carroaluguel.com\/blog\/wp-content\/uploads\/2024\/01\/serra-rio-rastro.webp\" alt=\"A imagem mostra uma vista a\u00e9rea da Serra do Rio do Rastro. \u00c9 poss\u00edvel ver montanhas cobertas de vegeta\u00e7\u00e3o verde e uma estrada que se estende por toda a paisagem. Do lado direito, \u00e9 poss\u00edvel ver alguns ve\u00edculos transitando pela via. Na parte inferior da imagem, alguns ciclistas seguem a rota.\" width=\"1200\" height=\"900\" srcset=\"data:image\/svg+xml,%3Csvg%20xmlns%3D%27http%3A%2F%2Fwww.w3.org%2F2000%2Fsvg%27%20width%3D%271200%27%20height%3D%27900%27%20viewBox%3D%270%200%201200%20900%27%3E%3Crect%20width%3D%271200%27%20height%3D%27900%27%20fill-opacity%3D%220%22%2F%3E%3C%2Fsvg%3E\" data-srcset=\"https:\/\/www.carroaluguel.com\/blog\/wp-content\/uploads\/2024\/01\/serra-rio-rastro-200x150.webp 200w, https:\/\/www.carroaluguel.com\/blog\/wp-content\/uploads\/2024\/01\/serra-rio-rastro-300x225.webp 300w, https:\/\/www.carroaluguel.com\/blog\/wp-content\/uploads\/2024\/01\/serra-rio-rastro-400x300.webp 400w, https:\/\/www.carroaluguel.com\/blog\/wp-content\/uploads\/2024\/01\/serra-rio-rastro-600x450.webp 600w, https:\/\/www.carroaluguel.com\/blog\/wp-content\/uploads\/2024\/01\/serra-rio-rastro-768x576.webp 768w, https:\/\/www.carroaluguel.com\/blog\/wp-content\/uploads\/2024\/01\/serra-rio-rastro-800x600.webp 800w, https:\/\/www.carroaluguel.com\/blog\/wp-content\/uploads\/2024\/01\/serra-rio-rastro-1024x768.webp 1024w, https:\/\/www.carroaluguel.com\/blog\/wp-content\/uploads\/2024\/01\/serra-rio-rastro.webp 1200w\" data-sizes=\"auto\" data-orig-sizes=\"(max-width: 1200px) 100vw, 1200px\" \/><p id=\"caption-attachment-10882\" class=\"wp-caption-text\">A Serra do Rio do Rastro fica entre os munic\u00edpios de Bom Jardim da Serra e Lauro Muller.<\/p><\/div>\n<p><span data-contrast=\"none\">Uma estonteante rodovia encravada nas montanhas em Santa Catarina \u00e9 nossa \u00faltima dica de roteiro. <\/span><span data-contrast=\"none\">A Serra do Rio do Rastro, <\/span><span data-contrast=\"none\">entre os munic\u00edpios de Bom Jardim da Serra e Lauro Muller<\/span><span data-contrast=\"none\">,<\/span><span data-contrast=\"none\"> possui uma vista inigual\u00e1vel.<\/span><\/p>\n<p><span data-contrast=\"none\">Localizada a uma altitude de 1.467 metros em seu ponto mais alto, \u00e9 poss\u00edvel apreciar toda a imensid\u00e3o da Mata Atl\u00e2ntica em seus diversos mirantes ao longo do percurso.<\/span><\/p>\n<p><span data-contrast=\"none\">Apesar de a rodovia estar em boas condi\u00e7\u00f5es, a indica\u00e7\u00e3o de uso de ve\u00edculos com tra\u00e7\u00e3o nas quatro rodas \u00e9 <\/span><span data-contrast=\"none\">recomendada<\/span><span data-contrast=\"none\"> pelo fato dela ter curvas acentuadas em cotovelo. A estabilidade dos 4\u00d74 ajudar\u00e1 bastante e o freio motor ser\u00e1 essencial para a descida da serra.<\/span><\/p>\n<p><span data-contrast=\"none\">Ainda, h\u00e1 per\u00edodos de neblina e, principalmente no inverno, geada, que deixam a pista escorregadia. <\/span><span data-contrast=\"none\">Portanto,<\/span><span data-contrast=\"none\"> alugar uma 4\u00d74 \u00e9 uma boa pedida para dar mais seguran\u00e7a e conforto durante a viagem.<\/span><\/p>\n<h3><b><span data-contrast=\"none\">7. Rota Rom\u00e2ntica (RS)<\/span><\/b><\/h3>\n<div id=\"attachment_10880\" style=\"width: 1210px\" class=\"wp-caption aligncenter\"><img decoding=\"async\" aria-describedby=\"caption-attachment-10880\" class=\"lazyload wp-image-10880 size-full\" src=\"https:\/\/www.carroaluguel.com\/blog\/wp-content\/uploads\/2024\/01\/rota-romantica.webp\" data-orig-src=\"https:\/\/www.carroaluguel.com\/blog\/wp-content\/uploads\/2024\/01\/rota-romantica.webp\" alt=\"A imagem mostra uma paisagem da Rota Rom\u00e2ntica. \u00c9 poss\u00edvel ver um lago, com \u00e1rvores que percorrem toda a margem. Grupos de pessoas passeiam pela margem. Na parte superior, o c\u00e9u est\u00e1 azul com algumas nuvens brancas.\" width=\"1200\" height=\"900\" srcset=\"data:image\/svg+xml,%3Csvg%20xmlns%3D%27http%3A%2F%2Fwww.w3.org%2F2000%2Fsvg%27%20width%3D%271200%27%20height%3D%27900%27%20viewBox%3D%270%200%201200%20900%27%3E%3Crect%20width%3D%271200%27%20height%3D%27900%27%20fill-opacity%3D%220%22%2F%3E%3C%2Fsvg%3E\" data-srcset=\"https:\/\/www.carroaluguel.com\/blog\/wp-content\/uploads\/2024\/01\/rota-romantica-200x150.webp 200w, https:\/\/www.carroaluguel.com\/blog\/wp-content\/uploads\/2024\/01\/rota-romantica-300x225.webp 300w, https:\/\/www.carroaluguel.com\/blog\/wp-content\/uploads\/2024\/01\/rota-romantica-400x300.webp 400w, https:\/\/www.carroaluguel.com\/blog\/wp-content\/uploads\/2024\/01\/rota-romantica-600x450.webp 600w, https:\/\/www.carroaluguel.com\/blog\/wp-content\/uploads\/2024\/01\/rota-romantica-768x576.webp 768w, https:\/\/www.carroaluguel.com\/blog\/wp-content\/uploads\/2024\/01\/rota-romantica-800x600.webp 800w, https:\/\/www.carroaluguel.com\/blog\/wp-content\/uploads\/2024\/01\/rota-romantica-1024x768.webp 1024w, https:\/\/www.carroaluguel.com\/blog\/wp-content\/uploads\/2024\/01\/rota-romantica.webp 1200w\" data-sizes=\"auto\" data-orig-sizes=\"(max-width: 1200px) 100vw, 1200px\" \/><p id=\"caption-attachment-10880\" class=\"wp-caption-text\">A Rota Rom\u00e2ntica abrange, ao todo, 14 cidades.<\/p><\/div>\n<p><span data-contrast=\"none\">Quem nunca ouviu falar da Rota Rom\u00e2ntica, localizada no Rio Grande do Sul? Trata-se de um conjunto de estradas entre o Vale dos Sinos e o Planalto da Serra Ga\u00facha, e que pode ser acessado a partir de Porto Alegre (cerca de 40 Km de dist\u00e2ncia do in\u00edcio do trajeto).<\/span><\/p>\n<p><span data-contrast=\"none\">Logo ap\u00f3s o munic\u00edpio de Est\u00e2ncia Velha, h\u00e1 o primeiro entroncamento. O turista pode optar pela continua\u00e7\u00e3o via BR-116 ou pelar a VRS-865.<\/span><\/p>\n<p><span data-contrast=\"none\">Ao todo, s\u00e3o 14 cidades pertencentes \u00e0 rota, e cada trecho depende da estrada escolhida pelo viajante. Al\u00e9m das duas vias citadas acima, o condutor pode optar pela RS-235, VRS-873 e a Estrada para Linha Nova.<\/span><\/p>\n<p><span data-contrast=\"none\">A liga\u00e7\u00e3o entre o Vale dos Sinos e o Planalto da Serra Ga\u00facha, apesar do bom asfalto e sinaliza\u00e7\u00e3o, possui algumas curvas acentuadas e, por se tratar de uma serra, exige mais do autom\u00f3vel.<\/span><\/p>\n<p><span data-contrast=\"none\">Portanto, conduzir um ve\u00edculo com tra\u00e7\u00e3o nas quatro rodas \u00e9 uma vantagem, principalmente para quem deseja explorar toda a regi\u00e3o.<\/span><\/p>\n<p><span data-contrast=\"none\">No trajeto \u00e9 poss\u00edvel conhecer diversos munic\u00edpios, alguns com constru\u00e7\u00f5es enxaimel e inclusive outros atrativos t\u00edpicos alem\u00e3es. As pr\u00f3prias estradas formam paisagens \u00fanicas, algumas repletas de pl\u00e1tanos (aquelas \u00e1rvores que no outono ganham nas folhas a cor avermelhada). Pelos caminhos, n\u00e3o \u00e9 dif\u00edcil encontrar \u00f3timos lugares para comer e inclusive se hospedar.<\/span><\/p>\n<p><span data-contrast=\"none\">Para quem est\u00e1 com tempo, \u00e9 poss\u00edvel ir at\u00e9 S\u00e3o Francisco de Paula (cidade acessada pela RS-235). A encantadora localidade \u00e9 o final da rota e onde se iniciam os famosos c\u00e2nions que tanto embelezam as publica\u00e7\u00f5es impressas e on-line pelo mundo afora.<\/span><\/p>\n<p><span data-contrast=\"none\">Inclusive, tais pared\u00f5es com seus vales e neblinas j\u00e1 foram palco para diversas produ\u00e7\u00f5es audiovisuais conhecidas por muitos espectadores.<\/span><\/p>\n<h3><b><span data-contrast=\"none\">8. Estrada Parque &#8211; Pantanal (MS)<\/span><\/b><\/h3>\n<div id=\"attachment_10891\" style=\"width: 1210px\" class=\"wp-caption aligncenter\"><img decoding=\"async\" aria-describedby=\"caption-attachment-10891\" class=\"lazyload wp-image-10891 size-full\" src=\"https:\/\/www.carroaluguel.com\/blog\/wp-content\/uploads\/2024\/01\/estrada-parque-pantanal.webp\" data-orig-src=\"https:\/\/www.carroaluguel.com\/blog\/wp-content\/uploads\/2024\/01\/estrada-parque-pantanal.webp\" alt=\"A imagem mostra um trecho da Estrada Parque. A via \u00e9 de terra batida, ladeada por uma vegeta\u00e7\u00e3o rasteira e uma cerca de madeira. Mais ao fundo, \u00e9 poss\u00edvel ver \u00e1rvores que se estendem at\u00e9 o horizonte. Ao fundo, serras verdes ocupam a imagem. O c\u00e9u \u00e9 azul-acinzentado.\" width=\"1200\" height=\"900\" srcset=\"data:image\/svg+xml,%3Csvg%20xmlns%3D%27http%3A%2F%2Fwww.w3.org%2F2000%2Fsvg%27%20width%3D%271200%27%20height%3D%27900%27%20viewBox%3D%270%200%201200%20900%27%3E%3Crect%20width%3D%271200%27%20height%3D%27900%27%20fill-opacity%3D%220%22%2F%3E%3C%2Fsvg%3E\" data-srcset=\"https:\/\/www.carroaluguel.com\/blog\/wp-content\/uploads\/2024\/01\/estrada-parque-pantanal-200x150.webp 200w, https:\/\/www.carroaluguel.com\/blog\/wp-content\/uploads\/2024\/01\/estrada-parque-pantanal-300x225.webp 300w, https:\/\/www.carroaluguel.com\/blog\/wp-content\/uploads\/2024\/01\/estrada-parque-pantanal-400x300.webp 400w, https:\/\/www.carroaluguel.com\/blog\/wp-content\/uploads\/2024\/01\/estrada-parque-pantanal-600x450.webp 600w, https:\/\/www.carroaluguel.com\/blog\/wp-content\/uploads\/2024\/01\/estrada-parque-pantanal-768x576.webp 768w, https:\/\/www.carroaluguel.com\/blog\/wp-content\/uploads\/2024\/01\/estrada-parque-pantanal-800x600.webp 800w, https:\/\/www.carroaluguel.com\/blog\/wp-content\/uploads\/2024\/01\/estrada-parque-pantanal-1024x768.webp 1024w, https:\/\/www.carroaluguel.com\/blog\/wp-content\/uploads\/2024\/01\/estrada-parque-pantanal.webp 1200w\" data-sizes=\"auto\" data-orig-sizes=\"(max-width: 1200px) 100vw, 1200px\" \/><p id=\"caption-attachment-10891\" class=\"wp-caption-text\">A Estrada Parque corta uma extensa regi\u00e3o do Pantanal.<\/p><\/div>\n<p><span data-contrast=\"none\">Composta pelas rodovias MS-184 e MS-228, a encantadora Estrada Parque corta uma extensa regi\u00e3o do Pantanal no estado do Mato Grosso do Sul. \u00c9 uma rota sem asfalto com aproximadamente 120 km, e que come\u00e7a numa bifurca\u00e7\u00e3o na BR-262 (denominado Buraco das Piranhas). Para quem est\u00e1 vindo de Campo Grande a Corumb\u00e1, esse entroncamento fica do lado direito da via.<\/span><\/p>\n<p><span data-contrast=\"none\">Por ser uma estrada sem asfalto, com algumas irregularidades na pista, muita poeira em \u00e9poca de seca, \u00e1gua abundante nas cheias, trafegar por ela com um ve\u00edculo 4&#215;4 \u00e9 o ideal.<\/span><\/p>\n<p><span data-contrast=\"none\">Sendo assim, fica mais pr\u00e1tico apreciar a biodiversidade no local, a riqueza da fauna e flora, os momentos \u00fanicos em avistar mam\u00edferos, r\u00e9pteis e inclusive um n\u00famero gigantesco de aves \u00e0s margens da via.<\/span><\/p>\n<p><span data-contrast=\"none\">Para quem vai buscar essa aventura, vale a pena optar por uma pousada em pleno Pantanal Sul, aproveitando ainda os pesqueiros e restaurantes na regi\u00e3o. Nos arredores da Estrada Parque, o ecoturismo e a pesca esportiva s\u00e3o fortes atrativos. <\/span><span data-contrast=\"none\">H\u00e1 ainda na regi\u00e3o uma base de ensino e pesquisa pertencente \u00e0 Universidade Federal do Mato Grosso do Sul. Ou seja, op\u00e7\u00f5es de lazer e entretenimento \u00e9 o que n\u00e3o falta!<\/span><\/p>\n<p><span data-contrast=\"none\">Ah, e se voc\u00ea est\u00e1 voltando de Corumb\u00e1 pela BR-262, n\u00e3o deixe de conhecer o vilarejo de Porto Esperan\u00e7a. \u00c9 poss\u00edvel acess\u00e1-lo de barco, deixando o carro bem ao lado da ponte Poeta Manoel de Barros (que atravessa o Rio Paraguai). No vilarejo, \u00e9 poss\u00edvel n\u00e3o s\u00f3 apreciar, mas vivenciar o dia a dia do povo pantaneiro. Uma experi\u00eancia \u00fanica!<\/span><\/p>\n<p><span data-contrast=\"none\">Ap\u00f3s todos esses roteiros incr\u00edveis, certamente ficou mais f\u00e1cil imaginar sua viagem em uma caminhonete cabine dupla ou um SUV 4\u00d74. Mas, antes de escolher o ve\u00edculo que vai alugar e fazer sua reserva \u00e9 bom ter alguns cuidados. Falaremos mais sobre isso abaixo.<\/span><\/p>\n<h2 aria-level=\"2\"><span data-contrast=\"none\">Cuidados ao alugar um carro 4\u00d74<\/span><\/h2>\n<p><span data-contrast=\"none\">Por serem <\/span><b><span data-contrast=\"none\">carros mais caros<\/span><\/b><span data-contrast=\"none\"> e contarem com uma mec\u00e2nica mais robusta, \u00e9 importante ter alguns <\/span><b><span data-contrast=\"none\">cuidados para alugar uma 4\u00d74<\/span><\/b><span data-contrast=\"none\"> e n\u00e3o ter problemas em sua viagem. Veja abaixo algumas dicas <\/span><span data-contrast=\"none\">imprescind\u00edveis<\/span><span data-contrast=\"none\"> antes de reservar seu ve\u00edculo:<\/span><\/p>\n<h3 aria-level=\"3\"><span data-contrast=\"none\">1. Fa\u00e7a uma vistoria detalhada<\/span><\/h3>\n<div id=\"attachment_10875\" style=\"width: 1210px\" class=\"wp-caption aligncenter\"><img decoding=\"async\" aria-describedby=\"caption-attachment-10875\" class=\"lazyload wp-image-10875 size-full\" src=\"https:\/\/www.carroaluguel.com\/blog\/wp-content\/uploads\/2024\/01\/faca-um-vistoria.webp\" data-orig-src=\"https:\/\/www.carroaluguel.com\/blog\/wp-content\/uploads\/2024\/01\/faca-um-vistoria.webp\" alt=\"Na imagem, dois homens olham para o interior do cap\u00f4 de um carro branco. Um deles est\u00e1 inclinado para dentro do cap\u00f4, com as m\u00e3os dentro do compartimento do motor. Ele usa uma camisa azul e uma cal\u00e7a jeans. O segundo homem est\u00e1 em p\u00e9, usando um terno preto, camisa azul e uma gravata vermelha, segurando uma prancheta.\" width=\"1200\" height=\"900\" srcset=\"data:image\/svg+xml,%3Csvg%20xmlns%3D%27http%3A%2F%2Fwww.w3.org%2F2000%2Fsvg%27%20width%3D%271200%27%20height%3D%27900%27%20viewBox%3D%270%200%201200%20900%27%3E%3Crect%20width%3D%271200%27%20height%3D%27900%27%20fill-opacity%3D%220%22%2F%3E%3C%2Fsvg%3E\" data-srcset=\"https:\/\/www.carroaluguel.com\/blog\/wp-content\/uploads\/2024\/01\/faca-um-vistoria-200x150.webp 200w, https:\/\/www.carroaluguel.com\/blog\/wp-content\/uploads\/2024\/01\/faca-um-vistoria-300x225.webp 300w, https:\/\/www.carroaluguel.com\/blog\/wp-content\/uploads\/2024\/01\/faca-um-vistoria-400x300.webp 400w, https:\/\/www.carroaluguel.com\/blog\/wp-content\/uploads\/2024\/01\/faca-um-vistoria-600x450.webp 600w, https:\/\/www.carroaluguel.com\/blog\/wp-content\/uploads\/2024\/01\/faca-um-vistoria-768x576.webp 768w, https:\/\/www.carroaluguel.com\/blog\/wp-content\/uploads\/2024\/01\/faca-um-vistoria-800x600.webp 800w, https:\/\/www.carroaluguel.com\/blog\/wp-content\/uploads\/2024\/01\/faca-um-vistoria-1024x768.webp 1024w, https:\/\/www.carroaluguel.com\/blog\/wp-content\/uploads\/2024\/01\/faca-um-vistoria.webp 1200w\" data-sizes=\"auto\" data-orig-sizes=\"(max-width: 1200px) 100vw, 1200px\" \/><p id=\"caption-attachment-10875\" class=\"wp-caption-text\">Aten\u00e7\u00e3o em dobro na hora da vistoria!<\/p><\/div>\n<p><span data-contrast=\"none\">Como s\u00e3o ve\u00edculos muitas vezes utilizados em condi\u00e7\u00f5es <\/span><span data-contrast=\"none\">mais<\/span><span data-contrast=\"none\"> severas, como <\/span>estradas irregulares e trilhas<span data-contrast=\"none\">, \u00e9 recomend\u00e1vel que haja<strong> aten\u00e7\u00e3o em dobro na hora <\/strong><\/span><strong>da <\/strong><b><span data-contrast=\"none\"><strong>vistoria para<\/strong> a retirada <\/span><\/b><b><span data-contrast=\"none\">de um modelo 4&#215;4<\/span><\/b><span data-contrast=\"none\">.<\/span><\/p>\n<p><span data-contrast=\"none\">Veja se o ve\u00edculo n\u00e3o possui amassados, se os pneus n\u00e3o est\u00e3o desgastados e se n\u00e3o h\u00e1 sinais de corros\u00e3o.<\/span><\/p>\n<p><span data-contrast=\"none\">Se puder, fa\u00e7a um test-drive e veja <strong>como est\u00e3o a <\/strong><\/span><strong>dire\u00e7\u00e3o e os freios, como o motor responde ao pedal de acelera\u00e7\u00e3o e se n\u00e3o h\u00e1 barulhos estranhos na suspens\u00e3o<\/strong><span data-contrast=\"none\">, como batidas e chiados. Se perceber qualquer defeito ap\u00f3s o aluguel, pare o carro e entre em contato com a locadora.<\/span><\/p>\n<p><span data-contrast=\"none\">Tenha bastante cuidado ao utilizar o carro <\/span><span data-contrast=\"none\">durante as viagens e passeios,<\/span><span data-contrast=\"none\"> pois<\/span><span data-contrast=\"none\">,<\/span><span data-contrast=\"none\"> apesar de ser feito para aguentar <\/span><span data-contrast=\"none\">algumas situa\u00e7\u00f5es adversas nas estradas<\/span><span data-contrast=\"none\">, avarias podem acontecer se o uso for extremo. <\/span><span data-contrast=\"none\">E lembre-se: ao <\/span><span data-contrast=\"none\">entregar o ve\u00edculo com danos, os consertos ser\u00e3o cobrados.<\/span><\/p>\n<h3 aria-level=\"3\"><span data-contrast=\"none\">2. Escolha o seguro ideal<\/span><\/h3>\n<div id=\"attachment_10890\" style=\"width: 1210px\" class=\"wp-caption aligncenter\"><img decoding=\"async\" aria-describedby=\"caption-attachment-10890\" class=\"lazyload wp-image-10890 size-full\" src=\"https:\/\/www.carroaluguel.com\/blog\/wp-content\/uploads\/2024\/01\/escolha-o-seguro.webp\" data-orig-src=\"https:\/\/www.carroaluguel.com\/blog\/wp-content\/uploads\/2024\/01\/escolha-o-seguro.webp\" alt=\"A imagem mostra uma mulher vestida de preto, com o cabelo longo preso em um rabo de cavalo, apertando a m\u00e3o de um senhor de cabelos brancos, \u00f3culos e camisa branca. No fundo, um carro branco. Elas parecem estar em uma concession\u00e1ria de autom\u00f3veis.\" width=\"1200\" height=\"900\" srcset=\"data:image\/svg+xml,%3Csvg%20xmlns%3D%27http%3A%2F%2Fwww.w3.org%2F2000%2Fsvg%27%20width%3D%271200%27%20height%3D%27900%27%20viewBox%3D%270%200%201200%20900%27%3E%3Crect%20width%3D%271200%27%20height%3D%27900%27%20fill-opacity%3D%220%22%2F%3E%3C%2Fsvg%3E\" data-srcset=\"https:\/\/www.carroaluguel.com\/blog\/wp-content\/uploads\/2024\/01\/escolha-o-seguro-200x150.webp 200w, https:\/\/www.carroaluguel.com\/blog\/wp-content\/uploads\/2024\/01\/escolha-o-seguro-300x225.webp 300w, https:\/\/www.carroaluguel.com\/blog\/wp-content\/uploads\/2024\/01\/escolha-o-seguro-400x300.webp 400w, https:\/\/www.carroaluguel.com\/blog\/wp-content\/uploads\/2024\/01\/escolha-o-seguro-600x450.webp 600w, https:\/\/www.carroaluguel.com\/blog\/wp-content\/uploads\/2024\/01\/escolha-o-seguro-768x576.webp 768w, https:\/\/www.carroaluguel.com\/blog\/wp-content\/uploads\/2024\/01\/escolha-o-seguro-800x600.webp 800w, https:\/\/www.carroaluguel.com\/blog\/wp-content\/uploads\/2024\/01\/escolha-o-seguro-1024x768.webp 1024w, https:\/\/www.carroaluguel.com\/blog\/wp-content\/uploads\/2024\/01\/escolha-o-seguro.webp 1200w\" data-sizes=\"auto\" data-orig-sizes=\"(max-width: 1200px) 100vw, 1200px\" \/><p id=\"caption-attachment-10890\" class=\"wp-caption-text\">Previna-se! Um seguro com guincho e assist\u00eancia mec\u00e2nica pode ser ideal para algumas viagens.<\/p><\/div>\n<p><span data-contrast=\"none\">Dependendo<\/span><span data-contrast=\"none\"> da viagem que ser\u00e1 feita, <\/span><span data-contrast=\"none\">al\u00e9m <\/span><span data-contrast=\"none\">do roteiro e das dificuldades que o caminho <\/span><span data-contrast=\"none\">possa<\/span><span data-contrast=\"none\"> apresentar, o melhor \u00e9 <strong>escolher um seguro que cubra os eventuais perigos e d\u00ea <\/strong><\/span><b><span data-contrast=\"none\"><strong>co<\/strong>berturas adicionais<\/span><\/b>, como guincho e assist\u00eancia mec\u00e2nica.<\/p>\n<p><span data-contrast=\"none\">Afinal, um seguro compreensivo pode ser bastante \u00fatil em estradas e rodovias mais afastadas, onde \u00e9 dif\u00edcil conseguir assist\u00eancia para o ve\u00edculo. Al\u00e9m disso, \u00e9 importante estar protegido para o caso de alguma avaria no autom\u00f3vel.<\/span><\/p>\n<h3 aria-level=\"3\"><span data-contrast=\"none\">3. Verifique os itens opcionais<\/span><\/h3>\n<p><span data-contrast=\"none\">No momento da reserva, verifique <\/span><span data-contrast=\"none\">junto <\/span><span data-contrast=\"none\">\u00e0<\/span><span data-contrast=\"none\"> empresa se ela oferece <strong>itens adicionais para loca\u00e7\u00e3o<\/strong>, como <\/span>aparelho de localiza\u00e7\u00e3o por GPS e cadeirinhas para crian\u00e7as<span data-contrast=\"none\">, al\u00e9m de outros opcionais que podem ser \u00fateis em uma viagem com uma 4\u00d74.<\/span><\/p>\n<h3 aria-level=\"3\"><span data-contrast=\"none\">4. Fa\u00e7a uma pesquisa de pre\u00e7os<\/span><\/h3>\n<div id=\"attachment_10874\" style=\"width: 1210px\" class=\"wp-caption aligncenter\"><img decoding=\"async\" aria-describedby=\"caption-attachment-10874\" class=\"lazyload wp-image-10874 size-full\" src=\"https:\/\/www.carroaluguel.com\/blog\/wp-content\/uploads\/2024\/01\/faca-uma-pesquisa.webp\" data-orig-src=\"https:\/\/www.carroaluguel.com\/blog\/wp-content\/uploads\/2024\/01\/faca-uma-pesquisa.webp\" alt=\"Um homem e uma mulher est\u00e3o sentados. Ele tem um laptop no colo e sorri para a tela. A mulher aponta algo na tela do computador e tamb\u00e9m sorri.\" width=\"1200\" height=\"900\" srcset=\"data:image\/svg+xml,%3Csvg%20xmlns%3D%27http%3A%2F%2Fwww.w3.org%2F2000%2Fsvg%27%20width%3D%271200%27%20height%3D%27900%27%20viewBox%3D%270%200%201200%20900%27%3E%3Crect%20width%3D%271200%27%20height%3D%27900%27%20fill-opacity%3D%220%22%2F%3E%3C%2Fsvg%3E\" data-srcset=\"https:\/\/www.carroaluguel.com\/blog\/wp-content\/uploads\/2024\/01\/faca-uma-pesquisa-200x150.webp 200w, https:\/\/www.carroaluguel.com\/blog\/wp-content\/uploads\/2024\/01\/faca-uma-pesquisa-300x225.webp 300w, https:\/\/www.carroaluguel.com\/blog\/wp-content\/uploads\/2024\/01\/faca-uma-pesquisa-400x300.webp 400w, https:\/\/www.carroaluguel.com\/blog\/wp-content\/uploads\/2024\/01\/faca-uma-pesquisa-600x450.webp 600w, https:\/\/www.carroaluguel.com\/blog\/wp-content\/uploads\/2024\/01\/faca-uma-pesquisa-768x576.webp 768w, https:\/\/www.carroaluguel.com\/blog\/wp-content\/uploads\/2024\/01\/faca-uma-pesquisa-800x600.webp 800w, https:\/\/www.carroaluguel.com\/blog\/wp-content\/uploads\/2024\/01\/faca-uma-pesquisa-1024x768.webp 1024w, https:\/\/www.carroaluguel.com\/blog\/wp-content\/uploads\/2024\/01\/faca-uma-pesquisa.webp 1200w\" data-sizes=\"auto\" data-orig-sizes=\"(max-width: 1200px) 100vw, 1200px\" \/><p id=\"caption-attachment-10874\" class=\"wp-caption-text\">Fa\u00e7a uma cota\u00e7\u00e3o on-line para encontrar os melhores pre\u00e7os e condi\u00e7\u00f5es.<\/p><\/div>\n<p><span data-contrast=\"none\">Hoje em dia, \u00e9 poss\u00edvel fazer uma cota\u00e7\u00e3o <\/span><span data-contrast=\"none\">on-line<\/span> <span data-contrast=\"none\">e<\/span><span data-contrast=\"none\"> saber os melhores pre\u00e7os e<\/span> <a href=\"https:\/\/www.carroaluguel.com\/blog\/2017\/03\/08\/condicoes-de-pagamento-para-alugar-carro\/\"><span data-contrast=\"none\">condi\u00e7\u00f5es para alugar<\/span><\/a><span data-contrast=\"none\"> uma 4\u00d74, seja <\/span><span data-contrast=\"none\">uma loca\u00e7\u00e3o <\/span>com cabine simples, caminhonete cabine dupla ou carro utilit\u00e1rio esportivo.<\/p>\n<p><span data-contrast=\"none\">Reservar com anteced\u00eancia pode ser um bom neg\u00f3cio, j\u00e1 que \u00e9 poss\u00edvel obter descontos, encontrar promo\u00e7\u00f5es adicionais e inclusive garantir a entrega da categoria do carro alugado na hora da retirada.<\/span><\/p>\n<h2><b><span data-contrast=\"none\">Conclus\u00e3o<\/span><\/b><\/h2>\n<p><span data-contrast=\"none\">Como vimos, alugar uma 4\u00d74 pode <\/span><span data-contrast=\"none\">resultar em <\/span><span data-contrast=\"none\">aventura e divers\u00e3o ao seu roteiro de viagem. Por serem ve\u00edculos mais robustos, <\/span><span data-contrast=\"none\">eles <\/span><span data-contrast=\"none\">s\u00e3o capazes de <\/span><b><span data-contrast=\"none\">enfrentar<\/span><\/b><strong> estradas e terre<\/strong><b><span data-contrast=\"none\">nos irregulares<\/span><\/b><span data-contrast=\"none\">, bem como <strong>garantir <\/strong><\/span><b><span data-contrast=\"none\"><strong>m<\/strong>ais seguran\u00e7a <\/span><\/b><span data-contrast=\"none\">e<\/span><b><span data-contrast=\"none\"> conforto nas rodovias<\/span><\/b>.<\/p>\n<p><span data-contrast=\"none\">Assim<\/span><span data-contrast=\"none\">, alugar uma caminhonete \u00e9 o meio ideal para conhecer os destinos mais incr\u00edveis e as rotas de maior beleza.<\/span><\/p>\n<p><span data-contrast=\"none\">Gostou de nosso artigo? J\u00e1 est\u00e1 planejando sua viagem em uma 4\u00d74? Ent\u00e3o aproveite para fazer uma<\/span> <a href=\"https:\/\/www.carroaluguel.com\/\"><span data-contrast=\"none\">cota\u00e7\u00e3o <\/span><span data-contrast=\"none\">on-line<\/span><span data-contrast=\"none\"> e reservar o ve\u00edculo pelo melhor pre\u00e7o<\/span><\/a><span data-contrast=\"none\">!<\/span><\/p>\n","protected":false},"excerpt":{"rendered":"<p>Que carro alugar na hora de fazer uma viagem? A  [&#8230;]<\/p>\n","protected":false},"author":1,"featured_media":6422,"comment_status":"open","ping_status":"open","sticky":false,"template":"","format":"standard","meta":{"footnotes":""},"categories":[944],"tags":[1024,1025,870],"class_list":["post-6402","post","type-post","status-publish","format-standard","has-post-thumbnail","hentry","category-categorias-aluguel-de-carro","tag-4x4","tag-dicas","tag-suv"],"yoast_head":"<!-- This site is optimized with the Yoast SEO plugin v27.5 - https:\/\/yoast.com\/product\/yoast-seo-wordpress\/ -->\n<title>Viajar com Carro 4x4: vantagens e onde alugar | Blog CarroAluguel<\/title>\n<meta name=\"description\" content=\"Veja as vantagens de viajar com um carro 4x4, os melhores destinos tur\u00edsticos e os cuidados necess\u00e1rios ao alugar o ve\u00edculo. Acesse e confira!\" \/>\n<meta name=\"robots\" content=\"index, follow, max-snippet:-1, max-image-preview:large, max-video-preview:-1\" \/>\n<link rel=\"canonical\" href=\"https:\/\/www.carroaluguel.com\/blog\/dicas-para-alugar-uma-4x4\/\" \/>\n<meta property=\"og:locale\" content=\"pt_BR\" \/>\n<meta property=\"og:type\" content=\"article\" \/>\n<meta property=\"og:title\" content=\"Viajar com Carro 4x4: vantagens e onde alugar | Blog CarroAluguel\" \/>\n<meta property=\"og:description\" content=\"Veja as vantagens de viajar com um carro 4x4, os melhores destinos tur\u00edsticos e os cuidados necess\u00e1rios ao alugar o ve\u00edculo. Acesse e confira!\" \/>\n<meta property=\"og:url\" content=\"https:\/\/www.carroaluguel.com\/blog\/dicas-para-alugar-uma-4x4\/\" \/>\n<meta property=\"og:site_name\" content=\"Blog CarroAluguel\" \/>\n<meta property=\"article:publisher\" content=\"https:\/\/www.facebook.com\/CarroAluguelBR\" \/>\n<meta property=\"article:published_time\" content=\"2017-04-17T17:31:54+00:00\" \/>\n<meta property=\"article:modified_time\" content=\"2024-03-08T19:04:32+00:00\" \/>\n<meta property=\"og:image\" content=\"https:\/\/www.carroaluguel.com\/blog\/wp-content\/uploads\/2017\/04\/alugar-uma-4x4-1.jpeg\" \/>\n\t<meta property=\"og:image:width\" content=\"765\" \/>\n\t<meta property=\"og:image:height\" content=\"480\" \/>\n\t<meta property=\"og:image:type\" content=\"image\/jpeg\" \/>\n<meta name=\"author\" content=\"blog\" \/>\n<meta name=\"twitter:card\" content=\"summary_large_image\" \/>\n<meta name=\"twitter:creator\" content=\"@CarroAluguel\" \/>\n<meta name=\"twitter:site\" content=\"@CarroAluguel\" \/>\n<meta name=\"twitter:label1\" content=\"Escrito por\" \/>\n\t<meta name=\"twitter:data1\" content=\"blog\" \/>\n\t<meta name=\"twitter:label2\" content=\"Est. tempo de leitura\" \/>\n\t<meta name=\"twitter:data2\" content=\"26 minutos\" \/>\n<script type=\"application\/ld+json\" class=\"yoast-schema-graph\">{\"@context\":\"https:\\\/\\\/schema.org\",\"@graph\":[{\"@type\":\"Article\",\"@id\":\"https:\\\/\\\/www.carroaluguel.com\\\/blog\\\/dicas-para-alugar-uma-4x4\\\/#article\",\"isPartOf\":{\"@id\":\"https:\\\/\\\/www.carroaluguel.com\\\/blog\\\/dicas-para-alugar-uma-4x4\\\/\"},\"author\":{\"name\":\"blog\",\"@id\":\"https:\\\/\\\/www.carroaluguel.com\\\/blog\\\/#\\\/schema\\\/person\\\/693414c3b2423315cf90fb75439be0e1\"},\"headline\":\"Dicas para alugar uma 4\u00d74 \u2013 Como deixar sua viagem mais incr\u00edvel\",\"datePublished\":\"2017-04-17T17:31:54+00:00\",\"dateModified\":\"2024-03-08T19:04:32+00:00\",\"mainEntityOfPage\":{\"@id\":\"https:\\\/\\\/www.carroaluguel.com\\\/blog\\\/dicas-para-alugar-uma-4x4\\\/\"},\"wordCount\":4418,\"commentCount\":11,\"publisher\":{\"@id\":\"https:\\\/\\\/www.carroaluguel.com\\\/blog\\\/#organization\"},\"image\":{\"@id\":\"https:\\\/\\\/www.carroaluguel.com\\\/blog\\\/dicas-para-alugar-uma-4x4\\\/#primaryimage\"},\"thumbnailUrl\":\"https:\\\/\\\/www.carroaluguel.com\\\/blog\\\/wp-content\\\/uploads\\\/2017\\\/04\\\/alugar-uma-4x4-1.jpeg\",\"keywords\":[\"4x4\",\"Dicas\",\"SUV\"],\"articleSection\":[\"Categorias de aluguel de carro\"],\"inLanguage\":\"pt-BR\",\"potentialAction\":[{\"@type\":\"CommentAction\",\"name\":\"Comment\",\"target\":[\"https:\\\/\\\/www.carroaluguel.com\\\/blog\\\/dicas-para-alugar-uma-4x4\\\/#respond\"]}]},{\"@type\":\"WebPage\",\"@id\":\"https:\\\/\\\/www.carroaluguel.com\\\/blog\\\/dicas-para-alugar-uma-4x4\\\/\",\"url\":\"https:\\\/\\\/www.carroaluguel.com\\\/blog\\\/dicas-para-alugar-uma-4x4\\\/\",\"name\":\"Viajar com Carro 4x4: vantagens e onde alugar | Blog CarroAluguel\",\"isPartOf\":{\"@id\":\"https:\\\/\\\/www.carroaluguel.com\\\/blog\\\/#website\"},\"primaryImageOfPage\":{\"@id\":\"https:\\\/\\\/www.carroaluguel.com\\\/blog\\\/dicas-para-alugar-uma-4x4\\\/#primaryimage\"},\"image\":{\"@id\":\"https:\\\/\\\/www.carroaluguel.com\\\/blog\\\/dicas-para-alugar-uma-4x4\\\/#primaryimage\"},\"thumbnailUrl\":\"https:\\\/\\\/www.carroaluguel.com\\\/blog\\\/wp-content\\\/uploads\\\/2017\\\/04\\\/alugar-uma-4x4-1.jpeg\",\"datePublished\":\"2017-04-17T17:31:54+00:00\",\"dateModified\":\"2024-03-08T19:04:32+00:00\",\"description\":\"Veja as vantagens de viajar com um carro 4x4, os melhores destinos tur\u00edsticos e os cuidados necess\u00e1rios ao alugar o ve\u00edculo. Acesse e confira!\",\"breadcrumb\":{\"@id\":\"https:\\\/\\\/www.carroaluguel.com\\\/blog\\\/dicas-para-alugar-uma-4x4\\\/#breadcrumb\"},\"inLanguage\":\"pt-BR\",\"potentialAction\":[{\"@type\":\"ReadAction\",\"target\":[\"https:\\\/\\\/www.carroaluguel.com\\\/blog\\\/dicas-para-alugar-uma-4x4\\\/\"]}]},{\"@type\":\"ImageObject\",\"inLanguage\":\"pt-BR\",\"@id\":\"https:\\\/\\\/www.carroaluguel.com\\\/blog\\\/dicas-para-alugar-uma-4x4\\\/#primaryimage\",\"url\":\"https:\\\/\\\/www.carroaluguel.com\\\/blog\\\/wp-content\\\/uploads\\\/2017\\\/04\\\/alugar-uma-4x4-1.jpeg\",\"contentUrl\":\"https:\\\/\\\/www.carroaluguel.com\\\/blog\\\/wp-content\\\/uploads\\\/2017\\\/04\\\/alugar-uma-4x4-1.jpeg\",\"width\":765,\"height\":480,\"caption\":\"alugar uma 4x4\"},{\"@type\":\"BreadcrumbList\",\"@id\":\"https:\\\/\\\/www.carroaluguel.com\\\/blog\\\/dicas-para-alugar-uma-4x4\\\/#breadcrumb\",\"itemListElement\":[{\"@type\":\"ListItem\",\"position\":1,\"name\":\"Home\",\"item\":\"https:\\\/\\\/www.carroaluguel.com\\\/blog\\\/\"},{\"@type\":\"ListItem\",\"position\":2,\"name\":\"Aluguel de carros\",\"item\":\"https:\\\/\\\/www.carroaluguel.com\\\/blog\\\/category\\\/aluguel-de-carros\\\/\"},{\"@type\":\"ListItem\",\"position\":3,\"name\":\"Categorias de aluguel de carro\",\"item\":\"https:\\\/\\\/www.carroaluguel.com\\\/blog\\\/category\\\/aluguel-de-carros\\\/categorias-aluguel-de-carro\\\/\"},{\"@type\":\"ListItem\",\"position\":4,\"name\":\"Dicas para alugar uma 4\u00d74 \u2013 Como deixar sua viagem mais incr\u00edvel\"}]},{\"@type\":\"WebSite\",\"@id\":\"https:\\\/\\\/www.carroaluguel.com\\\/blog\\\/#website\",\"url\":\"https:\\\/\\\/www.carroaluguel.com\\\/blog\\\/\",\"name\":\"Blog CarroAluguel\",\"description\":\"\",\"publisher\":{\"@id\":\"https:\\\/\\\/www.carroaluguel.com\\\/blog\\\/#organization\"},\"potentialAction\":[{\"@type\":\"SearchAction\",\"target\":{\"@type\":\"EntryPoint\",\"urlTemplate\":\"https:\\\/\\\/www.carroaluguel.com\\\/blog\\\/?s={search_term_string}\"},\"query-input\":{\"@type\":\"PropertyValueSpecification\",\"valueRequired\":true,\"valueName\":\"search_term_string\"}}],\"inLanguage\":\"pt-BR\"},{\"@type\":\"Organization\",\"@id\":\"https:\\\/\\\/www.carroaluguel.com\\\/blog\\\/#organization\",\"name\":\"CarroAluguel.com\",\"url\":\"https:\\\/\\\/www.carroaluguel.com\\\/blog\\\/\",\"logo\":{\"@type\":\"ImageObject\",\"inLanguage\":\"pt-BR\",\"@id\":\"https:\\\/\\\/www.carroaluguel.com\\\/blog\\\/#\\\/schema\\\/logo\\\/image\\\/\",\"url\":\"https:\\\/\\\/www.carroaluguel.com\\\/blog\\\/wp-content\\\/uploads\\\/2023\\\/08\\\/logo-carro-aluguel-BLOG-200x54-1.png\",\"contentUrl\":\"https:\\\/\\\/www.carroaluguel.com\\\/blog\\\/wp-content\\\/uploads\\\/2023\\\/08\\\/logo-carro-aluguel-BLOG-200x54-1.png\",\"width\":200,\"height\":54,\"caption\":\"CarroAluguel.com\"},\"image\":{\"@id\":\"https:\\\/\\\/www.carroaluguel.com\\\/blog\\\/#\\\/schema\\\/logo\\\/image\\\/\"},\"sameAs\":[\"https:\\\/\\\/www.facebook.com\\\/CarroAluguelBR\",\"https:\\\/\\\/x.com\\\/CarroAluguel\",\"https:\\\/\\\/www.instagram.com\\\/carroaluguel\\\/\"]},{\"@type\":\"Person\",\"@id\":\"https:\\\/\\\/www.carroaluguel.com\\\/blog\\\/#\\\/schema\\\/person\\\/693414c3b2423315cf90fb75439be0e1\",\"name\":\"blog\",\"image\":{\"@type\":\"ImageObject\",\"inLanguage\":\"pt-BR\",\"@id\":\"https:\\\/\\\/secure.gravatar.com\\\/avatar\\\/b8a3d64fc0b21db017f462a77f2c79b24cf3db4426d602430441f37f7d2ac037?s=96&d=mm&r=g\",\"url\":\"https:\\\/\\\/secure.gravatar.com\\\/avatar\\\/b8a3d64fc0b21db017f462a77f2c79b24cf3db4426d602430441f37f7d2ac037?s=96&d=mm&r=g\",\"contentUrl\":\"https:\\\/\\\/secure.gravatar.com\\\/avatar\\\/b8a3d64fc0b21db017f462a77f2c79b24cf3db4426d602430441f37f7d2ac037?s=96&d=mm&r=g\",\"caption\":\"blog\"},\"sameAs\":[\"https:\\\/\\\/carroaluguel.com\\\/blog\"],\"url\":\"https:\\\/\\\/www.carroaluguel.com\\\/blog\\\/author\\\/blog\\\/\"}]}<\/script>\n<!-- \/ Yoast SEO plugin. -->","yoast_head_json":{"title":"Viajar com Carro 4x4: vantagens e onde alugar | Blog CarroAluguel","description":"Veja as vantagens de viajar com um carro 4x4, os melhores destinos tur\u00edsticos e os cuidados necess\u00e1rios ao alugar o ve\u00edculo. Acesse e confira!","robots":{"index":"index","follow":"follow","max-snippet":"max-snippet:-1","max-image-preview":"max-image-preview:large","max-video-preview":"max-video-preview:-1"},"canonical":"https:\/\/www.carroaluguel.com\/blog\/dicas-para-alugar-uma-4x4\/","og_locale":"pt_BR","og_type":"article","og_title":"Viajar com Carro 4x4: vantagens e onde alugar | Blog CarroAluguel","og_description":"Veja as vantagens de viajar com um carro 4x4, os melhores destinos tur\u00edsticos e os cuidados necess\u00e1rios ao alugar o ve\u00edculo. Acesse e confira!","og_url":"https:\/\/www.carroaluguel.com\/blog\/dicas-para-alugar-uma-4x4\/","og_site_name":"Blog CarroAluguel","article_publisher":"https:\/\/www.facebook.com\/CarroAluguelBR","article_published_time":"2017-04-17T17:31:54+00:00","article_modified_time":"2024-03-08T19:04:32+00:00","og_image":[{"width":765,"height":480,"url":"https:\/\/www.carroaluguel.com\/blog\/wp-content\/uploads\/2017\/04\/alugar-uma-4x4-1.jpeg","type":"image\/jpeg"}],"author":"blog","twitter_card":"summary_large_image","twitter_creator":"@CarroAluguel","twitter_site":"@CarroAluguel","twitter_misc":{"Escrito por":"blog","Est. tempo de leitura":"26 minutos"},"schema":{"@context":"https:\/\/schema.org","@graph":[{"@type":"Article","@id":"https:\/\/www.carroaluguel.com\/blog\/dicas-para-alugar-uma-4x4\/#article","isPartOf":{"@id":"https:\/\/www.carroaluguel.com\/blog\/dicas-para-alugar-uma-4x4\/"},"author":{"name":"blog","@id":"https:\/\/www.carroaluguel.com\/blog\/#\/schema\/person\/693414c3b2423315cf90fb75439be0e1"},"headline":"Dicas para alugar uma 4\u00d74 \u2013 Como deixar sua viagem mais incr\u00edvel","datePublished":"2017-04-17T17:31:54+00:00","dateModified":"2024-03-08T19:04:32+00:00","mainEntityOfPage":{"@id":"https:\/\/www.carroaluguel.com\/blog\/dicas-para-alugar-uma-4x4\/"},"wordCount":4418,"commentCount":11,"publisher":{"@id":"https:\/\/www.carroaluguel.com\/blog\/#organization"},"image":{"@id":"https:\/\/www.carroaluguel.com\/blog\/dicas-para-alugar-uma-4x4\/#primaryimage"},"thumbnailUrl":"https:\/\/www.carroaluguel.com\/blog\/wp-content\/uploads\/2017\/04\/alugar-uma-4x4-1.jpeg","keywords":["4x4","Dicas","SUV"],"articleSection":["Categorias de aluguel de carro"],"inLanguage":"pt-BR","potentialAction":[{"@type":"CommentAction","name":"Comment","target":["https:\/\/www.carroaluguel.com\/blog\/dicas-para-alugar-uma-4x4\/#respond"]}]},{"@type":"WebPage","@id":"https:\/\/www.carroaluguel.com\/blog\/dicas-para-alugar-uma-4x4\/","url":"https:\/\/www.carroaluguel.com\/blog\/dicas-para-alugar-uma-4x4\/","name":"Viajar com Carro 4x4: vantagens e onde alugar | Blog CarroAluguel","isPartOf":{"@id":"https:\/\/www.carroaluguel.com\/blog\/#website"},"primaryImageOfPage":{"@id":"https:\/\/www.carroaluguel.com\/blog\/dicas-para-alugar-uma-4x4\/#primaryimage"},"image":{"@id":"https:\/\/www.carroaluguel.com\/blog\/dicas-para-alugar-uma-4x4\/#primaryimage"},"thumbnailUrl":"https:\/\/www.carroaluguel.com\/blog\/wp-content\/uploads\/2017\/04\/alugar-uma-4x4-1.jpeg","datePublished":"2017-04-17T17:31:54+00:00","dateModified":"2024-03-08T19:04:32+00:00","description":"Veja as vantagens de viajar com um carro 4x4, os melhores destinos tur\u00edsticos e os cuidados necess\u00e1rios ao alugar o ve\u00edculo. Acesse e confira!","breadcrumb":{"@id":"https:\/\/www.carroaluguel.com\/blog\/dicas-para-alugar-uma-4x4\/#breadcrumb"},"inLanguage":"pt-BR","potentialAction":[{"@type":"ReadAction","target":["https:\/\/www.carroaluguel.com\/blog\/dicas-para-alugar-uma-4x4\/"]}]},{"@type":"ImageObject","inLanguage":"pt-BR","@id":"https:\/\/www.carroaluguel.com\/blog\/dicas-para-alugar-uma-4x4\/#primaryimage","url":"https:\/\/www.carroaluguel.com\/blog\/wp-content\/uploads\/2017\/04\/alugar-uma-4x4-1.jpeg","contentUrl":"https:\/\/www.carroaluguel.com\/blog\/wp-content\/uploads\/2017\/04\/alugar-uma-4x4-1.jpeg","width":765,"height":480,"caption":"alugar uma 4x4"},{"@type":"BreadcrumbList","@id":"https:\/\/www.carroaluguel.com\/blog\/dicas-para-alugar-uma-4x4\/#breadcrumb","itemListElement":[{"@type":"ListItem","position":1,"name":"Home","item":"https:\/\/www.carroaluguel.com\/blog\/"},{"@type":"ListItem","position":2,"name":"Aluguel de carros","item":"https:\/\/www.carroaluguel.com\/blog\/category\/aluguel-de-carros\/"},{"@type":"ListItem","position":3,"name":"Categorias de aluguel de carro","item":"https:\/\/www.carroaluguel.com\/blog\/category\/aluguel-de-carros\/categorias-aluguel-de-carro\/"},{"@type":"ListItem","position":4,"name":"Dicas para alugar uma 4\u00d74 \u2013 Como deixar sua viagem mais incr\u00edvel"}]},{"@type":"WebSite","@id":"https:\/\/www.carroaluguel.com\/blog\/#website","url":"https:\/\/www.carroaluguel.com\/blog\/","name":"Blog CarroAluguel","description":"","publisher":{"@id":"https:\/\/www.carroaluguel.com\/blog\/#organization"},"potentialAction":[{"@type":"SearchAction","target":{"@type":"EntryPoint","urlTemplate":"https:\/\/www.carroaluguel.com\/blog\/?s={search_term_string}"},"query-input":{"@type":"PropertyValueSpecification","valueRequired":true,"valueName":"search_term_string"}}],"inLanguage":"pt-BR"},{"@type":"Organization","@id":"https:\/\/www.carroaluguel.com\/blog\/#organization","name":"CarroAluguel.com","url":"https:\/\/www.carroaluguel.com\/blog\/","logo":{"@type":"ImageObject","inLanguage":"pt-BR","@id":"https:\/\/www.carroaluguel.com\/blog\/#\/schema\/logo\/image\/","url":"https:\/\/www.carroaluguel.com\/blog\/wp-content\/uploads\/2023\/08\/logo-carro-aluguel-BLOG-200x54-1.png","contentUrl":"https:\/\/www.carroaluguel.com\/blog\/wp-content\/uploads\/2023\/08\/logo-carro-aluguel-BLOG-200x54-1.png","width":200,"height":54,"caption":"CarroAluguel.com"},"image":{"@id":"https:\/\/www.carroaluguel.com\/blog\/#\/schema\/logo\/image\/"},"sameAs":["https:\/\/www.facebook.com\/CarroAluguelBR","https:\/\/x.com\/CarroAluguel","https:\/\/www.instagram.com\/carroaluguel\/"]},{"@type":"Person","@id":"https:\/\/www.carroaluguel.com\/blog\/#\/schema\/person\/693414c3b2423315cf90fb75439be0e1","name":"blog","image":{"@type":"ImageObject","inLanguage":"pt-BR","@id":"https:\/\/secure.gravatar.com\/avatar\/b8a3d64fc0b21db017f462a77f2c79b24cf3db4426d602430441f37f7d2ac037?s=96&d=mm&r=g","url":"https:\/\/secure.gravatar.com\/avatar\/b8a3d64fc0b21db017f462a77f2c79b24cf3db4426d602430441f37f7d2ac037?s=96&d=mm&r=g","contentUrl":"https:\/\/secure.gravatar.com\/avatar\/b8a3d64fc0b21db017f462a77f2c79b24cf3db4426d602430441f37f7d2ac037?s=96&d=mm&r=g","caption":"blog"},"sameAs":["https:\/\/carroaluguel.com\/blog"],"url":"https:\/\/www.carroaluguel.com\/blog\/author\/blog\/"}]}},"_links":{"self":[{"href":"https:\/\/www.carroaluguel.com\/blog\/wp-json\/wp\/v2\/posts\/6402","targetHints":{"allow":["GET"]}}],"collection":[{"href":"https:\/\/www.carroaluguel.com\/blog\/wp-json\/wp\/v2\/posts"}],"about":[{"href":"https:\/\/www.carroaluguel.com\/blog\/wp-json\/wp\/v2\/types\/post"}],"author":[{"embeddable":true,"href":"https:\/\/www.carroaluguel.com\/blog\/wp-json\/wp\/v2\/users\/1"}],"replies":[{"embeddable":true,"href":"https:\/\/www.carroaluguel.com\/blog\/wp-json\/wp\/v2\/comments?post=6402"}],"version-history":[{"count":6,"href":"https:\/\/www.carroaluguel.com\/blog\/wp-json\/wp\/v2\/posts\/6402\/revisions"}],"predecessor-version":[{"id":10930,"href":"https:\/\/www.carroaluguel.com\/blog\/wp-json\/wp\/v2\/posts\/6402\/revisions\/10930"}],"wp:featuredmedia":[{"embeddable":true,"href":"https:\/\/www.carroaluguel.com\/blog\/wp-json\/wp\/v2\/media\/6422"}],"wp:attachment":[{"href":"https:\/\/www.carroaluguel.com\/blog\/wp-json\/wp\/v2\/media?parent=6402"}],"wp:term":[{"taxonomy":"category","embeddable":true,"href":"https:\/\/www.carroaluguel.com\/blog\/wp-json\/wp\/v2\/categories?post=6402"},{"taxonomy":"post_tag","embeddable":true,"href":"https:\/\/www.carroaluguel.com\/blog\/wp-json\/wp\/v2\/tags?post=6402"}],"curies":[{"name":"wp","href":"https:\/\/api.w.org\/{rel}","templated":true}]}}