{"id":6537,"date":"2017-05-05T18:04:41","date_gmt":"2017-05-05T18:04:41","guid":{"rendered":"https:\/\/www.carroaluguel.com\/blog\/?p=6537"},"modified":"2024-05-10T17:05:17","modified_gmt":"2024-05-10T17:05:17","slug":"criancas-no-banco-da-frente","status":"publish","type":"post","link":"https:\/\/www.carroaluguel.com\/blog\/criancas-no-banco-da-frente\/","title":{"rendered":"Crian\u00e7as no banco da frente: pode ou n\u00e3o pode? Descubra!"},"content":{"rendered":"<p><span style=\"color: #333333;\">Na hora de sair para um passeio ou, especialmente, de <strong>viajar de carro com a fam\u00edlia<\/strong>, muita gente se pergunta se pode levar as crian\u00e7as no banco da frente. Acontece que essa resposta n\u00e3o \u00e9 simples. Por isso, neste post vamos falar sobre as <strong>regras para o transporte <\/strong>de crian\u00e7as no autom\u00f3vel, de modo\u00a0que elas fiquem confort\u00e1veis e em <strong>seguran\u00e7a<\/strong> e\u00a0voc\u00ea n\u00e3o corra riscos em uma fiscaliza\u00e7\u00e3o.<\/span><\/p>\n<p><span style=\"color: #333333;\">Afinal, o<\/span> <a href=\"http:\/\/www.planalto.gov.br\/ccivil_03\/leis\/L9503.htm\" target=\"_blank\" rel=\"noopener noreferrer\">C\u00f3digo de Tr\u00e2nsito Brasileiro<\/a> <span style=\"color: #333333;\">(CTB), em seu artigo 168, considera o <strong>transporte irregular de crian\u00e7as <\/strong>como<strong> infra\u00e7\u00e3o grav\u00edssima<\/strong>, penalizada com <strong>multa e apreens\u00e3o do ve\u00edculo<\/strong> at\u00e9 que a irregularidade seja sanada. Mas o mais importante\u00a0\u00e9 que a legisla\u00e7\u00e3o est\u00e1 a\u00ed para garantir que as crian\u00e7as tenham toda a seguran\u00e7a poss\u00edvel em seus passeios de carro.<\/span><\/p>\n<p><span style=\"color: #333333;\">Portanto, falaremos sobre as regras para o transporte de crian\u00e7as, estabelecidas pelo Conselho Nacional de Tr\u00e2nsito (CONTRAN), e as suas exce\u00e7\u00f5es, para que voc\u00ea tire todas as suas d\u00favidas e garanta uma<\/span> viagem segura e sem dores de cabe\u00e7a<span style=\"color: #333333;\">. Confira!<\/span><\/p>\n<h2><span style=\"color: #000000;\">Crian\u00e7as pequenas devem ir no banco de tr\u00e1s<\/span><\/h2>\n<p><span style=\"color: #333333;\">Segundo o CTB, toda crian\u00e7a<strong> menor de 10 anos deve ir no banco de tr\u00e1s<\/strong> dos carros. Al\u00e9m disso, as menores de 7 anos e meio precisam contar com o<strong> apoio de acess\u00f3rios,<\/strong> chamados de <strong>dispositivos de reten\u00e7\u00e3o<\/strong>, para garantir sua seguran\u00e7a.<\/span><\/p>\n<p><img decoding=\"async\" class=\"lazyload aligncenter wp-image-6543 size-full\" src=\"https:\/\/www.carroaluguel.com\/blog\/wp-content\/uploads\/2017\/05\/cadeirinha-de-elevacao.jpg\" data-orig-src=\"https:\/\/www.carroaluguel.com\/blog\/wp-content\/uploads\/2017\/05\/cadeirinha-de-elevacao.jpg\" alt=\"Menina utiliza uma cadeira com eleva\u00e7\u00e3o.\" width=\"765\" height=\"240\" srcset=\"data:image\/svg+xml,%3Csvg%20xmlns%3D%27http%3A%2F%2Fwww.w3.org%2F2000%2Fsvg%27%20width%3D%27765%27%20height%3D%27240%27%20viewBox%3D%270%200%20765%20240%27%3E%3Crect%20width%3D%27765%27%20height%3D%27240%27%20fill-opacity%3D%220%22%2F%3E%3C%2Fsvg%3E\" data-srcset=\"https:\/\/www.carroaluguel.com\/blog\/wp-content\/uploads\/2017\/05\/cadeirinha-de-elevacao-200x63.jpg 200w, https:\/\/www.carroaluguel.com\/blog\/wp-content\/uploads\/2017\/05\/cadeirinha-de-elevacao-300x94.jpg 300w, https:\/\/www.carroaluguel.com\/blog\/wp-content\/uploads\/2017\/05\/cadeirinha-de-elevacao-400x125.jpg 400w, https:\/\/www.carroaluguel.com\/blog\/wp-content\/uploads\/2017\/05\/cadeirinha-de-elevacao-600x188.jpg 600w, https:\/\/www.carroaluguel.com\/blog\/wp-content\/uploads\/2017\/05\/cadeirinha-de-elevacao.jpg 765w\" data-sizes=\"auto\" data-orig-sizes=\"(max-width: 765px) 100vw, 765px\" \/><\/p>\n<p><span style=\"color: #333333;\">Isso \u00e9 necess\u00e1rio pois\u00a0o cinto de seguran\u00e7a normal\u00a0n\u00e3o oferece\u00a0prote\u00e7\u00e3o suficiente: por conta da pequena estatura das crian\u00e7as, ele n\u00e3o as mant\u00e9m\u00a0presas ao banco em eventuais casos de colis\u00e3o ou parada brusca do autom\u00f3vel.<\/span><\/p>\n<p><span style=\"color: #333333;\">Portanto, para <strong>cada faixa et\u00e1ria h\u00e1 uma exig\u00eancia espec\u00edfica<\/strong> para dispositivos e formas de transporte. Veja abaixo quais s\u00e3o:<\/span><\/p>\n<h3>\u2022 Crian\u00e7as de 0 a 1 ano<\/h3>\n<p><span style=\"color: #333333;\">Devem ser transportadas no chamado \u201cbeb\u00ea conforto\u201d ou no \u201c<strong>assento convers\u00edvel<\/strong>\u201d, instalados de costas para a dire\u00e7\u00e3o de marcha do ve\u00edculo, de modo que a crian\u00e7a fique virada para tr\u00e1s.<\/span><\/p>\n<h3>\u2022 Crian\u00e7as de 1 a 4 anos<\/h3>\n<p><span style=\"color: #333333;\">\u00c9 obrigat\u00f3rio, para essa faixa et\u00e1ria, o uso da chamada \u201c<strong>cadeirinha<\/strong>\u201d. Este dispositivo de reten\u00e7\u00e3o \u00e9, geralmente, preso ao cinto de tr\u00eas pontos do banco traseiro. Em alguns modelos, h\u00e1 sistemas de ancoragem espec\u00edficos que devem ser compat\u00edveis com o ve\u00edculo.<\/span><\/p>\n<h3>\u2022 Maiores de 4 at\u00e9 7 anos e meio<\/h3>\n<p><span style=\"color: #333333;\">Para essas idades, a obrigatoriedade \u00e9 pelo uso do <strong>assento de eleva\u00e7\u00e3o<\/strong> e do <strong>cinto de tr\u00eas pontos<\/strong>. Esse dispositivo \u00e9 um banquinho pr\u00f3prio que suspende a crian\u00e7a e faz com que ela fique presa com seguran\u00e7a ao cinto do ve\u00edculo.<\/span><\/p>\n<h3>\u2022 De 7 anos e meio a 10 anos<\/h3>\n<p><span style=\"color: #333333;\">Devem ser transportadas no banco traseiro utilizando, obrigatoriamente, o <strong>cinto de seguran\u00e7a<\/strong> do assento em que estiver, preferencialmente, o de tr\u00eas pontos, mais seguro.<\/span><\/p>\n<p><span style=\"color: #333333;\">A partir de <strong>10 anos de idade<\/strong>, a crian\u00e7a j\u00e1 pode andar no<strong> banco dianteiro<\/strong>, sem que haja problemas com a fiscaliza\u00e7\u00e3o. No entanto, especialmente para as de <em>estatura mais baixa<\/em>, \u00e9 aconselh\u00e1vel que se utilize, sempre que poss\u00edvel, o <em>banco traseiro<\/em>. Ele \u00e9 estatisticamente mais seguro, at\u00e9 para adultos.<\/span><\/p>\n<p><span style=\"color: #333333;\">H\u00e1, por\u00e9m,<em> casos\u00a0em que o transporte de crian\u00e7as no banco da frente \u00e9 permitido.<\/em> Vamos falar sobre essas hip\u00f3teses no pr\u00f3ximo t\u00f3pico. Confira!<\/span><\/p>\n<h2><span style=\"color: #000000;\">Casos em que crian\u00e7as no banco da frente s\u00e3o permitidas<\/span><\/h2>\n<p><span style=\"color: #333333;\">Em algumas situa\u00e7\u00f5es, o transporte de crian\u00e7as no banco da frente \u00e9 permitido. Por\u00e9m, s\u00e3o excepcionalidades que devem ser evitadas, at\u00e9 para<\/span> <a href=\"https:\/\/www.carroaluguel.com\/blog\/guia-viagem-de-carro-em-seguranca\/\" target=\"_blank\" rel=\"noopener noreferrer\">garantir a seguran\u00e7a<\/a> <span style=\"color: #333333;\">delas, o que \u00e9 mais importante do que evitar qualquer multa.<\/span><\/p>\n<p><span style=\"color: #333333;\">S\u00e3o tr\u00eas os casos em que isso pode ocorrer: quando o<strong> ve\u00edculo tiver somente bancos dianteiros<\/strong>, quando for dotado<strong> apenas de cintos de dois pontos no banco de tr\u00e1s<\/strong>, e quando o <strong>n\u00famero de crian\u00e7as for maior do que o de assentos traseiros<\/strong>. Vejamos melhor como proceder em cada um deles:<\/span><\/p>\n<h3>\u2022 Ve\u00edculos com apenas bancos dianteiros<\/h3>\n<p><span style=\"color: #333333;\">Especificamente, s\u00e3o as <em>caminhonetes<\/em> e <em>picapes de cabine simples<\/em> ou similares, que n\u00e3o possuam bancos traseiros. Nesses casos, o transporte de uma crian\u00e7a no banco do passageiro \u00e9 permitido.<\/span><\/p>\n<h3>\u2022 Carros com cintos de dois pontos no banco traseiro<\/h3>\n<p><span style=\"color: #333333;\">Alguns modelos de ve\u00edculos foram fabricados apenas com cintos de dois pontos no banco de tr\u00e1s, o que impossibilita o uso dos dispositivos de reten\u00e7\u00e3o. Assim, \u00e9 permitido o transporte da crian\u00e7a no banco dianteiro.<\/span><\/p>\n<p><span style=\"color: #333333;\">Ainda, o assento de eleva\u00e7\u00e3o pode ser dispensado para crian\u00e7as de 4 a 7 anos e meio viajando em banco traseiro que conte apenas com os cintos de dois pontos.<\/span><\/p>\n<h3>\u2022 N\u00famero de crian\u00e7as maior que o de assentos traseiros<\/h3>\n<p><span style=\"color: #333333;\">Se for necess\u00e1rio transportar um n\u00famero maior de crian\u00e7as do que permitem os assentos traseiros, a de <strong>maior estatura<\/strong> pode ser <strong>alocada no banco dianteiro<\/strong>.<\/span><\/p>\n<p><span style=\"color: #333333;\">No entanto, embora haja a possibilidade de<\/span> transportar crian\u00e7as <span style=\"color: #333333;\">no banco dianteiro, o <strong>uso dos dispositivos de reten\u00e7\u00e3o<\/strong>, para todos os casos, <strong>continua obrigat\u00f3rio<\/strong>. Dessa forma, uma crian\u00e7a de at\u00e9 1 ano deve, ainda assim, ser acomodada em um \u201cbeb\u00ea conforto\u201d, de costas para o painel, preso no cinto de tr\u00eas pontos. A de at\u00e9 4 anos, em uma cadeirinha, e assim por diante.<\/span><\/p>\n<p><span style=\"color: #333333;\">\u00c9 importante saber\u00a0tamb\u00e9m que, nesses casos, se o <strong>carro for dotado de airbags<\/strong>, ele deve ser <strong>desligado<\/strong> e o <strong>banco recuado<\/strong> ao m\u00e1ximo. Ainda, a <em>\u201ccadeirinha\u201d n\u00e3o pode ter bandeja ou acess\u00f3rio equivalente<\/em>.<\/span><\/p>\n<p><span style=\"color: #333333;\">Al\u00e9m dessas hip\u00f3teses, h\u00e1 casos em que as regras no transporte de crian\u00e7as n\u00e3o se aplicam. Veja quais s\u00e3o eles no pr\u00f3ximo t\u00f3pico.<\/span><\/p>\n<h2><span style=\"color: #000000;\">Exce\u00e7\u00f5es \u00e0s regras no transporte de crian\u00e7as<\/span><\/h2>\n<p><span style=\"color: #333333;\">O CONTRAN admite que as regras para o uso dos dispositivos de reten\u00e7\u00e3o <strong>n\u00e3o sejam aplicadas aos transportes coletivos<\/strong> (\u00f4nibus e micro\u00f4nibus), carros de <strong>transporte de passageiros<\/strong> (t\u00e1xis ou de aplicativos como Uber e Cabify, por exemplo), <strong>ve\u00edculos pesados com mais de 3,5 toneladas<\/strong> e, provisoriamente, <strong>ve\u00edculos de transporte escolar<\/strong>.<\/span><\/p>\n<p><span style=\"color: #333333;\">Em rela\u00e7\u00e3o ao \u00faltimo caso, sua exig\u00eancia est\u00e1 suspensa at\u00e9 que os ve\u00edculos utilizados para esse fim sejam fabricados com cintos de tr\u00eas pontos ou sistemas de ancoragem para os dispositivos em todos os bancos.<\/span><\/p>\n<p><img decoding=\"async\" class=\"lazyload aligncenter wp-image-3392 size-full\" src=\"https:\/\/www.carroaluguel.com\/blog\/wp-content\/uploads\/2016\/03\/cadeirinha-aluguel-carro.jpg\" data-orig-src=\"https:\/\/www.carroaluguel.com\/blog\/wp-content\/uploads\/2016\/03\/cadeirinha-aluguel-carro.jpg\" alt=\"Homem coloca beb\u00ea na cadeirinha.\" width=\"765\" height=\"240\" srcset=\"data:image\/svg+xml,%3Csvg%20xmlns%3D%27http%3A%2F%2Fwww.w3.org%2F2000%2Fsvg%27%20width%3D%27765%27%20height%3D%27240%27%20viewBox%3D%270%200%20765%20240%27%3E%3Crect%20width%3D%27765%27%20height%3D%27240%27%20fill-opacity%3D%220%22%2F%3E%3C%2Fsvg%3E\" data-srcset=\"https:\/\/www.carroaluguel.com\/blog\/wp-content\/uploads\/2016\/03\/cadeirinha-aluguel-carro-200x63.jpg 200w, https:\/\/www.carroaluguel.com\/blog\/wp-content\/uploads\/2016\/03\/cadeirinha-aluguel-carro-300x94.jpg 300w, https:\/\/www.carroaluguel.com\/blog\/wp-content\/uploads\/2016\/03\/cadeirinha-aluguel-carro-400x125.jpg 400w, https:\/\/www.carroaluguel.com\/blog\/wp-content\/uploads\/2016\/03\/cadeirinha-aluguel-carro-600x188.jpg 600w, https:\/\/www.carroaluguel.com\/blog\/wp-content\/uploads\/2016\/03\/cadeirinha-aluguel-carro.jpg 765w\" data-sizes=\"auto\" data-orig-sizes=\"(max-width: 765px) 100vw, 765px\" \/><\/p>\n<p><span style=\"color: #333333;\">Portanto, ao sair para um passeio ou uma<\/span> <a href=\"https:\/\/www.carroaluguel.com\/blog\/vantagens-de-alugar-um-carro-para-viajar\/\" target=\"_blank\" rel=\"noopener noreferrer\">viagem com a fam\u00edlia<\/a><span style=\"color: #333333;\">, \u00e9 preciso <strong>cuidado ao transportar crian\u00e7as no banco da frente<\/strong>. Somente as maiores de 10 anos est\u00e3o autorizadas ou quando h\u00e1 alguma exce\u00e7\u00e3o prevista na legisla\u00e7\u00e3o. Nos outros casos, o ideal \u00e9 seguir \u00e0 risca as regras que apresentamos para n\u00e3o ter problemas com a fiscaliza\u00e7\u00e3o e garantir a seguran\u00e7a de todos.<\/span><\/p>\n<p><span style=\"color: #333333;\">Gostou de nosso artigo? Quer mais informa\u00e7\u00f5es e dicas para suas viagens de carro? Ent\u00e3o siga-nos no<\/span> <a href=\"https:\/\/www.facebook.com\/CarroAluguel\/\" target=\"_blank\" rel=\"noopener noreferrer\">Facebook<\/a><span style=\"color: #333333;\">, no <a href=\"https:\/\/www.instagram.com\/carroaluguel\/\" target=\"_blank\" rel=\"noopener\">Instagram<\/a> e no <a href=\"https:\/\/twitter.com\/CarroAluguel\" target=\"_blank\" rel=\"noopener\">X <\/a><\/span><span style=\"color: #333333;\">e fique por dentro de nossas novidades!<\/span><\/p>\n","protected":false},"excerpt":{"rendered":"<p>Na hora de sair para um passeio ou, especialmente, de  [&#8230;]<\/p>\n","protected":false},"author":1,"featured_media":6539,"comment_status":"open","ping_status":"open","sticky":false,"template":"","format":"standard","meta":{"footnotes":""},"categories":[318],"tags":[921,923],"class_list":["post-6537","post","type-post","status-publish","format-standard","has-post-thumbnail","hentry","category-dirigir-com-seguranca","tag-viajar-com-bebes","tag-viajar-com-criancas"],"yoast_head":"<!-- This site is optimized with the Yoast SEO plugin v27.5 - https:\/\/yoast.com\/product\/yoast-seo-wordpress\/ -->\n<title>Crian\u00e7as no banco da frente: pode ou n\u00e3o pode? Descubra!<\/title>\n<meta name=\"description\" content=\"Garanta uma viagem segura. Veja as regras do Conselho Nacional de Tr\u00e2nsito para o transporte de crian\u00e7as no banco da frente, al\u00e9m de suas exce\u00e7\u00f5es.\" \/>\n<meta name=\"robots\" content=\"index, follow, max-snippet:-1, max-image-preview:large, max-video-preview:-1\" \/>\n<link rel=\"canonical\" href=\"https:\/\/www.carroaluguel.com\/blog\/criancas-no-banco-da-frente\/\" \/>\n<meta property=\"og:locale\" content=\"pt_BR\" \/>\n<meta property=\"og:type\" content=\"article\" \/>\n<meta property=\"og:title\" content=\"Crian\u00e7as no banco da frente: pode ou n\u00e3o pode? Descubra!\" \/>\n<meta property=\"og:description\" content=\"Garanta uma viagem segura. Veja as regras do Conselho Nacional de Tr\u00e2nsito para o transporte de crian\u00e7as no banco da frente, al\u00e9m de suas exce\u00e7\u00f5es.\" \/>\n<meta property=\"og:url\" content=\"https:\/\/www.carroaluguel.com\/blog\/criancas-no-banco-da-frente\/\" \/>\n<meta property=\"og:site_name\" content=\"Blog CarroAluguel\" \/>\n<meta property=\"article:publisher\" content=\"https:\/\/www.facebook.com\/CarroAluguelBR\" \/>\n<meta property=\"article:published_time\" content=\"2017-05-05T18:04:41+00:00\" \/>\n<meta property=\"article:modified_time\" content=\"2024-05-10T17:05:17+00:00\" \/>\n<meta property=\"og:image\" content=\"https:\/\/www.carroaluguel.com\/blog\/wp-content\/uploads\/2017\/05\/criancas-no-banco-da-frente.jpg\" \/>\n\t<meta property=\"og:image:width\" content=\"765\" \/>\n\t<meta property=\"og:image:height\" content=\"480\" \/>\n\t<meta property=\"og:image:type\" content=\"image\/jpeg\" \/>\n<meta name=\"author\" content=\"blog\" \/>\n<meta name=\"twitter:card\" content=\"summary_large_image\" \/>\n<meta name=\"twitter:creator\" content=\"@CarroAluguel\" \/>\n<meta name=\"twitter:site\" content=\"@CarroAluguel\" \/>\n<meta name=\"twitter:label1\" content=\"Escrito por\" \/>\n\t<meta name=\"twitter:data1\" content=\"blog\" \/>\n\t<meta name=\"twitter:label2\" content=\"Est. tempo de leitura\" \/>\n\t<meta name=\"twitter:data2\" content=\"7 minutos\" \/>\n<script type=\"application\/ld+json\" class=\"yoast-schema-graph\">{\"@context\":\"https:\\\/\\\/schema.org\",\"@graph\":[{\"@type\":\"Article\",\"@id\":\"https:\\\/\\\/www.carroaluguel.com\\\/blog\\\/criancas-no-banco-da-frente\\\/#article\",\"isPartOf\":{\"@id\":\"https:\\\/\\\/www.carroaluguel.com\\\/blog\\\/criancas-no-banco-da-frente\\\/\"},\"author\":{\"name\":\"blog\",\"@id\":\"https:\\\/\\\/www.carroaluguel.com\\\/blog\\\/#\\\/schema\\\/person\\\/693414c3b2423315cf90fb75439be0e1\"},\"headline\":\"Crian\u00e7as no banco da frente: pode ou n\u00e3o pode? Descubra!\",\"datePublished\":\"2017-05-05T18:04:41+00:00\",\"dateModified\":\"2024-05-10T17:05:17+00:00\",\"mainEntityOfPage\":{\"@id\":\"https:\\\/\\\/www.carroaluguel.com\\\/blog\\\/criancas-no-banco-da-frente\\\/\"},\"wordCount\":1176,\"commentCount\":0,\"publisher\":{\"@id\":\"https:\\\/\\\/www.carroaluguel.com\\\/blog\\\/#organization\"},\"image\":{\"@id\":\"https:\\\/\\\/www.carroaluguel.com\\\/blog\\\/criancas-no-banco-da-frente\\\/#primaryimage\"},\"thumbnailUrl\":\"https:\\\/\\\/www.carroaluguel.com\\\/blog\\\/wp-content\\\/uploads\\\/2017\\\/05\\\/criancas-no-banco-da-frente.jpg\",\"keywords\":[\"Viajar com beb\u00eas\",\"Viajar com crian\u00e7as\"],\"articleSection\":[\"Dirigir com Seguran\u00e7a\"],\"inLanguage\":\"pt-BR\",\"potentialAction\":[{\"@type\":\"CommentAction\",\"name\":\"Comment\",\"target\":[\"https:\\\/\\\/www.carroaluguel.com\\\/blog\\\/criancas-no-banco-da-frente\\\/#respond\"]}]},{\"@type\":\"WebPage\",\"@id\":\"https:\\\/\\\/www.carroaluguel.com\\\/blog\\\/criancas-no-banco-da-frente\\\/\",\"url\":\"https:\\\/\\\/www.carroaluguel.com\\\/blog\\\/criancas-no-banco-da-frente\\\/\",\"name\":\"Crian\u00e7as no banco da frente: pode ou n\u00e3o pode? Descubra!\",\"isPartOf\":{\"@id\":\"https:\\\/\\\/www.carroaluguel.com\\\/blog\\\/#website\"},\"primaryImageOfPage\":{\"@id\":\"https:\\\/\\\/www.carroaluguel.com\\\/blog\\\/criancas-no-banco-da-frente\\\/#primaryimage\"},\"image\":{\"@id\":\"https:\\\/\\\/www.carroaluguel.com\\\/blog\\\/criancas-no-banco-da-frente\\\/#primaryimage\"},\"thumbnailUrl\":\"https:\\\/\\\/www.carroaluguel.com\\\/blog\\\/wp-content\\\/uploads\\\/2017\\\/05\\\/criancas-no-banco-da-frente.jpg\",\"datePublished\":\"2017-05-05T18:04:41+00:00\",\"dateModified\":\"2024-05-10T17:05:17+00:00\",\"description\":\"Garanta uma viagem segura. Veja as regras do Conselho Nacional de Tr\u00e2nsito para o transporte de crian\u00e7as no banco da frente, al\u00e9m de suas exce\u00e7\u00f5es.\",\"breadcrumb\":{\"@id\":\"https:\\\/\\\/www.carroaluguel.com\\\/blog\\\/criancas-no-banco-da-frente\\\/#breadcrumb\"},\"inLanguage\":\"pt-BR\",\"potentialAction\":[{\"@type\":\"ReadAction\",\"target\":[\"https:\\\/\\\/www.carroaluguel.com\\\/blog\\\/criancas-no-banco-da-frente\\\/\"]}]},{\"@type\":\"ImageObject\",\"inLanguage\":\"pt-BR\",\"@id\":\"https:\\\/\\\/www.carroaluguel.com\\\/blog\\\/criancas-no-banco-da-frente\\\/#primaryimage\",\"url\":\"https:\\\/\\\/www.carroaluguel.com\\\/blog\\\/wp-content\\\/uploads\\\/2017\\\/05\\\/criancas-no-banco-da-frente.jpg\",\"contentUrl\":\"https:\\\/\\\/www.carroaluguel.com\\\/blog\\\/wp-content\\\/uploads\\\/2017\\\/05\\\/criancas-no-banco-da-frente.jpg\",\"width\":765,\"height\":480,\"caption\":\"Crian\u00e7as no banco da frente\"},{\"@type\":\"BreadcrumbList\",\"@id\":\"https:\\\/\\\/www.carroaluguel.com\\\/blog\\\/criancas-no-banco-da-frente\\\/#breadcrumb\",\"itemListElement\":[{\"@type\":\"ListItem\",\"position\":1,\"name\":\"Home\",\"item\":\"https:\\\/\\\/www.carroaluguel.com\\\/blog\\\/\"},{\"@type\":\"ListItem\",\"position\":2,\"name\":\"Dicas\",\"item\":\"https:\\\/\\\/www.carroaluguel.com\\\/blog\\\/category\\\/dicas\\\/\"},{\"@type\":\"ListItem\",\"position\":3,\"name\":\"Dirigir com Seguran\u00e7a\",\"item\":\"https:\\\/\\\/www.carroaluguel.com\\\/blog\\\/category\\\/dicas\\\/dirigir-com-seguranca\\\/\"},{\"@type\":\"ListItem\",\"position\":4,\"name\":\"Crian\u00e7as no banco da frente: pode ou n\u00e3o pode? Descubra!\"}]},{\"@type\":\"WebSite\",\"@id\":\"https:\\\/\\\/www.carroaluguel.com\\\/blog\\\/#website\",\"url\":\"https:\\\/\\\/www.carroaluguel.com\\\/blog\\\/\",\"name\":\"Blog CarroAluguel\",\"description\":\"\",\"publisher\":{\"@id\":\"https:\\\/\\\/www.carroaluguel.com\\\/blog\\\/#organization\"},\"potentialAction\":[{\"@type\":\"SearchAction\",\"target\":{\"@type\":\"EntryPoint\",\"urlTemplate\":\"https:\\\/\\\/www.carroaluguel.com\\\/blog\\\/?s={search_term_string}\"},\"query-input\":{\"@type\":\"PropertyValueSpecification\",\"valueRequired\":true,\"valueName\":\"search_term_string\"}}],\"inLanguage\":\"pt-BR\"},{\"@type\":\"Organization\",\"@id\":\"https:\\\/\\\/www.carroaluguel.com\\\/blog\\\/#organization\",\"name\":\"CarroAluguel.com\",\"url\":\"https:\\\/\\\/www.carroaluguel.com\\\/blog\\\/\",\"logo\":{\"@type\":\"ImageObject\",\"inLanguage\":\"pt-BR\",\"@id\":\"https:\\\/\\\/www.carroaluguel.com\\\/blog\\\/#\\\/schema\\\/logo\\\/image\\\/\",\"url\":\"https:\\\/\\\/www.carroaluguel.com\\\/blog\\\/wp-content\\\/uploads\\\/2023\\\/08\\\/logo-carro-aluguel-BLOG-200x54-1.png\",\"contentUrl\":\"https:\\\/\\\/www.carroaluguel.com\\\/blog\\\/wp-content\\\/uploads\\\/2023\\\/08\\\/logo-carro-aluguel-BLOG-200x54-1.png\",\"width\":200,\"height\":54,\"caption\":\"CarroAluguel.com\"},\"image\":{\"@id\":\"https:\\\/\\\/www.carroaluguel.com\\\/blog\\\/#\\\/schema\\\/logo\\\/image\\\/\"},\"sameAs\":[\"https:\\\/\\\/www.facebook.com\\\/CarroAluguelBR\",\"https:\\\/\\\/x.com\\\/CarroAluguel\",\"https:\\\/\\\/www.instagram.com\\\/carroaluguel\\\/\"]},{\"@type\":\"Person\",\"@id\":\"https:\\\/\\\/www.carroaluguel.com\\\/blog\\\/#\\\/schema\\\/person\\\/693414c3b2423315cf90fb75439be0e1\",\"name\":\"blog\",\"image\":{\"@type\":\"ImageObject\",\"inLanguage\":\"pt-BR\",\"@id\":\"https:\\\/\\\/secure.gravatar.com\\\/avatar\\\/b8a3d64fc0b21db017f462a77f2c79b24cf3db4426d602430441f37f7d2ac037?s=96&d=mm&r=g\",\"url\":\"https:\\\/\\\/secure.gravatar.com\\\/avatar\\\/b8a3d64fc0b21db017f462a77f2c79b24cf3db4426d602430441f37f7d2ac037?s=96&d=mm&r=g\",\"contentUrl\":\"https:\\\/\\\/secure.gravatar.com\\\/avatar\\\/b8a3d64fc0b21db017f462a77f2c79b24cf3db4426d602430441f37f7d2ac037?s=96&d=mm&r=g\",\"caption\":\"blog\"},\"sameAs\":[\"https:\\\/\\\/carroaluguel.com\\\/blog\"],\"url\":\"https:\\\/\\\/www.carroaluguel.com\\\/blog\\\/author\\\/blog\\\/\"}]}<\/script>\n<!-- \/ Yoast SEO plugin. -->","yoast_head_json":{"title":"Crian\u00e7as no banco da frente: pode ou n\u00e3o pode? Descubra!","description":"Garanta uma viagem segura. Veja as regras do Conselho Nacional de Tr\u00e2nsito para o transporte de crian\u00e7as no banco da frente, al\u00e9m de suas exce\u00e7\u00f5es.","robots":{"index":"index","follow":"follow","max-snippet":"max-snippet:-1","max-image-preview":"max-image-preview:large","max-video-preview":"max-video-preview:-1"},"canonical":"https:\/\/www.carroaluguel.com\/blog\/criancas-no-banco-da-frente\/","og_locale":"pt_BR","og_type":"article","og_title":"Crian\u00e7as no banco da frente: pode ou n\u00e3o pode? Descubra!","og_description":"Garanta uma viagem segura. Veja as regras do Conselho Nacional de Tr\u00e2nsito para o transporte de crian\u00e7as no banco da frente, al\u00e9m de suas exce\u00e7\u00f5es.","og_url":"https:\/\/www.carroaluguel.com\/blog\/criancas-no-banco-da-frente\/","og_site_name":"Blog CarroAluguel","article_publisher":"https:\/\/www.facebook.com\/CarroAluguelBR","article_published_time":"2017-05-05T18:04:41+00:00","article_modified_time":"2024-05-10T17:05:17+00:00","og_image":[{"width":765,"height":480,"url":"https:\/\/www.carroaluguel.com\/blog\/wp-content\/uploads\/2017\/05\/criancas-no-banco-da-frente.jpg","type":"image\/jpeg"}],"author":"blog","twitter_card":"summary_large_image","twitter_creator":"@CarroAluguel","twitter_site":"@CarroAluguel","twitter_misc":{"Escrito por":"blog","Est. tempo de leitura":"7 minutos"},"schema":{"@context":"https:\/\/schema.org","@graph":[{"@type":"Article","@id":"https:\/\/www.carroaluguel.com\/blog\/criancas-no-banco-da-frente\/#article","isPartOf":{"@id":"https:\/\/www.carroaluguel.com\/blog\/criancas-no-banco-da-frente\/"},"author":{"name":"blog","@id":"https:\/\/www.carroaluguel.com\/blog\/#\/schema\/person\/693414c3b2423315cf90fb75439be0e1"},"headline":"Crian\u00e7as no banco da frente: pode ou n\u00e3o pode? Descubra!","datePublished":"2017-05-05T18:04:41+00:00","dateModified":"2024-05-10T17:05:17+00:00","mainEntityOfPage":{"@id":"https:\/\/www.carroaluguel.com\/blog\/criancas-no-banco-da-frente\/"},"wordCount":1176,"commentCount":0,"publisher":{"@id":"https:\/\/www.carroaluguel.com\/blog\/#organization"},"image":{"@id":"https:\/\/www.carroaluguel.com\/blog\/criancas-no-banco-da-frente\/#primaryimage"},"thumbnailUrl":"https:\/\/www.carroaluguel.com\/blog\/wp-content\/uploads\/2017\/05\/criancas-no-banco-da-frente.jpg","keywords":["Viajar com beb\u00eas","Viajar com crian\u00e7as"],"articleSection":["Dirigir com Seguran\u00e7a"],"inLanguage":"pt-BR","potentialAction":[{"@type":"CommentAction","name":"Comment","target":["https:\/\/www.carroaluguel.com\/blog\/criancas-no-banco-da-frente\/#respond"]}]},{"@type":"WebPage","@id":"https:\/\/www.carroaluguel.com\/blog\/criancas-no-banco-da-frente\/","url":"https:\/\/www.carroaluguel.com\/blog\/criancas-no-banco-da-frente\/","name":"Crian\u00e7as no banco da frente: pode ou n\u00e3o pode? Descubra!","isPartOf":{"@id":"https:\/\/www.carroaluguel.com\/blog\/#website"},"primaryImageOfPage":{"@id":"https:\/\/www.carroaluguel.com\/blog\/criancas-no-banco-da-frente\/#primaryimage"},"image":{"@id":"https:\/\/www.carroaluguel.com\/blog\/criancas-no-banco-da-frente\/#primaryimage"},"thumbnailUrl":"https:\/\/www.carroaluguel.com\/blog\/wp-content\/uploads\/2017\/05\/criancas-no-banco-da-frente.jpg","datePublished":"2017-05-05T18:04:41+00:00","dateModified":"2024-05-10T17:05:17+00:00","description":"Garanta uma viagem segura. Veja as regras do Conselho Nacional de Tr\u00e2nsito para o transporte de crian\u00e7as no banco da frente, al\u00e9m de suas exce\u00e7\u00f5es.","breadcrumb":{"@id":"https:\/\/www.carroaluguel.com\/blog\/criancas-no-banco-da-frente\/#breadcrumb"},"inLanguage":"pt-BR","potentialAction":[{"@type":"ReadAction","target":["https:\/\/www.carroaluguel.com\/blog\/criancas-no-banco-da-frente\/"]}]},{"@type":"ImageObject","inLanguage":"pt-BR","@id":"https:\/\/www.carroaluguel.com\/blog\/criancas-no-banco-da-frente\/#primaryimage","url":"https:\/\/www.carroaluguel.com\/blog\/wp-content\/uploads\/2017\/05\/criancas-no-banco-da-frente.jpg","contentUrl":"https:\/\/www.carroaluguel.com\/blog\/wp-content\/uploads\/2017\/05\/criancas-no-banco-da-frente.jpg","width":765,"height":480,"caption":"Crian\u00e7as no banco da frente"},{"@type":"BreadcrumbList","@id":"https:\/\/www.carroaluguel.com\/blog\/criancas-no-banco-da-frente\/#breadcrumb","itemListElement":[{"@type":"ListItem","position":1,"name":"Home","item":"https:\/\/www.carroaluguel.com\/blog\/"},{"@type":"ListItem","position":2,"name":"Dicas","item":"https:\/\/www.carroaluguel.com\/blog\/category\/dicas\/"},{"@type":"ListItem","position":3,"name":"Dirigir com Seguran\u00e7a","item":"https:\/\/www.carroaluguel.com\/blog\/category\/dicas\/dirigir-com-seguranca\/"},{"@type":"ListItem","position":4,"name":"Crian\u00e7as no banco da frente: pode ou n\u00e3o pode? Descubra!"}]},{"@type":"WebSite","@id":"https:\/\/www.carroaluguel.com\/blog\/#website","url":"https:\/\/www.carroaluguel.com\/blog\/","name":"Blog CarroAluguel","description":"","publisher":{"@id":"https:\/\/www.carroaluguel.com\/blog\/#organization"},"potentialAction":[{"@type":"SearchAction","target":{"@type":"EntryPoint","urlTemplate":"https:\/\/www.carroaluguel.com\/blog\/?s={search_term_string}"},"query-input":{"@type":"PropertyValueSpecification","valueRequired":true,"valueName":"search_term_string"}}],"inLanguage":"pt-BR"},{"@type":"Organization","@id":"https:\/\/www.carroaluguel.com\/blog\/#organization","name":"CarroAluguel.com","url":"https:\/\/www.carroaluguel.com\/blog\/","logo":{"@type":"ImageObject","inLanguage":"pt-BR","@id":"https:\/\/www.carroaluguel.com\/blog\/#\/schema\/logo\/image\/","url":"https:\/\/www.carroaluguel.com\/blog\/wp-content\/uploads\/2023\/08\/logo-carro-aluguel-BLOG-200x54-1.png","contentUrl":"https:\/\/www.carroaluguel.com\/blog\/wp-content\/uploads\/2023\/08\/logo-carro-aluguel-BLOG-200x54-1.png","width":200,"height":54,"caption":"CarroAluguel.com"},"image":{"@id":"https:\/\/www.carroaluguel.com\/blog\/#\/schema\/logo\/image\/"},"sameAs":["https:\/\/www.facebook.com\/CarroAluguelBR","https:\/\/x.com\/CarroAluguel","https:\/\/www.instagram.com\/carroaluguel\/"]},{"@type":"Person","@id":"https:\/\/www.carroaluguel.com\/blog\/#\/schema\/person\/693414c3b2423315cf90fb75439be0e1","name":"blog","image":{"@type":"ImageObject","inLanguage":"pt-BR","@id":"https:\/\/secure.gravatar.com\/avatar\/b8a3d64fc0b21db017f462a77f2c79b24cf3db4426d602430441f37f7d2ac037?s=96&d=mm&r=g","url":"https:\/\/secure.gravatar.com\/avatar\/b8a3d64fc0b21db017f462a77f2c79b24cf3db4426d602430441f37f7d2ac037?s=96&d=mm&r=g","contentUrl":"https:\/\/secure.gravatar.com\/avatar\/b8a3d64fc0b21db017f462a77f2c79b24cf3db4426d602430441f37f7d2ac037?s=96&d=mm&r=g","caption":"blog"},"sameAs":["https:\/\/carroaluguel.com\/blog"],"url":"https:\/\/www.carroaluguel.com\/blog\/author\/blog\/"}]}},"_links":{"self":[{"href":"https:\/\/www.carroaluguel.com\/blog\/wp-json\/wp\/v2\/posts\/6537","targetHints":{"allow":["GET"]}}],"collection":[{"href":"https:\/\/www.carroaluguel.com\/blog\/wp-json\/wp\/v2\/posts"}],"about":[{"href":"https:\/\/www.carroaluguel.com\/blog\/wp-json\/wp\/v2\/types\/post"}],"author":[{"embeddable":true,"href":"https:\/\/www.carroaluguel.com\/blog\/wp-json\/wp\/v2\/users\/1"}],"replies":[{"embeddable":true,"href":"https:\/\/www.carroaluguel.com\/blog\/wp-json\/wp\/v2\/comments?post=6537"}],"version-history":[{"count":4,"href":"https:\/\/www.carroaluguel.com\/blog\/wp-json\/wp\/v2\/posts\/6537\/revisions"}],"predecessor-version":[{"id":11098,"href":"https:\/\/www.carroaluguel.com\/blog\/wp-json\/wp\/v2\/posts\/6537\/revisions\/11098"}],"wp:featuredmedia":[{"embeddable":true,"href":"https:\/\/www.carroaluguel.com\/blog\/wp-json\/wp\/v2\/media\/6539"}],"wp:attachment":[{"href":"https:\/\/www.carroaluguel.com\/blog\/wp-json\/wp\/v2\/media?parent=6537"}],"wp:term":[{"taxonomy":"category","embeddable":true,"href":"https:\/\/www.carroaluguel.com\/blog\/wp-json\/wp\/v2\/categories?post=6537"},{"taxonomy":"post_tag","embeddable":true,"href":"https:\/\/www.carroaluguel.com\/blog\/wp-json\/wp\/v2\/tags?post=6537"}],"curies":[{"name":"wp","href":"https:\/\/api.w.org\/{rel}","templated":true}]}}