{"id":6573,"date":"2017-05-18T16:45:11","date_gmt":"2017-05-18T16:45:11","guid":{"rendered":"https:\/\/www.carroaluguel.com\/blog\/?p=6573"},"modified":"2024-05-13T14:53:57","modified_gmt":"2024-05-13T14:53:57","slug":"costa-do-sol-poente","status":"publish","type":"post","link":"https:\/\/www.carroaluguel.com\/blog\/costa-do-sol-poente\/","title":{"rendered":"Costa do Sol Poente: tudo o que voc\u00ea precisa saber sobre a rota"},"content":{"rendered":"<p><span style=\"color: #333333;\">O <strong>roteiro da Costa do Sol Poente<\/strong> apresenta ao turista toda a beleza do litoral do Cear\u00e1. Ele come\u00e7a na Regi\u00e3o Metropolitana de Fortaleza, capital do estado, e termina nas proximidades da divisa com o Piau\u00ed.<\/span><\/p>\n<p><span style=\"color: #333333;\">Estamos falando de um dos<\/span> <a title=\"Dicas para viajar de carro pelo Nordeste\" href=\"https:\/\/www.carroaluguel.com\/blog\/viajar-de-carro-pelo-nordeste\/\" target=\"_blank\" rel=\"noopener noreferrer\">principais roteiros tur\u00edsticos do Brasil<\/a><span style=\"color: #333333;\">, que apresenta <em>praias, dunas, fal\u00e9sias e lagos<\/em> que, juntos, d\u00e3o o charme caracter\u00edstico dessa regi\u00e3o. Trata-se de um circuito com bel\u00edssimas paisagens.<\/span><\/p>\n<p><span style=\"color: #333333;\">Que tal, nas pr\u00f3ximas f\u00e9rias, se programar para fazer esse roteiro? Continue a leitura e saiba tudo sobre o roteiro da Costa do Sol Poente!<\/span><\/p>\n<h2><span style=\"color: #000000;\">O nordeste brasileiro<\/span><\/h2>\n<h3><span style=\"color: #333333;\">1. Hist\u00f3ria<\/span><\/h3>\n<p><span style=\"color: #333333;\">A regi\u00e3o Nordeste do Brasil \u00e9 composta por 9 estados e \u00e9 bastante conhecida por sua hist\u00f3ria, tradi\u00e7\u00f5es, culin\u00e1ria e belezas naturais. <\/span><\/p>\n<p><span style=\"color: #333333;\">Fazem parte dessa regi\u00e3o: Alagoas, Bahia, Cear\u00e1, Maranh\u00e3o, Para\u00edba, Pernambuco, Piau\u00ed, Rio Grande do Norte e Sergipe. <\/span><\/p>\n<p><span style=\"color: #333333;\">\u00c9 o terceiro maior complexo regional do pa\u00eds, ocupando 18,2% do territ\u00f3rio nacional. Dados do IBGE, de 2010, apontam o Nordeste como lar de 28% da popula\u00e7\u00e3o brasileira.<\/span><\/p>\n<p><span style=\"color: #333333;\">O Nordeste, desde a era pr\u00e9-hist\u00f3rica, sempre foi habitado por povos ind\u00edgenas. As evid\u00eancias dessa popula\u00e7\u00e3o s\u00e3o encontradas em importantes s\u00edtios arqueol\u00f3gicos, como a Pedra do Ing\u00e1 e a Pedra Furada.<\/span><\/p>\n<p><span style=\"color: #333333;\">Sobre a presen\u00e7a do europeu nessa regi\u00e3o, h\u00e1 algumas teorias que indicam o espanhol Vicente Y\u00e1\u00f1ez Pinz\u00f3n como sendo o primeiro, chegando ao litoral Sul de Pernambuco (Cabo de Santo Agostinho) em 26 de janeiro de 1500.<\/span><\/p>\n<p><img decoding=\"async\" class=\"lazyload aligncenter wp-image-6595 size-full\" title=\"Cabo de Santo Agostinho\" src=\"https:\/\/www.carroaluguel.com\/blog\/wp-content\/uploads\/2017\/05\/cabo-santo-agostinho.jpg\" data-orig-src=\"https:\/\/www.carroaluguel.com\/blog\/wp-content\/uploads\/2017\/05\/cabo-santo-agostinho.jpg\" alt=\"Cabo Santo Agostinho\" width=\"765\" height=\"240\" srcset=\"data:image\/svg+xml,%3Csvg%20xmlns%3D%27http%3A%2F%2Fwww.w3.org%2F2000%2Fsvg%27%20width%3D%27765%27%20height%3D%27240%27%20viewBox%3D%270%200%20765%20240%27%3E%3Crect%20width%3D%27765%27%20height%3D%27240%27%20fill-opacity%3D%220%22%2F%3E%3C%2Fsvg%3E\" data-srcset=\"https:\/\/www.carroaluguel.com\/blog\/wp-content\/uploads\/2017\/05\/cabo-santo-agostinho-200x63.jpg 200w, https:\/\/www.carroaluguel.com\/blog\/wp-content\/uploads\/2017\/05\/cabo-santo-agostinho-300x94.jpg 300w, https:\/\/www.carroaluguel.com\/blog\/wp-content\/uploads\/2017\/05\/cabo-santo-agostinho-400x125.jpg 400w, https:\/\/www.carroaluguel.com\/blog\/wp-content\/uploads\/2017\/05\/cabo-santo-agostinho-600x188.jpg 600w, https:\/\/www.carroaluguel.com\/blog\/wp-content\/uploads\/2017\/05\/cabo-santo-agostinho.jpg 765w\" data-sizes=\"auto\" data-orig-sizes=\"(max-width: 765px) 100vw, 765px\" \/><\/p>\n<p style=\"font-size: 15px; color: #666666; text-align: center;\">Cabo de Santo Agostinho<\/p>\n<p><span style=\"color: #333333;\">As terras, rec\u00e9m-descobertas, foram reivindicadas pelos portugueses em 22 de abril de 1500, com a chegada da frota liderada por Pedro \u00c1lvares Cabral.<\/span><\/p>\n<p><span style=\"color: #333333;\"> No in\u00edcio do per\u00edodo colonial, os ind\u00edgenas realizavam trocas comerciais com os europeus. Eles extra\u00edam o pau-brasil em troca de outros itens.<\/span><\/p>\n<p><span style=\"color: #333333;\">Ao longo da coloniza\u00e7\u00e3o, eles passaram a ser incorporados ao dom\u00ednio dos europeus ou exterminados por causa das constantes disputas territoriais contra senhores de engenhos.<\/span><\/p>\n<h3><span style=\"color: #333333;\">2. Cultura<\/span><\/h3>\n<p><span style=\"color: #333333;\">O complexo regional do Nordeste apresenta uma <strong>grande diversidade cultural<\/strong>, que \u00e9 composta por v\u00e1rias manifesta\u00e7\u00f5es. Uma delas se d\u00e1 por meio do carnaval, que \u00e9 o evento mais famoso da regi\u00e3o.<\/span><\/p>\n<p><span style=\"color: #333333;\">Ele se destaca em cidades como <em>Salvador, Olinda e Recife<\/em>, atraindo milhares de turistas de todo o mundo. O carnaval nordestino \u00e9 embalado pela riqueza musical da regi\u00e3o, que emplaca todos os anos hits que contagiam o Brasil.<\/span><\/p>\n<p><span style=\"color: #333333;\">A regi\u00e3o tamb\u00e9m \u00e9 conhecida por outras tradi\u00e7\u00f5es, como:<\/span><\/p>\n<ul>\n<li><span style=\"color: #333333;\">Maracatu;<\/span><\/li>\n<li><span style=\"color: #333333;\">Coco;<\/span><\/li>\n<li><span style=\"color: #333333;\">Festas Juninas;<\/span><\/li>\n<li><span style=\"color: #333333;\">Bumba-meu-boi;<\/span><\/li>\n<li><span style=\"color: #333333;\">Frevo;<\/span><\/li>\n<li><span style=\"color: #333333;\">Capoeira;<\/span><\/li>\n<li><span style=\"color: #333333;\">Lavagem da escadaria do Santu\u00e1rio do Senhor do Bonfim;<\/span><\/li>\n<li><span style=\"color: #333333;\">Candombl\u00e9;<\/span><\/li>\n<li><span style=\"color: #333333;\">Literatura de cordel;<\/span><\/li>\n<li><span style=\"color: #333333;\">Culin\u00e1ria;<\/span><\/li>\n<li><span style=\"color: #333333;\">Artesanato.<\/span><\/li>\n<\/ul>\n<h3><span style=\"color: #333333;\">3. Curiosidades<\/span><\/h3>\n<p><span style=\"color: #333333;\">Como a regi\u00e3o \u00e9 grande e bastante diversificada, apresenta caracter\u00edsticas singulares.<\/span><\/p>\n<p><span style=\"color: #333333;\">H\u00e1 muito o que conhecer no Nordeste, afinal, estamos falando de uma regi\u00e3o rica em v\u00e1rios sentidos: belezas naturais, povo acolhedor e muita cultura. <\/span><\/p>\n<p><span style=\"color: #333333;\">Para que voc\u00ea saiba mais sobre esse peda\u00e7o do Brasil, listamos abaixo 10<strong> curiosidades sobre o Nordeste<\/strong>:<\/span><\/p>\n<ol>\n<li><span style=\"color: #333333;\">O Nordeste \u00e9 a regi\u00e3o brasileira que agrupa o maior n\u00famero de estados. S\u00e3o 9 ao todo;<\/span><\/li>\n<li><span style=\"color: #333333;\">A Bahia \u00e9 respons\u00e1vel pela produ\u00e7\u00e3o de 95% de todo o cacau brasileiro;<\/span><\/li>\n<li><span style=\"color: #333333;\">O terceiro maior rio do pa\u00eds corta essa regi\u00e3o: trata-se do S\u00e3o Francisco;<\/span><\/li>\n<li><span style=\"color: #333333;\">Bons ventos! Essa regi\u00e3o \u00e9 a maior produtora de energia e\u00f3lica do Brasil;<\/span><\/li>\n<li><span style=\"color: #333333;\">A capital mais antiga do pa\u00eds est\u00e1 no Nordeste, e n\u00e3o \u00e9 Salvador. Estamos falando de Recife, que foi fundada em 1537;<\/span><\/li>\n<li><span style=\"color: #333333;\">A regi\u00e3o abriga 5 para\u00edsos ecol\u00f3gicos de suma import\u00e2ncia para a nossa biodiversidade: Delta do Parna\u00edba (Piau\u00ed), Len\u00e7\u00f3is Maranhenses (Maranh\u00e3o), Fernando de Noronha (Pernambuco), Arquip\u00e9lago de Abrolhos e Chapada Diamantina (ambos na Bahia);<\/span><\/li>\n<li><span style=\"color: #333333;\">O carnaval da Bahia surgiu no s\u00e9culo XVIII;<\/span><\/li>\n<li><span style=\"color: #333333;\">A revista norte-americana Newsweek apontou a cidade de Campina Grande, na Para\u00edba, como o Vale do Sil\u00edcio brasileiro, devido \u00e0 sua alta produ\u00e7\u00e3o tecnol\u00f3gica;<\/span><\/li>\n<li><span style=\"color: #333333;\">Apesar de suas capitais serem conhecidas pelas bel\u00edssimas orlas, uma delas n\u00e3o \u00e9 banhada pelo mar: Teresina, no Piau\u00ed;<\/span><\/li>\n<li><span style=\"color: #333333;\">O litoral do Nordeste tem mais de 3.300 km de extens\u00e3o, ou seja, praia para todos os gostos!<\/span><\/li>\n<\/ol>\n<p><span style=\"color: #333333;\">As informa\u00e7\u00f5es foram extra\u00eddas do site<\/span> <a href=\"http:\/\/orgulhonordestino.com\/2016\/08\/12\/10-curiosidades-sobre-o-nordeste\/\">Orgulho Nordestino<\/a>.<\/p>\n<p><span style=\"color: #333333;\">Por falar em praia, vamos ao nosso roteiro?<\/span><\/p>\n<h2><span style=\"color: #000000;\">As praias que fazem parte da rota Costa do Sol Poente<\/span><\/h2>\n<p><span style=\"color: #333333;\">Apesar de ser um dos menores estados do Brasil, o Cear\u00e1 tem 580 km de litoral. Nele, encontramos um dos roteiros mais conhecidos do pa\u00eds, o da <strong>Costa do Sol Poente<\/strong>, que apresenta dunas, fal\u00e9sias, lagoas e lagunas que formam a paisagem caracter\u00edstica da regi\u00e3o.<\/span><\/p>\n<p><span style=\"color: #333333;\">O <strong>passeio come\u00e7a em Caucaia<\/strong>, munic\u00edpio que faz parte da Regi\u00e3o Metropolitana de Fortaleza, e segue em dire\u00e7\u00e3o ao oeste. S\u00e3o quase <strong>40 praias ao longo do caminho<\/strong>.<\/span><\/p>\n<p><span style=\"color: #333333;\">Listamos as 25 principais logo abaixo, indicando o que o turista pode fazer e as caracter\u00edsticas de cada uma delas. Confira!<\/span><\/p>\n<h3><span style=\"color: #333333;\">1. Iparana<\/span><\/h3>\n<p><span style=\"color: #333333;\">A primeira parada da rota Costa do Sol Poente \u00e9 a <strong>Praia de Iparana<\/strong>. Sua principal atra\u00e7\u00e3o \u00e9 uma unidade do SESC, que atrai muitos visitantes de Fortaleza. <\/span><\/p>\n<p><span style=\"color: #333333;\">O acesso se d\u00e1 pelas ruas e avenidas \u00e0 beira-mar de Fortaleza e Caucaia, al\u00e9m de linhas regulares de \u00f4nibus que se deslocam at\u00e9 l\u00e1. <\/span><\/p>\n<p><span style=\"color: #333333;\">A praia tem uma pequena faixa de areia sem pedras, onde ficam as barracas que atendem os turistas.<\/span><\/p>\n<h3><span style=\"color: #333333;\">2. Pacheco<\/span><\/h3>\n<p><span style=\"color: #333333;\">O pr\u00f3ximo destino \u00e9 uma <strong>praia bastante arborizada<\/strong> e cheia de casas de veraneio: a <strong>praia do Pacheco<\/strong>. Ela \u00e9 uma das mais tranquilas de Caucaia, tendo seu acesso pelas ruas e avenidas \u00e0 beira-mar.<\/span><\/p>\n<p><span style=\"color: #333333;\">Como <em>n\u00e3o h\u00e1 estrutura tur\u00edstica no local<\/em>, acaba sendo pouco procurada. A faixa de areia \u00e9 curta por causa das pedras colocadas ali para conter o avan\u00e7o do mar, al\u00e9m das resid\u00eancias.<\/span><\/p>\n<p><img decoding=\"async\" class=\"lazyload aligncenter wp-image-6598 size-full\" title=\"Praia do Pacheco\" src=\"https:\/\/www.carroaluguel.com\/blog\/wp-content\/uploads\/2017\/05\/praia-do-pacheco.jpg\" data-orig-src=\"https:\/\/www.carroaluguel.com\/blog\/wp-content\/uploads\/2017\/05\/praia-do-pacheco.jpg\" alt=\"Praia do Pacheco\" width=\"765\" height=\"240\" srcset=\"data:image\/svg+xml,%3Csvg%20xmlns%3D%27http%3A%2F%2Fwww.w3.org%2F2000%2Fsvg%27%20width%3D%27765%27%20height%3D%27240%27%20viewBox%3D%270%200%20765%20240%27%3E%3Crect%20width%3D%27765%27%20height%3D%27240%27%20fill-opacity%3D%220%22%2F%3E%3C%2Fsvg%3E\" data-srcset=\"https:\/\/www.carroaluguel.com\/blog\/wp-content\/uploads\/2017\/05\/praia-do-pacheco-200x63.jpg 200w, https:\/\/www.carroaluguel.com\/blog\/wp-content\/uploads\/2017\/05\/praia-do-pacheco-300x94.jpg 300w, https:\/\/www.carroaluguel.com\/blog\/wp-content\/uploads\/2017\/05\/praia-do-pacheco-400x125.jpg 400w, https:\/\/www.carroaluguel.com\/blog\/wp-content\/uploads\/2017\/05\/praia-do-pacheco-600x188.jpg 600w, https:\/\/www.carroaluguel.com\/blog\/wp-content\/uploads\/2017\/05\/praia-do-pacheco.jpg 765w\" data-sizes=\"auto\" data-orig-sizes=\"(max-width: 765px) 100vw, 765px\" \/><\/p>\n<p style=\"font-size: 15px; color: #666666; text-align: center;\">Praia do Pacheco<\/p>\n<h3><span style=\"color: #333333;\">3. Icara\u00ed<\/span><\/h3>\n<p><span style=\"color: #333333;\">Chegamos \u00e0 <strong>praia de Icara\u00ed<\/strong>, frequentada por muitos <strong>surfistas<\/strong> por causa de suas excelentes ondas. As barracas tamb\u00e9m atraem os jovens da regi\u00e3o, que buscam por divers\u00e3o.<\/span><\/p>\n<p><span style=\"color: #333333;\">Ao redor da praia, \u00e9 poss\u00edvel encontrar pequenas <em>vilas de pescadores, casas de veraneio e condom\u00ednios<\/em>. Icara\u00ed \u00e9 extensa e tem pequenas dunas em alguns trechos. Ela \u00e9 sede de alguns campeonatos de surfe e bodyboard.<\/span><\/p>\n<h3><span style=\"color: #333333;\">4. Tabuba<\/span><\/h3>\n<p><span style=\"color: #333333;\">A <strong>praia do Tabuba<\/strong> \u00e9 um dos pontos mais atraentes do litoral cearense. Seu <strong>visual \u00e9 deslumbrante<\/strong> e enche os olhos do turista. <\/span><\/p>\n<p><span style=\"color: #333333;\">Seu acesso se d\u00e1 pela Rodovia da Costa do Sol Poente e pelas ruas e avenidas pr\u00f3ximas ao mar, al\u00e9m de linhas de \u00f4nibus.<\/span><\/p>\n<p><span style=\"color: #333333;\">Essa praia tem uma l<em>arga faixa de areia clara, mar de \u00e1gua verde, coqueiros<\/em> e barracas que atendem aos turistas. Suas caracter\u00edsticas permitem a pr\u00e1tica de <em>kitesurfe e windsurfe<\/em>.<\/span><\/p>\n<p><span style=\"color: #333333;\"> Em suas dunas, h\u00e1 <strong>v\u00e1rias lagoas<\/strong> para se visitar. Por l\u00e1, \u00e9 poss\u00edvel fazer passeios de buggy.<\/span><\/p>\n<p><img decoding=\"async\" class=\"lazyload aligncenter wp-image-6597 size-full\" title=\"Praia do Tabuba\" src=\"https:\/\/www.carroaluguel.com\/blog\/wp-content\/uploads\/2017\/05\/praia-de-tabuba.jpg\" data-orig-src=\"https:\/\/www.carroaluguel.com\/blog\/wp-content\/uploads\/2017\/05\/praia-de-tabuba.jpg\" alt=\"Praia de Tabuba\" width=\"765\" height=\"240\" srcset=\"data:image\/svg+xml,%3Csvg%20xmlns%3D%27http%3A%2F%2Fwww.w3.org%2F2000%2Fsvg%27%20width%3D%27765%27%20height%3D%27240%27%20viewBox%3D%270%200%20765%20240%27%3E%3Crect%20width%3D%27765%27%20height%3D%27240%27%20fill-opacity%3D%220%22%2F%3E%3C%2Fsvg%3E\" data-srcset=\"https:\/\/www.carroaluguel.com\/blog\/wp-content\/uploads\/2017\/05\/praia-de-tabuba-200x63.jpg 200w, https:\/\/www.carroaluguel.com\/blog\/wp-content\/uploads\/2017\/05\/praia-de-tabuba-300x94.jpg 300w, https:\/\/www.carroaluguel.com\/blog\/wp-content\/uploads\/2017\/05\/praia-de-tabuba-400x125.jpg 400w, https:\/\/www.carroaluguel.com\/blog\/wp-content\/uploads\/2017\/05\/praia-de-tabuba-600x188.jpg 600w, https:\/\/www.carroaluguel.com\/blog\/wp-content\/uploads\/2017\/05\/praia-de-tabuba.jpg 765w\" data-sizes=\"auto\" data-orig-sizes=\"(max-width: 765px) 100vw, 765px\" \/><\/p>\n<p style=\"font-size: 15px; color: #666666; text-align: center;\">Praia do Tabuba<\/p>\n<h3><span style=\"color: #333333;\">5. Cumbuco<\/span><\/h3>\n<p><span style=\"color: #333333;\">Pertinho de Fortaleza, a <strong>praia do Cumbuco<\/strong> tem paisagens incr\u00edveis! Trata-se de um dos melhores locais para a pr\u00e1tica do kitesurfe, atraindo turistas de v\u00e1rias partes do mundo.<\/span><\/p>\n<p><span style=\"color: #333333;\">Cumbuco \u00e9 a praia mais badalada e movimentada de Caucaia, abrigando casas de veraneio, estabelecimentos comerciais, hot\u00e9is e restaurantes especializados em culin\u00e1ria internacional.<\/span><\/p>\n<p><span style=\"color: #333333;\">Suas dunas servem de cen\u00e1rio para <strong>passeios de buggy<\/strong>, que desvendam lagoas e permitem a pr\u00e1tica de sandboard e skibunda.<\/span><\/p>\n<h3><span style=\"color: #333333;\">6. Pec\u00e9m<\/span><\/h3>\n<p><span style=\"color: #333333;\">Saindo de Caucaia, chegamos ao munic\u00edpio de S\u00e3o Gon\u00e7alo do Amarante. \u00c9 l\u00e1 que fica o nosso pr\u00f3ximo destino: a <strong>praia do Pec\u00e9m<\/strong>. Ali se encontra uma vila de pescadores e um mar bastante prop\u00edcio para a pr\u00e1tica do surfe.<\/span><\/p>\n<p><span style=\"color: #333333;\">Artes\u00e3os tamb\u00e9m residem nela, produzindo pe\u00e7as com bordados em ponto cruz. A localiza\u00e7\u00e3o dessa praia \u00e9 privilegiada e foi escolhida para receber o <strong>porto mais importante do estado<\/strong>.<\/span><\/p>\n<h3><span style=\"color: #333333;\">7. Ta\u00edba<\/span><\/h3>\n<p><span style=\"color: #333333;\">Seguindo a Rodovia Costa do Sol Poente, a cerca de 50 minutos de Fortaleza, encontramos a <strong>praia da Ta\u00edba<\/strong>. No local, h\u00e1 uma vila de pescadores situada em um rochedo que se projeta em dire\u00e7\u00e3o ao mar.<\/span><\/p>\n<p><span style=\"color: #333333;\">O visitante encontra na Ta\u00edba \u00f3timas op\u00e7\u00f5es de restaurantes e pousadas, al\u00e9m de v\u00e1rias \u00e1rvores frut\u00edferas: coqueiros, cajueiros e bananeiras. O mar dessa praia \u00e9 generoso com os surfistas, oferecendo ondas grandes e constantes.<\/span><\/p>\n<p><img decoding=\"async\" class=\"lazyload aligncenter wp-image-6586 size-full\" title=\"Praia da Ta\u00edba\" src=\"https:\/\/www.carroaluguel.com\/blog\/wp-content\/uploads\/2017\/05\/paia-da-taiba.jpg\" data-orig-src=\"https:\/\/www.carroaluguel.com\/blog\/wp-content\/uploads\/2017\/05\/paia-da-taiba.jpg\" alt=\"Praia da Taiba\" width=\"765\" height=\"240\" srcset=\"data:image\/svg+xml,%3Csvg%20xmlns%3D%27http%3A%2F%2Fwww.w3.org%2F2000%2Fsvg%27%20width%3D%27765%27%20height%3D%27240%27%20viewBox%3D%270%200%20765%20240%27%3E%3Crect%20width%3D%27765%27%20height%3D%27240%27%20fill-opacity%3D%220%22%2F%3E%3C%2Fsvg%3E\" data-srcset=\"https:\/\/www.carroaluguel.com\/blog\/wp-content\/uploads\/2017\/05\/paia-da-taiba-200x63.jpg 200w, https:\/\/www.carroaluguel.com\/blog\/wp-content\/uploads\/2017\/05\/paia-da-taiba-300x94.jpg 300w, https:\/\/www.carroaluguel.com\/blog\/wp-content\/uploads\/2017\/05\/paia-da-taiba-400x125.jpg 400w, https:\/\/www.carroaluguel.com\/blog\/wp-content\/uploads\/2017\/05\/paia-da-taiba-600x188.jpg 600w, https:\/\/www.carroaluguel.com\/blog\/wp-content\/uploads\/2017\/05\/paia-da-taiba.jpg 765w\" data-sizes=\"auto\" data-orig-sizes=\"(max-width: 765px) 100vw, 765px\" \/><\/p>\n<p style=\"font-size: 15px; color: #666666; text-align: center;\">Praia da Ta\u00edba<\/p>\n<h3><span style=\"color: #333333;\">8. Paracuru<\/span><\/h3>\n<p><span style=\"color: #333333;\">Paracuru tem um vasto coqueiral, enseadas, bicas,<strong> piscinas naturais<\/strong>, arrecifes, currais de peixes, jangadas e dunas. A diversidade encontrada nessa praia \u00e9 incr\u00edvel! Aproveite para subir nas dunas e contemplar o p\u00f4r do sol.<\/span><\/p>\n<p><span style=\"color: #333333;\">Na mar\u00e9 alta, quem gosta de surfe pode aproveitar os points Ronco do Mar e Pedra do Meio. J\u00e1 na mar\u00e9 baixa, a praia fica perfeita para uma caminhada ou passeio de carro.<\/span><\/p>\n<h3><span style=\"color: #333333;\">9. Lagoinha<\/span><\/h3>\n<p><span style=\"color: #333333;\">Chegamos \u00e0 praia da Lagoinha, localizada no <strong>munic\u00edpio de Paraipaba<\/strong>. L\u00e1, h\u00e1 um<strong> mirante natural de 50 metros<\/strong>, em um penhasco, ladeado pela \u00fanica duna do Cear\u00e1 que \u00e9 de tom avermelhado.<\/span><\/p>\n<p><span style=\"color: #333333;\">A regi\u00e3o, al\u00e9m do banho de mar, oferece ao turista passeios de buggy, quadriciclos, cavalos e jangadas. Procure programar sua parada aqui durante os dias \u00fateis, pois nos finais de semana a Lagoinha costuma ficar lotada.<\/span><\/p>\n<h3><span style=\"color: #333333;\">10. Guajiru<\/span><\/h3>\n<p><span style=\"color: #333333;\">Localizada no <strong>munic\u00edpio de Trairi<\/strong>, a <strong>praia de Guajiru<\/strong> fica a 134 km de Fortaleza e a menos de 20 km da sede da cidade.<\/span><\/p>\n<p><span style=\"color: #333333;\"> O acesso a ela \u00e9 todo asfaltado e o caminho que leva at\u00e9 l\u00e1 \u00e9 cercado de <em>dunas e coqueiros<\/em>, al\u00e9m de um parque e\u00f3lico.<\/span><\/p>\n<p><span style=\"color: #333333;\">O mar \u00e9 calmo e forma <strong>lindas piscinas naturais<\/strong> na mar\u00e9 baixa. O p\u00f4r do sol dessa praia \u00e9 um dos mais bonitos que voc\u00ea pode presenciar. A localidade tem excelente oferta de pousadas e restaurantes.<\/span><\/p>\n<h3><span style=\"color: #333333;\">11. Flecheiras<\/span><\/h3>\n<p><span style=\"color: #333333;\">A <strong>praia de Flecheiras<\/strong> tamb\u00e9m fica no munic\u00edpio de Trairi. Muito aconchegante, ela \u00e9 um dos destinos mais indicados do litoral cearense para turistas que buscam por tranquilidade, belas paisagens e boa estrutura.<\/span><\/p>\n<p><span style=\"color: #333333;\">Trata-se de um para\u00edso de coqueirais, com bons ventos e piscinas naturais. Apesar de ser um destino menos explorado que os demais, a praia de Flecheiras oferece bastante conforto ao visitante.<\/span><\/p>\n<p><img decoding=\"async\" class=\"lazyload aligncenter wp-image-6588 size-full\" title=\"Praia de Flecheiras\" src=\"https:\/\/www.carroaluguel.com\/blog\/wp-content\/uploads\/2017\/05\/praia-das-flecheiras.jpg\" data-orig-src=\"https:\/\/www.carroaluguel.com\/blog\/wp-content\/uploads\/2017\/05\/praia-das-flecheiras.jpg\" alt=\"Praia das Flecheiras\" width=\"765\" height=\"240\" srcset=\"data:image\/svg+xml,%3Csvg%20xmlns%3D%27http%3A%2F%2Fwww.w3.org%2F2000%2Fsvg%27%20width%3D%27765%27%20height%3D%27240%27%20viewBox%3D%270%200%20765%20240%27%3E%3Crect%20width%3D%27765%27%20height%3D%27240%27%20fill-opacity%3D%220%22%2F%3E%3C%2Fsvg%3E\" data-srcset=\"https:\/\/www.carroaluguel.com\/blog\/wp-content\/uploads\/2017\/05\/praia-das-flecheiras-200x63.jpg 200w, https:\/\/www.carroaluguel.com\/blog\/wp-content\/uploads\/2017\/05\/praia-das-flecheiras-300x94.jpg 300w, https:\/\/www.carroaluguel.com\/blog\/wp-content\/uploads\/2017\/05\/praia-das-flecheiras-400x125.jpg 400w, https:\/\/www.carroaluguel.com\/blog\/wp-content\/uploads\/2017\/05\/praia-das-flecheiras-600x188.jpg 600w, https:\/\/www.carroaluguel.com\/blog\/wp-content\/uploads\/2017\/05\/praia-das-flecheiras.jpg 765w\" data-sizes=\"auto\" data-orig-sizes=\"(max-width: 765px) 100vw, 765px\" \/><\/p>\n<p style=\"font-size: 15px; color: #666666; text-align: center;\">Praia de Flecheiras<\/p>\n<h3><span style=\"color: #333333;\">12. Munda\u00fa<\/span><\/h3>\n<p><span style=\"color: #333333;\">Prepare a c\u00e2mera fotogr\u00e1fica, porque a natureza foi extremamente generosa com a<strong> praia de Munda\u00fa<\/strong>. O espet\u00e1culo oferecido \u00e9 de encher os olhos do turista: <em>dunas com areias brancas, lagoas, encontro entre rio e mar<\/em> e vegeta\u00e7\u00e3o nativa.<\/span><\/p>\n<p><span style=\"color: #333333;\">Um dos principais passeios na regi\u00e3o \u00e9 o de buggy, que desvenda as dunas e seus segredos. Aproveite para mergulhar na <strong>Lagoa das Cabaceiras<\/strong>, experimentar o peixe camurupim e os variados pratos \u00e0 base de lagosta.<\/span><\/p>\n<p><img decoding=\"async\" class=\"lazyload aligncenter wp-image-6590 size-full\" title=\"Praia de Munda\u00fa\" src=\"https:\/\/www.carroaluguel.com\/blog\/wp-content\/uploads\/2017\/05\/praia-de-mundau.jpg\" data-orig-src=\"https:\/\/www.carroaluguel.com\/blog\/wp-content\/uploads\/2017\/05\/praia-de-mundau.jpg\" alt=\"Praia de Munda\u00fa\" width=\"765\" height=\"240\" srcset=\"data:image\/svg+xml,%3Csvg%20xmlns%3D%27http%3A%2F%2Fwww.w3.org%2F2000%2Fsvg%27%20width%3D%27765%27%20height%3D%27240%27%20viewBox%3D%270%200%20765%20240%27%3E%3Crect%20width%3D%27765%27%20height%3D%27240%27%20fill-opacity%3D%220%22%2F%3E%3C%2Fsvg%3E\" data-srcset=\"https:\/\/www.carroaluguel.com\/blog\/wp-content\/uploads\/2017\/05\/praia-de-mundau-200x63.jpg 200w, https:\/\/www.carroaluguel.com\/blog\/wp-content\/uploads\/2017\/05\/praia-de-mundau-300x94.jpg 300w, https:\/\/www.carroaluguel.com\/blog\/wp-content\/uploads\/2017\/05\/praia-de-mundau-400x125.jpg 400w, https:\/\/www.carroaluguel.com\/blog\/wp-content\/uploads\/2017\/05\/praia-de-mundau-600x188.jpg 600w, https:\/\/www.carroaluguel.com\/blog\/wp-content\/uploads\/2017\/05\/praia-de-mundau.jpg 765w\" data-sizes=\"auto\" data-orig-sizes=\"(max-width: 765px) 100vw, 765px\" \/><\/p>\n<p style=\"font-size: 15px; color: #666666; text-align: center;\">Praia de Munda\u00fa<\/p>\n<h3><span style=\"color: #333333;\">13. Baleia<\/span><\/h3>\n<p><span style=\"color: #333333;\">A <strong>praia da Baleia<\/strong> mant\u00e9m um ar primitivista, onde parece que o sossego chegou e jamais quis ir embora. Ela \u00e9 formada por enseadas que se disp\u00f5em de forma sequencial, com areia fina e batida, al\u00e9m do mar calmo e de \u00e1guas claras.<\/span><\/p>\n<p><span style=\"color: #333333;\">O lugar \u00e9 muito familiar, quase n\u00e3o tem com\u00e9rcio e nem baladas. Na mar\u00e9 seca, a popula\u00e7\u00e3o local recolhe algas que servem para a culin\u00e1ria e que s\u00e3o exportadas para pa\u00edses como o Jap\u00e3o, que as usa para fabricar cosm\u00e9ticos.<\/span><\/p>\n<h3><span style=\"color: #333333;\">14. Icara\u00ed de Amontada<\/span><\/h3>\n<p><span style=\"color: #333333;\">A <strong>praia de Icara\u00ed de Amontada<\/strong>, tamb\u00e9m <em>conhecida como Icaraizinho<\/em>, encontra-se a 200 km de Fortaleza e abriga uma pequena e singular vila de pescadores. <\/span><\/p>\n<p><span style=\"color: #333333;\">Essa praia \u00e9 ideal para quem deseja ficar longe de qualquer tipo de agito e tamb\u00e9m \u00e9 um dos destinos mais procurados por quem pratica <em>esportes de vela<\/em>.<\/span><\/p>\n<h3><span style=\"color: #333333;\">15. Caetanos de Cima<\/span><\/h3>\n<p><span style=\"color: #333333;\">Os moradores da<strong> praia de Caetanos de Cima<\/strong> dizem que ela ganhou esse nome quando Caetano da Silva, na \u00e9poca fugindo da escravid\u00e3o, chegou e se abrigou nesse para\u00edso. L\u00e1 n\u00e3o h\u00e1 pousadas e o visitante \u00e9 recebido nas casas dos moradores.<\/span><\/p>\n<p><span style=\"color: #333333;\">A praia quase n\u00e3o tem ondas, o que a torna ideal para as crian\u00e7as. Como \u00e9 fora do eixo comercial, aproveite para deixar o celular de lado (at\u00e9 porque n\u00e3o h\u00e1 sinal) e curtir a natureza.<\/span><\/p>\n<h3><span style=\"color: #333333;\">16. Barra das Moitas<\/span><\/h3>\n<p><span style=\"color: #333333;\">Afastada do centro, a <strong>praia Barra das Moitas<\/strong> tem uma vila de pescadores e poucas op\u00e7\u00f5es de hospedagem.<\/span><span style=\"color: #333333;\"> Existe um passeio de barco ou jangada no encontro do rio com o mar que pode ser feito quando a mar\u00e9 est\u00e1 baixa. <\/span><\/p>\n<p><span style=\"color: #333333;\">Nele, voc\u00ea aprende mais sobre a hist\u00f3ria do lugar. Aproveite para subir nas dunas e contemplar o p\u00f4r do sol.<\/span><\/p>\n<h3><span style=\"color: #333333;\">17. Patos<\/span><\/h3>\n<p><span style=\"color: #333333;\">A <strong>praia de Patos<\/strong> fica no litoral da cidade cearense de Itarema. Ela, que parece ser longe de tudo e de todos, se mostra como um verdadeiro o\u00e1sis tropical.<\/span><\/p>\n<p><span style=\"color: #333333;\">Seu nome surgiu no ano de 1889 com a funda\u00e7\u00e3o de uma fazenda de marrecos, que logo foram confundidos com patos pelos moradores.<\/span><\/p>\n<p><span style=\"color: #333333;\">A praia apresenta uma combina\u00e7\u00e3o de areias claras e mar de \u00e1guas rasas, com excelentes <strong>pontos de mergulho<\/strong>.<\/span><\/p>\n<h3><span style=\"color: #333333;\">18. Torr\u00f5es<\/span><\/h3>\n<p><span style=\"color: #333333;\">Localizada a 14 km da sede do munic\u00edpio de Itarema, a <strong>praia Torr\u00f5es<\/strong> \u00e9 bastante primitiva e tem paisagens de tirar o f\u00f4lego. \u00c9 um ref\u00fagio perfeito para quem deseja ter uns dias de relaxamento.<\/span><\/p>\n<p><span style=\"color: #333333;\">Essa praia \u00e9 cercada por dunas, rios, manguezais e uma beleza natural estonteante. Tem um porto natural, de onde partem os barcos pesqueiros que buscam lagostas no oceano.<\/span><\/p>\n<h3><span style=\"color: #333333;\">19. Almofala<\/span><\/h3>\n<p><span style=\"color: #333333;\">A <strong>praia de Almofala<\/strong> tamb\u00e9m \u00e9 conhecida como a <strong>guardi\u00e3 das tartarugas<\/strong>. Trata-se de uma das praias mais visitadas por turistas que v\u00e3o a Itarema. Sua paisagem \u00e9 composta por <em>rios, lagoas, mangues<\/em> e outros atrativos naturais.<\/span><\/p>\n<p><span style=\"color: #333333;\">Nela, \u00e9 poss\u00edvel encontrar artesanato feito a partir da palha da carna\u00faba, \u00e1rvore t\u00edpica da regi\u00e3o.<\/span><\/p>\n<p><span style=\"color: #333333;\">Na praia, encontra-se tamb\u00e9m uma das<strong> unidades do Projeto Tamar<\/strong>, que protege animais selvagens que ficam presos nas redes de pesca.<\/span><\/p>\n<p><img decoding=\"async\" class=\"lazyload aligncenter wp-image-6589 size-full\" title=\"Praia de Almofala\" src=\"https:\/\/www.carroaluguel.com\/blog\/wp-content\/uploads\/2017\/05\/praia-de-almofala.jpg\" data-orig-src=\"https:\/\/www.carroaluguel.com\/blog\/wp-content\/uploads\/2017\/05\/praia-de-almofala.jpg\" alt=\"Praia de Almofala\" width=\"765\" height=\"240\" srcset=\"data:image\/svg+xml,%3Csvg%20xmlns%3D%27http%3A%2F%2Fwww.w3.org%2F2000%2Fsvg%27%20width%3D%27765%27%20height%3D%27240%27%20viewBox%3D%270%200%20765%20240%27%3E%3Crect%20width%3D%27765%27%20height%3D%27240%27%20fill-opacity%3D%220%22%2F%3E%3C%2Fsvg%3E\" data-srcset=\"https:\/\/www.carroaluguel.com\/blog\/wp-content\/uploads\/2017\/05\/praia-de-almofala-200x63.jpg 200w, https:\/\/www.carroaluguel.com\/blog\/wp-content\/uploads\/2017\/05\/praia-de-almofala-300x94.jpg 300w, https:\/\/www.carroaluguel.com\/blog\/wp-content\/uploads\/2017\/05\/praia-de-almofala-400x125.jpg 400w, https:\/\/www.carroaluguel.com\/blog\/wp-content\/uploads\/2017\/05\/praia-de-almofala-600x188.jpg 600w, https:\/\/www.carroaluguel.com\/blog\/wp-content\/uploads\/2017\/05\/praia-de-almofala.jpg 765w\" data-sizes=\"auto\" data-orig-sizes=\"(max-width: 765px) 100vw, 765px\" \/><\/p>\n<p style=\"font-size: 15px; color: #666666; text-align: center;\">Praia de Almofala<\/p>\n<h3><span style=\"color: #333333;\">20. Tijuca<\/span><\/h3>\n<p><span style=\"color: #333333;\">Durante a semana, a <strong>praia da Tijuca<\/strong>, em Itarema,<\/span> fica deserta<span style=\"color: #333333;\">. At\u00e9 as barracas que de l\u00e1 permanecem fechadas, deixando a faixa de areia para o visitante que prefere um lugar mais tranquilo.<\/span><\/p>\n<p><span style=\"color: #333333;\">Nos fins de semana, o agito toma conta do lugar \u2014 inclusive durante a noite. O mar n\u00e3o \u00e9 dos mais calmos, mas permite que o banhista possa desfrutar de uma \u00e1gua morna e limpa.<\/span><\/p>\n<h3><span style=\"color: #333333;\">21. Porto do Barcos<\/span><\/h3>\n<p><span style=\"color: #333333;\">A <strong>praia Porto dos Barcos<\/strong> ganhou esse nome por causa do porto que abastece o munic\u00edpio de Acara\u00fa. A praia, em si, n\u00e3o \u00e9 muito movimentada e abriga muitos locais pouco modificados pela a\u00e7\u00e3o do ser humano.<\/span><\/p>\n<p><span style=\"color: #333333;\">Vale a pena visitar o local e conhecer o porto, para ver a maneira simples dos pescadores de levar suas vidas. No mangue presente na regi\u00e3o, o turista pode encontrar v\u00e1rias esp\u00e9cies, como o <strong>cavalo-marinho<\/strong>.<\/span><\/p>\n<h3><span style=\"color: #333333;\">22. Ilha do Guajiru<\/span><\/h3>\n<p><span style=\"color: #333333;\">A<strong> praia ou Ilha do Guajiru<\/strong> tamb\u00e9m \u00e9 conhecida como <strong>Canc\u00fan cearense<\/strong>.<\/span><\/p>\n<p><span style=\"color: #333333;\">Nos \u00faltimos anos, esse pedacinho do litoral vem atraindo visitantes de v\u00e1rias partes do mundo, que est\u00e3o em busca do clima buc\u00f3lico presente na vila de pescadores.<\/span><\/p>\n<p><span style=\"color: #333333;\">Praticantes de kitesurfe tamb\u00e9m frequentam o lugar, pois os ventos na regi\u00e3o s\u00e3o bastante favor\u00e1veis.<\/span><\/p>\n<h3><span style=\"color: #333333;\">23. Guajiru de Itarema<\/span><\/h3>\n<p><span style=\"color: #333333;\">Praia com um visual encantador! Recebe muitos turistas na alta temporada. Conta com uma <strong>espa\u00e7osa faixa de areia dourada<\/strong>, <strong>mar calmo <\/strong>e de<strong> \u00e1guas esverdeadas<\/strong> \u2014 lembra uma<strong> imensa piscina natural<\/strong>.<\/span><\/p>\n<p><span style=\"color: #333333;\">A praia \u00e9 ideal para o banho de mar e a pr\u00e1tica de esportes n\u00e1uticos, como vela e windsurfe.<\/span><\/p>\n<p><span style=\"color: #333333;\">Como o mar \u00e9 calmo, as crian\u00e7as podem brincar e nadar com tranquilidade.<\/span><\/p>\n<h3><span style=\"color: #333333;\">24. Jericoacoara<\/span><\/h3>\n<p><span style=\"color: #333333;\">Jericoacoara figura entre as<strong> praias mais bonitas do mundo<\/strong>. Apesar da fama (anualmente atrai turistas de todas as partes do planeta), ela mant\u00e9m o ritmo de vida da antiga vila de pescadores.<\/span><\/p>\n<p><span style=\"color: #333333;\">A regi\u00e3o virou uma \u00c1rea de Prote\u00e7\u00e3o Ambiental em 1984 e, posteriormente,<\/span> <a href=\"https:\/\/www.carroaluguel.com\/blog\/parques-nacionais-para-viajar\/\" target=\"_blank\" rel=\"noopener noreferrer\">Parque Nacional<\/a><span style=\"color: #333333;\">, em 2002. Ali se concentra um grande n\u00famero de <em>dunas douradas, mangues e lagoas de \u00e1guas transparentes<\/em>.<\/span><\/p>\n<p><img decoding=\"async\" class=\"lazyload aligncenter wp-image-6433 size-full\" title=\"Praia de Jericoacoara\" src=\"https:\/\/www.carroaluguel.com\/blog\/wp-content\/uploads\/2017\/04\/jericoacora1.jpg\" data-orig-src=\"https:\/\/www.carroaluguel.com\/blog\/wp-content\/uploads\/2017\/04\/jericoacora1.jpg\" alt=\"Praia de Jericoacoara\" width=\"765\" height=\"240\" srcset=\"data:image\/svg+xml,%3Csvg%20xmlns%3D%27http%3A%2F%2Fwww.w3.org%2F2000%2Fsvg%27%20width%3D%27765%27%20height%3D%27240%27%20viewBox%3D%270%200%20765%20240%27%3E%3Crect%20width%3D%27765%27%20height%3D%27240%27%20fill-opacity%3D%220%22%2F%3E%3C%2Fsvg%3E\" data-srcset=\"https:\/\/www.carroaluguel.com\/blog\/wp-content\/uploads\/2017\/04\/jericoacora1-200x63.jpg 200w, https:\/\/www.carroaluguel.com\/blog\/wp-content\/uploads\/2017\/04\/jericoacora1-300x94.jpg 300w, https:\/\/www.carroaluguel.com\/blog\/wp-content\/uploads\/2017\/04\/jericoacora1-400x125.jpg 400w, https:\/\/www.carroaluguel.com\/blog\/wp-content\/uploads\/2017\/04\/jericoacora1-600x188.jpg 600w, https:\/\/www.carroaluguel.com\/blog\/wp-content\/uploads\/2017\/04\/jericoacora1.jpg 765w\" data-sizes=\"auto\" data-orig-sizes=\"(max-width: 765px) 100vw, 765px\" \/><\/p>\n<p style=\"font-size: 15px; color: #666666; text-align: center;\">Praia de Jericoacoara<\/p>\n<p><span style=\"color: #333333;\">As <strong>melhores praias de Jeri<\/strong>, como tamb\u00e9m \u00e9 conhecida, s\u00e3o as<strong> lagoas<\/strong>. <\/span><\/p>\n<p><span style=\"color: #333333;\">A principal delas \u00e9 <strong>Jijoca<\/strong>, que \u00e9 dividida em duas partes: <strong>Lagoa Azul<\/strong> (r\u00fastica e com barracas simples) e<strong> Lagoa do Para\u00edso<\/strong> (mais sofisticada, com pousadas mais requintadas e restaurantes que oferecem aos seus clientes redes na lagoa e espregui\u00e7adeiras).<\/span><\/p>\n<p><span style=\"color: #333333;\">A regi\u00e3o \u00e9 excelente para a pr\u00e1tica de esportes n\u00e1uticos, como o kitesurfe.<\/span><\/p>\n<p><span style=\"color: #333333;\">A praia mais pr\u00f3xima do centro da vila de Jericoacoara \u00e9 muito frequentada pelo p\u00fablico que gosta de windsurfe e tem como grande destaque a <strong>duna do p\u00f4r do sol<\/strong>. <\/span><\/p>\n<p><span style=\"color: #333333;\">Todos os dias, os moradores e os turistas se encontram l\u00e1 no final da tarde para apreciar o espet\u00e1culo do sol mergulhando no mar. Depois disso, a vila vira uma festa!<\/span><\/p>\n<h3><span style=\"color: #333333;\">25. Mangue Seco<\/span><\/h3>\n<p><span style=\"color: #333333;\">A<strong> praia de Mangue Seco<\/strong> fica no caminho de Jericoacoara para a vila, onde o<strong> rio se encontra com o mar<\/strong> e forma uma lagoa de \u00e1gua salgada que serve de abrigo para animais como o cavalo-marinho.<\/span><\/p>\n<p><span style=\"color: #333333;\">No per\u00edodo chuvoso, que vai de janeiro a maio, surgem in\u00fameras lagoas de \u00e1gua doce na regi\u00e3o, que se formam entre as dunas.<\/span><\/p>\n<h2><span style=\"color: #000000;\">Os meios de transporte para chegar at\u00e9 os locais<\/span><\/h2>\n<p><span style=\"color: #333333;\">Quem \u00e9 de outros estados e vai ao Cear\u00e1 pode chegar por dois meios de transporte: <strong>a\u00e9reo<\/strong> (<em>Aeroporto Internacional de Fortaleza \u2013 Pinto Martins<\/em>) e <strong>rodovi\u00e1rio<\/strong> (<em>Terminal Rodovi\u00e1rio Eng. Jo\u00e3o Thom\u00e9<\/em>).\u00a0<\/span><\/p>\n<p><span style=\"color: #333333;\">Para <strong>percorrer a rota da Costa do Sol Poente<\/strong>, \u00e9 prefer\u00edvel que o viajante<\/span> <a title=\"Como calcular a di\u00e1ria do aluguel de carro\" href=\"https:\/\/www.carroaluguel.com\/blog\/diaria-do-aluguel-de-carro\/\" target=\"_blank\" rel=\"noopener noreferrer\">v\u00e1 de carro<\/a>.<\/p>\n<p><span style=\"color: #333333;\">A regi\u00e3o est\u00e1 ganhando um aeroporto, em Jijoca de Jericoacoara, por\u00e9m, como o percurso tem pouco mais do que <strong>400 km<\/strong>, as praias podem ser visitadas com tranquilidade e no tempo do viajante com o aux\u00edlio de um <a title=\"CarroAluguel.com\" href=\"https:\/\/www.carroaluguel.com\/\" target=\"_blank\" rel=\"noopener noreferrer\">autom\u00f3vel alugado<\/a>.<\/span><\/p>\n<h2><span style=\"color: #000000;\">Os esportes para praticar na Costa do Sol Poente<\/span><\/h2>\n<p><span style=\"color: #333333;\">Conforme voc\u00ea viu nas descri\u00e7\u00f5es das praias, a maioria delas \u00e9 pr\u00f3pria para a <strong>pr\u00e1tica de esportes n\u00e1uticos<\/strong>, como o <em>kitesurfe e o windsurfe<\/em>.<\/span><\/p>\n<p><span style=\"color: #333333;\">Em algumas delas, voc\u00ea tamb\u00e9m poder\u00e1 praticar <em>stand-up paddle e mergulho<\/em>.<\/span><\/p>\n<p><span style=\"color: #333333;\">Uma das grandes vantagens de praticar esses <strong>esportes na Costa do Sol Poente<\/strong> \u00e9 poder apreciar um dos mais belos espet\u00e1culos da natureza: o p\u00f4r do sol.<\/span><\/p>\n<p><span style=\"color: #333333;\">Gra\u00e7as a ele, a regi\u00e3o ganhou esse nome. Com paisagens dignas de pinturas, sempre compostas por<em> dunas, coqueirais, jangadas e um mar verde e cristalino<\/em>, a pr\u00e1tica dos esportes n\u00e1uticos ganha um toque a mais de charme e emo\u00e7\u00e3o.<\/span><\/p>\n<p><img decoding=\"async\" class=\"lazyload aligncenter wp-image-6594 size-full\" src=\"https:\/\/www.carroaluguel.com\/blog\/wp-content\/uploads\/2017\/05\/windsurf-nordeste.jpg\" data-orig-src=\"https:\/\/www.carroaluguel.com\/blog\/wp-content\/uploads\/2017\/05\/windsurf-nordeste.jpg\" alt=\"Esportes na Costa do Sol\" width=\"765\" height=\"240\" srcset=\"data:image\/svg+xml,%3Csvg%20xmlns%3D%27http%3A%2F%2Fwww.w3.org%2F2000%2Fsvg%27%20width%3D%27765%27%20height%3D%27240%27%20viewBox%3D%270%200%20765%20240%27%3E%3Crect%20width%3D%27765%27%20height%3D%27240%27%20fill-opacity%3D%220%22%2F%3E%3C%2Fsvg%3E\" data-srcset=\"https:\/\/www.carroaluguel.com\/blog\/wp-content\/uploads\/2017\/05\/windsurf-nordeste-200x63.jpg 200w, https:\/\/www.carroaluguel.com\/blog\/wp-content\/uploads\/2017\/05\/windsurf-nordeste-300x94.jpg 300w, https:\/\/www.carroaluguel.com\/blog\/wp-content\/uploads\/2017\/05\/windsurf-nordeste-400x125.jpg 400w, https:\/\/www.carroaluguel.com\/blog\/wp-content\/uploads\/2017\/05\/windsurf-nordeste-600x188.jpg 600w, https:\/\/www.carroaluguel.com\/blog\/wp-content\/uploads\/2017\/05\/windsurf-nordeste.jpg 765w\" data-sizes=\"auto\" data-orig-sizes=\"(max-width: 765px) 100vw, 765px\" \/><\/p>\n<p><span style=\"color: #333333;\">Quem aprecia o contato com a natureza precisa incluir essa rota em sua pr\u00f3xima viagem. Reserve alguns dias e aproveite o melhor de um litoral onde o sol sempre oferece um espet\u00e1culo ao partir.<\/span><\/p>\n<p><span style=\"color: #333333;\">O roteiro da Costa do Sol Poente \u00e9 incr\u00edvel e pode ser aproveitado por <strong>viajantes em fam\u00edlia<\/strong>, <strong>casais<\/strong> e <strong>turmas de amigos<\/strong>.<\/span><\/p>\n<p><span style=\"color: #333333;\">S\u00e3o <em>mais de 30 praias para aproveitar,<\/em> com op\u00e7\u00f5es que d\u00e3o desde o buc\u00f3lico \u00e0 agita\u00e7\u00e3o, passando por bons ventos para os praticantes de esportes n\u00e1uticos e cen\u00e1rios de tirar o f\u00f4lego.<\/span><\/p>\n<p><span style=\"color: #333333;\">Preparado para pegar a estrada e conhecer cada um dos <strong>destinos da Costa do Sol Poente<\/strong>? <\/span><\/p>\n<p><span style=\"color: #333333;\">Antes de se organizar, n\u00f3s te convidamos para ler um o guia &#8220;<a href=\"https:\/\/www.carroaluguel.com\/blog\/guia-viagem-de-carro-em-seguranca\/\" target=\"_blank\" rel=\"noopener\">Viagem de carro em seguran\u00e7a<\/a>&#8220;. Nele, voc\u00ea encontrar\u00e1 todas as dicas necess\u00e1rias para percorrer esta e outras rotas mais.<\/span><\/p>\n","protected":false},"excerpt":{"rendered":"<p>O roteiro da Costa do Sol Poente apresenta ao turista  [&#8230;]<\/p>\n","protected":false},"author":1,"featured_media":6580,"comment_status":"open","ping_status":"open","sticky":false,"template":"","format":"standard","meta":{"footnotes":""},"categories":[942],"tags":[530,722],"class_list":["post-6573","post","type-post","status-publish","format-standard","has-post-thumbnail","hentry","category-roteiros-nacionais","tag-dicas-para-viajar","tag-nordeste"],"yoast_head":"<!-- This site is optimized with the Yoast SEO plugin v27.5 - https:\/\/yoast.com\/product\/yoast-seo-wordpress\/ -->\n<title>Costa do Sol Poente: tudo o que voc\u00ea precisa saber sobre a rota<\/title>\n<meta name=\"description\" content=\"A Costa do Sol Poente \u00e9 um dos principais roteiros do Brasil. O trajeto conta com praias, dunas, fal\u00e9sias e lagos. Confira tudo sobre esse belo circuito!\" \/>\n<meta name=\"robots\" content=\"index, follow, max-snippet:-1, max-image-preview:large, max-video-preview:-1\" \/>\n<link rel=\"canonical\" href=\"https:\/\/www.carroaluguel.com\/blog\/costa-do-sol-poente\/\" \/>\n<meta property=\"og:locale\" content=\"pt_BR\" \/>\n<meta property=\"og:type\" content=\"article\" \/>\n<meta property=\"og:title\" content=\"Costa do Sol Poente: tudo o que voc\u00ea precisa saber sobre a rota\" \/>\n<meta property=\"og:description\" content=\"A Costa do Sol Poente \u00e9 um dos principais roteiros do Brasil. O trajeto conta com praias, dunas, fal\u00e9sias e lagos. Confira tudo sobre esse belo circuito!\" \/>\n<meta property=\"og:url\" content=\"https:\/\/www.carroaluguel.com\/blog\/costa-do-sol-poente\/\" \/>\n<meta property=\"og:site_name\" content=\"Blog CarroAluguel\" \/>\n<meta property=\"article:publisher\" content=\"https:\/\/www.facebook.com\/CarroAluguelBR\" \/>\n<meta property=\"article:published_time\" content=\"2017-05-18T16:45:11+00:00\" \/>\n<meta property=\"article:modified_time\" content=\"2024-05-13T14:53:57+00:00\" \/>\n<meta property=\"og:image\" content=\"https:\/\/www.carroaluguel.com\/blog\/wp-content\/uploads\/2017\/05\/costa-do-sol-poente.jpg\" \/>\n\t<meta property=\"og:image:width\" content=\"765\" \/>\n\t<meta property=\"og:image:height\" content=\"480\" \/>\n\t<meta property=\"og:image:type\" content=\"image\/jpeg\" \/>\n<meta name=\"author\" content=\"blog\" \/>\n<meta name=\"twitter:card\" content=\"summary_large_image\" \/>\n<meta name=\"twitter:creator\" content=\"@CarroAluguel\" \/>\n<meta name=\"twitter:site\" content=\"@CarroAluguel\" \/>\n<meta name=\"twitter:label1\" content=\"Escrito por\" \/>\n\t<meta name=\"twitter:data1\" content=\"blog\" \/>\n\t<meta name=\"twitter:label2\" content=\"Est. tempo de leitura\" \/>\n\t<meta name=\"twitter:data2\" content=\"19 minutos\" \/>\n<script type=\"application\/ld+json\" class=\"yoast-schema-graph\">{\"@context\":\"https:\\\/\\\/schema.org\",\"@graph\":[{\"@type\":\"Article\",\"@id\":\"https:\\\/\\\/www.carroaluguel.com\\\/blog\\\/costa-do-sol-poente\\\/#article\",\"isPartOf\":{\"@id\":\"https:\\\/\\\/www.carroaluguel.com\\\/blog\\\/costa-do-sol-poente\\\/\"},\"author\":{\"name\":\"blog\",\"@id\":\"https:\\\/\\\/www.carroaluguel.com\\\/blog\\\/#\\\/schema\\\/person\\\/693414c3b2423315cf90fb75439be0e1\"},\"headline\":\"Costa do Sol Poente: tudo o que voc\u00ea precisa saber sobre a rota\",\"datePublished\":\"2017-05-18T16:45:11+00:00\",\"dateModified\":\"2024-05-13T14:53:57+00:00\",\"mainEntityOfPage\":{\"@id\":\"https:\\\/\\\/www.carroaluguel.com\\\/blog\\\/costa-do-sol-poente\\\/\"},\"wordCount\":3195,\"commentCount\":0,\"publisher\":{\"@id\":\"https:\\\/\\\/www.carroaluguel.com\\\/blog\\\/#organization\"},\"image\":{\"@id\":\"https:\\\/\\\/www.carroaluguel.com\\\/blog\\\/costa-do-sol-poente\\\/#primaryimage\"},\"thumbnailUrl\":\"https:\\\/\\\/www.carroaluguel.com\\\/blog\\\/wp-content\\\/uploads\\\/2017\\\/05\\\/costa-do-sol-poente.jpg\",\"keywords\":[\"Dicas para viajar\",\"Nordeste\"],\"articleSection\":[\"Roteiros nacionais\"],\"inLanguage\":\"pt-BR\",\"potentialAction\":[{\"@type\":\"CommentAction\",\"name\":\"Comment\",\"target\":[\"https:\\\/\\\/www.carroaluguel.com\\\/blog\\\/costa-do-sol-poente\\\/#respond\"]}]},{\"@type\":\"WebPage\",\"@id\":\"https:\\\/\\\/www.carroaluguel.com\\\/blog\\\/costa-do-sol-poente\\\/\",\"url\":\"https:\\\/\\\/www.carroaluguel.com\\\/blog\\\/costa-do-sol-poente\\\/\",\"name\":\"Costa do Sol Poente: tudo o que voc\u00ea precisa saber sobre a rota\",\"isPartOf\":{\"@id\":\"https:\\\/\\\/www.carroaluguel.com\\\/blog\\\/#website\"},\"primaryImageOfPage\":{\"@id\":\"https:\\\/\\\/www.carroaluguel.com\\\/blog\\\/costa-do-sol-poente\\\/#primaryimage\"},\"image\":{\"@id\":\"https:\\\/\\\/www.carroaluguel.com\\\/blog\\\/costa-do-sol-poente\\\/#primaryimage\"},\"thumbnailUrl\":\"https:\\\/\\\/www.carroaluguel.com\\\/blog\\\/wp-content\\\/uploads\\\/2017\\\/05\\\/costa-do-sol-poente.jpg\",\"datePublished\":\"2017-05-18T16:45:11+00:00\",\"dateModified\":\"2024-05-13T14:53:57+00:00\",\"description\":\"A Costa do Sol Poente \u00e9 um dos principais roteiros do Brasil. O trajeto conta com praias, dunas, fal\u00e9sias e lagos. Confira tudo sobre esse belo circuito!\",\"breadcrumb\":{\"@id\":\"https:\\\/\\\/www.carroaluguel.com\\\/blog\\\/costa-do-sol-poente\\\/#breadcrumb\"},\"inLanguage\":\"pt-BR\",\"potentialAction\":[{\"@type\":\"ReadAction\",\"target\":[\"https:\\\/\\\/www.carroaluguel.com\\\/blog\\\/costa-do-sol-poente\\\/\"]}]},{\"@type\":\"ImageObject\",\"inLanguage\":\"pt-BR\",\"@id\":\"https:\\\/\\\/www.carroaluguel.com\\\/blog\\\/costa-do-sol-poente\\\/#primaryimage\",\"url\":\"https:\\\/\\\/www.carroaluguel.com\\\/blog\\\/wp-content\\\/uploads\\\/2017\\\/05\\\/costa-do-sol-poente.jpg\",\"contentUrl\":\"https:\\\/\\\/www.carroaluguel.com\\\/blog\\\/wp-content\\\/uploads\\\/2017\\\/05\\\/costa-do-sol-poente.jpg\",\"width\":765,\"height\":480,\"caption\":\"costa do sol poente\"},{\"@type\":\"BreadcrumbList\",\"@id\":\"https:\\\/\\\/www.carroaluguel.com\\\/blog\\\/costa-do-sol-poente\\\/#breadcrumb\",\"itemListElement\":[{\"@type\":\"ListItem\",\"position\":1,\"name\":\"Home\",\"item\":\"https:\\\/\\\/www.carroaluguel.com\\\/blog\\\/\"},{\"@type\":\"ListItem\",\"position\":2,\"name\":\"Roteiros\",\"item\":\"https:\\\/\\\/www.carroaluguel.com\\\/blog\\\/category\\\/roteiros\\\/\"},{\"@type\":\"ListItem\",\"position\":3,\"name\":\"Roteiros nacionais\",\"item\":\"https:\\\/\\\/www.carroaluguel.com\\\/blog\\\/category\\\/roteiros\\\/roteiros-nacionais\\\/\"},{\"@type\":\"ListItem\",\"position\":4,\"name\":\"Costa do Sol Poente: tudo o que voc\u00ea precisa saber sobre a rota\"}]},{\"@type\":\"WebSite\",\"@id\":\"https:\\\/\\\/www.carroaluguel.com\\\/blog\\\/#website\",\"url\":\"https:\\\/\\\/www.carroaluguel.com\\\/blog\\\/\",\"name\":\"Blog CarroAluguel\",\"description\":\"\",\"publisher\":{\"@id\":\"https:\\\/\\\/www.carroaluguel.com\\\/blog\\\/#organization\"},\"potentialAction\":[{\"@type\":\"SearchAction\",\"target\":{\"@type\":\"EntryPoint\",\"urlTemplate\":\"https:\\\/\\\/www.carroaluguel.com\\\/blog\\\/?s={search_term_string}\"},\"query-input\":{\"@type\":\"PropertyValueSpecification\",\"valueRequired\":true,\"valueName\":\"search_term_string\"}}],\"inLanguage\":\"pt-BR\"},{\"@type\":\"Organization\",\"@id\":\"https:\\\/\\\/www.carroaluguel.com\\\/blog\\\/#organization\",\"name\":\"CarroAluguel.com\",\"url\":\"https:\\\/\\\/www.carroaluguel.com\\\/blog\\\/\",\"logo\":{\"@type\":\"ImageObject\",\"inLanguage\":\"pt-BR\",\"@id\":\"https:\\\/\\\/www.carroaluguel.com\\\/blog\\\/#\\\/schema\\\/logo\\\/image\\\/\",\"url\":\"https:\\\/\\\/www.carroaluguel.com\\\/blog\\\/wp-content\\\/uploads\\\/2023\\\/08\\\/logo-carro-aluguel-BLOG-200x54-1.png\",\"contentUrl\":\"https:\\\/\\\/www.carroaluguel.com\\\/blog\\\/wp-content\\\/uploads\\\/2023\\\/08\\\/logo-carro-aluguel-BLOG-200x54-1.png\",\"width\":200,\"height\":54,\"caption\":\"CarroAluguel.com\"},\"image\":{\"@id\":\"https:\\\/\\\/www.carroaluguel.com\\\/blog\\\/#\\\/schema\\\/logo\\\/image\\\/\"},\"sameAs\":[\"https:\\\/\\\/www.facebook.com\\\/CarroAluguelBR\",\"https:\\\/\\\/x.com\\\/CarroAluguel\",\"https:\\\/\\\/www.instagram.com\\\/carroaluguel\\\/\"]},{\"@type\":\"Person\",\"@id\":\"https:\\\/\\\/www.carroaluguel.com\\\/blog\\\/#\\\/schema\\\/person\\\/693414c3b2423315cf90fb75439be0e1\",\"name\":\"blog\",\"image\":{\"@type\":\"ImageObject\",\"inLanguage\":\"pt-BR\",\"@id\":\"https:\\\/\\\/secure.gravatar.com\\\/avatar\\\/b8a3d64fc0b21db017f462a77f2c79b24cf3db4426d602430441f37f7d2ac037?s=96&d=mm&r=g\",\"url\":\"https:\\\/\\\/secure.gravatar.com\\\/avatar\\\/b8a3d64fc0b21db017f462a77f2c79b24cf3db4426d602430441f37f7d2ac037?s=96&d=mm&r=g\",\"contentUrl\":\"https:\\\/\\\/secure.gravatar.com\\\/avatar\\\/b8a3d64fc0b21db017f462a77f2c79b24cf3db4426d602430441f37f7d2ac037?s=96&d=mm&r=g\",\"caption\":\"blog\"},\"sameAs\":[\"https:\\\/\\\/carroaluguel.com\\\/blog\"],\"url\":\"https:\\\/\\\/www.carroaluguel.com\\\/blog\\\/author\\\/blog\\\/\"}]}<\/script>\n<!-- \/ Yoast SEO plugin. -->","yoast_head_json":{"title":"Costa do Sol Poente: tudo o que voc\u00ea precisa saber sobre a rota","description":"A Costa do Sol Poente \u00e9 um dos principais roteiros do Brasil. O trajeto conta com praias, dunas, fal\u00e9sias e lagos. Confira tudo sobre esse belo circuito!","robots":{"index":"index","follow":"follow","max-snippet":"max-snippet:-1","max-image-preview":"max-image-preview:large","max-video-preview":"max-video-preview:-1"},"canonical":"https:\/\/www.carroaluguel.com\/blog\/costa-do-sol-poente\/","og_locale":"pt_BR","og_type":"article","og_title":"Costa do Sol Poente: tudo o que voc\u00ea precisa saber sobre a rota","og_description":"A Costa do Sol Poente \u00e9 um dos principais roteiros do Brasil. O trajeto conta com praias, dunas, fal\u00e9sias e lagos. Confira tudo sobre esse belo circuito!","og_url":"https:\/\/www.carroaluguel.com\/blog\/costa-do-sol-poente\/","og_site_name":"Blog CarroAluguel","article_publisher":"https:\/\/www.facebook.com\/CarroAluguelBR","article_published_time":"2017-05-18T16:45:11+00:00","article_modified_time":"2024-05-13T14:53:57+00:00","og_image":[{"width":765,"height":480,"url":"https:\/\/www.carroaluguel.com\/blog\/wp-content\/uploads\/2017\/05\/costa-do-sol-poente.jpg","type":"image\/jpeg"}],"author":"blog","twitter_card":"summary_large_image","twitter_creator":"@CarroAluguel","twitter_site":"@CarroAluguel","twitter_misc":{"Escrito por":"blog","Est. tempo de leitura":"19 minutos"},"schema":{"@context":"https:\/\/schema.org","@graph":[{"@type":"Article","@id":"https:\/\/www.carroaluguel.com\/blog\/costa-do-sol-poente\/#article","isPartOf":{"@id":"https:\/\/www.carroaluguel.com\/blog\/costa-do-sol-poente\/"},"author":{"name":"blog","@id":"https:\/\/www.carroaluguel.com\/blog\/#\/schema\/person\/693414c3b2423315cf90fb75439be0e1"},"headline":"Costa do Sol Poente: tudo o que voc\u00ea precisa saber sobre a rota","datePublished":"2017-05-18T16:45:11+00:00","dateModified":"2024-05-13T14:53:57+00:00","mainEntityOfPage":{"@id":"https:\/\/www.carroaluguel.com\/blog\/costa-do-sol-poente\/"},"wordCount":3195,"commentCount":0,"publisher":{"@id":"https:\/\/www.carroaluguel.com\/blog\/#organization"},"image":{"@id":"https:\/\/www.carroaluguel.com\/blog\/costa-do-sol-poente\/#primaryimage"},"thumbnailUrl":"https:\/\/www.carroaluguel.com\/blog\/wp-content\/uploads\/2017\/05\/costa-do-sol-poente.jpg","keywords":["Dicas para viajar","Nordeste"],"articleSection":["Roteiros nacionais"],"inLanguage":"pt-BR","potentialAction":[{"@type":"CommentAction","name":"Comment","target":["https:\/\/www.carroaluguel.com\/blog\/costa-do-sol-poente\/#respond"]}]},{"@type":"WebPage","@id":"https:\/\/www.carroaluguel.com\/blog\/costa-do-sol-poente\/","url":"https:\/\/www.carroaluguel.com\/blog\/costa-do-sol-poente\/","name":"Costa do Sol Poente: tudo o que voc\u00ea precisa saber sobre a rota","isPartOf":{"@id":"https:\/\/www.carroaluguel.com\/blog\/#website"},"primaryImageOfPage":{"@id":"https:\/\/www.carroaluguel.com\/blog\/costa-do-sol-poente\/#primaryimage"},"image":{"@id":"https:\/\/www.carroaluguel.com\/blog\/costa-do-sol-poente\/#primaryimage"},"thumbnailUrl":"https:\/\/www.carroaluguel.com\/blog\/wp-content\/uploads\/2017\/05\/costa-do-sol-poente.jpg","datePublished":"2017-05-18T16:45:11+00:00","dateModified":"2024-05-13T14:53:57+00:00","description":"A Costa do Sol Poente \u00e9 um dos principais roteiros do Brasil. O trajeto conta com praias, dunas, fal\u00e9sias e lagos. Confira tudo sobre esse belo circuito!","breadcrumb":{"@id":"https:\/\/www.carroaluguel.com\/blog\/costa-do-sol-poente\/#breadcrumb"},"inLanguage":"pt-BR","potentialAction":[{"@type":"ReadAction","target":["https:\/\/www.carroaluguel.com\/blog\/costa-do-sol-poente\/"]}]},{"@type":"ImageObject","inLanguage":"pt-BR","@id":"https:\/\/www.carroaluguel.com\/blog\/costa-do-sol-poente\/#primaryimage","url":"https:\/\/www.carroaluguel.com\/blog\/wp-content\/uploads\/2017\/05\/costa-do-sol-poente.jpg","contentUrl":"https:\/\/www.carroaluguel.com\/blog\/wp-content\/uploads\/2017\/05\/costa-do-sol-poente.jpg","width":765,"height":480,"caption":"costa do sol poente"},{"@type":"BreadcrumbList","@id":"https:\/\/www.carroaluguel.com\/blog\/costa-do-sol-poente\/#breadcrumb","itemListElement":[{"@type":"ListItem","position":1,"name":"Home","item":"https:\/\/www.carroaluguel.com\/blog\/"},{"@type":"ListItem","position":2,"name":"Roteiros","item":"https:\/\/www.carroaluguel.com\/blog\/category\/roteiros\/"},{"@type":"ListItem","position":3,"name":"Roteiros nacionais","item":"https:\/\/www.carroaluguel.com\/blog\/category\/roteiros\/roteiros-nacionais\/"},{"@type":"ListItem","position":4,"name":"Costa do Sol Poente: tudo o que voc\u00ea precisa saber sobre a rota"}]},{"@type":"WebSite","@id":"https:\/\/www.carroaluguel.com\/blog\/#website","url":"https:\/\/www.carroaluguel.com\/blog\/","name":"Blog CarroAluguel","description":"","publisher":{"@id":"https:\/\/www.carroaluguel.com\/blog\/#organization"},"potentialAction":[{"@type":"SearchAction","target":{"@type":"EntryPoint","urlTemplate":"https:\/\/www.carroaluguel.com\/blog\/?s={search_term_string}"},"query-input":{"@type":"PropertyValueSpecification","valueRequired":true,"valueName":"search_term_string"}}],"inLanguage":"pt-BR"},{"@type":"Organization","@id":"https:\/\/www.carroaluguel.com\/blog\/#organization","name":"CarroAluguel.com","url":"https:\/\/www.carroaluguel.com\/blog\/","logo":{"@type":"ImageObject","inLanguage":"pt-BR","@id":"https:\/\/www.carroaluguel.com\/blog\/#\/schema\/logo\/image\/","url":"https:\/\/www.carroaluguel.com\/blog\/wp-content\/uploads\/2023\/08\/logo-carro-aluguel-BLOG-200x54-1.png","contentUrl":"https:\/\/www.carroaluguel.com\/blog\/wp-content\/uploads\/2023\/08\/logo-carro-aluguel-BLOG-200x54-1.png","width":200,"height":54,"caption":"CarroAluguel.com"},"image":{"@id":"https:\/\/www.carroaluguel.com\/blog\/#\/schema\/logo\/image\/"},"sameAs":["https:\/\/www.facebook.com\/CarroAluguelBR","https:\/\/x.com\/CarroAluguel","https:\/\/www.instagram.com\/carroaluguel\/"]},{"@type":"Person","@id":"https:\/\/www.carroaluguel.com\/blog\/#\/schema\/person\/693414c3b2423315cf90fb75439be0e1","name":"blog","image":{"@type":"ImageObject","inLanguage":"pt-BR","@id":"https:\/\/secure.gravatar.com\/avatar\/b8a3d64fc0b21db017f462a77f2c79b24cf3db4426d602430441f37f7d2ac037?s=96&d=mm&r=g","url":"https:\/\/secure.gravatar.com\/avatar\/b8a3d64fc0b21db017f462a77f2c79b24cf3db4426d602430441f37f7d2ac037?s=96&d=mm&r=g","contentUrl":"https:\/\/secure.gravatar.com\/avatar\/b8a3d64fc0b21db017f462a77f2c79b24cf3db4426d602430441f37f7d2ac037?s=96&d=mm&r=g","caption":"blog"},"sameAs":["https:\/\/carroaluguel.com\/blog"],"url":"https:\/\/www.carroaluguel.com\/blog\/author\/blog\/"}]}},"_links":{"self":[{"href":"https:\/\/www.carroaluguel.com\/blog\/wp-json\/wp\/v2\/posts\/6573","targetHints":{"allow":["GET"]}}],"collection":[{"href":"https:\/\/www.carroaluguel.com\/blog\/wp-json\/wp\/v2\/posts"}],"about":[{"href":"https:\/\/www.carroaluguel.com\/blog\/wp-json\/wp\/v2\/types\/post"}],"author":[{"embeddable":true,"href":"https:\/\/www.carroaluguel.com\/blog\/wp-json\/wp\/v2\/users\/1"}],"replies":[{"embeddable":true,"href":"https:\/\/www.carroaluguel.com\/blog\/wp-json\/wp\/v2\/comments?post=6573"}],"version-history":[{"count":6,"href":"https:\/\/www.carroaluguel.com\/blog\/wp-json\/wp\/v2\/posts\/6573\/revisions"}],"predecessor-version":[{"id":11150,"href":"https:\/\/www.carroaluguel.com\/blog\/wp-json\/wp\/v2\/posts\/6573\/revisions\/11150"}],"wp:featuredmedia":[{"embeddable":true,"href":"https:\/\/www.carroaluguel.com\/blog\/wp-json\/wp\/v2\/media\/6580"}],"wp:attachment":[{"href":"https:\/\/www.carroaluguel.com\/blog\/wp-json\/wp\/v2\/media?parent=6573"}],"wp:term":[{"taxonomy":"category","embeddable":true,"href":"https:\/\/www.carroaluguel.com\/blog\/wp-json\/wp\/v2\/categories?post=6573"},{"taxonomy":"post_tag","embeddable":true,"href":"https:\/\/www.carroaluguel.com\/blog\/wp-json\/wp\/v2\/tags?post=6573"}],"curies":[{"name":"wp","href":"https:\/\/api.w.org\/{rel}","templated":true}]}}