{"id":7376,"date":"2018-05-02T18:06:48","date_gmt":"2018-05-02T18:06:48","guid":{"rendered":"https:\/\/www.carroaluguel.com\/blog\/?p=7376"},"modified":"2023-08-23T23:51:30","modified_gmt":"2023-08-23T23:51:30","slug":"potencia-ou-economia-o-que-levar-em-conta-ao-alugar-um-carro","status":"publish","type":"post","link":"https:\/\/www.carroaluguel.com\/blog\/potencia-ou-economia-o-que-levar-em-conta-ao-alugar-um-carro\/","title":{"rendered":"Pot\u00eancia ou economia? O que levar em conta ao alugar um carro?"},"content":{"rendered":"<p>\u00c9 muito comum ouvirmos nas propagandas das montadoras ou nas conversas com vendedores e outros motoristas, que um ve\u00edculo \u00e9 o&nbsp;<strong>mais potente<\/strong>&nbsp;da categoria ou o&nbsp;<strong>mais econ\u00f4mico<\/strong>. Essas s\u00e3o qualidades importantes, mas qual das duas devemos priorizar na hora de&nbsp;<a href=\"https:\/\/www.carroaluguel.com\/blog\/dicas-para-alugar-carro\/\"><strong>alugar um carro<\/strong><\/a>?<\/p>\n<p>Na verdade, depende. Cada uma dessas caracter\u00edsticas \u00e9 interessante para um tipo de uso, urbano ou estrada, dando mais conforto e melhor desempenho. Por isso, neste artigo falaremos sobre&nbsp;<strong>o que \u00e9 pot\u00eancia e o que \u00e9 a economia<\/strong>&nbsp;em um autom\u00f3vel. Mostraremos tamb\u00e9m em quais situa\u00e7\u00f5es elas s\u00e3o mais vantajosas, para que voc\u00ea possa escolher a&nbsp;<strong>melhor op\u00e7\u00e3o no seu aluguel<\/strong>. Confira!<\/p>\n<h2>O que \u00e9 a pot\u00eancia de um carro?<\/h2>\n<p>Quando falamos em&nbsp;<strong>pot\u00eancia de um carro<\/strong>, estamos dizendo da for\u00e7a do motor, e da sua capacidade em gerar energia queimando o combust\u00edvel. Exemplificando: Um ve\u00edculo precisa de&nbsp;<strong>muita pot\u00eancia<\/strong>&nbsp;para atingir&nbsp;<strong>velocidades altas<\/strong>, como os carros esportivos, e tamb\u00e9m para mover uma&nbsp;<strong>grande quantidade de peso<\/strong>, como os caminh\u00f5es e \u00f4nibus.<\/p>\n<p>A&nbsp;<strong>pot\u00eancia de um motor<\/strong>&nbsp;\u00e9 medida em cavalo-vapor (cv), e \u00e9 um dos itens que mais influencia no desempenho do autom\u00f3vel. Nos carros de passeio, os modelos de uma&nbsp;<strong>mesma categoria<\/strong>&nbsp;t\u00eam pot\u00eancias parecidas, com pouca varia\u00e7\u00e3o, sendo essa diferen\u00e7a praticamente impercept\u00edvel na dire\u00e7\u00e3o.<\/p>\n<p>Por\u00e9m, quando comparamos entre&nbsp;<a href=\"https:\/\/www.carroaluguel.com\/blog\/categorias-de-carros-para-alugar\/\"><strong>diferentes&nbsp;categorias&nbsp;de carros<\/strong><\/a>, de um 1.0 para um com motor 1.8, por exemplo, as cilindradas maiores proporcionam um&nbsp;<strong>aumento de pot\u00eancia<\/strong>&nbsp;muito claro, sendo percebido no acelerador e nas trocas de marchas.<\/p>\n<p>Sendo assim, um&nbsp;<strong>carro com maior pot\u00eancia<\/strong>&nbsp;\u00e9 mais adequado para uso em rodovias, pois traz mais seguran\u00e7a e conforto em velocidades altas, tem sobra de pot\u00eancia para ultrapassagens e menor redu\u00e7\u00e3o de desempenho em aclives.<\/p>\n<h2>O que \u00e9 a economia em um carro?<\/h2>\n<p>Um&nbsp;<strong>carro econ\u00f4mico<\/strong> tem um&nbsp;<strong>consumo de combust\u00edvel baixo<\/strong>, ou seja, roda por mais tempo gastando menos combust\u00edvel. Tamb\u00e9m consome menos em&nbsp;<strong>marcha lenta<\/strong>, quando o ve\u00edculo est\u00e1 parado ou&nbsp;<strong>sem uma marcha engatada<\/strong>.<\/p>\n<p>Isso acontece porque a&nbsp;<strong>quantidade de combust\u00edvel<\/strong>&nbsp;que o motor precisa para um ciclo completo \u00e9 reduzida, fazendo com que&nbsp;<strong>precise de menos<\/strong>&nbsp;para manter-se funcionando. Por conta disso, a&nbsp;<strong>pot\u00eancia do motor<\/strong>&nbsp;tamb\u00e9m \u00e9 diminu\u00edda, j\u00e1 que as explos\u00f5es s\u00e3o menores e geram menos energia.<\/p>\n<p>Deste modo, um carro econ\u00f4mico geralmente tem uma&nbsp;<strong>velocidade m\u00e1xima menor<\/strong>. Tamb\u00e9m n\u00e3o s\u00e3o os mais adequados quando h\u00e1 a necessidade de carregar muito peso ou enfrentar trechos longos de aclive, porque&nbsp;que o seu motor \u00e9<strong>&nbsp;menos potente<\/strong>&nbsp;e perde f\u00f4lego mais depressa. Assim, os modelos que priorizam a economia s\u00e3o<strong> indicados para ambientes urbanos<\/strong>, com muitas paradas e obst\u00e1culos, ou para&nbsp;<strong>viagens r\u00e1pidas<\/strong>&nbsp;e de pequenas dist\u00e2ncias.<\/p>\n<p>Em geral, a&nbsp;<strong>maneira mais simples<\/strong>&nbsp;de verificar qual carro foi projetado para&nbsp;<strong>entregar pot\u00eancia<\/strong>&nbsp;e qual modelo \u00e9&nbsp;<strong>mais econ\u00f4mico,<\/strong>&nbsp;\u00e9 olhando a capacidade do motor, as chamadas&nbsp;<strong>cilindradas<\/strong>. No pr\u00f3ximo t\u00f3pico&nbsp;falaremos um pouco mais sobre o que s\u00e3o as cilindradas e como elas influenciam o desempenho do carro.<\/p>\n<p><img decoding=\"async\" class=\"lazyload alignnone wp-image-7380 size-large\" src=\"data:image\/svg+xml,%3Csvg%20xmlns%3D%27http%3A%2F%2Fwww.w3.org%2F2000%2Fsvg%27%20width%3D%27720%27%20height%3D%27478%27%20viewBox%3D%270%200%20720%20478%27%3E%3Crect%20width%3D%27720%27%20height%3D%27478%27%20fill-opacity%3D%220%22%2F%3E%3C%2Fsvg%3E\" data-orig-src=\"https:\/\/www.carroaluguel.com\/blog\/wp-content\/uploads\/2018\/05\/traffic-car-vehicle-black-720x478.jpg\" alt=\"\" width=\"720\" height=\"478\"><\/p>\n<h2>O que s\u00e3o as cilindradas?<\/h2>\n<p>Um motor \u00e9, basicamente, um bloco de metal que cont\u00e9m, entre outros componentes,&nbsp;<strong>cilindros que recebem o combust\u00edvel<\/strong>. Em linhas gerais, \u00e9 nos cilindros que ocorre a explos\u00e3o, resultado da queima do combust\u00edvel, que empurra o pist\u00e3o, fazendo o&nbsp;<strong>motor girar<\/strong>&nbsp;e movimentar as rodas.<\/p>\n<p>Assim,&nbsp;<strong>quanto mais combust\u00edvel<\/strong>&nbsp;puder ser queimado em cada cilindro, (quanto maior o&nbsp;<strong>volume \u00fatil do motor)<\/strong>, maior \u00e9 a energia do pist\u00e3o para&nbsp;<strong>movimentar o carro<\/strong>. A esse volume \u00fatil damos o nome de&nbsp;<strong>cilindradas<\/strong>, expressas em cent\u00edmetros c\u00fabicos (cm\u00b3) ou em litros (l).<\/p>\n<p>Um&nbsp;<strong>ve\u00edculo&nbsp;com mais cilindradas&nbsp;<\/strong>\u00e9, por via de regra, mais potente. Por\u00e9m <strong>consome mais<\/strong>, j\u00e1 que a cada ciclo de giro do motor, uma&nbsp;<strong>quantidade maior de combust\u00edvel<\/strong>&nbsp;\u00e9 injetada e queimada. Neste sentido, \u00e9 sempre interessante se informar sobre&nbsp;a cilindrada do modelo ao&nbsp;<strong>alugar um carro<\/strong>, para saber se ele prioriza a pot\u00eancia ou a economia.<\/p>\n<p>As cilindradas v\u00eam expressas junto ao nome do modelo, em n\u00fameros como 1000, 1600 ou 2000 (quando informadas em cm\u00b3), ou como 1.0, 1.6 e 2.0, respectivamente (quando em litros).<\/p>\n<h2>Qual cilindrada escolher em aluguel de carros?<\/h2>\n<p>As cilindradas s\u00e3o a forma mais f\u00e1cil de conferir as caracter\u00edsticas do desempenho de um ve\u00edculo. Claro que, sozinhas, elas n\u00e3o podem dizer qual modelo \u00e9 o&nbsp;<strong>mais potente&nbsp;<\/strong>ou o&nbsp;<strong>mais econ\u00f4mico<\/strong>, especialmente quando falamos de&nbsp;<strong>carros de uma mesma categoria<\/strong>. Outros fatores tamb\u00e9m influenciam, como a tecnologia empregada, a aerodin\u00e2mica do modelo e uso de turbo compressores. No entanto, s\u00e3o um bom ind\u00edcio.<\/p>\n<p>Como dissemos l\u00e1 no come\u00e7o, a&nbsp;<strong>escolha da categoria ideal<\/strong>&nbsp;para alugar, depender\u00e1 do uso que ser\u00e1 feito do ve\u00edculo. Pensando nisso, confira abaixo como cada faixa de cilindradas se comporta e para&nbsp;<strong>quais situa\u00e7\u00f5es elas s\u00e3o mais indicadas<\/strong>:<\/p>\n<h3>Carros populares (at\u00e9 1.0)<\/h3>\n<p>S\u00e3o os&nbsp;<strong>modelos mais econ\u00f4micos<\/strong>, fazendo mais quil\u00f4metros por litro de combust\u00edvel. Por\u00e9m, s\u00e3o tamb\u00e9m os&nbsp;<strong>menos potentes<\/strong>. Desse modo, s\u00e3o ideais para enfrentar o tr\u00e2nsito mais carregado das cidades, os diversos obst\u00e1culos (lombadas, sem\u00e1foros, preferenciais, por exemplo), ou para viagens curtas em estradas mais planas.<\/p>\n<p>N\u00e3o s\u00e3o os mais apropriados para&nbsp;<a href=\"https:\/\/www.carroaluguel.com\/blog\/carro-ideal-para-viajar-com-a-familia\/\"><strong>viajar com a fam\u00edlia<\/strong><\/a>&nbsp;(se ela for grande), pois tem dificuldades para encarar subidas ou fazer retomadas de velocidade quando est\u00e3o com&nbsp;<strong>muito peso<\/strong>. Tamb\u00e9m s\u00e3o&nbsp;<strong>desconfort\u00e1veis em rodovias<\/strong>, visto que precisam andar no limite para desenvolverem altas velocidades, n\u00e3o sobrando pot\u00eancia para ultrapassagens ou aclives longos.<\/p>\n<h3>Carros m\u00e9dios (1.4 ou 1.6)<\/h3>\n<p>Aliam&nbsp;<strong>pot\u00eancia e economia<\/strong>, sendo a escolha certa para quem vai viajar e pretende passear em v\u00e1rias cidades. Costumam ter um&nbsp;<strong>consumo razo\u00e1vel<\/strong>&nbsp;em ambiente urbano, e s\u00e3o confort\u00e1veis para&nbsp;<a href=\"https:\/\/www.carroaluguel.com\/blog\/perder-o-medo-de-pegar-a-estrada\/\"><strong>dirigir nas estradas<\/strong><\/a>. Principalmente para quem prefere manter uma velocidade alta e constante, sem muitas ultrapassagens.<\/p>\n<p>Oferece&nbsp;<strong>um pouco mais de pot\u00eancia<\/strong>&nbsp;para enfrentar subidas, ultrapassagens e retomadas de velocidade, mas um esfor\u00e7o maior pode ser necess\u00e1rio se o ar-condicionado estiver ligado, por exemplo.<\/p>\n<h3>Carros r\u00e1pidos (acima de 1.8)<\/h3>\n<p>Modelos com&nbsp;<strong>motores de 1.8 ou 2.0 litros<\/strong>&nbsp;s\u00e3o os que&nbsp;<strong>priorizam a pot\u00eancia<\/strong>. Andam muito bem em rodovias, oferecendo seguran\u00e7a em ultrapassagens e enfrentando aclives sem que o motorista note a diferen\u00e7a.<\/p>\n<p>Esses modelos entregam uma&nbsp;<strong>velocidade m\u00e1xima maior<\/strong>&nbsp;tamb\u00e9m, e podem rodar com o ar-condicionado ligado&nbsp;<strong>sem perda de desempenho<\/strong>. Contudo, s\u00e3o os que&nbsp;<strong>mais consomem<\/strong>, por isso n\u00e3o s\u00e3o recomendados para uso restrito \u00e0 cidade.<\/p>\n<p><strong>Pot\u00eancia e economia<\/strong>&nbsp;s\u00e3o duas caracter\u00edsticas importantes para se avaliar ao&nbsp;<strong>alugar um carro<\/strong>. Entretanto, os&nbsp;modelos mais potentes s\u00e3o menos econ\u00f4micos enquanto os que consomem menos podem ter um&nbsp;desempenho inferior. Por isso, \u00e9 importante&nbsp;<strong>pensar no uso<\/strong>&nbsp;que ser\u00e1 feito para poder&nbsp;<strong>escolher a categoria de ve\u00edculo ideal<\/strong>&nbsp;conforme as suas necessidades.<\/p>\n<p>Este artigo foi \u00fatil para voc\u00ea decidir&nbsp;<strong>qual autom\u00f3vel alugar<\/strong>&nbsp;para sua viagem? Ent\u00e3o aproveite para saber como&nbsp;<a href=\"https:\/\/www.carroaluguel.com\/blog\/devolver-o-carro-alugado-em-outra-cidade\/\"><strong>devolver o carro alugado em outra cidade<\/strong><\/a>!<\/p>\n<p>&nbsp;<\/p>\n","protected":false},"excerpt":{"rendered":"<p>\u00c9 muito comum ouvirmos nas propagandas das montadoras ou nas  [&#8230;]<\/p>\n","protected":false},"author":1,"featured_media":7384,"comment_status":"open","ping_status":"open","sticky":false,"template":"","format":"standard","meta":{"footnotes":""},"categories":[945],"tags":[],"class_list":["post-7376","post","type-post","status-publish","format-standard","has-post-thumbnail","hentry","category-aluguel-para-iniciantes"],"yoast_head":"<!-- This site is optimized with the Yoast SEO plugin v27.5 - https:\/\/yoast.com\/product\/yoast-seo-wordpress\/ -->\n<title>Pot\u00eancia ou economia? O que levar em conta ao alugar um carro?<\/title>\n<meta name=\"description\" content=\"Ao alugar um carro \u00e9 importante levar em considera\u00e7\u00e3o quest\u00f5es como o percurso, a estrada voc\u00ea ir\u00e1 trafegar e at\u00e9 mesmo, quantos quil\u00f4metros ser\u00e3o rodados. Tendo esses fatores em mente, ser\u00e1 mais f\u00e1cil achar o ve\u00edculo ideal para suas necessidades, seja ele mais econ\u00f4mico ou potente.\" \/>\n<meta name=\"robots\" content=\"index, follow, max-snippet:-1, max-image-preview:large, max-video-preview:-1\" \/>\n<link rel=\"canonical\" href=\"https:\/\/www.carroaluguel.com\/blog\/potencia-ou-economia-o-que-levar-em-conta-ao-alugar-um-carro\/\" \/>\n<meta property=\"og:locale\" content=\"pt_BR\" \/>\n<meta property=\"og:type\" content=\"article\" \/>\n<meta property=\"og:title\" content=\"Pot\u00eancia ou economia? O que levar em conta ao alugar um carro?\" \/>\n<meta property=\"og:description\" content=\"Ao alugar um carro \u00e9 importante levar em considera\u00e7\u00e3o quest\u00f5es como o percurso, a estrada voc\u00ea ir\u00e1 trafegar e at\u00e9 mesmo, quantos quil\u00f4metros ser\u00e3o rodados. Tendo esses fatores em mente, ser\u00e1 mais f\u00e1cil achar o ve\u00edculo ideal para suas necessidades, seja ele mais econ\u00f4mico ou potente.\" \/>\n<meta property=\"og:url\" content=\"https:\/\/www.carroaluguel.com\/blog\/potencia-ou-economia-o-que-levar-em-conta-ao-alugar-um-carro\/\" \/>\n<meta property=\"og:site_name\" content=\"Blog CarroAluguel\" \/>\n<meta property=\"article:publisher\" content=\"https:\/\/www.facebook.com\/CarroAluguelBR\" \/>\n<meta property=\"article:published_time\" content=\"2018-05-02T18:06:48+00:00\" \/>\n<meta property=\"article:modified_time\" content=\"2023-08-23T23:51:30+00:00\" \/>\n<meta property=\"og:image\" content=\"https:\/\/www.carroaluguel.com\/blog\/wp-content\/uploads\/2018\/05\/pexels-photo-376729-1-e1525285220745.jpeg\" \/>\n\t<meta property=\"og:image:width\" content=\"800\" \/>\n\t<meta property=\"og:image:height\" content=\"532\" \/>\n\t<meta property=\"og:image:type\" content=\"image\/jpeg\" \/>\n<meta name=\"author\" content=\"blog\" \/>\n<meta name=\"twitter:card\" content=\"summary_large_image\" \/>\n<meta name=\"twitter:creator\" content=\"@CarroAluguel\" \/>\n<meta name=\"twitter:site\" content=\"@CarroAluguel\" \/>\n<meta name=\"twitter:label1\" content=\"Escrito por\" \/>\n\t<meta name=\"twitter:data1\" content=\"blog\" \/>\n\t<meta name=\"twitter:label2\" content=\"Est. tempo de leitura\" \/>\n\t<meta name=\"twitter:data2\" content=\"7 minutos\" \/>\n<script type=\"application\/ld+json\" class=\"yoast-schema-graph\">{\"@context\":\"https:\\\/\\\/schema.org\",\"@graph\":[{\"@type\":\"Article\",\"@id\":\"https:\\\/\\\/www.carroaluguel.com\\\/blog\\\/potencia-ou-economia-o-que-levar-em-conta-ao-alugar-um-carro\\\/#article\",\"isPartOf\":{\"@id\":\"https:\\\/\\\/www.carroaluguel.com\\\/blog\\\/potencia-ou-economia-o-que-levar-em-conta-ao-alugar-um-carro\\\/\"},\"author\":{\"name\":\"blog\",\"@id\":\"https:\\\/\\\/www.carroaluguel.com\\\/blog\\\/#\\\/schema\\\/person\\\/693414c3b2423315cf90fb75439be0e1\"},\"headline\":\"Pot\u00eancia ou economia? O que levar em conta ao alugar um carro?\",\"datePublished\":\"2018-05-02T18:06:48+00:00\",\"dateModified\":\"2023-08-23T23:51:30+00:00\",\"mainEntityOfPage\":{\"@id\":\"https:\\\/\\\/www.carroaluguel.com\\\/blog\\\/potencia-ou-economia-o-que-levar-em-conta-ao-alugar-um-carro\\\/\"},\"wordCount\":1333,\"commentCount\":0,\"publisher\":{\"@id\":\"https:\\\/\\\/www.carroaluguel.com\\\/blog\\\/#organization\"},\"image\":{\"@id\":\"https:\\\/\\\/www.carroaluguel.com\\\/blog\\\/potencia-ou-economia-o-que-levar-em-conta-ao-alugar-um-carro\\\/#primaryimage\"},\"thumbnailUrl\":\"https:\\\/\\\/www.carroaluguel.com\\\/blog\\\/wp-content\\\/uploads\\\/2018\\\/05\\\/pexels-photo-376729-1-e1525285220745.jpeg\",\"articleSection\":[\"Aluguel de carros para iniciantes\"],\"inLanguage\":\"pt-BR\",\"potentialAction\":[{\"@type\":\"CommentAction\",\"name\":\"Comment\",\"target\":[\"https:\\\/\\\/www.carroaluguel.com\\\/blog\\\/potencia-ou-economia-o-que-levar-em-conta-ao-alugar-um-carro\\\/#respond\"]}]},{\"@type\":\"WebPage\",\"@id\":\"https:\\\/\\\/www.carroaluguel.com\\\/blog\\\/potencia-ou-economia-o-que-levar-em-conta-ao-alugar-um-carro\\\/\",\"url\":\"https:\\\/\\\/www.carroaluguel.com\\\/blog\\\/potencia-ou-economia-o-que-levar-em-conta-ao-alugar-um-carro\\\/\",\"name\":\"Pot\u00eancia ou economia? O que levar em conta ao alugar um carro?\",\"isPartOf\":{\"@id\":\"https:\\\/\\\/www.carroaluguel.com\\\/blog\\\/#website\"},\"primaryImageOfPage\":{\"@id\":\"https:\\\/\\\/www.carroaluguel.com\\\/blog\\\/potencia-ou-economia-o-que-levar-em-conta-ao-alugar-um-carro\\\/#primaryimage\"},\"image\":{\"@id\":\"https:\\\/\\\/www.carroaluguel.com\\\/blog\\\/potencia-ou-economia-o-que-levar-em-conta-ao-alugar-um-carro\\\/#primaryimage\"},\"thumbnailUrl\":\"https:\\\/\\\/www.carroaluguel.com\\\/blog\\\/wp-content\\\/uploads\\\/2018\\\/05\\\/pexels-photo-376729-1-e1525285220745.jpeg\",\"datePublished\":\"2018-05-02T18:06:48+00:00\",\"dateModified\":\"2023-08-23T23:51:30+00:00\",\"description\":\"Ao alugar um carro \u00e9 importante levar em considera\u00e7\u00e3o quest\u00f5es como o percurso, a estrada voc\u00ea ir\u00e1 trafegar e at\u00e9 mesmo, quantos quil\u00f4metros ser\u00e3o rodados. Tendo esses fatores em mente, ser\u00e1 mais f\u00e1cil achar o ve\u00edculo ideal para suas necessidades, seja ele mais econ\u00f4mico ou potente.\",\"breadcrumb\":{\"@id\":\"https:\\\/\\\/www.carroaluguel.com\\\/blog\\\/potencia-ou-economia-o-que-levar-em-conta-ao-alugar-um-carro\\\/#breadcrumb\"},\"inLanguage\":\"pt-BR\",\"potentialAction\":[{\"@type\":\"ReadAction\",\"target\":[\"https:\\\/\\\/www.carroaluguel.com\\\/blog\\\/potencia-ou-economia-o-que-levar-em-conta-ao-alugar-um-carro\\\/\"]}]},{\"@type\":\"ImageObject\",\"inLanguage\":\"pt-BR\",\"@id\":\"https:\\\/\\\/www.carroaluguel.com\\\/blog\\\/potencia-ou-economia-o-que-levar-em-conta-ao-alugar-um-carro\\\/#primaryimage\",\"url\":\"https:\\\/\\\/www.carroaluguel.com\\\/blog\\\/wp-content\\\/uploads\\\/2018\\\/05\\\/pexels-photo-376729-1-e1525285220745.jpeg\",\"contentUrl\":\"https:\\\/\\\/www.carroaluguel.com\\\/blog\\\/wp-content\\\/uploads\\\/2018\\\/05\\\/pexels-photo-376729-1-e1525285220745.jpeg\",\"width\":800,\"height\":532},{\"@type\":\"BreadcrumbList\",\"@id\":\"https:\\\/\\\/www.carroaluguel.com\\\/blog\\\/potencia-ou-economia-o-que-levar-em-conta-ao-alugar-um-carro\\\/#breadcrumb\",\"itemListElement\":[{\"@type\":\"ListItem\",\"position\":1,\"name\":\"Home\",\"item\":\"https:\\\/\\\/www.carroaluguel.com\\\/blog\\\/\"},{\"@type\":\"ListItem\",\"position\":2,\"name\":\"Aluguel de carros\",\"item\":\"https:\\\/\\\/www.carroaluguel.com\\\/blog\\\/category\\\/aluguel-de-carros\\\/\"},{\"@type\":\"ListItem\",\"position\":3,\"name\":\"Aluguel de carros para iniciantes\",\"item\":\"https:\\\/\\\/www.carroaluguel.com\\\/blog\\\/category\\\/aluguel-de-carros\\\/aluguel-para-iniciantes\\\/\"},{\"@type\":\"ListItem\",\"position\":4,\"name\":\"Pot\u00eancia ou economia? O que levar em conta ao alugar um carro?\"}]},{\"@type\":\"WebSite\",\"@id\":\"https:\\\/\\\/www.carroaluguel.com\\\/blog\\\/#website\",\"url\":\"https:\\\/\\\/www.carroaluguel.com\\\/blog\\\/\",\"name\":\"Blog CarroAluguel\",\"description\":\"\",\"publisher\":{\"@id\":\"https:\\\/\\\/www.carroaluguel.com\\\/blog\\\/#organization\"},\"potentialAction\":[{\"@type\":\"SearchAction\",\"target\":{\"@type\":\"EntryPoint\",\"urlTemplate\":\"https:\\\/\\\/www.carroaluguel.com\\\/blog\\\/?s={search_term_string}\"},\"query-input\":{\"@type\":\"PropertyValueSpecification\",\"valueRequired\":true,\"valueName\":\"search_term_string\"}}],\"inLanguage\":\"pt-BR\"},{\"@type\":\"Organization\",\"@id\":\"https:\\\/\\\/www.carroaluguel.com\\\/blog\\\/#organization\",\"name\":\"CarroAluguel.com\",\"url\":\"https:\\\/\\\/www.carroaluguel.com\\\/blog\\\/\",\"logo\":{\"@type\":\"ImageObject\",\"inLanguage\":\"pt-BR\",\"@id\":\"https:\\\/\\\/www.carroaluguel.com\\\/blog\\\/#\\\/schema\\\/logo\\\/image\\\/\",\"url\":\"https:\\\/\\\/www.carroaluguel.com\\\/blog\\\/wp-content\\\/uploads\\\/2023\\\/08\\\/logo-carro-aluguel-BLOG-200x54-1.png\",\"contentUrl\":\"https:\\\/\\\/www.carroaluguel.com\\\/blog\\\/wp-content\\\/uploads\\\/2023\\\/08\\\/logo-carro-aluguel-BLOG-200x54-1.png\",\"width\":200,\"height\":54,\"caption\":\"CarroAluguel.com\"},\"image\":{\"@id\":\"https:\\\/\\\/www.carroaluguel.com\\\/blog\\\/#\\\/schema\\\/logo\\\/image\\\/\"},\"sameAs\":[\"https:\\\/\\\/www.facebook.com\\\/CarroAluguelBR\",\"https:\\\/\\\/x.com\\\/CarroAluguel\",\"https:\\\/\\\/www.instagram.com\\\/carroaluguel\\\/\"]},{\"@type\":\"Person\",\"@id\":\"https:\\\/\\\/www.carroaluguel.com\\\/blog\\\/#\\\/schema\\\/person\\\/693414c3b2423315cf90fb75439be0e1\",\"name\":\"blog\",\"image\":{\"@type\":\"ImageObject\",\"inLanguage\":\"pt-BR\",\"@id\":\"https:\\\/\\\/secure.gravatar.com\\\/avatar\\\/b8a3d64fc0b21db017f462a77f2c79b24cf3db4426d602430441f37f7d2ac037?s=96&d=mm&r=g\",\"url\":\"https:\\\/\\\/secure.gravatar.com\\\/avatar\\\/b8a3d64fc0b21db017f462a77f2c79b24cf3db4426d602430441f37f7d2ac037?s=96&d=mm&r=g\",\"contentUrl\":\"https:\\\/\\\/secure.gravatar.com\\\/avatar\\\/b8a3d64fc0b21db017f462a77f2c79b24cf3db4426d602430441f37f7d2ac037?s=96&d=mm&r=g\",\"caption\":\"blog\"},\"sameAs\":[\"https:\\\/\\\/carroaluguel.com\\\/blog\"],\"url\":\"https:\\\/\\\/www.carroaluguel.com\\\/blog\\\/author\\\/blog\\\/\"}]}<\/script>\n<!-- \/ Yoast SEO plugin. -->","yoast_head_json":{"title":"Pot\u00eancia ou economia? O que levar em conta ao alugar um carro?","description":"Ao alugar um carro \u00e9 importante levar em considera\u00e7\u00e3o quest\u00f5es como o percurso, a estrada voc\u00ea ir\u00e1 trafegar e at\u00e9 mesmo, quantos quil\u00f4metros ser\u00e3o rodados. Tendo esses fatores em mente, ser\u00e1 mais f\u00e1cil achar o ve\u00edculo ideal para suas necessidades, seja ele mais econ\u00f4mico ou potente.","robots":{"index":"index","follow":"follow","max-snippet":"max-snippet:-1","max-image-preview":"max-image-preview:large","max-video-preview":"max-video-preview:-1"},"canonical":"https:\/\/www.carroaluguel.com\/blog\/potencia-ou-economia-o-que-levar-em-conta-ao-alugar-um-carro\/","og_locale":"pt_BR","og_type":"article","og_title":"Pot\u00eancia ou economia? O que levar em conta ao alugar um carro?","og_description":"Ao alugar um carro \u00e9 importante levar em considera\u00e7\u00e3o quest\u00f5es como o percurso, a estrada voc\u00ea ir\u00e1 trafegar e at\u00e9 mesmo, quantos quil\u00f4metros ser\u00e3o rodados. Tendo esses fatores em mente, ser\u00e1 mais f\u00e1cil achar o ve\u00edculo ideal para suas necessidades, seja ele mais econ\u00f4mico ou potente.","og_url":"https:\/\/www.carroaluguel.com\/blog\/potencia-ou-economia-o-que-levar-em-conta-ao-alugar-um-carro\/","og_site_name":"Blog CarroAluguel","article_publisher":"https:\/\/www.facebook.com\/CarroAluguelBR","article_published_time":"2018-05-02T18:06:48+00:00","article_modified_time":"2023-08-23T23:51:30+00:00","og_image":[{"width":800,"height":532,"url":"https:\/\/www.carroaluguel.com\/blog\/wp-content\/uploads\/2018\/05\/pexels-photo-376729-1-e1525285220745.jpeg","type":"image\/jpeg"}],"author":"blog","twitter_card":"summary_large_image","twitter_creator":"@CarroAluguel","twitter_site":"@CarroAluguel","twitter_misc":{"Escrito por":"blog","Est. tempo de leitura":"7 minutos"},"schema":{"@context":"https:\/\/schema.org","@graph":[{"@type":"Article","@id":"https:\/\/www.carroaluguel.com\/blog\/potencia-ou-economia-o-que-levar-em-conta-ao-alugar-um-carro\/#article","isPartOf":{"@id":"https:\/\/www.carroaluguel.com\/blog\/potencia-ou-economia-o-que-levar-em-conta-ao-alugar-um-carro\/"},"author":{"name":"blog","@id":"https:\/\/www.carroaluguel.com\/blog\/#\/schema\/person\/693414c3b2423315cf90fb75439be0e1"},"headline":"Pot\u00eancia ou economia? O que levar em conta ao alugar um carro?","datePublished":"2018-05-02T18:06:48+00:00","dateModified":"2023-08-23T23:51:30+00:00","mainEntityOfPage":{"@id":"https:\/\/www.carroaluguel.com\/blog\/potencia-ou-economia-o-que-levar-em-conta-ao-alugar-um-carro\/"},"wordCount":1333,"commentCount":0,"publisher":{"@id":"https:\/\/www.carroaluguel.com\/blog\/#organization"},"image":{"@id":"https:\/\/www.carroaluguel.com\/blog\/potencia-ou-economia-o-que-levar-em-conta-ao-alugar-um-carro\/#primaryimage"},"thumbnailUrl":"https:\/\/www.carroaluguel.com\/blog\/wp-content\/uploads\/2018\/05\/pexels-photo-376729-1-e1525285220745.jpeg","articleSection":["Aluguel de carros para iniciantes"],"inLanguage":"pt-BR","potentialAction":[{"@type":"CommentAction","name":"Comment","target":["https:\/\/www.carroaluguel.com\/blog\/potencia-ou-economia-o-que-levar-em-conta-ao-alugar-um-carro\/#respond"]}]},{"@type":"WebPage","@id":"https:\/\/www.carroaluguel.com\/blog\/potencia-ou-economia-o-que-levar-em-conta-ao-alugar-um-carro\/","url":"https:\/\/www.carroaluguel.com\/blog\/potencia-ou-economia-o-que-levar-em-conta-ao-alugar-um-carro\/","name":"Pot\u00eancia ou economia? O que levar em conta ao alugar um carro?","isPartOf":{"@id":"https:\/\/www.carroaluguel.com\/blog\/#website"},"primaryImageOfPage":{"@id":"https:\/\/www.carroaluguel.com\/blog\/potencia-ou-economia-o-que-levar-em-conta-ao-alugar-um-carro\/#primaryimage"},"image":{"@id":"https:\/\/www.carroaluguel.com\/blog\/potencia-ou-economia-o-que-levar-em-conta-ao-alugar-um-carro\/#primaryimage"},"thumbnailUrl":"https:\/\/www.carroaluguel.com\/blog\/wp-content\/uploads\/2018\/05\/pexels-photo-376729-1-e1525285220745.jpeg","datePublished":"2018-05-02T18:06:48+00:00","dateModified":"2023-08-23T23:51:30+00:00","description":"Ao alugar um carro \u00e9 importante levar em considera\u00e7\u00e3o quest\u00f5es como o percurso, a estrada voc\u00ea ir\u00e1 trafegar e at\u00e9 mesmo, quantos quil\u00f4metros ser\u00e3o rodados. Tendo esses fatores em mente, ser\u00e1 mais f\u00e1cil achar o ve\u00edculo ideal para suas necessidades, seja ele mais econ\u00f4mico ou potente.","breadcrumb":{"@id":"https:\/\/www.carroaluguel.com\/blog\/potencia-ou-economia-o-que-levar-em-conta-ao-alugar-um-carro\/#breadcrumb"},"inLanguage":"pt-BR","potentialAction":[{"@type":"ReadAction","target":["https:\/\/www.carroaluguel.com\/blog\/potencia-ou-economia-o-que-levar-em-conta-ao-alugar-um-carro\/"]}]},{"@type":"ImageObject","inLanguage":"pt-BR","@id":"https:\/\/www.carroaluguel.com\/blog\/potencia-ou-economia-o-que-levar-em-conta-ao-alugar-um-carro\/#primaryimage","url":"https:\/\/www.carroaluguel.com\/blog\/wp-content\/uploads\/2018\/05\/pexels-photo-376729-1-e1525285220745.jpeg","contentUrl":"https:\/\/www.carroaluguel.com\/blog\/wp-content\/uploads\/2018\/05\/pexels-photo-376729-1-e1525285220745.jpeg","width":800,"height":532},{"@type":"BreadcrumbList","@id":"https:\/\/www.carroaluguel.com\/blog\/potencia-ou-economia-o-que-levar-em-conta-ao-alugar-um-carro\/#breadcrumb","itemListElement":[{"@type":"ListItem","position":1,"name":"Home","item":"https:\/\/www.carroaluguel.com\/blog\/"},{"@type":"ListItem","position":2,"name":"Aluguel de carros","item":"https:\/\/www.carroaluguel.com\/blog\/category\/aluguel-de-carros\/"},{"@type":"ListItem","position":3,"name":"Aluguel de carros para iniciantes","item":"https:\/\/www.carroaluguel.com\/blog\/category\/aluguel-de-carros\/aluguel-para-iniciantes\/"},{"@type":"ListItem","position":4,"name":"Pot\u00eancia ou economia? O que levar em conta ao alugar um carro?"}]},{"@type":"WebSite","@id":"https:\/\/www.carroaluguel.com\/blog\/#website","url":"https:\/\/www.carroaluguel.com\/blog\/","name":"Blog CarroAluguel","description":"","publisher":{"@id":"https:\/\/www.carroaluguel.com\/blog\/#organization"},"potentialAction":[{"@type":"SearchAction","target":{"@type":"EntryPoint","urlTemplate":"https:\/\/www.carroaluguel.com\/blog\/?s={search_term_string}"},"query-input":{"@type":"PropertyValueSpecification","valueRequired":true,"valueName":"search_term_string"}}],"inLanguage":"pt-BR"},{"@type":"Organization","@id":"https:\/\/www.carroaluguel.com\/blog\/#organization","name":"CarroAluguel.com","url":"https:\/\/www.carroaluguel.com\/blog\/","logo":{"@type":"ImageObject","inLanguage":"pt-BR","@id":"https:\/\/www.carroaluguel.com\/blog\/#\/schema\/logo\/image\/","url":"https:\/\/www.carroaluguel.com\/blog\/wp-content\/uploads\/2023\/08\/logo-carro-aluguel-BLOG-200x54-1.png","contentUrl":"https:\/\/www.carroaluguel.com\/blog\/wp-content\/uploads\/2023\/08\/logo-carro-aluguel-BLOG-200x54-1.png","width":200,"height":54,"caption":"CarroAluguel.com"},"image":{"@id":"https:\/\/www.carroaluguel.com\/blog\/#\/schema\/logo\/image\/"},"sameAs":["https:\/\/www.facebook.com\/CarroAluguelBR","https:\/\/x.com\/CarroAluguel","https:\/\/www.instagram.com\/carroaluguel\/"]},{"@type":"Person","@id":"https:\/\/www.carroaluguel.com\/blog\/#\/schema\/person\/693414c3b2423315cf90fb75439be0e1","name":"blog","image":{"@type":"ImageObject","inLanguage":"pt-BR","@id":"https:\/\/secure.gravatar.com\/avatar\/b8a3d64fc0b21db017f462a77f2c79b24cf3db4426d602430441f37f7d2ac037?s=96&d=mm&r=g","url":"https:\/\/secure.gravatar.com\/avatar\/b8a3d64fc0b21db017f462a77f2c79b24cf3db4426d602430441f37f7d2ac037?s=96&d=mm&r=g","contentUrl":"https:\/\/secure.gravatar.com\/avatar\/b8a3d64fc0b21db017f462a77f2c79b24cf3db4426d602430441f37f7d2ac037?s=96&d=mm&r=g","caption":"blog"},"sameAs":["https:\/\/carroaluguel.com\/blog"],"url":"https:\/\/www.carroaluguel.com\/blog\/author\/blog\/"}]}},"_links":{"self":[{"href":"https:\/\/www.carroaluguel.com\/blog\/wp-json\/wp\/v2\/posts\/7376","targetHints":{"allow":["GET"]}}],"collection":[{"href":"https:\/\/www.carroaluguel.com\/blog\/wp-json\/wp\/v2\/posts"}],"about":[{"href":"https:\/\/www.carroaluguel.com\/blog\/wp-json\/wp\/v2\/types\/post"}],"author":[{"embeddable":true,"href":"https:\/\/www.carroaluguel.com\/blog\/wp-json\/wp\/v2\/users\/1"}],"replies":[{"embeddable":true,"href":"https:\/\/www.carroaluguel.com\/blog\/wp-json\/wp\/v2\/comments?post=7376"}],"version-history":[{"count":1,"href":"https:\/\/www.carroaluguel.com\/blog\/wp-json\/wp\/v2\/posts\/7376\/revisions"}],"predecessor-version":[{"id":9947,"href":"https:\/\/www.carroaluguel.com\/blog\/wp-json\/wp\/v2\/posts\/7376\/revisions\/9947"}],"wp:featuredmedia":[{"embeddable":true,"href":"https:\/\/www.carroaluguel.com\/blog\/wp-json\/wp\/v2\/media\/7384"}],"wp:attachment":[{"href":"https:\/\/www.carroaluguel.com\/blog\/wp-json\/wp\/v2\/media?parent=7376"}],"wp:term":[{"taxonomy":"category","embeddable":true,"href":"https:\/\/www.carroaluguel.com\/blog\/wp-json\/wp\/v2\/categories?post=7376"},{"taxonomy":"post_tag","embeddable":true,"href":"https:\/\/www.carroaluguel.com\/blog\/wp-json\/wp\/v2\/tags?post=7376"}],"curies":[{"name":"wp","href":"https:\/\/api.w.org\/{rel}","templated":true}]}}