{"id":7591,"date":"2018-08-01T13:00:19","date_gmt":"2018-08-01T13:00:19","guid":{"rendered":"https:\/\/www.carroaluguel.com\/blog\/tire-suas-duvidas-sobre-a-nova-placa-padrao-mercosul\/"},"modified":"2018-08-01T13:00:19","modified_gmt":"2018-08-01T13:00:19","slug":"tire-suas-duvidas-sobre-a-nova-placa-padrao-mercosul","status":"publish","type":"post","link":"https:\/\/www.carroaluguel.com\/blog\/tire-suas-duvidas-sobre-a-nova-placa-padrao-mercosul\/","title":{"rendered":"Tire suas d\u00favidas sobre a nova placa padr\u00e3o mercosul"},"content":{"rendered":"<p>Voc\u00ea sabia que faltam poucos meses para que as <strong>placas de ve\u00edculos brasileiros<\/strong> passem a adotar o mesmo padr\u00e3o de modelo da Argentina, do Uruguai, do Paraguai e da Venezuela? A <strong>nova placa do Mercosul<\/strong> j\u00e1 deveria ter sido adotada h\u00e1 dois anos, mas teve esse prazo prorrogado duas vezes pelo Governo Federal. Dessa vez, uma resolu\u00e7\u00e3o publicada no Di\u00e1rio Oficial da Uni\u00e3o aponta o dia <strong>1\u00ba de setembro<\/strong> como o limite para a implanta\u00e7\u00e3o da novidade.<\/p>\n<p><strong>A substitui\u00e7\u00e3o come\u00e7ar\u00e1 pelos carros zero quil\u00f4metro<\/strong>, al\u00e9m daqueles que forem transferidos de munic\u00edpio ou de dono, ou em todos os demais casos em que h\u00e1 obrigatoriedade de se trocar a identifica\u00e7\u00e3o. Nos demais casos, o prazo para uso da <strong>nova placa do Mercosul<\/strong> \u00e9 at\u00e9 o dia <strong>31 de dezembro de 2023<\/strong>.<\/p>\n<p>Mais de 100 milh\u00f5es de ve\u00edculos nos cinco pa\u00edses v\u00e3o utilizar essa padroniza\u00e7\u00e3o, ao estilo do sistema integrado j\u00e1 adotado na Uni\u00e3o Europeia. Quer tirar todas as suas d\u00favidas sobre o assunto? Fique atento \u00e0 leitura deste artigo!<\/p>\n<h2>Qual a origem do tratado?<\/h2>\n<p>Essa ideia de padroniza\u00e7\u00e3o de identifica\u00e7\u00e3o da frota de ve\u00edculos nos pa\u00edses do Mercosul \u00e9 antiga: as primeiras conversas sobre isso ocorreram ainda em 1994. O objetivo \u00e9 <strong>controlar e facilitar a circula\u00e7\u00e3o dos carros entre as fronteiras<\/strong>, pois os dados deles estar\u00e3o armazenados em um chip instalado na placa. <strong>O processo come\u00e7ou na Argentina e no Uruguai, em 2015.<\/strong><\/p>\n<p>A padroniza\u00e7\u00e3o \u00e9 justificada pelos governos dos cinco pa\u00edses pela seguran\u00e7a nas <strong><a href=\"https:\/\/www.carroaluguel.com\/blog\/regras-de-aluguel-de-carros-para-viajar\/\">viagens<\/a><\/strong> entre eles. Tamb\u00e9m para que seja mais eficiente a identifica\u00e7\u00e3o de ve\u00edculos furtados ou roubados, por exemplo, e levados para locais onde ela ser\u00e1 implantada.<\/p>\n<h2>Por que o governo suspendeu a implanta\u00e7\u00e3o?<\/h2>\n<p>A \u00faltima vez que o governo suspendeu a implementa\u00e7\u00e3o da padroniza\u00e7\u00e3o ocorreu em 2017. Na \u00e9poca, o Departamento Nacional de Tr\u00e2nsito informou que havia muitas diverg\u00eancias com respeito aos direitos trabalhistas de alguns grupos de estampadores de placas. Por isso, foi criado um grupo de trabalho que estudou a legisla\u00e7\u00e3o para que n\u00e3o houvesse, segundo o \u00f3rg\u00e3o, preju\u00edzo ao trabalho desses profissionais.<\/p>\n<h2>Como \u00e9 a nova placa do Mercosul?<\/h2>\n<p>Atualmente, <strong><a href=\"https:\/\/www.carroaluguel.com\/blog\/placas-de-carros-e-seus-significados\/\">a placa<\/a><\/strong> tem tr\u00eas letras e quatro n\u00fameros. A partir de setembro, isso ser\u00e1 invertido: <strong>quatro letras e tr\u00eas n\u00fameros, podendo ser embaralhados, a exemplo do que \u00e9 feito na Europa<\/strong>. A cor de fundo ser\u00e1 sempre branca, independente do uso do carro (mesmo os comerciais ou diplom\u00e1ticos).<\/p>\n<p>A identifica\u00e7\u00e3o deles por cores ser\u00e1 nas letras: <strong>preta para os de <a href=\"https:\/\/www.carroaluguel.com\/blog\/dicas-divertidas-para-viagem-em-familia\/\">passeio<\/a>, vermelha para os comerciais, azul para os oficiais, verde para os ve\u00edculos em teste, dourada nos diplom\u00e1ticos e prata para os carros de colecionadores<\/strong>. As medidas da placa n\u00e3o v\u00e3o mudar, permanecendo 40 cent\u00edmetros de comprimento por 13 cent\u00edmetros de largura.<\/p>\n<p>Haver\u00e1 marcas d\u2019\u00e1gua na diagonal, com o nome do Mercosul e do pa\u00eds de origem do carro. Para evitar falsifica\u00e7\u00f5es, ser\u00e1 instalada uma tira hologr\u00e1fica do lado esquerdo. Por fim, na parte superior da placa, estar\u00e1 o nome do pa\u00eds. Na lateral direita ficar\u00e3o os nomes do munic\u00edpio e do estado, al\u00e9m de seus respectivos bras\u00f5es.<\/p>\n<h2>Como obter a nova placa do Mercosul?<\/h2>\n<p><strong>As empresas autorizadas a produzir a nova placa do Mercosul ser\u00e3o credenciadas pelo Denatran<\/strong>, por meio das delegacias de tr\u00e2nsito de cada munic\u00edpio. Isso vai ser feito para que n\u00e3o haja mais diferen\u00e7as no material e em outros detalhes da patente, como ocorre atualmente. Para obter a placa padronizada, basta procurar as credenciadas e fazer o procedimento da mesma foram como ele acontece hoje em dia.<\/p>\n<h2>Como devo proceder se eu trocar de cidade ou se o carro trocar de dono?<\/h2>\n<p>A partir de 1\u00ba de setembro, como mencionamos, todas essas situa\u00e7\u00f5es j\u00e1 passar\u00e3o a ser inclu\u00eddas na resolu\u00e7\u00e3o. Isso significa que <strong>as placas que t\u00eam de ser trocadas j\u00e1 dever\u00e3o ser substitu\u00eddas pelo novo modelo<\/strong>. Quem tiver um ve\u00edculo usado, n\u00e3o se enquadrar nessas situa\u00e7\u00f5es, mas preferir antecipar a mudan\u00e7a, tamb\u00e9m estar\u00e1 autorizado a fazer isso.<\/p>\n<h2>Para que serve o chip e o QR code na nova placa?<\/h2>\n<p>A nova placa do Mercosul tem como uma de suas principais caracter\u00edsticas a <strong>instala\u00e7\u00e3o de um chip com criptografia desenvolvida especialmente para o Denatran<\/strong>. Nele, haver\u00e1 um n\u00famero de s\u00e9rie \u00fanico para cada ve\u00edculo. Assim, todos os dados sobre o autom\u00f3vel \u2014 desde a fabrica\u00e7\u00e3o at\u00e9 documenta\u00e7\u00e3o, multas e percursos \u2014 estar\u00e3o registrados, evitando problemas com clonagem de placas, por exemplo, e facilitando a localiza\u00e7\u00e3o de carros roubados.<\/p>\n<p>A tecnologia \u00e9 semelhante \u00e0 usada pelas empresas que usam pagamento por cr\u00e9ditos em ped\u00e1gios e estacionamentos. <strong>Essas informa\u00e7\u00f5es ser\u00e3o captadas por meio de antenas instaladas em locais estrat\u00e9gicos<\/strong>. Os chips permitir\u00e3o a identifica\u00e7\u00e3o dos carros por radiofrequ\u00eancia, o que permite a fiscaliza\u00e7\u00e3o, a verifica\u00e7\u00e3o de dados como licenciamento, multas e IPVA, entre outros.<\/p>\n<p><strong>Os procedimentos de aduana para os ve\u00edculos comerciais tamb\u00e9m prometem ser beneficiados<\/strong> pelo uso da nova placa do Mercosul, em especial pela desburocratiza\u00e7\u00e3o dos processos e pela maior agilidade na identifica\u00e7\u00e3o dos carros. Al\u00e9m da marca d\u2019\u00e1gua e do chip, tamb\u00e9m haver\u00e1 um <strong>QR code com a identifica\u00e7\u00e3o da empresa que fabricou a placa<\/strong>, a data e o n\u00famero de s\u00e9rie. Isso tamb\u00e9m deve dificultar a a\u00e7\u00e3o de falsificadores.<\/p>\n<h2>Vai ser preciso usar o lacre?<\/h2>\n<p>Com toda essa tecnologia implantada, n\u00e3o ser\u00e1 mais preciso que as placas venham acompanhadas do lacre. Isso deve trazer alguma economia ao bolso dos motoristas, j\u00e1 que ele frequentemente se rompia, tendo de ser substitu\u00eddo para n\u00e3o gerar <strong><a href=\"https:\/\/www.carroaluguel.com\/blog\/como-regularizar-cnh-apos-exceder-a-pontuacao\/\">infra\u00e7\u00e3o<\/a><\/strong> e multa para o motorista.<\/p>\n<h2>Qual ser\u00e1 o pre\u00e7o da nova placa do Mercosul?<\/h2>\n<p>Essa \u00e9 uma das \u00fanicas informa\u00e7\u00f5es ainda n\u00e3o reveladas nem pelos \u00f3rg\u00e3os de tr\u00e2nsito, nem pelas empresas credenciadas que far\u00e3o a troca do material. Uma estimativa feita por especialistas aponta que ela <strong>custar\u00e1 entre R$ 120,00 e R$ 200,00<\/strong>.<\/p>\n<p>Toda mudan\u00e7a referente \u00e0 sinaliza\u00e7\u00e3o dos ve\u00edculos acaba, num primeiro momento, causando d\u00favidas aos motoristas. Foi semelhante com a implanta\u00e7\u00e3o da <strong><a href=\"https:\/\/www.carroaluguel.com\/blog\/tudo-sobre-carteira-de-motorista-digital\/\">carteira de habilita\u00e7\u00e3o digital<\/a><\/strong>. Mas a padroniza\u00e7\u00e3o desse modelo a ser usada nesses cinco pa\u00edses do Mercosul promete <strong>reduzir a burocracia, aumentar a seguran\u00e7a e facilitar o trabalho dos \u00f3rg\u00e3os de tr\u00e2nsito<\/strong>.<\/p>\n<p>Voc\u00ea tem alguma d\u00favida sobre como obter a <strong>nova placa do Mercosul<\/strong>? Tem alguma dica para quem vai tirar a sua? <strong>Deixe um coment\u00e1rio no post<\/strong> e vamos trocar experi\u00eancias!<\/p>\n","protected":false},"excerpt":{"rendered":"<p>Voc\u00ea sabia que faltam poucos meses para que as placas  [&#8230;]<\/p>\n","protected":false},"author":1,"featured_media":7594,"comment_status":"open","ping_status":"open","sticky":false,"template":"","format":"standard","meta":{"footnotes":""},"categories":[316],"tags":[],"class_list":["post-7591","post","type-post","status-publish","format-standard","has-post-thumbnail","hentry","category-dicas"],"yoast_head":"<!-- This site is optimized with the Yoast SEO plugin v27.5 - https:\/\/yoast.com\/product\/yoast-seo-wordpress\/ -->\n<title>Tire suas d\u00favidas sobre a nova placa padr\u00e3o mercosul<\/title>\n<meta name=\"robots\" content=\"index, follow, max-snippet:-1, max-image-preview:large, max-video-preview:-1\" \/>\n<link rel=\"canonical\" href=\"https:\/\/www.carroaluguel.com\/blog\/tire-suas-duvidas-sobre-a-nova-placa-padrao-mercosul\/\" \/>\n<meta property=\"og:locale\" content=\"pt_BR\" \/>\n<meta property=\"og:type\" content=\"article\" \/>\n<meta property=\"og:title\" content=\"Tire suas d\u00favidas sobre a nova placa padr\u00e3o mercosul\" \/>\n<meta property=\"og:description\" content=\"Voc\u00ea sabia que faltam poucos meses para que as placas [...]\" \/>\n<meta property=\"og:url\" content=\"https:\/\/www.carroaluguel.com\/blog\/tire-suas-duvidas-sobre-a-nova-placa-padrao-mercosul\/\" \/>\n<meta property=\"og:site_name\" content=\"Blog CarroAluguel\" \/>\n<meta property=\"article:publisher\" content=\"https:\/\/www.facebook.com\/CarroAluguelBR\" \/>\n<meta property=\"article:published_time\" content=\"2018-08-01T13:00:19+00:00\" \/>\n<meta property=\"og:image\" content=\"https:\/\/www.carroaluguel.com\/blog\/wp-content\/uploads\/2018\/08\/capa-para-blog-placa-mercosul.png\" \/>\n\t<meta property=\"og:image:width\" content=\"765\" \/>\n\t<meta property=\"og:image:height\" content=\"480\" \/>\n\t<meta property=\"og:image:type\" content=\"image\/png\" \/>\n<meta name=\"author\" content=\"blog\" \/>\n<meta name=\"twitter:card\" content=\"summary_large_image\" \/>\n<meta name=\"twitter:creator\" content=\"@CarroAluguel\" \/>\n<meta name=\"twitter:site\" content=\"@CarroAluguel\" \/>\n<meta name=\"twitter:label1\" content=\"Escrito por\" \/>\n\t<meta name=\"twitter:data1\" content=\"blog\" \/>\n\t<meta name=\"twitter:label2\" content=\"Est. tempo de leitura\" \/>\n\t<meta name=\"twitter:data2\" content=\"6 minutos\" \/>\n<script type=\"application\/ld+json\" class=\"yoast-schema-graph\">{\"@context\":\"https:\\\/\\\/schema.org\",\"@graph\":[{\"@type\":\"Article\",\"@id\":\"https:\\\/\\\/www.carroaluguel.com\\\/blog\\\/tire-suas-duvidas-sobre-a-nova-placa-padrao-mercosul\\\/#article\",\"isPartOf\":{\"@id\":\"https:\\\/\\\/www.carroaluguel.com\\\/blog\\\/tire-suas-duvidas-sobre-a-nova-placa-padrao-mercosul\\\/\"},\"author\":{\"name\":\"blog\",\"@id\":\"https:\\\/\\\/www.carroaluguel.com\\\/blog\\\/#\\\/schema\\\/person\\\/693414c3b2423315cf90fb75439be0e1\"},\"headline\":\"Tire suas d\u00favidas sobre a nova placa padr\u00e3o mercosul\",\"datePublished\":\"2018-08-01T13:00:19+00:00\",\"mainEntityOfPage\":{\"@id\":\"https:\\\/\\\/www.carroaluguel.com\\\/blog\\\/tire-suas-duvidas-sobre-a-nova-placa-padrao-mercosul\\\/\"},\"wordCount\":1155,\"commentCount\":0,\"publisher\":{\"@id\":\"https:\\\/\\\/www.carroaluguel.com\\\/blog\\\/#organization\"},\"image\":{\"@id\":\"https:\\\/\\\/www.carroaluguel.com\\\/blog\\\/tire-suas-duvidas-sobre-a-nova-placa-padrao-mercosul\\\/#primaryimage\"},\"thumbnailUrl\":\"https:\\\/\\\/www.carroaluguel.com\\\/blog\\\/wp-content\\\/uploads\\\/2018\\\/08\\\/capa-para-blog-placa-mercosul.png\",\"articleSection\":[\"Dicas\"],\"inLanguage\":\"pt-BR\",\"potentialAction\":[{\"@type\":\"CommentAction\",\"name\":\"Comment\",\"target\":[\"https:\\\/\\\/www.carroaluguel.com\\\/blog\\\/tire-suas-duvidas-sobre-a-nova-placa-padrao-mercosul\\\/#respond\"]}]},{\"@type\":\"WebPage\",\"@id\":\"https:\\\/\\\/www.carroaluguel.com\\\/blog\\\/tire-suas-duvidas-sobre-a-nova-placa-padrao-mercosul\\\/\",\"url\":\"https:\\\/\\\/www.carroaluguel.com\\\/blog\\\/tire-suas-duvidas-sobre-a-nova-placa-padrao-mercosul\\\/\",\"name\":\"Tire suas d\u00favidas sobre a nova placa padr\u00e3o mercosul\",\"isPartOf\":{\"@id\":\"https:\\\/\\\/www.carroaluguel.com\\\/blog\\\/#website\"},\"primaryImageOfPage\":{\"@id\":\"https:\\\/\\\/www.carroaluguel.com\\\/blog\\\/tire-suas-duvidas-sobre-a-nova-placa-padrao-mercosul\\\/#primaryimage\"},\"image\":{\"@id\":\"https:\\\/\\\/www.carroaluguel.com\\\/blog\\\/tire-suas-duvidas-sobre-a-nova-placa-padrao-mercosul\\\/#primaryimage\"},\"thumbnailUrl\":\"https:\\\/\\\/www.carroaluguel.com\\\/blog\\\/wp-content\\\/uploads\\\/2018\\\/08\\\/capa-para-blog-placa-mercosul.png\",\"datePublished\":\"2018-08-01T13:00:19+00:00\",\"breadcrumb\":{\"@id\":\"https:\\\/\\\/www.carroaluguel.com\\\/blog\\\/tire-suas-duvidas-sobre-a-nova-placa-padrao-mercosul\\\/#breadcrumb\"},\"inLanguage\":\"pt-BR\",\"potentialAction\":[{\"@type\":\"ReadAction\",\"target\":[\"https:\\\/\\\/www.carroaluguel.com\\\/blog\\\/tire-suas-duvidas-sobre-a-nova-placa-padrao-mercosul\\\/\"]}]},{\"@type\":\"ImageObject\",\"inLanguage\":\"pt-BR\",\"@id\":\"https:\\\/\\\/www.carroaluguel.com\\\/blog\\\/tire-suas-duvidas-sobre-a-nova-placa-padrao-mercosul\\\/#primaryimage\",\"url\":\"https:\\\/\\\/www.carroaluguel.com\\\/blog\\\/wp-content\\\/uploads\\\/2018\\\/08\\\/capa-para-blog-placa-mercosul.png\",\"contentUrl\":\"https:\\\/\\\/www.carroaluguel.com\\\/blog\\\/wp-content\\\/uploads\\\/2018\\\/08\\\/capa-para-blog-placa-mercosul.png\",\"width\":765,\"height\":480},{\"@type\":\"BreadcrumbList\",\"@id\":\"https:\\\/\\\/www.carroaluguel.com\\\/blog\\\/tire-suas-duvidas-sobre-a-nova-placa-padrao-mercosul\\\/#breadcrumb\",\"itemListElement\":[{\"@type\":\"ListItem\",\"position\":1,\"name\":\"Home\",\"item\":\"https:\\\/\\\/www.carroaluguel.com\\\/blog\\\/\"},{\"@type\":\"ListItem\",\"position\":2,\"name\":\"Dicas\",\"item\":\"https:\\\/\\\/www.carroaluguel.com\\\/blog\\\/category\\\/dicas\\\/\"},{\"@type\":\"ListItem\",\"position\":3,\"name\":\"Tire suas d\u00favidas sobre a nova placa padr\u00e3o mercosul\"}]},{\"@type\":\"WebSite\",\"@id\":\"https:\\\/\\\/www.carroaluguel.com\\\/blog\\\/#website\",\"url\":\"https:\\\/\\\/www.carroaluguel.com\\\/blog\\\/\",\"name\":\"Blog CarroAluguel\",\"description\":\"\",\"publisher\":{\"@id\":\"https:\\\/\\\/www.carroaluguel.com\\\/blog\\\/#organization\"},\"potentialAction\":[{\"@type\":\"SearchAction\",\"target\":{\"@type\":\"EntryPoint\",\"urlTemplate\":\"https:\\\/\\\/www.carroaluguel.com\\\/blog\\\/?s={search_term_string}\"},\"query-input\":{\"@type\":\"PropertyValueSpecification\",\"valueRequired\":true,\"valueName\":\"search_term_string\"}}],\"inLanguage\":\"pt-BR\"},{\"@type\":\"Organization\",\"@id\":\"https:\\\/\\\/www.carroaluguel.com\\\/blog\\\/#organization\",\"name\":\"CarroAluguel.com\",\"url\":\"https:\\\/\\\/www.carroaluguel.com\\\/blog\\\/\",\"logo\":{\"@type\":\"ImageObject\",\"inLanguage\":\"pt-BR\",\"@id\":\"https:\\\/\\\/www.carroaluguel.com\\\/blog\\\/#\\\/schema\\\/logo\\\/image\\\/\",\"url\":\"https:\\\/\\\/www.carroaluguel.com\\\/blog\\\/wp-content\\\/uploads\\\/2023\\\/08\\\/logo-carro-aluguel-BLOG-200x54-1.png\",\"contentUrl\":\"https:\\\/\\\/www.carroaluguel.com\\\/blog\\\/wp-content\\\/uploads\\\/2023\\\/08\\\/logo-carro-aluguel-BLOG-200x54-1.png\",\"width\":200,\"height\":54,\"caption\":\"CarroAluguel.com\"},\"image\":{\"@id\":\"https:\\\/\\\/www.carroaluguel.com\\\/blog\\\/#\\\/schema\\\/logo\\\/image\\\/\"},\"sameAs\":[\"https:\\\/\\\/www.facebook.com\\\/CarroAluguelBR\",\"https:\\\/\\\/x.com\\\/CarroAluguel\",\"https:\\\/\\\/www.instagram.com\\\/carroaluguel\\\/\"]},{\"@type\":\"Person\",\"@id\":\"https:\\\/\\\/www.carroaluguel.com\\\/blog\\\/#\\\/schema\\\/person\\\/693414c3b2423315cf90fb75439be0e1\",\"name\":\"blog\",\"image\":{\"@type\":\"ImageObject\",\"inLanguage\":\"pt-BR\",\"@id\":\"https:\\\/\\\/secure.gravatar.com\\\/avatar\\\/b8a3d64fc0b21db017f462a77f2c79b24cf3db4426d602430441f37f7d2ac037?s=96&d=mm&r=g\",\"url\":\"https:\\\/\\\/secure.gravatar.com\\\/avatar\\\/b8a3d64fc0b21db017f462a77f2c79b24cf3db4426d602430441f37f7d2ac037?s=96&d=mm&r=g\",\"contentUrl\":\"https:\\\/\\\/secure.gravatar.com\\\/avatar\\\/b8a3d64fc0b21db017f462a77f2c79b24cf3db4426d602430441f37f7d2ac037?s=96&d=mm&r=g\",\"caption\":\"blog\"},\"sameAs\":[\"https:\\\/\\\/carroaluguel.com\\\/blog\"],\"url\":\"https:\\\/\\\/www.carroaluguel.com\\\/blog\\\/author\\\/blog\\\/\"}]}<\/script>\n<!-- \/ Yoast SEO plugin. -->","yoast_head_json":{"title":"Tire suas d\u00favidas sobre a nova placa padr\u00e3o mercosul","robots":{"index":"index","follow":"follow","max-snippet":"max-snippet:-1","max-image-preview":"max-image-preview:large","max-video-preview":"max-video-preview:-1"},"canonical":"https:\/\/www.carroaluguel.com\/blog\/tire-suas-duvidas-sobre-a-nova-placa-padrao-mercosul\/","og_locale":"pt_BR","og_type":"article","og_title":"Tire suas d\u00favidas sobre a nova placa padr\u00e3o mercosul","og_description":"Voc\u00ea sabia que faltam poucos meses para que as placas [...]","og_url":"https:\/\/www.carroaluguel.com\/blog\/tire-suas-duvidas-sobre-a-nova-placa-padrao-mercosul\/","og_site_name":"Blog CarroAluguel","article_publisher":"https:\/\/www.facebook.com\/CarroAluguelBR","article_published_time":"2018-08-01T13:00:19+00:00","og_image":[{"width":765,"height":480,"url":"https:\/\/www.carroaluguel.com\/blog\/wp-content\/uploads\/2018\/08\/capa-para-blog-placa-mercosul.png","type":"image\/png"}],"author":"blog","twitter_card":"summary_large_image","twitter_creator":"@CarroAluguel","twitter_site":"@CarroAluguel","twitter_misc":{"Escrito por":"blog","Est. tempo de leitura":"6 minutos"},"schema":{"@context":"https:\/\/schema.org","@graph":[{"@type":"Article","@id":"https:\/\/www.carroaluguel.com\/blog\/tire-suas-duvidas-sobre-a-nova-placa-padrao-mercosul\/#article","isPartOf":{"@id":"https:\/\/www.carroaluguel.com\/blog\/tire-suas-duvidas-sobre-a-nova-placa-padrao-mercosul\/"},"author":{"name":"blog","@id":"https:\/\/www.carroaluguel.com\/blog\/#\/schema\/person\/693414c3b2423315cf90fb75439be0e1"},"headline":"Tire suas d\u00favidas sobre a nova placa padr\u00e3o mercosul","datePublished":"2018-08-01T13:00:19+00:00","mainEntityOfPage":{"@id":"https:\/\/www.carroaluguel.com\/blog\/tire-suas-duvidas-sobre-a-nova-placa-padrao-mercosul\/"},"wordCount":1155,"commentCount":0,"publisher":{"@id":"https:\/\/www.carroaluguel.com\/blog\/#organization"},"image":{"@id":"https:\/\/www.carroaluguel.com\/blog\/tire-suas-duvidas-sobre-a-nova-placa-padrao-mercosul\/#primaryimage"},"thumbnailUrl":"https:\/\/www.carroaluguel.com\/blog\/wp-content\/uploads\/2018\/08\/capa-para-blog-placa-mercosul.png","articleSection":["Dicas"],"inLanguage":"pt-BR","potentialAction":[{"@type":"CommentAction","name":"Comment","target":["https:\/\/www.carroaluguel.com\/blog\/tire-suas-duvidas-sobre-a-nova-placa-padrao-mercosul\/#respond"]}]},{"@type":"WebPage","@id":"https:\/\/www.carroaluguel.com\/blog\/tire-suas-duvidas-sobre-a-nova-placa-padrao-mercosul\/","url":"https:\/\/www.carroaluguel.com\/blog\/tire-suas-duvidas-sobre-a-nova-placa-padrao-mercosul\/","name":"Tire suas d\u00favidas sobre a nova placa padr\u00e3o mercosul","isPartOf":{"@id":"https:\/\/www.carroaluguel.com\/blog\/#website"},"primaryImageOfPage":{"@id":"https:\/\/www.carroaluguel.com\/blog\/tire-suas-duvidas-sobre-a-nova-placa-padrao-mercosul\/#primaryimage"},"image":{"@id":"https:\/\/www.carroaluguel.com\/blog\/tire-suas-duvidas-sobre-a-nova-placa-padrao-mercosul\/#primaryimage"},"thumbnailUrl":"https:\/\/www.carroaluguel.com\/blog\/wp-content\/uploads\/2018\/08\/capa-para-blog-placa-mercosul.png","datePublished":"2018-08-01T13:00:19+00:00","breadcrumb":{"@id":"https:\/\/www.carroaluguel.com\/blog\/tire-suas-duvidas-sobre-a-nova-placa-padrao-mercosul\/#breadcrumb"},"inLanguage":"pt-BR","potentialAction":[{"@type":"ReadAction","target":["https:\/\/www.carroaluguel.com\/blog\/tire-suas-duvidas-sobre-a-nova-placa-padrao-mercosul\/"]}]},{"@type":"ImageObject","inLanguage":"pt-BR","@id":"https:\/\/www.carroaluguel.com\/blog\/tire-suas-duvidas-sobre-a-nova-placa-padrao-mercosul\/#primaryimage","url":"https:\/\/www.carroaluguel.com\/blog\/wp-content\/uploads\/2018\/08\/capa-para-blog-placa-mercosul.png","contentUrl":"https:\/\/www.carroaluguel.com\/blog\/wp-content\/uploads\/2018\/08\/capa-para-blog-placa-mercosul.png","width":765,"height":480},{"@type":"BreadcrumbList","@id":"https:\/\/www.carroaluguel.com\/blog\/tire-suas-duvidas-sobre-a-nova-placa-padrao-mercosul\/#breadcrumb","itemListElement":[{"@type":"ListItem","position":1,"name":"Home","item":"https:\/\/www.carroaluguel.com\/blog\/"},{"@type":"ListItem","position":2,"name":"Dicas","item":"https:\/\/www.carroaluguel.com\/blog\/category\/dicas\/"},{"@type":"ListItem","position":3,"name":"Tire suas d\u00favidas sobre a nova placa padr\u00e3o mercosul"}]},{"@type":"WebSite","@id":"https:\/\/www.carroaluguel.com\/blog\/#website","url":"https:\/\/www.carroaluguel.com\/blog\/","name":"Blog CarroAluguel","description":"","publisher":{"@id":"https:\/\/www.carroaluguel.com\/blog\/#organization"},"potentialAction":[{"@type":"SearchAction","target":{"@type":"EntryPoint","urlTemplate":"https:\/\/www.carroaluguel.com\/blog\/?s={search_term_string}"},"query-input":{"@type":"PropertyValueSpecification","valueRequired":true,"valueName":"search_term_string"}}],"inLanguage":"pt-BR"},{"@type":"Organization","@id":"https:\/\/www.carroaluguel.com\/blog\/#organization","name":"CarroAluguel.com","url":"https:\/\/www.carroaluguel.com\/blog\/","logo":{"@type":"ImageObject","inLanguage":"pt-BR","@id":"https:\/\/www.carroaluguel.com\/blog\/#\/schema\/logo\/image\/","url":"https:\/\/www.carroaluguel.com\/blog\/wp-content\/uploads\/2023\/08\/logo-carro-aluguel-BLOG-200x54-1.png","contentUrl":"https:\/\/www.carroaluguel.com\/blog\/wp-content\/uploads\/2023\/08\/logo-carro-aluguel-BLOG-200x54-1.png","width":200,"height":54,"caption":"CarroAluguel.com"},"image":{"@id":"https:\/\/www.carroaluguel.com\/blog\/#\/schema\/logo\/image\/"},"sameAs":["https:\/\/www.facebook.com\/CarroAluguelBR","https:\/\/x.com\/CarroAluguel","https:\/\/www.instagram.com\/carroaluguel\/"]},{"@type":"Person","@id":"https:\/\/www.carroaluguel.com\/blog\/#\/schema\/person\/693414c3b2423315cf90fb75439be0e1","name":"blog","image":{"@type":"ImageObject","inLanguage":"pt-BR","@id":"https:\/\/secure.gravatar.com\/avatar\/b8a3d64fc0b21db017f462a77f2c79b24cf3db4426d602430441f37f7d2ac037?s=96&d=mm&r=g","url":"https:\/\/secure.gravatar.com\/avatar\/b8a3d64fc0b21db017f462a77f2c79b24cf3db4426d602430441f37f7d2ac037?s=96&d=mm&r=g","contentUrl":"https:\/\/secure.gravatar.com\/avatar\/b8a3d64fc0b21db017f462a77f2c79b24cf3db4426d602430441f37f7d2ac037?s=96&d=mm&r=g","caption":"blog"},"sameAs":["https:\/\/carroaluguel.com\/blog"],"url":"https:\/\/www.carroaluguel.com\/blog\/author\/blog\/"}]}},"_links":{"self":[{"href":"https:\/\/www.carroaluguel.com\/blog\/wp-json\/wp\/v2\/posts\/7591","targetHints":{"allow":["GET"]}}],"collection":[{"href":"https:\/\/www.carroaluguel.com\/blog\/wp-json\/wp\/v2\/posts"}],"about":[{"href":"https:\/\/www.carroaluguel.com\/blog\/wp-json\/wp\/v2\/types\/post"}],"author":[{"embeddable":true,"href":"https:\/\/www.carroaluguel.com\/blog\/wp-json\/wp\/v2\/users\/1"}],"replies":[{"embeddable":true,"href":"https:\/\/www.carroaluguel.com\/blog\/wp-json\/wp\/v2\/comments?post=7591"}],"version-history":[{"count":0,"href":"https:\/\/www.carroaluguel.com\/blog\/wp-json\/wp\/v2\/posts\/7591\/revisions"}],"wp:featuredmedia":[{"embeddable":true,"href":"https:\/\/www.carroaluguel.com\/blog\/wp-json\/wp\/v2\/media\/7594"}],"wp:attachment":[{"href":"https:\/\/www.carroaluguel.com\/blog\/wp-json\/wp\/v2\/media?parent=7591"}],"wp:term":[{"taxonomy":"category","embeddable":true,"href":"https:\/\/www.carroaluguel.com\/blog\/wp-json\/wp\/v2\/categories?post=7591"},{"taxonomy":"post_tag","embeddable":true,"href":"https:\/\/www.carroaluguel.com\/blog\/wp-json\/wp\/v2\/tags?post=7591"}],"curies":[{"name":"wp","href":"https:\/\/api.w.org\/{rel}","templated":true}]}}