{"id":8002,"date":"2019-03-20T08:00:35","date_gmt":"2019-03-20T08:00:35","guid":{"rendered":"https:\/\/www.carroaluguel.com\/blog\/?p=8002"},"modified":"2025-12-04T19:31:42","modified_gmt":"2025-12-04T19:31:42","slug":"placa-padrao-mercosul-entenda-o-uso-para-veiculos-brasileiros","status":"publish","type":"post","link":"https:\/\/www.carroaluguel.com\/blog\/placa-padrao-mercosul-entenda-o-uso-para-veiculos-brasileiros\/","title":{"rendered":"Placa padr\u00e3o Mercosul: entenda o uso para ve\u00edculos brasileiros"},"content":{"rendered":"<div class=\"fusion-fullwidth fullwidth-box fusion-builder-row-1 fusion-flex-container nonhundred-percent-fullwidth non-hundred-percent-height-scrolling\" style=\"--awb-border-radius-top-left:0px;--awb-border-radius-top-right:0px;--awb-border-radius-bottom-right:0px;--awb-border-radius-bottom-left:0px;--awb-flex-wrap:wrap;\" ><div class=\"fusion-builder-row fusion-row fusion-flex-align-items-flex-start fusion-flex-content-wrap\" style=\"max-width:1302px;margin-left: calc(-5% \/ 2 );margin-right: calc(-5% \/ 2 );\"><div class=\"fusion-layout-column fusion_builder_column fusion-builder-column-0 fusion_builder_column_1_1 1_1 fusion-flex-column\" style=\"--awb-bg-size:cover;--awb-width-large:100%;--awb-margin-top-large:0px;--awb-spacing-right-large:2.375%;--awb-margin-bottom-large:0px;--awb-spacing-left-large:2.375%;--awb-width-medium:100%;--awb-spacing-right-medium:2.375%;--awb-spacing-left-medium:2.375%;--awb-width-small:100%;--awb-spacing-right-small:2.375%;--awb-spacing-left-small:2.375%;\"><div class=\"fusion-column-wrapper fusion-flex-justify-content-flex-start fusion-content-layout-column\"><div class=\"fusion-text fusion-text-1\"><p><span style=\"font-weight: 400;\">A placa padr\u00e3o Mercosul tem gerado muitas d\u00favidas para os motoristas brasileiros, por isso, resolvemos disponibilizar um guia repleto de informa\u00e7\u00f5es relevantes, como: a origem, os motivos da implementa\u00e7\u00e3o, como adquirir a sua, onde est\u00e1 valendo, e muito mais. Continue a leitura para ficar por dentro desse assunto.<\/span><\/p>\n<p>&nbsp;<\/p>\n<p><strong>A origem<\/strong><\/p>\n<p><span style=\"font-weight: 400;\">A ideia de criar uma placa \u00fanica existe desde 1994, e como h\u00e1 livre circula\u00e7\u00e3o de autom\u00f3veis entre os pa\u00edses do grupo, sua fun\u00e7\u00e3o \u00e9 padronizar os ve\u00edculos destes, facilitando a fiscaliza\u00e7\u00e3o do tr\u00e2nsito e inibindo fraudes e roubos de carros.<\/span><\/p>\n<p>&nbsp;<\/p>\n<p><strong>Por que a suspens\u00e3o da implementa\u00e7\u00e3o?<\/strong><\/p>\n<p><span style=\"font-weight: 400;\">Em outubro, a Justi\u00e7a Federal tinha suspendido o uso das placas do Mercosul no pa\u00eds, ap\u00f3s apontarem a falta de um sistema integrado de informa\u00e7\u00f5es e credenciamento dos fabricantes.<\/span><\/p>\n<p>&nbsp;<\/p>\n<p><strong>Como obter a nova placa?<\/strong><\/p>\n<p><span style=\"font-weight: 400;\">O Denatran ficar\u00e1 respons\u00e1vel por credenciar as empresas que ir\u00e3o produzir a placa. Assim, como j\u00e1 funciona atualmente, basta procurar uma dessas empresas para realizar o procedimento de troca.<\/span><\/p>\n<p>&nbsp;<\/p>\n<p><strong>Mudan\u00e7a na regra<\/strong><\/p>\n<p><span style=\"font-weight: 400;\">N\u00e3o ser\u00e1 mais necess\u00e1rio usar o lacre, pois a nova placa possui marca d\u2019\u00e1gua, chip com n\u00famero de s\u00e9rie e dados do autom\u00f3vel, al\u00e9m de um QR Code com refer\u00eancias do fabricante da pe\u00e7a.&nbsp;<\/span><\/p>\n<p>&nbsp;<\/p>\n<p><strong>Onde j\u00e1 est\u00e1 valendo?<\/strong><\/p>\n<p><span style=\"font-weight: 400;\">Uruguai e Argentina j\u00e1 adotaram a nova regra. Aqui no Brasil, o Denatran come\u00e7ou pelo estado do Rio de Janeiro, oferecendo as primeiras 27 mil placas que cont\u00e9m a inicial RIO em homenagem ao estado. Tamb\u00e9m ser\u00e3o identificadas por cor, como \u00e9 atualmente, s\u00f3 de forma diferente.&nbsp;<\/span><\/p>\n<p>&nbsp;<\/p>\n<p><strong>Pre\u00e7o no Brasil \u00e9 o mais caro entre os pa\u00edses<\/strong><\/p>\n<p><span style=\"font-weight: 400;\">O valor de venda no Brasil \u00e9 o maior at\u00e9 agora. No Rio de Janeiro, onde j\u00e1 come\u00e7ou a ser implantado, o pre\u00e7o chega a R$219,35 reais, enquanto em outros pa\u00edses \u00e9 cobrado bem mais baixo.<\/span><\/p>\n<p>&nbsp;<\/p>\n<\/div><\/div><\/div><\/div><\/div>\n","protected":false},"excerpt":{"rendered":"","protected":false},"author":1,"featured_media":8004,"comment_status":"open","ping_status":"open","sticky":false,"template":"","format":"standard","meta":{"footnotes":""},"categories":[316],"tags":[],"class_list":["post-8002","post","type-post","status-publish","format-standard","has-post-thumbnail","hentry","category-dicas"],"yoast_head":"<!-- This site is optimized with the Yoast SEO plugin v27.5 - https:\/\/yoast.com\/product\/yoast-seo-wordpress\/ -->\n<title>Placa padr\u00e3o Mercosul: entenda o uso para ve\u00edculos brasileiros<\/title>\n<meta name=\"description\" content=\"Tudo que voc\u00ea precisa saber sobre a A placa padr\u00e3o Mercosul: a origem, a implementa\u00e7\u00e3o, como adquirir a sua, onde est\u00e1 valendo e muito mais.\" \/>\n<meta name=\"robots\" content=\"index, follow, max-snippet:-1, max-image-preview:large, max-video-preview:-1\" \/>\n<link rel=\"canonical\" href=\"https:\/\/www.carroaluguel.com\/blog\/placa-padrao-mercosul-entenda-o-uso-para-veiculos-brasileiros\/\" \/>\n<meta property=\"og:locale\" content=\"pt_BR\" \/>\n<meta property=\"og:type\" content=\"article\" \/>\n<meta property=\"og:title\" content=\"Placa padr\u00e3o Mercosul: entenda o uso para ve\u00edculos brasileiros\" \/>\n<meta property=\"og:description\" content=\"Tudo que voc\u00ea precisa saber sobre a A placa padr\u00e3o Mercosul: a origem, a implementa\u00e7\u00e3o, como adquirir a sua, onde est\u00e1 valendo e muito mais.\" \/>\n<meta property=\"og:url\" content=\"https:\/\/www.carroaluguel.com\/blog\/placa-padrao-mercosul-entenda-o-uso-para-veiculos-brasileiros\/\" \/>\n<meta property=\"og:site_name\" content=\"Blog CarroAluguel\" \/>\n<meta property=\"article:publisher\" content=\"https:\/\/www.facebook.com\/CarroAluguelBR\" \/>\n<meta property=\"article:published_time\" content=\"2019-03-20T08:00:35+00:00\" \/>\n<meta property=\"article:modified_time\" content=\"2025-12-04T19:31:42+00:00\" \/>\n<meta property=\"og:image\" content=\"https:\/\/www.carroaluguel.com\/blog\/wp-content\/uploads\/2019\/02\/7xsad.jpg\" \/>\n\t<meta property=\"og:image:width\" content=\"1000\" \/>\n\t<meta property=\"og:image:height\" content=\"706\" \/>\n\t<meta property=\"og:image:type\" content=\"image\/jpeg\" \/>\n<meta name=\"author\" content=\"blog\" \/>\n<meta name=\"twitter:card\" content=\"summary_large_image\" \/>\n<meta name=\"twitter:creator\" content=\"@CarroAluguel\" \/>\n<meta name=\"twitter:site\" content=\"@CarroAluguel\" \/>\n<meta name=\"twitter:label1\" content=\"Escrito por\" \/>\n\t<meta name=\"twitter:data1\" content=\"blog\" \/>\n\t<meta name=\"twitter:label2\" content=\"Est. tempo de leitura\" \/>\n\t<meta name=\"twitter:data2\" content=\"2 minutos\" \/>\n<script type=\"application\/ld+json\" class=\"yoast-schema-graph\">{\"@context\":\"https:\\\/\\\/schema.org\",\"@graph\":[{\"@type\":\"Article\",\"@id\":\"https:\\\/\\\/www.carroaluguel.com\\\/blog\\\/placa-padrao-mercosul-entenda-o-uso-para-veiculos-brasileiros\\\/#article\",\"isPartOf\":{\"@id\":\"https:\\\/\\\/www.carroaluguel.com\\\/blog\\\/placa-padrao-mercosul-entenda-o-uso-para-veiculos-brasileiros\\\/\"},\"author\":{\"name\":\"blog\",\"@id\":\"https:\\\/\\\/www.carroaluguel.com\\\/blog\\\/#\\\/schema\\\/person\\\/693414c3b2423315cf90fb75439be0e1\"},\"headline\":\"Placa padr\u00e3o Mercosul: entenda o uso para ve\u00edculos brasileiros\",\"datePublished\":\"2019-03-20T08:00:35+00:00\",\"dateModified\":\"2025-12-04T19:31:42+00:00\",\"mainEntityOfPage\":{\"@id\":\"https:\\\/\\\/www.carroaluguel.com\\\/blog\\\/placa-padrao-mercosul-entenda-o-uso-para-veiculos-brasileiros\\\/\"},\"wordCount\":453,\"commentCount\":0,\"publisher\":{\"@id\":\"https:\\\/\\\/www.carroaluguel.com\\\/blog\\\/#organization\"},\"image\":{\"@id\":\"https:\\\/\\\/www.carroaluguel.com\\\/blog\\\/placa-padrao-mercosul-entenda-o-uso-para-veiculos-brasileiros\\\/#primaryimage\"},\"thumbnailUrl\":\"https:\\\/\\\/www.carroaluguel.com\\\/blog\\\/wp-content\\\/uploads\\\/2019\\\/02\\\/7xsad.jpg\",\"articleSection\":[\"Dicas\"],\"inLanguage\":\"pt-BR\",\"potentialAction\":[{\"@type\":\"CommentAction\",\"name\":\"Comment\",\"target\":[\"https:\\\/\\\/www.carroaluguel.com\\\/blog\\\/placa-padrao-mercosul-entenda-o-uso-para-veiculos-brasileiros\\\/#respond\"]}]},{\"@type\":\"WebPage\",\"@id\":\"https:\\\/\\\/www.carroaluguel.com\\\/blog\\\/placa-padrao-mercosul-entenda-o-uso-para-veiculos-brasileiros\\\/\",\"url\":\"https:\\\/\\\/www.carroaluguel.com\\\/blog\\\/placa-padrao-mercosul-entenda-o-uso-para-veiculos-brasileiros\\\/\",\"name\":\"Placa padr\u00e3o Mercosul: entenda o uso para ve\u00edculos brasileiros\",\"isPartOf\":{\"@id\":\"https:\\\/\\\/www.carroaluguel.com\\\/blog\\\/#website\"},\"primaryImageOfPage\":{\"@id\":\"https:\\\/\\\/www.carroaluguel.com\\\/blog\\\/placa-padrao-mercosul-entenda-o-uso-para-veiculos-brasileiros\\\/#primaryimage\"},\"image\":{\"@id\":\"https:\\\/\\\/www.carroaluguel.com\\\/blog\\\/placa-padrao-mercosul-entenda-o-uso-para-veiculos-brasileiros\\\/#primaryimage\"},\"thumbnailUrl\":\"https:\\\/\\\/www.carroaluguel.com\\\/blog\\\/wp-content\\\/uploads\\\/2019\\\/02\\\/7xsad.jpg\",\"datePublished\":\"2019-03-20T08:00:35+00:00\",\"dateModified\":\"2025-12-04T19:31:42+00:00\",\"description\":\"Tudo que voc\u00ea precisa saber sobre a A placa padr\u00e3o Mercosul: a origem, a implementa\u00e7\u00e3o, como adquirir a sua, onde est\u00e1 valendo e muito mais.\",\"breadcrumb\":{\"@id\":\"https:\\\/\\\/www.carroaluguel.com\\\/blog\\\/placa-padrao-mercosul-entenda-o-uso-para-veiculos-brasileiros\\\/#breadcrumb\"},\"inLanguage\":\"pt-BR\",\"potentialAction\":[{\"@type\":\"ReadAction\",\"target\":[\"https:\\\/\\\/www.carroaluguel.com\\\/blog\\\/placa-padrao-mercosul-entenda-o-uso-para-veiculos-brasileiros\\\/\"]}]},{\"@type\":\"ImageObject\",\"inLanguage\":\"pt-BR\",\"@id\":\"https:\\\/\\\/www.carroaluguel.com\\\/blog\\\/placa-padrao-mercosul-entenda-o-uso-para-veiculos-brasileiros\\\/#primaryimage\",\"url\":\"https:\\\/\\\/www.carroaluguel.com\\\/blog\\\/wp-content\\\/uploads\\\/2019\\\/02\\\/7xsad.jpg\",\"contentUrl\":\"https:\\\/\\\/www.carroaluguel.com\\\/blog\\\/wp-content\\\/uploads\\\/2019\\\/02\\\/7xsad.jpg\",\"width\":1000,\"height\":706},{\"@type\":\"BreadcrumbList\",\"@id\":\"https:\\\/\\\/www.carroaluguel.com\\\/blog\\\/placa-padrao-mercosul-entenda-o-uso-para-veiculos-brasileiros\\\/#breadcrumb\",\"itemListElement\":[{\"@type\":\"ListItem\",\"position\":1,\"name\":\"Home\",\"item\":\"https:\\\/\\\/www.carroaluguel.com\\\/blog\\\/\"},{\"@type\":\"ListItem\",\"position\":2,\"name\":\"Dicas\",\"item\":\"https:\\\/\\\/www.carroaluguel.com\\\/blog\\\/category\\\/dicas\\\/\"},{\"@type\":\"ListItem\",\"position\":3,\"name\":\"Placa padr\u00e3o Mercosul: entenda o uso para ve\u00edculos brasileiros\"}]},{\"@type\":\"WebSite\",\"@id\":\"https:\\\/\\\/www.carroaluguel.com\\\/blog\\\/#website\",\"url\":\"https:\\\/\\\/www.carroaluguel.com\\\/blog\\\/\",\"name\":\"Blog CarroAluguel\",\"description\":\"\",\"publisher\":{\"@id\":\"https:\\\/\\\/www.carroaluguel.com\\\/blog\\\/#organization\"},\"potentialAction\":[{\"@type\":\"SearchAction\",\"target\":{\"@type\":\"EntryPoint\",\"urlTemplate\":\"https:\\\/\\\/www.carroaluguel.com\\\/blog\\\/?s={search_term_string}\"},\"query-input\":{\"@type\":\"PropertyValueSpecification\",\"valueRequired\":true,\"valueName\":\"search_term_string\"}}],\"inLanguage\":\"pt-BR\"},{\"@type\":\"Organization\",\"@id\":\"https:\\\/\\\/www.carroaluguel.com\\\/blog\\\/#organization\",\"name\":\"CarroAluguel.com\",\"url\":\"https:\\\/\\\/www.carroaluguel.com\\\/blog\\\/\",\"logo\":{\"@type\":\"ImageObject\",\"inLanguage\":\"pt-BR\",\"@id\":\"https:\\\/\\\/www.carroaluguel.com\\\/blog\\\/#\\\/schema\\\/logo\\\/image\\\/\",\"url\":\"https:\\\/\\\/www.carroaluguel.com\\\/blog\\\/wp-content\\\/uploads\\\/2023\\\/08\\\/logo-carro-aluguel-BLOG-200x54-1.png\",\"contentUrl\":\"https:\\\/\\\/www.carroaluguel.com\\\/blog\\\/wp-content\\\/uploads\\\/2023\\\/08\\\/logo-carro-aluguel-BLOG-200x54-1.png\",\"width\":200,\"height\":54,\"caption\":\"CarroAluguel.com\"},\"image\":{\"@id\":\"https:\\\/\\\/www.carroaluguel.com\\\/blog\\\/#\\\/schema\\\/logo\\\/image\\\/\"},\"sameAs\":[\"https:\\\/\\\/www.facebook.com\\\/CarroAluguelBR\",\"https:\\\/\\\/x.com\\\/CarroAluguel\",\"https:\\\/\\\/www.instagram.com\\\/carroaluguel\\\/\"]},{\"@type\":\"Person\",\"@id\":\"https:\\\/\\\/www.carroaluguel.com\\\/blog\\\/#\\\/schema\\\/person\\\/693414c3b2423315cf90fb75439be0e1\",\"name\":\"blog\",\"image\":{\"@type\":\"ImageObject\",\"inLanguage\":\"pt-BR\",\"@id\":\"https:\\\/\\\/secure.gravatar.com\\\/avatar\\\/b8a3d64fc0b21db017f462a77f2c79b24cf3db4426d602430441f37f7d2ac037?s=96&d=mm&r=g\",\"url\":\"https:\\\/\\\/secure.gravatar.com\\\/avatar\\\/b8a3d64fc0b21db017f462a77f2c79b24cf3db4426d602430441f37f7d2ac037?s=96&d=mm&r=g\",\"contentUrl\":\"https:\\\/\\\/secure.gravatar.com\\\/avatar\\\/b8a3d64fc0b21db017f462a77f2c79b24cf3db4426d602430441f37f7d2ac037?s=96&d=mm&r=g\",\"caption\":\"blog\"},\"sameAs\":[\"https:\\\/\\\/carroaluguel.com\\\/blog\"],\"url\":\"https:\\\/\\\/www.carroaluguel.com\\\/blog\\\/author\\\/blog\\\/\"}]}<\/script>\n<!-- \/ Yoast SEO plugin. -->","yoast_head_json":{"title":"Placa padr\u00e3o Mercosul: entenda o uso para ve\u00edculos brasileiros","description":"Tudo que voc\u00ea precisa saber sobre a A placa padr\u00e3o Mercosul: a origem, a implementa\u00e7\u00e3o, como adquirir a sua, onde est\u00e1 valendo e muito mais.","robots":{"index":"index","follow":"follow","max-snippet":"max-snippet:-1","max-image-preview":"max-image-preview:large","max-video-preview":"max-video-preview:-1"},"canonical":"https:\/\/www.carroaluguel.com\/blog\/placa-padrao-mercosul-entenda-o-uso-para-veiculos-brasileiros\/","og_locale":"pt_BR","og_type":"article","og_title":"Placa padr\u00e3o Mercosul: entenda o uso para ve\u00edculos brasileiros","og_description":"Tudo que voc\u00ea precisa saber sobre a A placa padr\u00e3o Mercosul: a origem, a implementa\u00e7\u00e3o, como adquirir a sua, onde est\u00e1 valendo e muito mais.","og_url":"https:\/\/www.carroaluguel.com\/blog\/placa-padrao-mercosul-entenda-o-uso-para-veiculos-brasileiros\/","og_site_name":"Blog CarroAluguel","article_publisher":"https:\/\/www.facebook.com\/CarroAluguelBR","article_published_time":"2019-03-20T08:00:35+00:00","article_modified_time":"2025-12-04T19:31:42+00:00","og_image":[{"width":1000,"height":706,"url":"https:\/\/www.carroaluguel.com\/blog\/wp-content\/uploads\/2019\/02\/7xsad.jpg","type":"image\/jpeg"}],"author":"blog","twitter_card":"summary_large_image","twitter_creator":"@CarroAluguel","twitter_site":"@CarroAluguel","twitter_misc":{"Escrito por":"blog","Est. tempo de leitura":"2 minutos"},"schema":{"@context":"https:\/\/schema.org","@graph":[{"@type":"Article","@id":"https:\/\/www.carroaluguel.com\/blog\/placa-padrao-mercosul-entenda-o-uso-para-veiculos-brasileiros\/#article","isPartOf":{"@id":"https:\/\/www.carroaluguel.com\/blog\/placa-padrao-mercosul-entenda-o-uso-para-veiculos-brasileiros\/"},"author":{"name":"blog","@id":"https:\/\/www.carroaluguel.com\/blog\/#\/schema\/person\/693414c3b2423315cf90fb75439be0e1"},"headline":"Placa padr\u00e3o Mercosul: entenda o uso para ve\u00edculos brasileiros","datePublished":"2019-03-20T08:00:35+00:00","dateModified":"2025-12-04T19:31:42+00:00","mainEntityOfPage":{"@id":"https:\/\/www.carroaluguel.com\/blog\/placa-padrao-mercosul-entenda-o-uso-para-veiculos-brasileiros\/"},"wordCount":453,"commentCount":0,"publisher":{"@id":"https:\/\/www.carroaluguel.com\/blog\/#organization"},"image":{"@id":"https:\/\/www.carroaluguel.com\/blog\/placa-padrao-mercosul-entenda-o-uso-para-veiculos-brasileiros\/#primaryimage"},"thumbnailUrl":"https:\/\/www.carroaluguel.com\/blog\/wp-content\/uploads\/2019\/02\/7xsad.jpg","articleSection":["Dicas"],"inLanguage":"pt-BR","potentialAction":[{"@type":"CommentAction","name":"Comment","target":["https:\/\/www.carroaluguel.com\/blog\/placa-padrao-mercosul-entenda-o-uso-para-veiculos-brasileiros\/#respond"]}]},{"@type":"WebPage","@id":"https:\/\/www.carroaluguel.com\/blog\/placa-padrao-mercosul-entenda-o-uso-para-veiculos-brasileiros\/","url":"https:\/\/www.carroaluguel.com\/blog\/placa-padrao-mercosul-entenda-o-uso-para-veiculos-brasileiros\/","name":"Placa padr\u00e3o Mercosul: entenda o uso para ve\u00edculos brasileiros","isPartOf":{"@id":"https:\/\/www.carroaluguel.com\/blog\/#website"},"primaryImageOfPage":{"@id":"https:\/\/www.carroaluguel.com\/blog\/placa-padrao-mercosul-entenda-o-uso-para-veiculos-brasileiros\/#primaryimage"},"image":{"@id":"https:\/\/www.carroaluguel.com\/blog\/placa-padrao-mercosul-entenda-o-uso-para-veiculos-brasileiros\/#primaryimage"},"thumbnailUrl":"https:\/\/www.carroaluguel.com\/blog\/wp-content\/uploads\/2019\/02\/7xsad.jpg","datePublished":"2019-03-20T08:00:35+00:00","dateModified":"2025-12-04T19:31:42+00:00","description":"Tudo que voc\u00ea precisa saber sobre a A placa padr\u00e3o Mercosul: a origem, a implementa\u00e7\u00e3o, como adquirir a sua, onde est\u00e1 valendo e muito mais.","breadcrumb":{"@id":"https:\/\/www.carroaluguel.com\/blog\/placa-padrao-mercosul-entenda-o-uso-para-veiculos-brasileiros\/#breadcrumb"},"inLanguage":"pt-BR","potentialAction":[{"@type":"ReadAction","target":["https:\/\/www.carroaluguel.com\/blog\/placa-padrao-mercosul-entenda-o-uso-para-veiculos-brasileiros\/"]}]},{"@type":"ImageObject","inLanguage":"pt-BR","@id":"https:\/\/www.carroaluguel.com\/blog\/placa-padrao-mercosul-entenda-o-uso-para-veiculos-brasileiros\/#primaryimage","url":"https:\/\/www.carroaluguel.com\/blog\/wp-content\/uploads\/2019\/02\/7xsad.jpg","contentUrl":"https:\/\/www.carroaluguel.com\/blog\/wp-content\/uploads\/2019\/02\/7xsad.jpg","width":1000,"height":706},{"@type":"BreadcrumbList","@id":"https:\/\/www.carroaluguel.com\/blog\/placa-padrao-mercosul-entenda-o-uso-para-veiculos-brasileiros\/#breadcrumb","itemListElement":[{"@type":"ListItem","position":1,"name":"Home","item":"https:\/\/www.carroaluguel.com\/blog\/"},{"@type":"ListItem","position":2,"name":"Dicas","item":"https:\/\/www.carroaluguel.com\/blog\/category\/dicas\/"},{"@type":"ListItem","position":3,"name":"Placa padr\u00e3o Mercosul: entenda o uso para ve\u00edculos brasileiros"}]},{"@type":"WebSite","@id":"https:\/\/www.carroaluguel.com\/blog\/#website","url":"https:\/\/www.carroaluguel.com\/blog\/","name":"Blog CarroAluguel","description":"","publisher":{"@id":"https:\/\/www.carroaluguel.com\/blog\/#organization"},"potentialAction":[{"@type":"SearchAction","target":{"@type":"EntryPoint","urlTemplate":"https:\/\/www.carroaluguel.com\/blog\/?s={search_term_string}"},"query-input":{"@type":"PropertyValueSpecification","valueRequired":true,"valueName":"search_term_string"}}],"inLanguage":"pt-BR"},{"@type":"Organization","@id":"https:\/\/www.carroaluguel.com\/blog\/#organization","name":"CarroAluguel.com","url":"https:\/\/www.carroaluguel.com\/blog\/","logo":{"@type":"ImageObject","inLanguage":"pt-BR","@id":"https:\/\/www.carroaluguel.com\/blog\/#\/schema\/logo\/image\/","url":"https:\/\/www.carroaluguel.com\/blog\/wp-content\/uploads\/2023\/08\/logo-carro-aluguel-BLOG-200x54-1.png","contentUrl":"https:\/\/www.carroaluguel.com\/blog\/wp-content\/uploads\/2023\/08\/logo-carro-aluguel-BLOG-200x54-1.png","width":200,"height":54,"caption":"CarroAluguel.com"},"image":{"@id":"https:\/\/www.carroaluguel.com\/blog\/#\/schema\/logo\/image\/"},"sameAs":["https:\/\/www.facebook.com\/CarroAluguelBR","https:\/\/x.com\/CarroAluguel","https:\/\/www.instagram.com\/carroaluguel\/"]},{"@type":"Person","@id":"https:\/\/www.carroaluguel.com\/blog\/#\/schema\/person\/693414c3b2423315cf90fb75439be0e1","name":"blog","image":{"@type":"ImageObject","inLanguage":"pt-BR","@id":"https:\/\/secure.gravatar.com\/avatar\/b8a3d64fc0b21db017f462a77f2c79b24cf3db4426d602430441f37f7d2ac037?s=96&d=mm&r=g","url":"https:\/\/secure.gravatar.com\/avatar\/b8a3d64fc0b21db017f462a77f2c79b24cf3db4426d602430441f37f7d2ac037?s=96&d=mm&r=g","contentUrl":"https:\/\/secure.gravatar.com\/avatar\/b8a3d64fc0b21db017f462a77f2c79b24cf3db4426d602430441f37f7d2ac037?s=96&d=mm&r=g","caption":"blog"},"sameAs":["https:\/\/carroaluguel.com\/blog"],"url":"https:\/\/www.carroaluguel.com\/blog\/author\/blog\/"}]}},"_links":{"self":[{"href":"https:\/\/www.carroaluguel.com\/blog\/wp-json\/wp\/v2\/posts\/8002","targetHints":{"allow":["GET"]}}],"collection":[{"href":"https:\/\/www.carroaluguel.com\/blog\/wp-json\/wp\/v2\/posts"}],"about":[{"href":"https:\/\/www.carroaluguel.com\/blog\/wp-json\/wp\/v2\/types\/post"}],"author":[{"embeddable":true,"href":"https:\/\/www.carroaluguel.com\/blog\/wp-json\/wp\/v2\/users\/1"}],"replies":[{"embeddable":true,"href":"https:\/\/www.carroaluguel.com\/blog\/wp-json\/wp\/v2\/comments?post=8002"}],"version-history":[{"count":2,"href":"https:\/\/www.carroaluguel.com\/blog\/wp-json\/wp\/v2\/posts\/8002\/revisions"}],"predecessor-version":[{"id":11515,"href":"https:\/\/www.carroaluguel.com\/blog\/wp-json\/wp\/v2\/posts\/8002\/revisions\/11515"}],"wp:featuredmedia":[{"embeddable":true,"href":"https:\/\/www.carroaluguel.com\/blog\/wp-json\/wp\/v2\/media\/8004"}],"wp:attachment":[{"href":"https:\/\/www.carroaluguel.com\/blog\/wp-json\/wp\/v2\/media?parent=8002"}],"wp:term":[{"taxonomy":"category","embeddable":true,"href":"https:\/\/www.carroaluguel.com\/blog\/wp-json\/wp\/v2\/categories?post=8002"},{"taxonomy":"post_tag","embeddable":true,"href":"https:\/\/www.carroaluguel.com\/blog\/wp-json\/wp\/v2\/tags?post=8002"}],"curies":[{"name":"wp","href":"https:\/\/api.w.org\/{rel}","templated":true}]}}