{"id":8308,"date":"2019-07-05T16:59:36","date_gmt":"2019-07-05T16:59:36","guid":{"rendered":"https:\/\/www.carroaluguel.com\/blog\/?p=8308"},"modified":"2023-08-24T00:17:38","modified_gmt":"2023-08-24T00:17:38","slug":"quais-os-carros-ideais-para-acampar","status":"publish","type":"post","link":"https:\/\/www.carroaluguel.com\/blog\/quais-os-carros-ideais-para-acampar\/","title":{"rendered":"Quais os carros ideais para acampar?"},"content":{"rendered":"\n<p>Vai acampar? N\u00e3o esque\u00e7a que uma parte importante do planejamento para o acampamento diz respeito ao transporte. Isso porque nem todo carro serve para essa empreitada, os ve\u00edculos devem ser fortes, com tra\u00e7\u00e3o nas quatro rodas, e \u00e9 claro: enfrentar qualquer terreno. <\/p>\n\n\n\n<p>Fora isso, leve em conta que um bom carro para acampar deve oferecer bastante espa\u00e7o inteiro, tanto para os passageiros, quanto para mochilas e equipamentos como barracas, fogareiro, sacos de dormir, entre outros. <\/p>\n\n\n\n<p><strong>Uma boa ideia \u00e9 alugar. Assim voc\u00ea garante o carro perfeito para acampar e ainda economiza. Pensando em auxiliar voc\u00ea, <\/strong><a href=\"https:\/\/www.carroaluguel.com\/\"><strong>CarroAluguel.com<\/strong><\/a><strong> criou uma a lista de categorias de ve\u00edculos indicados para quem curte acampar:<\/strong><\/p>\n\n\n\n<figure class=\"wp-block-image\"><img decoding=\"async\" width=\"1000\" height=\"744\" src=\"https:\/\/carroaluguel.com\/blog\/wp-content\/uploads\/2019\/07\/compactos-a-luxuosos.jpg\" data-orig-src=\"https:\/\/carroaluguel.com\/blog\/wp-content\/uploads\/2019\/07\/compactos-a-luxuosos.jpg\" alt=\"\" class=\"lazyload wp-image-8313\" srcset=\"data:image\/svg+xml,%3Csvg%20xmlns%3D%27http%3A%2F%2Fwww.w3.org%2F2000%2Fsvg%27%20width%3D%271000%27%20height%3D%27744%27%20viewBox%3D%270%200%201000%20744%27%3E%3Crect%20width%3D%271000%27%20height%3D%27744%27%20fill-opacity%3D%220%22%2F%3E%3C%2Fsvg%3E\" data-srcset=\"https:\/\/www.carroaluguel.com\/blog\/wp-content\/uploads\/2019\/07\/compactos-a-luxuosos-200x149.jpg 200w, https:\/\/www.carroaluguel.com\/blog\/wp-content\/uploads\/2019\/07\/compactos-a-luxuosos-300x223.jpg 300w, https:\/\/www.carroaluguel.com\/blog\/wp-content\/uploads\/2019\/07\/compactos-a-luxuosos-400x298.jpg 400w, https:\/\/www.carroaluguel.com\/blog\/wp-content\/uploads\/2019\/07\/compactos-a-luxuosos-600x446.jpg 600w, https:\/\/www.carroaluguel.com\/blog\/wp-content\/uploads\/2019\/07\/compactos-a-luxuosos-768x571.jpg 768w, https:\/\/www.carroaluguel.com\/blog\/wp-content\/uploads\/2019\/07\/compactos-a-luxuosos-800x595.jpg 800w, https:\/\/www.carroaluguel.com\/blog\/wp-content\/uploads\/2019\/07\/compactos-a-luxuosos.jpg 1000w\" data-sizes=\"auto\" data-orig-sizes=\"(max-width: 1000px) 100vw, 1000px\" \/><\/figure>\n\n\n\n<p><strong>SUV  &#8211;<\/strong>S\u00e3o carros de bom porte, mais luxuosos, acomodam entre 5 e 7 pessoas (confira antes de reservar), e possuem \u00f3timo espa\u00e7o para bagagem. A motoriza\u00e7\u00e3o \u00e9 ampla, alguns modelos oferecem inclusive turbo. Indicados para todas as ocasi\u00f5es. <\/p>\n\n\n\n<p><strong>SUV COMPACTA  &#8211;<\/strong>\u00c9 a queridinha do p\u00fablico! Acomoda at\u00e9 5 pessoas, com boa capacidade para bagagem, possui motor potente, e oferece todo o conforto e seguran\u00e7a necess\u00e1rios para qualquer tipo de utiliza\u00e7\u00e3o.<\/p>\n\n\n\n<figure class=\"wp-block-image\"><img decoding=\"async\" width=\"1000\" height=\"744\" src=\"https:\/\/carroaluguel.com\/blog\/wp-content\/uploads\/2019\/07\/Capa-pickup.jpg\" data-orig-src=\"https:\/\/carroaluguel.com\/blog\/wp-content\/uploads\/2019\/07\/Capa-pickup.jpg\" alt=\"\" class=\"lazyload wp-image-8312\" srcset=\"data:image\/svg+xml,%3Csvg%20xmlns%3D%27http%3A%2F%2Fwww.w3.org%2F2000%2Fsvg%27%20width%3D%271000%27%20height%3D%27744%27%20viewBox%3D%270%200%201000%20744%27%3E%3Crect%20width%3D%271000%27%20height%3D%27744%27%20fill-opacity%3D%220%22%2F%3E%3C%2Fsvg%3E\" data-srcset=\"https:\/\/www.carroaluguel.com\/blog\/wp-content\/uploads\/2019\/07\/Capa-pickup-200x149.jpg 200w, https:\/\/www.carroaluguel.com\/blog\/wp-content\/uploads\/2019\/07\/Capa-pickup-300x223.jpg 300w, https:\/\/www.carroaluguel.com\/blog\/wp-content\/uploads\/2019\/07\/Capa-pickup-400x298.jpg 400w, https:\/\/www.carroaluguel.com\/blog\/wp-content\/uploads\/2019\/07\/Capa-pickup-600x446.jpg 600w, https:\/\/www.carroaluguel.com\/blog\/wp-content\/uploads\/2019\/07\/Capa-pickup-768x571.jpg 768w, https:\/\/www.carroaluguel.com\/blog\/wp-content\/uploads\/2019\/07\/Capa-pickup-800x595.jpg 800w, https:\/\/www.carroaluguel.com\/blog\/wp-content\/uploads\/2019\/07\/Capa-pickup.jpg 1000w\" data-sizes=\"auto\" data-orig-sizes=\"(max-width: 1000px) 100vw, 1000px\" \/><\/figure>\n\n\n\n<p><strong>PICK UP  &#8211;<\/strong>Modelos de grande porte, cabine dupla e motor potente. Acomodam at\u00e9 5 pessoas com muito conforto. Vers\u00f5es \u00e0 gasolina ou diesel (verifique no momento da reserva). Oferecem amplo espa\u00e7o para transporte de bagagens\/carga. Indicados para qualquer utiliza\u00e7\u00e3o.<\/p>\n\n\n\n<p><strong>PICK UP COMPACTA  &#8211;<\/strong>Possuem cabine dupla, acomodam at\u00e9 5 passageiros, contam com motoriza\u00e7\u00e3o a partir de 1.6 e c\u00e2mbio autom\u00e1tico. S\u00e3o ve\u00edculos flex e a ca\u00e7amba acomoda uma boa quantidade de bagagem\/carga. Ideais para todos os tipos de utiliza\u00e7\u00e3o.<\/p>\n\n\n\n<p>\u27a1\ufe0f Agora que voc\u00ea conhece os carros mais indicados para o seu acampamento, que tal comparar ofertas de locadoras no Brasil inteiro? Visite <a href=\"https:\/\/www.carroaluguel.com\/\">CarroAluguel.com<\/a>, temos processos simplificados e oferecemos \u00f3timas condi\u00e7\u00f5es para pagamento. <\/p>\n\n\n\n<p><strong>Se preferir um atendimento personalizado, fique \u00e0 vontade para entrar em contato com a nossa excelente equipe. \u260e\ufe0f Telefone: <\/strong><a href=\"https:\/\/www.carroaluguel.com\/telefones-atendimento\"><strong>4003 6851<\/strong><\/a><strong>.<\/strong><\/p>\n","protected":false},"excerpt":{"rendered":"<p>Descubra quais os carros ideais para acampar! Ve\u00edculos fortes, de porte grande e com espa\u00e7o de sobra para equipamentos.<\/p>\n","protected":false},"author":1,"featured_media":8309,"comment_status":"open","ping_status":"open","sticky":false,"template":"","format":"standard","meta":{"footnotes":""},"categories":[316],"tags":[329],"class_list":["post-8308","post","type-post","status-publish","format-standard","has-post-thumbnail","hentry","category-dicas","tag-acampamento"],"yoast_head":"<!-- This site is optimized with the Yoast SEO plugin v27.4 - https:\/\/yoast.com\/product\/yoast-seo-wordpress\/ -->\n<title>Quais os carros ideais para acampar?<\/title>\n<meta name=\"robots\" content=\"index, follow, max-snippet:-1, max-image-preview:large, max-video-preview:-1\" \/>\n<link rel=\"canonical\" href=\"https:\/\/www.carroaluguel.com\/blog\/quais-os-carros-ideais-para-acampar\/\" \/>\n<meta property=\"og:locale\" content=\"pt_BR\" \/>\n<meta property=\"og:type\" content=\"article\" \/>\n<meta property=\"og:title\" content=\"Quais os carros ideais para acampar?\" \/>\n<meta property=\"og:description\" content=\"Descubra quais os carros ideais para acampar! Ve\u00edculos fortes, de porte grande e com espa\u00e7o de sobra para equipamentos.\" \/>\n<meta property=\"og:url\" content=\"https:\/\/www.carroaluguel.com\/blog\/quais-os-carros-ideais-para-acampar\/\" \/>\n<meta property=\"og:site_name\" content=\"Blog CarroAluguel\" \/>\n<meta property=\"article:publisher\" content=\"https:\/\/www.facebook.com\/CarroAluguelBR\" \/>\n<meta property=\"article:published_time\" content=\"2019-07-05T16:59:36+00:00\" \/>\n<meta property=\"article:modified_time\" content=\"2023-08-24T00:17:38+00:00\" \/>\n<meta property=\"og:image\" content=\"https:\/\/www.carroaluguel.com\/blog\/wp-content\/uploads\/2019\/07\/ACAMPARALUGAR-1.jpg\" \/>\n\t<meta property=\"og:image:width\" content=\"1000\" \/>\n\t<meta property=\"og:image:height\" content=\"1000\" \/>\n\t<meta property=\"og:image:type\" content=\"image\/jpeg\" \/>\n<meta name=\"author\" content=\"blog\" \/>\n<meta name=\"twitter:card\" content=\"summary_large_image\" \/>\n<meta name=\"twitter:creator\" content=\"@CarroAluguel\" \/>\n<meta name=\"twitter:site\" content=\"@CarroAluguel\" \/>\n<meta name=\"twitter:label1\" content=\"Escrito por\" \/>\n\t<meta name=\"twitter:data1\" content=\"blog\" \/>\n\t<meta name=\"twitter:label2\" content=\"Est. tempo de leitura\" \/>\n\t<meta name=\"twitter:data2\" content=\"2 minutos\" \/>\n<script type=\"application\/ld+json\" class=\"yoast-schema-graph\">{\"@context\":\"https:\\\/\\\/schema.org\",\"@graph\":[{\"@type\":\"Article\",\"@id\":\"https:\\\/\\\/www.carroaluguel.com\\\/blog\\\/quais-os-carros-ideais-para-acampar\\\/#article\",\"isPartOf\":{\"@id\":\"https:\\\/\\\/www.carroaluguel.com\\\/blog\\\/quais-os-carros-ideais-para-acampar\\\/\"},\"author\":{\"name\":\"blog\",\"@id\":\"https:\\\/\\\/www.carroaluguel.com\\\/blog\\\/#\\\/schema\\\/person\\\/693414c3b2423315cf90fb75439be0e1\"},\"headline\":\"Quais os carros ideais para acampar?\",\"datePublished\":\"2019-07-05T16:59:36+00:00\",\"dateModified\":\"2023-08-24T00:17:38+00:00\",\"mainEntityOfPage\":{\"@id\":\"https:\\\/\\\/www.carroaluguel.com\\\/blog\\\/quais-os-carros-ideais-para-acampar\\\/\"},\"wordCount\":331,\"commentCount\":0,\"publisher\":{\"@id\":\"https:\\\/\\\/www.carroaluguel.com\\\/blog\\\/#organization\"},\"image\":{\"@id\":\"https:\\\/\\\/www.carroaluguel.com\\\/blog\\\/quais-os-carros-ideais-para-acampar\\\/#primaryimage\"},\"thumbnailUrl\":\"https:\\\/\\\/www.carroaluguel.com\\\/blog\\\/wp-content\\\/uploads\\\/2019\\\/07\\\/ACAMPARALUGAR-1.jpg\",\"keywords\":[\"Acampamento\"],\"articleSection\":[\"Dicas\"],\"inLanguage\":\"pt-BR\",\"potentialAction\":[{\"@type\":\"CommentAction\",\"name\":\"Comment\",\"target\":[\"https:\\\/\\\/www.carroaluguel.com\\\/blog\\\/quais-os-carros-ideais-para-acampar\\\/#respond\"]}]},{\"@type\":\"WebPage\",\"@id\":\"https:\\\/\\\/www.carroaluguel.com\\\/blog\\\/quais-os-carros-ideais-para-acampar\\\/\",\"url\":\"https:\\\/\\\/www.carroaluguel.com\\\/blog\\\/quais-os-carros-ideais-para-acampar\\\/\",\"name\":\"Quais os carros ideais para acampar?\",\"isPartOf\":{\"@id\":\"https:\\\/\\\/www.carroaluguel.com\\\/blog\\\/#website\"},\"primaryImageOfPage\":{\"@id\":\"https:\\\/\\\/www.carroaluguel.com\\\/blog\\\/quais-os-carros-ideais-para-acampar\\\/#primaryimage\"},\"image\":{\"@id\":\"https:\\\/\\\/www.carroaluguel.com\\\/blog\\\/quais-os-carros-ideais-para-acampar\\\/#primaryimage\"},\"thumbnailUrl\":\"https:\\\/\\\/www.carroaluguel.com\\\/blog\\\/wp-content\\\/uploads\\\/2019\\\/07\\\/ACAMPARALUGAR-1.jpg\",\"datePublished\":\"2019-07-05T16:59:36+00:00\",\"dateModified\":\"2023-08-24T00:17:38+00:00\",\"breadcrumb\":{\"@id\":\"https:\\\/\\\/www.carroaluguel.com\\\/blog\\\/quais-os-carros-ideais-para-acampar\\\/#breadcrumb\"},\"inLanguage\":\"pt-BR\",\"potentialAction\":[{\"@type\":\"ReadAction\",\"target\":[\"https:\\\/\\\/www.carroaluguel.com\\\/blog\\\/quais-os-carros-ideais-para-acampar\\\/\"]}]},{\"@type\":\"ImageObject\",\"inLanguage\":\"pt-BR\",\"@id\":\"https:\\\/\\\/www.carroaluguel.com\\\/blog\\\/quais-os-carros-ideais-para-acampar\\\/#primaryimage\",\"url\":\"https:\\\/\\\/www.carroaluguel.com\\\/blog\\\/wp-content\\\/uploads\\\/2019\\\/07\\\/ACAMPARALUGAR-1.jpg\",\"contentUrl\":\"https:\\\/\\\/www.carroaluguel.com\\\/blog\\\/wp-content\\\/uploads\\\/2019\\\/07\\\/ACAMPARALUGAR-1.jpg\",\"width\":1000,\"height\":1000,\"caption\":\"Imagem de um carro modelo Duster numa estrada de ch\u00e3o perto de \u00e1rvores, com o t\u00edtulo: Bora acampar!\"},{\"@type\":\"BreadcrumbList\",\"@id\":\"https:\\\/\\\/www.carroaluguel.com\\\/blog\\\/quais-os-carros-ideais-para-acampar\\\/#breadcrumb\",\"itemListElement\":[{\"@type\":\"ListItem\",\"position\":1,\"name\":\"Home\",\"item\":\"https:\\\/\\\/www.carroaluguel.com\\\/blog\\\/\"},{\"@type\":\"ListItem\",\"position\":2,\"name\":\"Dicas\",\"item\":\"https:\\\/\\\/www.carroaluguel.com\\\/blog\\\/category\\\/dicas\\\/\"},{\"@type\":\"ListItem\",\"position\":3,\"name\":\"Quais os carros ideais para acampar?\"}]},{\"@type\":\"WebSite\",\"@id\":\"https:\\\/\\\/www.carroaluguel.com\\\/blog\\\/#website\",\"url\":\"https:\\\/\\\/www.carroaluguel.com\\\/blog\\\/\",\"name\":\"Blog CarroAluguel\",\"description\":\"\",\"publisher\":{\"@id\":\"https:\\\/\\\/www.carroaluguel.com\\\/blog\\\/#organization\"},\"potentialAction\":[{\"@type\":\"SearchAction\",\"target\":{\"@type\":\"EntryPoint\",\"urlTemplate\":\"https:\\\/\\\/www.carroaluguel.com\\\/blog\\\/?s={search_term_string}\"},\"query-input\":{\"@type\":\"PropertyValueSpecification\",\"valueRequired\":true,\"valueName\":\"search_term_string\"}}],\"inLanguage\":\"pt-BR\"},{\"@type\":\"Organization\",\"@id\":\"https:\\\/\\\/www.carroaluguel.com\\\/blog\\\/#organization\",\"name\":\"CarroAluguel.com\",\"url\":\"https:\\\/\\\/www.carroaluguel.com\\\/blog\\\/\",\"logo\":{\"@type\":\"ImageObject\",\"inLanguage\":\"pt-BR\",\"@id\":\"https:\\\/\\\/www.carroaluguel.com\\\/blog\\\/#\\\/schema\\\/logo\\\/image\\\/\",\"url\":\"https:\\\/\\\/www.carroaluguel.com\\\/blog\\\/wp-content\\\/uploads\\\/2023\\\/08\\\/logo-carro-aluguel-BLOG-200x54-1.png\",\"contentUrl\":\"https:\\\/\\\/www.carroaluguel.com\\\/blog\\\/wp-content\\\/uploads\\\/2023\\\/08\\\/logo-carro-aluguel-BLOG-200x54-1.png\",\"width\":200,\"height\":54,\"caption\":\"CarroAluguel.com\"},\"image\":{\"@id\":\"https:\\\/\\\/www.carroaluguel.com\\\/blog\\\/#\\\/schema\\\/logo\\\/image\\\/\"},\"sameAs\":[\"https:\\\/\\\/www.facebook.com\\\/CarroAluguelBR\",\"https:\\\/\\\/x.com\\\/CarroAluguel\",\"https:\\\/\\\/www.instagram.com\\\/carroaluguel\\\/\"]},{\"@type\":\"Person\",\"@id\":\"https:\\\/\\\/www.carroaluguel.com\\\/blog\\\/#\\\/schema\\\/person\\\/693414c3b2423315cf90fb75439be0e1\",\"name\":\"blog\",\"image\":{\"@type\":\"ImageObject\",\"inLanguage\":\"pt-BR\",\"@id\":\"https:\\\/\\\/secure.gravatar.com\\\/avatar\\\/b8a3d64fc0b21db017f462a77f2c79b24cf3db4426d602430441f37f7d2ac037?s=96&d=mm&r=g\",\"url\":\"https:\\\/\\\/secure.gravatar.com\\\/avatar\\\/b8a3d64fc0b21db017f462a77f2c79b24cf3db4426d602430441f37f7d2ac037?s=96&d=mm&r=g\",\"contentUrl\":\"https:\\\/\\\/secure.gravatar.com\\\/avatar\\\/b8a3d64fc0b21db017f462a77f2c79b24cf3db4426d602430441f37f7d2ac037?s=96&d=mm&r=g\",\"caption\":\"blog\"},\"sameAs\":[\"https:\\\/\\\/carroaluguel.com\\\/blog\"],\"url\":\"https:\\\/\\\/www.carroaluguel.com\\\/blog\\\/author\\\/blog\\\/\"}]}<\/script>\n<!-- \/ Yoast SEO plugin. -->","yoast_head_json":{"title":"Quais os carros ideais para acampar?","robots":{"index":"index","follow":"follow","max-snippet":"max-snippet:-1","max-image-preview":"max-image-preview:large","max-video-preview":"max-video-preview:-1"},"canonical":"https:\/\/www.carroaluguel.com\/blog\/quais-os-carros-ideais-para-acampar\/","og_locale":"pt_BR","og_type":"article","og_title":"Quais os carros ideais para acampar?","og_description":"Descubra quais os carros ideais para acampar! Ve\u00edculos fortes, de porte grande e com espa\u00e7o de sobra para equipamentos.","og_url":"https:\/\/www.carroaluguel.com\/blog\/quais-os-carros-ideais-para-acampar\/","og_site_name":"Blog CarroAluguel","article_publisher":"https:\/\/www.facebook.com\/CarroAluguelBR","article_published_time":"2019-07-05T16:59:36+00:00","article_modified_time":"2023-08-24T00:17:38+00:00","og_image":[{"width":1000,"height":1000,"url":"https:\/\/www.carroaluguel.com\/blog\/wp-content\/uploads\/2019\/07\/ACAMPARALUGAR-1.jpg","type":"image\/jpeg"}],"author":"blog","twitter_card":"summary_large_image","twitter_creator":"@CarroAluguel","twitter_site":"@CarroAluguel","twitter_misc":{"Escrito por":"blog","Est. tempo de leitura":"2 minutos"},"schema":{"@context":"https:\/\/schema.org","@graph":[{"@type":"Article","@id":"https:\/\/www.carroaluguel.com\/blog\/quais-os-carros-ideais-para-acampar\/#article","isPartOf":{"@id":"https:\/\/www.carroaluguel.com\/blog\/quais-os-carros-ideais-para-acampar\/"},"author":{"name":"blog","@id":"https:\/\/www.carroaluguel.com\/blog\/#\/schema\/person\/693414c3b2423315cf90fb75439be0e1"},"headline":"Quais os carros ideais para acampar?","datePublished":"2019-07-05T16:59:36+00:00","dateModified":"2023-08-24T00:17:38+00:00","mainEntityOfPage":{"@id":"https:\/\/www.carroaluguel.com\/blog\/quais-os-carros-ideais-para-acampar\/"},"wordCount":331,"commentCount":0,"publisher":{"@id":"https:\/\/www.carroaluguel.com\/blog\/#organization"},"image":{"@id":"https:\/\/www.carroaluguel.com\/blog\/quais-os-carros-ideais-para-acampar\/#primaryimage"},"thumbnailUrl":"https:\/\/www.carroaluguel.com\/blog\/wp-content\/uploads\/2019\/07\/ACAMPARALUGAR-1.jpg","keywords":["Acampamento"],"articleSection":["Dicas"],"inLanguage":"pt-BR","potentialAction":[{"@type":"CommentAction","name":"Comment","target":["https:\/\/www.carroaluguel.com\/blog\/quais-os-carros-ideais-para-acampar\/#respond"]}]},{"@type":"WebPage","@id":"https:\/\/www.carroaluguel.com\/blog\/quais-os-carros-ideais-para-acampar\/","url":"https:\/\/www.carroaluguel.com\/blog\/quais-os-carros-ideais-para-acampar\/","name":"Quais os carros ideais para acampar?","isPartOf":{"@id":"https:\/\/www.carroaluguel.com\/blog\/#website"},"primaryImageOfPage":{"@id":"https:\/\/www.carroaluguel.com\/blog\/quais-os-carros-ideais-para-acampar\/#primaryimage"},"image":{"@id":"https:\/\/www.carroaluguel.com\/blog\/quais-os-carros-ideais-para-acampar\/#primaryimage"},"thumbnailUrl":"https:\/\/www.carroaluguel.com\/blog\/wp-content\/uploads\/2019\/07\/ACAMPARALUGAR-1.jpg","datePublished":"2019-07-05T16:59:36+00:00","dateModified":"2023-08-24T00:17:38+00:00","breadcrumb":{"@id":"https:\/\/www.carroaluguel.com\/blog\/quais-os-carros-ideais-para-acampar\/#breadcrumb"},"inLanguage":"pt-BR","potentialAction":[{"@type":"ReadAction","target":["https:\/\/www.carroaluguel.com\/blog\/quais-os-carros-ideais-para-acampar\/"]}]},{"@type":"ImageObject","inLanguage":"pt-BR","@id":"https:\/\/www.carroaluguel.com\/blog\/quais-os-carros-ideais-para-acampar\/#primaryimage","url":"https:\/\/www.carroaluguel.com\/blog\/wp-content\/uploads\/2019\/07\/ACAMPARALUGAR-1.jpg","contentUrl":"https:\/\/www.carroaluguel.com\/blog\/wp-content\/uploads\/2019\/07\/ACAMPARALUGAR-1.jpg","width":1000,"height":1000,"caption":"Imagem de um carro modelo Duster numa estrada de ch\u00e3o perto de \u00e1rvores, com o t\u00edtulo: Bora acampar!"},{"@type":"BreadcrumbList","@id":"https:\/\/www.carroaluguel.com\/blog\/quais-os-carros-ideais-para-acampar\/#breadcrumb","itemListElement":[{"@type":"ListItem","position":1,"name":"Home","item":"https:\/\/www.carroaluguel.com\/blog\/"},{"@type":"ListItem","position":2,"name":"Dicas","item":"https:\/\/www.carroaluguel.com\/blog\/category\/dicas\/"},{"@type":"ListItem","position":3,"name":"Quais os carros ideais para acampar?"}]},{"@type":"WebSite","@id":"https:\/\/www.carroaluguel.com\/blog\/#website","url":"https:\/\/www.carroaluguel.com\/blog\/","name":"Blog CarroAluguel","description":"","publisher":{"@id":"https:\/\/www.carroaluguel.com\/blog\/#organization"},"potentialAction":[{"@type":"SearchAction","target":{"@type":"EntryPoint","urlTemplate":"https:\/\/www.carroaluguel.com\/blog\/?s={search_term_string}"},"query-input":{"@type":"PropertyValueSpecification","valueRequired":true,"valueName":"search_term_string"}}],"inLanguage":"pt-BR"},{"@type":"Organization","@id":"https:\/\/www.carroaluguel.com\/blog\/#organization","name":"CarroAluguel.com","url":"https:\/\/www.carroaluguel.com\/blog\/","logo":{"@type":"ImageObject","inLanguage":"pt-BR","@id":"https:\/\/www.carroaluguel.com\/blog\/#\/schema\/logo\/image\/","url":"https:\/\/www.carroaluguel.com\/blog\/wp-content\/uploads\/2023\/08\/logo-carro-aluguel-BLOG-200x54-1.png","contentUrl":"https:\/\/www.carroaluguel.com\/blog\/wp-content\/uploads\/2023\/08\/logo-carro-aluguel-BLOG-200x54-1.png","width":200,"height":54,"caption":"CarroAluguel.com"},"image":{"@id":"https:\/\/www.carroaluguel.com\/blog\/#\/schema\/logo\/image\/"},"sameAs":["https:\/\/www.facebook.com\/CarroAluguelBR","https:\/\/x.com\/CarroAluguel","https:\/\/www.instagram.com\/carroaluguel\/"]},{"@type":"Person","@id":"https:\/\/www.carroaluguel.com\/blog\/#\/schema\/person\/693414c3b2423315cf90fb75439be0e1","name":"blog","image":{"@type":"ImageObject","inLanguage":"pt-BR","@id":"https:\/\/secure.gravatar.com\/avatar\/b8a3d64fc0b21db017f462a77f2c79b24cf3db4426d602430441f37f7d2ac037?s=96&d=mm&r=g","url":"https:\/\/secure.gravatar.com\/avatar\/b8a3d64fc0b21db017f462a77f2c79b24cf3db4426d602430441f37f7d2ac037?s=96&d=mm&r=g","contentUrl":"https:\/\/secure.gravatar.com\/avatar\/b8a3d64fc0b21db017f462a77f2c79b24cf3db4426d602430441f37f7d2ac037?s=96&d=mm&r=g","caption":"blog"},"sameAs":["https:\/\/carroaluguel.com\/blog"],"url":"https:\/\/www.carroaluguel.com\/blog\/author\/blog\/"}]}},"_links":{"self":[{"href":"https:\/\/www.carroaluguel.com\/blog\/wp-json\/wp\/v2\/posts\/8308","targetHints":{"allow":["GET"]}}],"collection":[{"href":"https:\/\/www.carroaluguel.com\/blog\/wp-json\/wp\/v2\/posts"}],"about":[{"href":"https:\/\/www.carroaluguel.com\/blog\/wp-json\/wp\/v2\/types\/post"}],"author":[{"embeddable":true,"href":"https:\/\/www.carroaluguel.com\/blog\/wp-json\/wp\/v2\/users\/1"}],"replies":[{"embeddable":true,"href":"https:\/\/www.carroaluguel.com\/blog\/wp-json\/wp\/v2\/comments?post=8308"}],"version-history":[{"count":1,"href":"https:\/\/www.carroaluguel.com\/blog\/wp-json\/wp\/v2\/posts\/8308\/revisions"}],"predecessor-version":[{"id":10074,"href":"https:\/\/www.carroaluguel.com\/blog\/wp-json\/wp\/v2\/posts\/8308\/revisions\/10074"}],"wp:featuredmedia":[{"embeddable":true,"href":"https:\/\/www.carroaluguel.com\/blog\/wp-json\/wp\/v2\/media\/8309"}],"wp:attachment":[{"href":"https:\/\/www.carroaluguel.com\/blog\/wp-json\/wp\/v2\/media?parent=8308"}],"wp:term":[{"taxonomy":"category","embeddable":true,"href":"https:\/\/www.carroaluguel.com\/blog\/wp-json\/wp\/v2\/categories?post=8308"},{"taxonomy":"post_tag","embeddable":true,"href":"https:\/\/www.carroaluguel.com\/blog\/wp-json\/wp\/v2\/tags?post=8308"}],"curies":[{"name":"wp","href":"https:\/\/api.w.org\/{rel}","templated":true}]}}