{"id":8346,"date":"2019-07-26T17:05:11","date_gmt":"2019-07-26T17:05:11","guid":{"rendered":"https:\/\/www.carroaluguel.com\/blog\/?p=8346"},"modified":"2023-08-24T00:13:15","modified_gmt":"2023-08-24T00:13:15","slug":"carros-ideais-para-eventos-especiais","status":"publish","type":"post","link":"https:\/\/www.carroaluguel.com\/blog\/carros-ideais-para-eventos-especiais\/","title":{"rendered":"Carros ideais para eventos especiais!"},"content":{"rendered":"\n<p>Voc\u00ea\ntem uma data especial se aproximando? Saiba que o ve\u00edculo que vai te levar at\u00e9\no local pode transformar sua experi\u00eancia. Opte por modelos que esbanjam charme,\nestilo e luxo. Por\u00e9m n\u00e3o esque\u00e7a do conforto, esse quesito tamb\u00e9m importante\npara a noiva, o formando ou o aniversariante da vez. <\/p>\n\n\n\n<p>Para\nauxiliar sua busca, organizamos as principais categorias de ve\u00edculos\ndispon\u00edveis para loca\u00e7\u00e3o, indicados para ocasi\u00f5es especiais: como casamentos,\nanivers\u00e1rios, formaturas, entre outros. <\/p>\n\n\n\n<p>Quer\nter um dia inesquec\u00edvel? Ent\u00e3o alugue um carro premium!<\/p>\n\n\n\n<p>LUXO:\nA categoria Luxo contempla carros elegantes e sofisticados, que al\u00e9m do ar\ncondicionado e dire\u00e7\u00e3o assistida, possuem acess\u00f3rios diferenciados. O c\u00e2mbio \u00e9 autom\u00e1tico,\ne o motor \u00e9 potente. Selecionado para aqueles que n\u00e3o abrem m\u00e3o de conforto.<\/p>\n\n\n\n<p>AUTOM\u00c1TICO:\nA principal caracter\u00edstica dessa categoria \u00e9 a transmiss\u00e3o autom\u00e1tica. S\u00e3o\ncarros confort\u00e1veis, possuem 4 portas e acomodam at\u00e9 5 passageiros. O\nPorta-malas tem boa capacidade de carga e a pot\u00eancia dos motores \u00e9 variada. Assim\ncomo a categoria anterior, os autom\u00e1tico tamb\u00e9m oferecem maior quantidade de\nacess\u00f3rios. <\/p>\n\n\n\n<p>EXECUTIVO:\nOs carros executivos s\u00e3o sedans, com ar e dire\u00e7\u00e3o assistida. Possuem c\u00e2mbio \u00e9\nmanual e acomodam confortavelmente at\u00e9 5 pessoas, com boa capacidade de bagagem.\nPodem ser encontrados com motores entre 1.6 e 2.0. S\u00e3o ve\u00edculos flex, indicamos\npara viagens, casamentos, e eventos em geral.<\/p>\n\n\n\n<p>N\u00e3o perca a chance de alugar o carro dos sonhos! Acesse CarroAluguel.com e reserve com praticidade e seguran\u00e7a. \ud83d\ude00 Nossa equipe est\u00e1 dispon\u00edvel para atender voc\u00ea de segunda a s\u00e1bado, ligue pra n\u00f3s! \u260e\ufe0f <a href=\"https:\/\/www.carroaluguel.com\/telefones-atendimento\">4003 6851<\/a><\/p>\n","protected":false},"excerpt":{"rendered":"<p>Confira as principais categorias de ve\u00edculos dispon\u00edveis para loca\u00e7\u00e3o, indicados para ocasi\u00f5es especiais: como casamentos, anivers\u00e1rios, formaturas, entre outros! <\/p>\n","protected":false},"author":1,"featured_media":8347,"comment_status":"open","ping_status":"open","sticky":false,"template":"","format":"standard","meta":{"footnotes":""},"categories":[316],"tags":[],"class_list":["post-8346","post","type-post","status-publish","format-standard","has-post-thumbnail","hentry","category-dicas"],"yoast_head":"<!-- This site is optimized with the Yoast SEO plugin v27.5 - https:\/\/yoast.com\/product\/yoast-seo-wordpress\/ -->\n<title>Carros ideais para eventos especiais!<\/title>\n<meta name=\"description\" content=\"Seu dia especial pode ser ainda melhor com um carro alugado. Saiba quais s\u00e3o as categorias de ve\u00edculos indicadas para casamentos, formaturas e eventos em geral.\" \/>\n<meta name=\"robots\" content=\"index, follow, max-snippet:-1, max-image-preview:large, max-video-preview:-1\" \/>\n<link rel=\"canonical\" href=\"https:\/\/www.carroaluguel.com\/blog\/carros-ideais-para-eventos-especiais\/\" \/>\n<meta property=\"og:locale\" content=\"pt_BR\" \/>\n<meta property=\"og:type\" content=\"article\" \/>\n<meta property=\"og:title\" content=\"Carros ideais para eventos especiais!\" \/>\n<meta property=\"og:description\" content=\"Seu dia especial pode ser ainda melhor com um carro alugado. Saiba quais s\u00e3o as categorias de ve\u00edculos indicadas para casamentos, formaturas e eventos em geral.\" \/>\n<meta property=\"og:url\" content=\"https:\/\/www.carroaluguel.com\/blog\/carros-ideais-para-eventos-especiais\/\" \/>\n<meta property=\"og:site_name\" content=\"Blog CarroAluguel\" \/>\n<meta property=\"article:publisher\" content=\"https:\/\/www.facebook.com\/CarroAluguelBR\" \/>\n<meta property=\"article:published_time\" content=\"2019-07-26T17:05:11+00:00\" \/>\n<meta property=\"article:modified_time\" content=\"2023-08-24T00:13:15+00:00\" \/>\n<meta property=\"og:image\" content=\"https:\/\/www.carroaluguel.com\/blog\/wp-content\/uploads\/2019\/07\/momentosespeciais.jpg\" \/>\n\t<meta property=\"og:image:width\" content=\"1000\" \/>\n\t<meta property=\"og:image:height\" content=\"1000\" \/>\n\t<meta property=\"og:image:type\" content=\"image\/jpeg\" \/>\n<meta name=\"author\" content=\"blog\" \/>\n<meta name=\"twitter:card\" content=\"summary_large_image\" \/>\n<meta name=\"twitter:creator\" content=\"@CarroAluguel\" \/>\n<meta name=\"twitter:site\" content=\"@CarroAluguel\" \/>\n<meta name=\"twitter:label1\" content=\"Escrito por\" \/>\n\t<meta name=\"twitter:data1\" content=\"blog\" \/>\n\t<meta name=\"twitter:label2\" content=\"Est. tempo de leitura\" \/>\n\t<meta name=\"twitter:data2\" content=\"1 minuto\" \/>\n<script type=\"application\/ld+json\" class=\"yoast-schema-graph\">{\"@context\":\"https:\\\/\\\/schema.org\",\"@graph\":[{\"@type\":\"Article\",\"@id\":\"https:\\\/\\\/www.carroaluguel.com\\\/blog\\\/carros-ideais-para-eventos-especiais\\\/#article\",\"isPartOf\":{\"@id\":\"https:\\\/\\\/www.carroaluguel.com\\\/blog\\\/carros-ideais-para-eventos-especiais\\\/\"},\"author\":{\"name\":\"blog\",\"@id\":\"https:\\\/\\\/www.carroaluguel.com\\\/blog\\\/#\\\/schema\\\/person\\\/693414c3b2423315cf90fb75439be0e1\"},\"headline\":\"Carros ideais para eventos especiais!\",\"datePublished\":\"2019-07-26T17:05:11+00:00\",\"dateModified\":\"2023-08-24T00:13:15+00:00\",\"mainEntityOfPage\":{\"@id\":\"https:\\\/\\\/www.carroaluguel.com\\\/blog\\\/carros-ideais-para-eventos-especiais\\\/\"},\"wordCount\":283,\"commentCount\":2,\"publisher\":{\"@id\":\"https:\\\/\\\/www.carroaluguel.com\\\/blog\\\/#organization\"},\"image\":{\"@id\":\"https:\\\/\\\/www.carroaluguel.com\\\/blog\\\/carros-ideais-para-eventos-especiais\\\/#primaryimage\"},\"thumbnailUrl\":\"https:\\\/\\\/www.carroaluguel.com\\\/blog\\\/wp-content\\\/uploads\\\/2019\\\/07\\\/momentosespeciais.jpg\",\"articleSection\":[\"Dicas\"],\"inLanguage\":\"pt-BR\",\"potentialAction\":[{\"@type\":\"CommentAction\",\"name\":\"Comment\",\"target\":[\"https:\\\/\\\/www.carroaluguel.com\\\/blog\\\/carros-ideais-para-eventos-especiais\\\/#respond\"]}]},{\"@type\":\"WebPage\",\"@id\":\"https:\\\/\\\/www.carroaluguel.com\\\/blog\\\/carros-ideais-para-eventos-especiais\\\/\",\"url\":\"https:\\\/\\\/www.carroaluguel.com\\\/blog\\\/carros-ideais-para-eventos-especiais\\\/\",\"name\":\"Carros ideais para eventos especiais!\",\"isPartOf\":{\"@id\":\"https:\\\/\\\/www.carroaluguel.com\\\/blog\\\/#website\"},\"primaryImageOfPage\":{\"@id\":\"https:\\\/\\\/www.carroaluguel.com\\\/blog\\\/carros-ideais-para-eventos-especiais\\\/#primaryimage\"},\"image\":{\"@id\":\"https:\\\/\\\/www.carroaluguel.com\\\/blog\\\/carros-ideais-para-eventos-especiais\\\/#primaryimage\"},\"thumbnailUrl\":\"https:\\\/\\\/www.carroaluguel.com\\\/blog\\\/wp-content\\\/uploads\\\/2019\\\/07\\\/momentosespeciais.jpg\",\"datePublished\":\"2019-07-26T17:05:11+00:00\",\"dateModified\":\"2023-08-24T00:13:15+00:00\",\"description\":\"Seu dia especial pode ser ainda melhor com um carro alugado. Saiba quais s\u00e3o as categorias de ve\u00edculos indicadas para casamentos, formaturas e eventos em geral.\",\"breadcrumb\":{\"@id\":\"https:\\\/\\\/www.carroaluguel.com\\\/blog\\\/carros-ideais-para-eventos-especiais\\\/#breadcrumb\"},\"inLanguage\":\"pt-BR\",\"potentialAction\":[{\"@type\":\"ReadAction\",\"target\":[\"https:\\\/\\\/www.carroaluguel.com\\\/blog\\\/carros-ideais-para-eventos-especiais\\\/\"]}]},{\"@type\":\"ImageObject\",\"inLanguage\":\"pt-BR\",\"@id\":\"https:\\\/\\\/www.carroaluguel.com\\\/blog\\\/carros-ideais-para-eventos-especiais\\\/#primaryimage\",\"url\":\"https:\\\/\\\/www.carroaluguel.com\\\/blog\\\/wp-content\\\/uploads\\\/2019\\\/07\\\/momentosespeciais.jpg\",\"contentUrl\":\"https:\\\/\\\/www.carroaluguel.com\\\/blog\\\/wp-content\\\/uploads\\\/2019\\\/07\\\/momentosespeciais.jpg\",\"width\":1000,\"height\":1000,\"caption\":\"Imagem de uma mulher sentada no banco de tr\u00e1s do carro com a porta aberta, com o t\u00edtulo: aluguel para momentos especiais\"},{\"@type\":\"BreadcrumbList\",\"@id\":\"https:\\\/\\\/www.carroaluguel.com\\\/blog\\\/carros-ideais-para-eventos-especiais\\\/#breadcrumb\",\"itemListElement\":[{\"@type\":\"ListItem\",\"position\":1,\"name\":\"Home\",\"item\":\"https:\\\/\\\/www.carroaluguel.com\\\/blog\\\/\"},{\"@type\":\"ListItem\",\"position\":2,\"name\":\"Dicas\",\"item\":\"https:\\\/\\\/www.carroaluguel.com\\\/blog\\\/category\\\/dicas\\\/\"},{\"@type\":\"ListItem\",\"position\":3,\"name\":\"Carros ideais para eventos especiais!\"}]},{\"@type\":\"WebSite\",\"@id\":\"https:\\\/\\\/www.carroaluguel.com\\\/blog\\\/#website\",\"url\":\"https:\\\/\\\/www.carroaluguel.com\\\/blog\\\/\",\"name\":\"Blog CarroAluguel\",\"description\":\"\",\"publisher\":{\"@id\":\"https:\\\/\\\/www.carroaluguel.com\\\/blog\\\/#organization\"},\"potentialAction\":[{\"@type\":\"SearchAction\",\"target\":{\"@type\":\"EntryPoint\",\"urlTemplate\":\"https:\\\/\\\/www.carroaluguel.com\\\/blog\\\/?s={search_term_string}\"},\"query-input\":{\"@type\":\"PropertyValueSpecification\",\"valueRequired\":true,\"valueName\":\"search_term_string\"}}],\"inLanguage\":\"pt-BR\"},{\"@type\":\"Organization\",\"@id\":\"https:\\\/\\\/www.carroaluguel.com\\\/blog\\\/#organization\",\"name\":\"CarroAluguel.com\",\"url\":\"https:\\\/\\\/www.carroaluguel.com\\\/blog\\\/\",\"logo\":{\"@type\":\"ImageObject\",\"inLanguage\":\"pt-BR\",\"@id\":\"https:\\\/\\\/www.carroaluguel.com\\\/blog\\\/#\\\/schema\\\/logo\\\/image\\\/\",\"url\":\"https:\\\/\\\/www.carroaluguel.com\\\/blog\\\/wp-content\\\/uploads\\\/2023\\\/08\\\/logo-carro-aluguel-BLOG-200x54-1.png\",\"contentUrl\":\"https:\\\/\\\/www.carroaluguel.com\\\/blog\\\/wp-content\\\/uploads\\\/2023\\\/08\\\/logo-carro-aluguel-BLOG-200x54-1.png\",\"width\":200,\"height\":54,\"caption\":\"CarroAluguel.com\"},\"image\":{\"@id\":\"https:\\\/\\\/www.carroaluguel.com\\\/blog\\\/#\\\/schema\\\/logo\\\/image\\\/\"},\"sameAs\":[\"https:\\\/\\\/www.facebook.com\\\/CarroAluguelBR\",\"https:\\\/\\\/x.com\\\/CarroAluguel\",\"https:\\\/\\\/www.instagram.com\\\/carroaluguel\\\/\"]},{\"@type\":\"Person\",\"@id\":\"https:\\\/\\\/www.carroaluguel.com\\\/blog\\\/#\\\/schema\\\/person\\\/693414c3b2423315cf90fb75439be0e1\",\"name\":\"blog\",\"image\":{\"@type\":\"ImageObject\",\"inLanguage\":\"pt-BR\",\"@id\":\"https:\\\/\\\/secure.gravatar.com\\\/avatar\\\/b8a3d64fc0b21db017f462a77f2c79b24cf3db4426d602430441f37f7d2ac037?s=96&d=mm&r=g\",\"url\":\"https:\\\/\\\/secure.gravatar.com\\\/avatar\\\/b8a3d64fc0b21db017f462a77f2c79b24cf3db4426d602430441f37f7d2ac037?s=96&d=mm&r=g\",\"contentUrl\":\"https:\\\/\\\/secure.gravatar.com\\\/avatar\\\/b8a3d64fc0b21db017f462a77f2c79b24cf3db4426d602430441f37f7d2ac037?s=96&d=mm&r=g\",\"caption\":\"blog\"},\"sameAs\":[\"https:\\\/\\\/carroaluguel.com\\\/blog\"],\"url\":\"https:\\\/\\\/www.carroaluguel.com\\\/blog\\\/author\\\/blog\\\/\"}]}<\/script>\n<!-- \/ Yoast SEO plugin. -->","yoast_head_json":{"title":"Carros ideais para eventos especiais!","description":"Seu dia especial pode ser ainda melhor com um carro alugado. Saiba quais s\u00e3o as categorias de ve\u00edculos indicadas para casamentos, formaturas e eventos em geral.","robots":{"index":"index","follow":"follow","max-snippet":"max-snippet:-1","max-image-preview":"max-image-preview:large","max-video-preview":"max-video-preview:-1"},"canonical":"https:\/\/www.carroaluguel.com\/blog\/carros-ideais-para-eventos-especiais\/","og_locale":"pt_BR","og_type":"article","og_title":"Carros ideais para eventos especiais!","og_description":"Seu dia especial pode ser ainda melhor com um carro alugado. Saiba quais s\u00e3o as categorias de ve\u00edculos indicadas para casamentos, formaturas e eventos em geral.","og_url":"https:\/\/www.carroaluguel.com\/blog\/carros-ideais-para-eventos-especiais\/","og_site_name":"Blog CarroAluguel","article_publisher":"https:\/\/www.facebook.com\/CarroAluguelBR","article_published_time":"2019-07-26T17:05:11+00:00","article_modified_time":"2023-08-24T00:13:15+00:00","og_image":[{"width":1000,"height":1000,"url":"https:\/\/www.carroaluguel.com\/blog\/wp-content\/uploads\/2019\/07\/momentosespeciais.jpg","type":"image\/jpeg"}],"author":"blog","twitter_card":"summary_large_image","twitter_creator":"@CarroAluguel","twitter_site":"@CarroAluguel","twitter_misc":{"Escrito por":"blog","Est. tempo de leitura":"1 minuto"},"schema":{"@context":"https:\/\/schema.org","@graph":[{"@type":"Article","@id":"https:\/\/www.carroaluguel.com\/blog\/carros-ideais-para-eventos-especiais\/#article","isPartOf":{"@id":"https:\/\/www.carroaluguel.com\/blog\/carros-ideais-para-eventos-especiais\/"},"author":{"name":"blog","@id":"https:\/\/www.carroaluguel.com\/blog\/#\/schema\/person\/693414c3b2423315cf90fb75439be0e1"},"headline":"Carros ideais para eventos especiais!","datePublished":"2019-07-26T17:05:11+00:00","dateModified":"2023-08-24T00:13:15+00:00","mainEntityOfPage":{"@id":"https:\/\/www.carroaluguel.com\/blog\/carros-ideais-para-eventos-especiais\/"},"wordCount":283,"commentCount":2,"publisher":{"@id":"https:\/\/www.carroaluguel.com\/blog\/#organization"},"image":{"@id":"https:\/\/www.carroaluguel.com\/blog\/carros-ideais-para-eventos-especiais\/#primaryimage"},"thumbnailUrl":"https:\/\/www.carroaluguel.com\/blog\/wp-content\/uploads\/2019\/07\/momentosespeciais.jpg","articleSection":["Dicas"],"inLanguage":"pt-BR","potentialAction":[{"@type":"CommentAction","name":"Comment","target":["https:\/\/www.carroaluguel.com\/blog\/carros-ideais-para-eventos-especiais\/#respond"]}]},{"@type":"WebPage","@id":"https:\/\/www.carroaluguel.com\/blog\/carros-ideais-para-eventos-especiais\/","url":"https:\/\/www.carroaluguel.com\/blog\/carros-ideais-para-eventos-especiais\/","name":"Carros ideais para eventos especiais!","isPartOf":{"@id":"https:\/\/www.carroaluguel.com\/blog\/#website"},"primaryImageOfPage":{"@id":"https:\/\/www.carroaluguel.com\/blog\/carros-ideais-para-eventos-especiais\/#primaryimage"},"image":{"@id":"https:\/\/www.carroaluguel.com\/blog\/carros-ideais-para-eventos-especiais\/#primaryimage"},"thumbnailUrl":"https:\/\/www.carroaluguel.com\/blog\/wp-content\/uploads\/2019\/07\/momentosespeciais.jpg","datePublished":"2019-07-26T17:05:11+00:00","dateModified":"2023-08-24T00:13:15+00:00","description":"Seu dia especial pode ser ainda melhor com um carro alugado. Saiba quais s\u00e3o as categorias de ve\u00edculos indicadas para casamentos, formaturas e eventos em geral.","breadcrumb":{"@id":"https:\/\/www.carroaluguel.com\/blog\/carros-ideais-para-eventos-especiais\/#breadcrumb"},"inLanguage":"pt-BR","potentialAction":[{"@type":"ReadAction","target":["https:\/\/www.carroaluguel.com\/blog\/carros-ideais-para-eventos-especiais\/"]}]},{"@type":"ImageObject","inLanguage":"pt-BR","@id":"https:\/\/www.carroaluguel.com\/blog\/carros-ideais-para-eventos-especiais\/#primaryimage","url":"https:\/\/www.carroaluguel.com\/blog\/wp-content\/uploads\/2019\/07\/momentosespeciais.jpg","contentUrl":"https:\/\/www.carroaluguel.com\/blog\/wp-content\/uploads\/2019\/07\/momentosespeciais.jpg","width":1000,"height":1000,"caption":"Imagem de uma mulher sentada no banco de tr\u00e1s do carro com a porta aberta, com o t\u00edtulo: aluguel para momentos especiais"},{"@type":"BreadcrumbList","@id":"https:\/\/www.carroaluguel.com\/blog\/carros-ideais-para-eventos-especiais\/#breadcrumb","itemListElement":[{"@type":"ListItem","position":1,"name":"Home","item":"https:\/\/www.carroaluguel.com\/blog\/"},{"@type":"ListItem","position":2,"name":"Dicas","item":"https:\/\/www.carroaluguel.com\/blog\/category\/dicas\/"},{"@type":"ListItem","position":3,"name":"Carros ideais para eventos especiais!"}]},{"@type":"WebSite","@id":"https:\/\/www.carroaluguel.com\/blog\/#website","url":"https:\/\/www.carroaluguel.com\/blog\/","name":"Blog CarroAluguel","description":"","publisher":{"@id":"https:\/\/www.carroaluguel.com\/blog\/#organization"},"potentialAction":[{"@type":"SearchAction","target":{"@type":"EntryPoint","urlTemplate":"https:\/\/www.carroaluguel.com\/blog\/?s={search_term_string}"},"query-input":{"@type":"PropertyValueSpecification","valueRequired":true,"valueName":"search_term_string"}}],"inLanguage":"pt-BR"},{"@type":"Organization","@id":"https:\/\/www.carroaluguel.com\/blog\/#organization","name":"CarroAluguel.com","url":"https:\/\/www.carroaluguel.com\/blog\/","logo":{"@type":"ImageObject","inLanguage":"pt-BR","@id":"https:\/\/www.carroaluguel.com\/blog\/#\/schema\/logo\/image\/","url":"https:\/\/www.carroaluguel.com\/blog\/wp-content\/uploads\/2023\/08\/logo-carro-aluguel-BLOG-200x54-1.png","contentUrl":"https:\/\/www.carroaluguel.com\/blog\/wp-content\/uploads\/2023\/08\/logo-carro-aluguel-BLOG-200x54-1.png","width":200,"height":54,"caption":"CarroAluguel.com"},"image":{"@id":"https:\/\/www.carroaluguel.com\/blog\/#\/schema\/logo\/image\/"},"sameAs":["https:\/\/www.facebook.com\/CarroAluguelBR","https:\/\/x.com\/CarroAluguel","https:\/\/www.instagram.com\/carroaluguel\/"]},{"@type":"Person","@id":"https:\/\/www.carroaluguel.com\/blog\/#\/schema\/person\/693414c3b2423315cf90fb75439be0e1","name":"blog","image":{"@type":"ImageObject","inLanguage":"pt-BR","@id":"https:\/\/secure.gravatar.com\/avatar\/b8a3d64fc0b21db017f462a77f2c79b24cf3db4426d602430441f37f7d2ac037?s=96&d=mm&r=g","url":"https:\/\/secure.gravatar.com\/avatar\/b8a3d64fc0b21db017f462a77f2c79b24cf3db4426d602430441f37f7d2ac037?s=96&d=mm&r=g","contentUrl":"https:\/\/secure.gravatar.com\/avatar\/b8a3d64fc0b21db017f462a77f2c79b24cf3db4426d602430441f37f7d2ac037?s=96&d=mm&r=g","caption":"blog"},"sameAs":["https:\/\/carroaluguel.com\/blog"],"url":"https:\/\/www.carroaluguel.com\/blog\/author\/blog\/"}]}},"_links":{"self":[{"href":"https:\/\/www.carroaluguel.com\/blog\/wp-json\/wp\/v2\/posts\/8346","targetHints":{"allow":["GET"]}}],"collection":[{"href":"https:\/\/www.carroaluguel.com\/blog\/wp-json\/wp\/v2\/posts"}],"about":[{"href":"https:\/\/www.carroaluguel.com\/blog\/wp-json\/wp\/v2\/types\/post"}],"author":[{"embeddable":true,"href":"https:\/\/www.carroaluguel.com\/blog\/wp-json\/wp\/v2\/users\/1"}],"replies":[{"embeddable":true,"href":"https:\/\/www.carroaluguel.com\/blog\/wp-json\/wp\/v2\/comments?post=8346"}],"version-history":[{"count":1,"href":"https:\/\/www.carroaluguel.com\/blog\/wp-json\/wp\/v2\/posts\/8346\/revisions"}],"predecessor-version":[{"id":10163,"href":"https:\/\/www.carroaluguel.com\/blog\/wp-json\/wp\/v2\/posts\/8346\/revisions\/10163"}],"wp:featuredmedia":[{"embeddable":true,"href":"https:\/\/www.carroaluguel.com\/blog\/wp-json\/wp\/v2\/media\/8347"}],"wp:attachment":[{"href":"https:\/\/www.carroaluguel.com\/blog\/wp-json\/wp\/v2\/media?parent=8346"}],"wp:term":[{"taxonomy":"category","embeddable":true,"href":"https:\/\/www.carroaluguel.com\/blog\/wp-json\/wp\/v2\/categories?post=8346"},{"taxonomy":"post_tag","embeddable":true,"href":"https:\/\/www.carroaluguel.com\/blog\/wp-json\/wp\/v2\/tags?post=8346"}],"curies":[{"name":"wp","href":"https:\/\/api.w.org\/{rel}","templated":true}]}}