{"id":8837,"date":"2020-12-15T18:32:49","date_gmt":"2020-12-15T18:32:49","guid":{"rendered":"https:\/\/www.carroaluguel.com\/blog\/?p=8837"},"modified":"2025-12-04T19:22:08","modified_gmt":"2025-12-04T19:22:08","slug":"alta-temporada-no-aluguel-de-carros","status":"publish","type":"post","link":"https:\/\/www.carroaluguel.com\/blog\/alta-temporada-no-aluguel-de-carros\/","title":{"rendered":"O aluguel de carros na alta temporada"},"content":{"rendered":"<div class=\"fusion-fullwidth fullwidth-box fusion-builder-row-1 fusion-flex-container nonhundred-percent-fullwidth non-hundred-percent-height-scrolling\" style=\"--awb-border-radius-top-left:0px;--awb-border-radius-top-right:0px;--awb-border-radius-bottom-right:0px;--awb-border-radius-bottom-left:0px;--awb-flex-wrap:wrap;\" ><div class=\"fusion-builder-row fusion-row fusion-flex-align-items-flex-start fusion-flex-content-wrap\" style=\"max-width:1302px;margin-left: calc(-5% \/ 2 );margin-right: calc(-5% \/ 2 );\"><div class=\"fusion-layout-column fusion_builder_column fusion-builder-column-0 fusion_builder_column_1_1 1_1 fusion-flex-column\" style=\"--awb-bg-size:cover;--awb-width-large:100%;--awb-margin-top-large:0px;--awb-spacing-right-large:2.375%;--awb-margin-bottom-large:0px;--awb-spacing-left-large:2.375%;--awb-width-medium:100%;--awb-spacing-right-medium:2.375%;--awb-spacing-left-medium:2.375%;--awb-width-small:100%;--awb-spacing-right-small:2.375%;--awb-spacing-left-small:2.375%;\"><div class=\"fusion-column-wrapper fusion-flex-justify-content-flex-start fusion-content-layout-column\"><div class=\"fusion-text fusion-text-1\"><p><span style=\"font-weight: 400;\">Voc\u00ea \u00e9 cliente frequente da loca\u00e7\u00e3o de ve\u00edculos, ou ir\u00e1 alugar pela primeira vez? Saiba que \u00e9 importante conhecer algumas informa\u00e7\u00f5es sobre o per\u00edodo de alta temporada no aluguel de autom\u00f3veis. Continue a leitura conosco!<\/span><\/p>\n<p>&nbsp;<\/p>\n<h2>Afinal, quais s\u00e3o as datas de alta temporada?<\/h2>\n<p><span style=\"font-weight: 400;\">A alta temporada ocorre, geralmente, entre os meses de novembro e fevereiro, podendo ser estendida por todo o ver\u00e3o. Tamb\u00e9m s\u00e3o considerados per\u00edodos de alta, os feriados nacionais, regionais e datas comemorativas em geral. Podemos citar como exemplos: festas de final de ano, carnaval, p\u00e1scoa, dia das m\u00e3es, dia dos pais, al\u00e9m dos demais feriados prolongados.&nbsp;<\/span><\/p>\n<p>&nbsp;<\/p>\n<h3><b>O que acontece com o setor nessas ocasi\u00f5es?<\/b><\/h3>\n<p><span style=\"font-weight: 400;\">Muitas pessoas decidem viajar, seja a trabalho ou para aproveitar o tempo livre. Sendo assim, a procura por ve\u00edculos para locar aumenta de forma ostensiva, e devido a isso, a disponibilidade de carros na locadoras baixa significativamente.<\/span><\/p>\n<div style=\"text-align: center; background-color: #efedee;\">\n<p style=\"font-family: 'Viga', sans-serif; font-size: 18px; font-weight: 400 regular; padding-top: 10px;\">Compare as melhores ofertas de loca\u00e7\u00e3o do Brasil.<\/p>\n<p><button style=\"box-shadow: 0 2px 12px 0 rgb(0 0 0 \/ 16%), 0 0 0 1px rgb(0 0 0 \/ 8%); padding: 10px 40px; margin: -10px 0 15px; background-color: #2aac63; color: #ffffff; border-radius: 6px; border: none; font-family: 'Viga', sans-serif; font-size: 20px;\">Acessar o site e economizar<\/button><\/p>\n<\/div>\n<p>&nbsp;<\/p>\n<h3><b>Qual a solu\u00e7\u00e3o para economizar?<\/b><\/h3>\n<p><span style=\"font-weight: 400;\">Conforme as datas se aproximam, a lei da oferta e demanda ocorre, assim que a disponibilidade de autom\u00f3veis cai, os valores das di\u00e1rias tendem a subir bastante. Por isso, \u00e9 essencial reservar antecipadamente, somente dessa forma \u00e9 poss\u00edvel garantir o carro ideal por pre\u00e7os acess\u00edveis.&nbsp;<\/span><\/p>\n<p>&nbsp;<\/p>\n<h3><b>Onde fazer uma cota\u00e7\u00e3o confi\u00e1vel?<\/b><\/h3>\n<p><span style=\"font-weight: 400;\">No segmento do aluguel de carros, in\u00fameras locadoras atuam oferecendo diferentes valores e servi\u00e7os. Dessa forma, \u00e9 imprescind\u00edvel fazer uma compara\u00e7\u00e3o de pre\u00e7os. No portal CarroAluguel.com voc\u00ea encontra as ofertas das melhores empresas de loca\u00e7\u00e3o do Brasil e reserva em at\u00e9 3 minutos, com seguran\u00e7a e economia.&nbsp;<\/span><\/p>\n<p>&nbsp;<\/p>\n<h3><b>Esperamos que tenha gostado desse conte\u00fado!<\/b><\/h3>\n<p><span style=\"font-weight: 400;\">Caso tenha alguma d\u00favida sobre esse e outros assuntos, fale com a nossa equipe de atendimento especializada na central: 0800 008 5950 (liga\u00e7\u00f5es gratuitas via celular e fixo).<\/span><\/p>\n<\/div><\/div><\/div><\/div><\/div>\n","protected":false},"excerpt":{"rendered":"<p>Voc\u00ea \u00e9 cliente frequente da loca\u00e7\u00e3o de ve\u00edculos, ou ir\u00e1 alugar pela primeira vez? Saiba que \u00e9 importante conhecer algumas informa\u00e7\u00f5es sobre o per\u00edodo de alta temporada no aluguel de autom\u00f3veis. Continue a leitura conosco!<\/p>\n","protected":false},"author":1,"featured_media":8839,"comment_status":"open","ping_status":"open","sticky":false,"template":"","format":"standard","meta":{"footnotes":""},"categories":[313],"tags":[],"class_list":["post-8837","post","type-post","status-publish","format-standard","has-post-thumbnail","hentry","category-aluguel-de-carros"],"yoast_head":"<!-- This site is optimized with the Yoast SEO plugin v27.5 - https:\/\/yoast.com\/product\/yoast-seo-wordpress\/ -->\n<title>O aluguel de carros na alta temporada | Blog CarroAluguel<\/title>\n<meta name=\"description\" content=\"Leia nosso texto para conhecer informa\u00e7\u00f5es sobre o per\u00edodo de alta temporada no mercado brasileiro de aluguel de autom\u00f3veis.\" \/>\n<meta name=\"robots\" content=\"index, follow, max-snippet:-1, max-image-preview:large, max-video-preview:-1\" \/>\n<link rel=\"canonical\" href=\"https:\/\/www.carroaluguel.com\/blog\/alta-temporada-no-aluguel-de-carros\/\" \/>\n<meta property=\"og:locale\" content=\"pt_BR\" \/>\n<meta property=\"og:type\" content=\"article\" \/>\n<meta property=\"og:title\" content=\"O aluguel de carros na alta temporada | Blog CarroAluguel\" \/>\n<meta property=\"og:description\" content=\"Leia nosso texto para conhecer informa\u00e7\u00f5es sobre o per\u00edodo de alta temporada no mercado brasileiro de aluguel de autom\u00f3veis.\" \/>\n<meta property=\"og:url\" content=\"https:\/\/www.carroaluguel.com\/blog\/alta-temporada-no-aluguel-de-carros\/\" \/>\n<meta property=\"og:site_name\" content=\"Blog CarroAluguel\" \/>\n<meta property=\"article:publisher\" content=\"https:\/\/www.facebook.com\/CarroAluguelBR\" \/>\n<meta property=\"article:published_time\" content=\"2020-12-15T18:32:49+00:00\" \/>\n<meta property=\"article:modified_time\" content=\"2025-12-04T19:22:08+00:00\" \/>\n<meta property=\"og:image\" content=\"https:\/\/www.carroaluguel.com\/blog\/wp-content\/uploads\/2020\/12\/capa-Alta-temporada.png\" \/>\n\t<meta property=\"og:image:width\" content=\"1200\" \/>\n\t<meta property=\"og:image:height\" content=\"1200\" \/>\n\t<meta property=\"og:image:type\" content=\"image\/png\" \/>\n<meta name=\"author\" content=\"blog\" \/>\n<meta name=\"twitter:card\" content=\"summary_large_image\" \/>\n<meta name=\"twitter:creator\" content=\"@CarroAluguel\" \/>\n<meta name=\"twitter:site\" content=\"@CarroAluguel\" \/>\n<meta name=\"twitter:label1\" content=\"Escrito por\" \/>\n\t<meta name=\"twitter:data1\" content=\"blog\" \/>\n\t<meta name=\"twitter:label2\" content=\"Est. tempo de leitura\" \/>\n\t<meta name=\"twitter:data2\" content=\"2 minutos\" \/>\n<script type=\"application\/ld+json\" class=\"yoast-schema-graph\">{\"@context\":\"https:\\\/\\\/schema.org\",\"@graph\":[{\"@type\":\"Article\",\"@id\":\"https:\\\/\\\/www.carroaluguel.com\\\/blog\\\/alta-temporada-no-aluguel-de-carros\\\/#article\",\"isPartOf\":{\"@id\":\"https:\\\/\\\/www.carroaluguel.com\\\/blog\\\/alta-temporada-no-aluguel-de-carros\\\/\"},\"author\":{\"name\":\"blog\",\"@id\":\"https:\\\/\\\/www.carroaluguel.com\\\/blog\\\/#\\\/schema\\\/person\\\/693414c3b2423315cf90fb75439be0e1\"},\"headline\":\"O aluguel de carros na alta temporada\",\"datePublished\":\"2020-12-15T18:32:49+00:00\",\"dateModified\":\"2025-12-04T19:22:08+00:00\",\"mainEntityOfPage\":{\"@id\":\"https:\\\/\\\/www.carroaluguel.com\\\/blog\\\/alta-temporada-no-aluguel-de-carros\\\/\"},\"wordCount\":442,\"commentCount\":0,\"publisher\":{\"@id\":\"https:\\\/\\\/www.carroaluguel.com\\\/blog\\\/#organization\"},\"image\":{\"@id\":\"https:\\\/\\\/www.carroaluguel.com\\\/blog\\\/alta-temporada-no-aluguel-de-carros\\\/#primaryimage\"},\"thumbnailUrl\":\"https:\\\/\\\/www.carroaluguel.com\\\/blog\\\/wp-content\\\/uploads\\\/2020\\\/12\\\/capa-Alta-temporada.png\",\"articleSection\":[\"Aluguel de carros\"],\"inLanguage\":\"pt-BR\",\"potentialAction\":[{\"@type\":\"CommentAction\",\"name\":\"Comment\",\"target\":[\"https:\\\/\\\/www.carroaluguel.com\\\/blog\\\/alta-temporada-no-aluguel-de-carros\\\/#respond\"]}]},{\"@type\":\"WebPage\",\"@id\":\"https:\\\/\\\/www.carroaluguel.com\\\/blog\\\/alta-temporada-no-aluguel-de-carros\\\/\",\"url\":\"https:\\\/\\\/www.carroaluguel.com\\\/blog\\\/alta-temporada-no-aluguel-de-carros\\\/\",\"name\":\"O aluguel de carros na alta temporada | Blog CarroAluguel\",\"isPartOf\":{\"@id\":\"https:\\\/\\\/www.carroaluguel.com\\\/blog\\\/#website\"},\"primaryImageOfPage\":{\"@id\":\"https:\\\/\\\/www.carroaluguel.com\\\/blog\\\/alta-temporada-no-aluguel-de-carros\\\/#primaryimage\"},\"image\":{\"@id\":\"https:\\\/\\\/www.carroaluguel.com\\\/blog\\\/alta-temporada-no-aluguel-de-carros\\\/#primaryimage\"},\"thumbnailUrl\":\"https:\\\/\\\/www.carroaluguel.com\\\/blog\\\/wp-content\\\/uploads\\\/2020\\\/12\\\/capa-Alta-temporada.png\",\"datePublished\":\"2020-12-15T18:32:49+00:00\",\"dateModified\":\"2025-12-04T19:22:08+00:00\",\"description\":\"Leia nosso texto para conhecer informa\u00e7\u00f5es sobre o per\u00edodo de alta temporada no mercado brasileiro de aluguel de autom\u00f3veis.\",\"breadcrumb\":{\"@id\":\"https:\\\/\\\/www.carroaluguel.com\\\/blog\\\/alta-temporada-no-aluguel-de-carros\\\/#breadcrumb\"},\"inLanguage\":\"pt-BR\",\"potentialAction\":[{\"@type\":\"ReadAction\",\"target\":[\"https:\\\/\\\/www.carroaluguel.com\\\/blog\\\/alta-temporada-no-aluguel-de-carros\\\/\"]}]},{\"@type\":\"ImageObject\",\"inLanguage\":\"pt-BR\",\"@id\":\"https:\\\/\\\/www.carroaluguel.com\\\/blog\\\/alta-temporada-no-aluguel-de-carros\\\/#primaryimage\",\"url\":\"https:\\\/\\\/www.carroaluguel.com\\\/blog\\\/wp-content\\\/uploads\\\/2020\\\/12\\\/capa-Alta-temporada.png\",\"contentUrl\":\"https:\\\/\\\/www.carroaluguel.com\\\/blog\\\/wp-content\\\/uploads\\\/2020\\\/12\\\/capa-Alta-temporada.png\",\"width\":1200,\"height\":1200},{\"@type\":\"BreadcrumbList\",\"@id\":\"https:\\\/\\\/www.carroaluguel.com\\\/blog\\\/alta-temporada-no-aluguel-de-carros\\\/#breadcrumb\",\"itemListElement\":[{\"@type\":\"ListItem\",\"position\":1,\"name\":\"Home\",\"item\":\"https:\\\/\\\/www.carroaluguel.com\\\/blog\\\/\"},{\"@type\":\"ListItem\",\"position\":2,\"name\":\"Aluguel de carros\",\"item\":\"https:\\\/\\\/www.carroaluguel.com\\\/blog\\\/category\\\/aluguel-de-carros\\\/\"},{\"@type\":\"ListItem\",\"position\":3,\"name\":\"O aluguel de carros na alta temporada\"}]},{\"@type\":\"WebSite\",\"@id\":\"https:\\\/\\\/www.carroaluguel.com\\\/blog\\\/#website\",\"url\":\"https:\\\/\\\/www.carroaluguel.com\\\/blog\\\/\",\"name\":\"Blog CarroAluguel\",\"description\":\"\",\"publisher\":{\"@id\":\"https:\\\/\\\/www.carroaluguel.com\\\/blog\\\/#organization\"},\"potentialAction\":[{\"@type\":\"SearchAction\",\"target\":{\"@type\":\"EntryPoint\",\"urlTemplate\":\"https:\\\/\\\/www.carroaluguel.com\\\/blog\\\/?s={search_term_string}\"},\"query-input\":{\"@type\":\"PropertyValueSpecification\",\"valueRequired\":true,\"valueName\":\"search_term_string\"}}],\"inLanguage\":\"pt-BR\"},{\"@type\":\"Organization\",\"@id\":\"https:\\\/\\\/www.carroaluguel.com\\\/blog\\\/#organization\",\"name\":\"CarroAluguel.com\",\"url\":\"https:\\\/\\\/www.carroaluguel.com\\\/blog\\\/\",\"logo\":{\"@type\":\"ImageObject\",\"inLanguage\":\"pt-BR\",\"@id\":\"https:\\\/\\\/www.carroaluguel.com\\\/blog\\\/#\\\/schema\\\/logo\\\/image\\\/\",\"url\":\"https:\\\/\\\/www.carroaluguel.com\\\/blog\\\/wp-content\\\/uploads\\\/2023\\\/08\\\/logo-carro-aluguel-BLOG-200x54-1.png\",\"contentUrl\":\"https:\\\/\\\/www.carroaluguel.com\\\/blog\\\/wp-content\\\/uploads\\\/2023\\\/08\\\/logo-carro-aluguel-BLOG-200x54-1.png\",\"width\":200,\"height\":54,\"caption\":\"CarroAluguel.com\"},\"image\":{\"@id\":\"https:\\\/\\\/www.carroaluguel.com\\\/blog\\\/#\\\/schema\\\/logo\\\/image\\\/\"},\"sameAs\":[\"https:\\\/\\\/www.facebook.com\\\/CarroAluguelBR\",\"https:\\\/\\\/x.com\\\/CarroAluguel\",\"https:\\\/\\\/www.instagram.com\\\/carroaluguel\\\/\"]},{\"@type\":\"Person\",\"@id\":\"https:\\\/\\\/www.carroaluguel.com\\\/blog\\\/#\\\/schema\\\/person\\\/693414c3b2423315cf90fb75439be0e1\",\"name\":\"blog\",\"image\":{\"@type\":\"ImageObject\",\"inLanguage\":\"pt-BR\",\"@id\":\"https:\\\/\\\/secure.gravatar.com\\\/avatar\\\/b8a3d64fc0b21db017f462a77f2c79b24cf3db4426d602430441f37f7d2ac037?s=96&d=mm&r=g\",\"url\":\"https:\\\/\\\/secure.gravatar.com\\\/avatar\\\/b8a3d64fc0b21db017f462a77f2c79b24cf3db4426d602430441f37f7d2ac037?s=96&d=mm&r=g\",\"contentUrl\":\"https:\\\/\\\/secure.gravatar.com\\\/avatar\\\/b8a3d64fc0b21db017f462a77f2c79b24cf3db4426d602430441f37f7d2ac037?s=96&d=mm&r=g\",\"caption\":\"blog\"},\"sameAs\":[\"https:\\\/\\\/carroaluguel.com\\\/blog\"],\"url\":\"https:\\\/\\\/www.carroaluguel.com\\\/blog\\\/author\\\/blog\\\/\"}]}<\/script>\n<!-- \/ Yoast SEO plugin. -->","yoast_head_json":{"title":"O aluguel de carros na alta temporada | Blog CarroAluguel","description":"Leia nosso texto para conhecer informa\u00e7\u00f5es sobre o per\u00edodo de alta temporada no mercado brasileiro de aluguel de autom\u00f3veis.","robots":{"index":"index","follow":"follow","max-snippet":"max-snippet:-1","max-image-preview":"max-image-preview:large","max-video-preview":"max-video-preview:-1"},"canonical":"https:\/\/www.carroaluguel.com\/blog\/alta-temporada-no-aluguel-de-carros\/","og_locale":"pt_BR","og_type":"article","og_title":"O aluguel de carros na alta temporada | Blog CarroAluguel","og_description":"Leia nosso texto para conhecer informa\u00e7\u00f5es sobre o per\u00edodo de alta temporada no mercado brasileiro de aluguel de autom\u00f3veis.","og_url":"https:\/\/www.carroaluguel.com\/blog\/alta-temporada-no-aluguel-de-carros\/","og_site_name":"Blog CarroAluguel","article_publisher":"https:\/\/www.facebook.com\/CarroAluguelBR","article_published_time":"2020-12-15T18:32:49+00:00","article_modified_time":"2025-12-04T19:22:08+00:00","og_image":[{"width":1200,"height":1200,"url":"https:\/\/www.carroaluguel.com\/blog\/wp-content\/uploads\/2020\/12\/capa-Alta-temporada.png","type":"image\/png"}],"author":"blog","twitter_card":"summary_large_image","twitter_creator":"@CarroAluguel","twitter_site":"@CarroAluguel","twitter_misc":{"Escrito por":"blog","Est. tempo de leitura":"2 minutos"},"schema":{"@context":"https:\/\/schema.org","@graph":[{"@type":"Article","@id":"https:\/\/www.carroaluguel.com\/blog\/alta-temporada-no-aluguel-de-carros\/#article","isPartOf":{"@id":"https:\/\/www.carroaluguel.com\/blog\/alta-temporada-no-aluguel-de-carros\/"},"author":{"name":"blog","@id":"https:\/\/www.carroaluguel.com\/blog\/#\/schema\/person\/693414c3b2423315cf90fb75439be0e1"},"headline":"O aluguel de carros na alta temporada","datePublished":"2020-12-15T18:32:49+00:00","dateModified":"2025-12-04T19:22:08+00:00","mainEntityOfPage":{"@id":"https:\/\/www.carroaluguel.com\/blog\/alta-temporada-no-aluguel-de-carros\/"},"wordCount":442,"commentCount":0,"publisher":{"@id":"https:\/\/www.carroaluguel.com\/blog\/#organization"},"image":{"@id":"https:\/\/www.carroaluguel.com\/blog\/alta-temporada-no-aluguel-de-carros\/#primaryimage"},"thumbnailUrl":"https:\/\/www.carroaluguel.com\/blog\/wp-content\/uploads\/2020\/12\/capa-Alta-temporada.png","articleSection":["Aluguel de carros"],"inLanguage":"pt-BR","potentialAction":[{"@type":"CommentAction","name":"Comment","target":["https:\/\/www.carroaluguel.com\/blog\/alta-temporada-no-aluguel-de-carros\/#respond"]}]},{"@type":"WebPage","@id":"https:\/\/www.carroaluguel.com\/blog\/alta-temporada-no-aluguel-de-carros\/","url":"https:\/\/www.carroaluguel.com\/blog\/alta-temporada-no-aluguel-de-carros\/","name":"O aluguel de carros na alta temporada | Blog CarroAluguel","isPartOf":{"@id":"https:\/\/www.carroaluguel.com\/blog\/#website"},"primaryImageOfPage":{"@id":"https:\/\/www.carroaluguel.com\/blog\/alta-temporada-no-aluguel-de-carros\/#primaryimage"},"image":{"@id":"https:\/\/www.carroaluguel.com\/blog\/alta-temporada-no-aluguel-de-carros\/#primaryimage"},"thumbnailUrl":"https:\/\/www.carroaluguel.com\/blog\/wp-content\/uploads\/2020\/12\/capa-Alta-temporada.png","datePublished":"2020-12-15T18:32:49+00:00","dateModified":"2025-12-04T19:22:08+00:00","description":"Leia nosso texto para conhecer informa\u00e7\u00f5es sobre o per\u00edodo de alta temporada no mercado brasileiro de aluguel de autom\u00f3veis.","breadcrumb":{"@id":"https:\/\/www.carroaluguel.com\/blog\/alta-temporada-no-aluguel-de-carros\/#breadcrumb"},"inLanguage":"pt-BR","potentialAction":[{"@type":"ReadAction","target":["https:\/\/www.carroaluguel.com\/blog\/alta-temporada-no-aluguel-de-carros\/"]}]},{"@type":"ImageObject","inLanguage":"pt-BR","@id":"https:\/\/www.carroaluguel.com\/blog\/alta-temporada-no-aluguel-de-carros\/#primaryimage","url":"https:\/\/www.carroaluguel.com\/blog\/wp-content\/uploads\/2020\/12\/capa-Alta-temporada.png","contentUrl":"https:\/\/www.carroaluguel.com\/blog\/wp-content\/uploads\/2020\/12\/capa-Alta-temporada.png","width":1200,"height":1200},{"@type":"BreadcrumbList","@id":"https:\/\/www.carroaluguel.com\/blog\/alta-temporada-no-aluguel-de-carros\/#breadcrumb","itemListElement":[{"@type":"ListItem","position":1,"name":"Home","item":"https:\/\/www.carroaluguel.com\/blog\/"},{"@type":"ListItem","position":2,"name":"Aluguel de carros","item":"https:\/\/www.carroaluguel.com\/blog\/category\/aluguel-de-carros\/"},{"@type":"ListItem","position":3,"name":"O aluguel de carros na alta temporada"}]},{"@type":"WebSite","@id":"https:\/\/www.carroaluguel.com\/blog\/#website","url":"https:\/\/www.carroaluguel.com\/blog\/","name":"Blog CarroAluguel","description":"","publisher":{"@id":"https:\/\/www.carroaluguel.com\/blog\/#organization"},"potentialAction":[{"@type":"SearchAction","target":{"@type":"EntryPoint","urlTemplate":"https:\/\/www.carroaluguel.com\/blog\/?s={search_term_string}"},"query-input":{"@type":"PropertyValueSpecification","valueRequired":true,"valueName":"search_term_string"}}],"inLanguage":"pt-BR"},{"@type":"Organization","@id":"https:\/\/www.carroaluguel.com\/blog\/#organization","name":"CarroAluguel.com","url":"https:\/\/www.carroaluguel.com\/blog\/","logo":{"@type":"ImageObject","inLanguage":"pt-BR","@id":"https:\/\/www.carroaluguel.com\/blog\/#\/schema\/logo\/image\/","url":"https:\/\/www.carroaluguel.com\/blog\/wp-content\/uploads\/2023\/08\/logo-carro-aluguel-BLOG-200x54-1.png","contentUrl":"https:\/\/www.carroaluguel.com\/blog\/wp-content\/uploads\/2023\/08\/logo-carro-aluguel-BLOG-200x54-1.png","width":200,"height":54,"caption":"CarroAluguel.com"},"image":{"@id":"https:\/\/www.carroaluguel.com\/blog\/#\/schema\/logo\/image\/"},"sameAs":["https:\/\/www.facebook.com\/CarroAluguelBR","https:\/\/x.com\/CarroAluguel","https:\/\/www.instagram.com\/carroaluguel\/"]},{"@type":"Person","@id":"https:\/\/www.carroaluguel.com\/blog\/#\/schema\/person\/693414c3b2423315cf90fb75439be0e1","name":"blog","image":{"@type":"ImageObject","inLanguage":"pt-BR","@id":"https:\/\/secure.gravatar.com\/avatar\/b8a3d64fc0b21db017f462a77f2c79b24cf3db4426d602430441f37f7d2ac037?s=96&d=mm&r=g","url":"https:\/\/secure.gravatar.com\/avatar\/b8a3d64fc0b21db017f462a77f2c79b24cf3db4426d602430441f37f7d2ac037?s=96&d=mm&r=g","contentUrl":"https:\/\/secure.gravatar.com\/avatar\/b8a3d64fc0b21db017f462a77f2c79b24cf3db4426d602430441f37f7d2ac037?s=96&d=mm&r=g","caption":"blog"},"sameAs":["https:\/\/carroaluguel.com\/blog"],"url":"https:\/\/www.carroaluguel.com\/blog\/author\/blog\/"}]}},"_links":{"self":[{"href":"https:\/\/www.carroaluguel.com\/blog\/wp-json\/wp\/v2\/posts\/8837","targetHints":{"allow":["GET"]}}],"collection":[{"href":"https:\/\/www.carroaluguel.com\/blog\/wp-json\/wp\/v2\/posts"}],"about":[{"href":"https:\/\/www.carroaluguel.com\/blog\/wp-json\/wp\/v2\/types\/post"}],"author":[{"embeddable":true,"href":"https:\/\/www.carroaluguel.com\/blog\/wp-json\/wp\/v2\/users\/1"}],"replies":[{"embeddable":true,"href":"https:\/\/www.carroaluguel.com\/blog\/wp-json\/wp\/v2\/comments?post=8837"}],"version-history":[{"count":2,"href":"https:\/\/www.carroaluguel.com\/blog\/wp-json\/wp\/v2\/posts\/8837\/revisions"}],"predecessor-version":[{"id":11507,"href":"https:\/\/www.carroaluguel.com\/blog\/wp-json\/wp\/v2\/posts\/8837\/revisions\/11507"}],"wp:featuredmedia":[{"embeddable":true,"href":"https:\/\/www.carroaluguel.com\/blog\/wp-json\/wp\/v2\/media\/8839"}],"wp:attachment":[{"href":"https:\/\/www.carroaluguel.com\/blog\/wp-json\/wp\/v2\/media?parent=8837"}],"wp:term":[{"taxonomy":"category","embeddable":true,"href":"https:\/\/www.carroaluguel.com\/blog\/wp-json\/wp\/v2\/categories?post=8837"},{"taxonomy":"post_tag","embeddable":true,"href":"https:\/\/www.carroaluguel.com\/blog\/wp-json\/wp\/v2\/tags?post=8837"}],"curies":[{"name":"wp","href":"https:\/\/api.w.org\/{rel}","templated":true}]}}