{"id":8855,"date":"2021-01-15T18:03:19","date_gmt":"2021-01-15T18:03:19","guid":{"rendered":"https:\/\/www.carroaluguel.com\/blog\/?p=8855"},"modified":"2024-05-29T19:12:54","modified_gmt":"2024-05-29T19:12:54","slug":"carros-para-alugar-com-os-maiores-porta-malas","status":"publish","type":"post","link":"https:\/\/www.carroaluguel.com\/blog\/carros-para-alugar-com-os-maiores-porta-malas\/","title":{"rendered":"Carros para alugar com os maiores porta-malas"},"content":{"rendered":"<p><span style=\"font-weight: 400;\">Para alguns consumidores, o porta-malas \u00e9 considerado um item indispens\u00e1vel na hora de decidir comprar ou alugar um carro. Por isso, preparamos um material informativo com as categorias e modelos que oferecem espa\u00e7o extra para bagagens, e assim te ajudar a escolher um modelo que atende \u00e0s suas necessidades.<\/span><\/p>\n<h2><b>Carros para alugar com os maiores porta-malas<\/b><\/h2>\n<p><span style=\"font-weight: 400;\">O conte\u00fado da semana \u00e9 especial para quem gosta de viajar com a fam\u00edlia, os amigos e at\u00e9 os <a href=\"https:\/\/www.carroaluguel.com\/blog\/transporte-de-animais-em-carro\/\" target=\"_blank\" rel=\"noopener\">animais de estima\u00e7\u00e3o<\/a>. Conhe\u00e7a os carros que possuem os maiores porta-malas, e est\u00e3o dispon\u00edveis para alugar no portal <\/span><a href=\"https:\/\/www.carroaluguel.com\/\"><b>CarroAluguel<\/b><\/a><span style=\"font-weight: 400;\">. Desejamos a todos uma \u00f3tima leitura.<\/span><\/p>\n<p><span style=\"font-weight: 400;\">No geral, essas pessoas possuem <a href=\"https:\/\/www.carroaluguel.com\/blog\/dicas-divertidas-para-viagem-em-familia\/\" target=\"_blank\" rel=\"noopener\">fam\u00edlia grande<\/a>, muitos amigos, animais de estima\u00e7\u00e3o, e\/ou apreciam pegar a estrada para viajar. Esse perfil de cliente \u00e9 frequente no mercado do aluguel de carros, principalmente durante os per\u00edodos de final de ano, ver\u00e3o e f\u00e9rias no geral. Ter um carro com porta-malas grande, al\u00e9m de proporcionar mais conforto para quem est\u00e1 viajando, tamb\u00e9m facilita para aqueles que precisam levar um grande volume de bagagem, seja numa viagem curta ou longa.<\/span><\/p>\n<p><span style=\"font-weight: 400;\">Por isso, preparamos um material informativo com as categorias e modelos que oferecem espa\u00e7o extra para bagagens e est\u00e3o dispon\u00edveis para loca\u00e7\u00e3o em nosso portal.<\/span><\/p>\n<h2><b>Top 10: os maiores porta-malas<\/b><\/h2>\n<ul>\n<li aria-level=\"1\"><b>Versa &#8211;<\/b><span style=\"font-weight: 400;\"> Capacidade de at\u00e9 466 &#8211; 482L<\/span><\/li>\n<\/ul>\n<ul>\n<li aria-level=\"1\"><b>Logan &#8211; <\/b><span style=\"font-weight: 400;\">Capacidade de at\u00e9 510L<\/span><\/li>\n<\/ul>\n<ul>\n<li aria-level=\"1\"><b>Duster &#8211; <\/b><span style=\"font-weight: 400;\">Capacidade de at\u00e9 475L<\/span><\/li>\n<\/ul>\n<ul>\n<li aria-level=\"1\"><b>Captur &#8211; <\/b><span style=\"font-weight: 400;\">Capacidade<\/span> <span style=\"font-weight: 400;\">b\u00e1sica: 437L \/ Bancos rebatidos: 1.235L<\/span><\/li>\n<\/ul>\n<ul>\n<li aria-level=\"1\"><b>Compass <\/b><span style=\"font-weight: 400;\">&#8211; Capacidade b\u00e1sica: 432 &#8211; 476L \/ Bancos rebatidos: 1.180L<\/span><\/li>\n<\/ul>\n<ul>\n<li aria-level=\"1\"><b>Creta &#8211; <\/b><span style=\"font-weight: 400;\">Capacidade b\u00e1sica: 422 &#8211; 431L \/ Bancos rebatidos: 1.425L<\/span><\/li>\n<\/ul>\n<ul>\n<li aria-level=\"1\"><b>Dobl\u00f2 &#8211; <\/b><span style=\"font-weight: 400;\">Capacidade de at\u00e9 665L<\/span><\/li>\n<\/ul>\n<ul>\n<li aria-level=\"1\"><b>Spin &#8211; <\/b><span style=\"font-weight: 400;\">Capacidade<\/span> <span style=\"font-weight: 400;\">b\u00e1sica: 162 &#8211; 710L \/ Bancos rebatidos: 952 &#8211; 1.608L<\/span><\/li>\n<\/ul>\n<ul>\n<li aria-level=\"1\"><b>Corolla &#8211; <\/b><span style=\"font-weight: 400;\">Capacidade de at\u00e9 470L<\/span><\/li>\n<\/ul>\n<ul>\n<li aria-level=\"1\"><b>Jetta &#8211; <\/b><span style=\"font-weight: 400;\">Capacidade de at\u00e9 510L<\/span><\/li>\n<\/ul>\n<div style=\"text-align: center; background-color: #efedee;\">\n<p style=\"font-family: 'Viga', sans-serif; font-size: 18px; font-weight: 400 regular; padding-top: 10px;\">Compare as melhores ofertas de loca\u00e7\u00e3o do Brasil.<\/p>\n<p><a href=\"https:\/\/www.carroaluguel.com\/\" target=\"_blank\" rel=\"noopener\"><button style=\"box-shadow: 0 2px 12px 0 rgb(0 0 0 \/ 16%), 0 0 0 1px rgb(0 0 0 \/ 8%); padding: 10px 40px; margin: -10px 0 15px; background-color: #2aac63; color: #ffffff; border-radius: 6px; border: none; font-family: 'Viga', sans-serif; font-size: 20px;\">Acessar o site e economizar<\/button><\/a><\/p>\n<\/div>\n<h3><b><br \/>\nSedan compacto<\/b><\/h3>\n<p><b><img decoding=\"async\" class=\"lazyload alignnone wp-image-11214 size-full\" src=\"https:\/\/www.carroaluguel.com\/blog\/wp-content\/uploads\/2021\/01\/SedanCompacto-9x16-1.webp\" data-orig-src=\"https:\/\/www.carroaluguel.com\/blog\/wp-content\/uploads\/2021\/01\/SedanCompacto-9x16-1.webp\" alt=\"Sedan compacto vermelho.\" width=\"1600\" height=\"900\" srcset=\"data:image\/svg+xml,%3Csvg%20xmlns%3D%27http%3A%2F%2Fwww.w3.org%2F2000%2Fsvg%27%20width%3D%271600%27%20height%3D%27900%27%20viewBox%3D%270%200%201600%20900%27%3E%3Crect%20width%3D%271600%27%20height%3D%27900%27%20fill-opacity%3D%220%22%2F%3E%3C%2Fsvg%3E\" data-srcset=\"https:\/\/www.carroaluguel.com\/blog\/wp-content\/uploads\/2021\/01\/SedanCompacto-9x16-1-200x113.webp 200w, https:\/\/www.carroaluguel.com\/blog\/wp-content\/uploads\/2021\/01\/SedanCompacto-9x16-1-300x169.webp 300w, https:\/\/www.carroaluguel.com\/blog\/wp-content\/uploads\/2021\/01\/SedanCompacto-9x16-1-400x225.webp 400w, https:\/\/www.carroaluguel.com\/blog\/wp-content\/uploads\/2021\/01\/SedanCompacto-9x16-1-600x338.webp 600w, https:\/\/www.carroaluguel.com\/blog\/wp-content\/uploads\/2021\/01\/SedanCompacto-9x16-1-640x360.webp 640w, https:\/\/www.carroaluguel.com\/blog\/wp-content\/uploads\/2021\/01\/SedanCompacto-9x16-1-768x432.webp 768w, https:\/\/www.carroaluguel.com\/blog\/wp-content\/uploads\/2021\/01\/SedanCompacto-9x16-1-800x450.webp 800w, https:\/\/www.carroaluguel.com\/blog\/wp-content\/uploads\/2021\/01\/SedanCompacto-9x16-1-1024x576.webp 1024w, https:\/\/www.carroaluguel.com\/blog\/wp-content\/uploads\/2021\/01\/SedanCompacto-9x16-1-1200x675.webp 1200w, https:\/\/www.carroaluguel.com\/blog\/wp-content\/uploads\/2021\/01\/SedanCompacto-9x16-1-1536x864.webp 1536w, https:\/\/www.carroaluguel.com\/blog\/wp-content\/uploads\/2021\/01\/SedanCompacto-9x16-1.webp 1600w\" data-sizes=\"auto\" data-orig-sizes=\"(max-width: 1600px) 100vw, 1600px\" \/><\/b><\/p>\n<p><span style=\"font-weight: 400;\">Por ter um habit\u00e1culo diferenciado dos passageiros, o porta-malas do sedan \u00e9 grande, com em m\u00e9dia 400L de capacidade. S\u00e3o carros flex, com motoriza\u00e7\u00e3o que vai de 1.0 a 1.8. Acomodam 5 pessoas com conforto, indicados para uso urbano e viagens! Modelos: Versa, Logan, Voyage, ou similares.<\/span><\/p>\n<h3><b>SUV compacta<\/b><\/h3>\n<p><img decoding=\"async\" class=\"lazyload alignnone wp-image-11215 size-full\" src=\"https:\/\/www.carroaluguel.com\/blog\/wp-content\/uploads\/2021\/01\/SUVCompacta-9x16-1.webp\" data-orig-src=\"https:\/\/www.carroaluguel.com\/blog\/wp-content\/uploads\/2021\/01\/SUVCompacta-9x16-1.webp\" alt=\"SUV compacta vermelha.\" width=\"1600\" height=\"900\" srcset=\"data:image\/svg+xml,%3Csvg%20xmlns%3D%27http%3A%2F%2Fwww.w3.org%2F2000%2Fsvg%27%20width%3D%271600%27%20height%3D%27900%27%20viewBox%3D%270%200%201600%20900%27%3E%3Crect%20width%3D%271600%27%20height%3D%27900%27%20fill-opacity%3D%220%22%2F%3E%3C%2Fsvg%3E\" data-srcset=\"https:\/\/www.carroaluguel.com\/blog\/wp-content\/uploads\/2021\/01\/SUVCompacta-9x16-1-200x113.webp 200w, https:\/\/www.carroaluguel.com\/blog\/wp-content\/uploads\/2021\/01\/SUVCompacta-9x16-1-300x169.webp 300w, https:\/\/www.carroaluguel.com\/blog\/wp-content\/uploads\/2021\/01\/SUVCompacta-9x16-1-400x225.webp 400w, https:\/\/www.carroaluguel.com\/blog\/wp-content\/uploads\/2021\/01\/SUVCompacta-9x16-1-600x338.webp 600w, https:\/\/www.carroaluguel.com\/blog\/wp-content\/uploads\/2021\/01\/SUVCompacta-9x16-1-640x360.webp 640w, https:\/\/www.carroaluguel.com\/blog\/wp-content\/uploads\/2021\/01\/SUVCompacta-9x16-1-768x432.webp 768w, https:\/\/www.carroaluguel.com\/blog\/wp-content\/uploads\/2021\/01\/SUVCompacta-9x16-1-800x450.webp 800w, https:\/\/www.carroaluguel.com\/blog\/wp-content\/uploads\/2021\/01\/SUVCompacta-9x16-1-1024x576.webp 1024w, https:\/\/www.carroaluguel.com\/blog\/wp-content\/uploads\/2021\/01\/SUVCompacta-9x16-1-1200x675.webp 1200w, https:\/\/www.carroaluguel.com\/blog\/wp-content\/uploads\/2021\/01\/SUVCompacta-9x16-1-1536x864.webp 1536w, https:\/\/www.carroaluguel.com\/blog\/wp-content\/uploads\/2021\/01\/SUVCompacta-9x16-1.webp 1600w\" data-sizes=\"auto\" data-orig-sizes=\"(max-width: 1600px) 100vw, 1600px\" \/><\/p>\n<p><span style=\"font-weight: 400;\">As utilit\u00e1rias esportivas d\u00e3o show em reservas, pois possuem porte grande, \u00f3tima motoriza\u00e7\u00e3o e dirigibilidade. Com elas, \u00e9 poss\u00edvel transportar boa quantidade de bagagens, ao menos 3 malas pequenas, e 3 grandes. Modelos: Duster, Renegade, Captur ou similares.<\/span><\/p>\n<h3><b>SUV<\/b><\/h3>\n<p><img decoding=\"async\" class=\"lazyload alignnone wp-image-11218 size-full\" src=\"https:\/\/www.carroaluguel.com\/blog\/wp-content\/uploads\/2021\/01\/SUV-9x16-1.webp\" data-orig-src=\"https:\/\/www.carroaluguel.com\/blog\/wp-content\/uploads\/2021\/01\/SUV-9x16-1.webp\" alt=\"SUV azul.\" width=\"1600\" height=\"900\" srcset=\"data:image\/svg+xml,%3Csvg%20xmlns%3D%27http%3A%2F%2Fwww.w3.org%2F2000%2Fsvg%27%20width%3D%271600%27%20height%3D%27900%27%20viewBox%3D%270%200%201600%20900%27%3E%3Crect%20width%3D%271600%27%20height%3D%27900%27%20fill-opacity%3D%220%22%2F%3E%3C%2Fsvg%3E\" data-srcset=\"https:\/\/www.carroaluguel.com\/blog\/wp-content\/uploads\/2021\/01\/SUV-9x16-1-200x113.webp 200w, https:\/\/www.carroaluguel.com\/blog\/wp-content\/uploads\/2021\/01\/SUV-9x16-1-300x169.webp 300w, https:\/\/www.carroaluguel.com\/blog\/wp-content\/uploads\/2021\/01\/SUV-9x16-1-400x225.webp 400w, https:\/\/www.carroaluguel.com\/blog\/wp-content\/uploads\/2021\/01\/SUV-9x16-1-600x338.webp 600w, https:\/\/www.carroaluguel.com\/blog\/wp-content\/uploads\/2021\/01\/SUV-9x16-1-640x360.webp 640w, https:\/\/www.carroaluguel.com\/blog\/wp-content\/uploads\/2021\/01\/SUV-9x16-1-768x432.webp 768w, https:\/\/www.carroaluguel.com\/blog\/wp-content\/uploads\/2021\/01\/SUV-9x16-1-800x450.webp 800w, https:\/\/www.carroaluguel.com\/blog\/wp-content\/uploads\/2021\/01\/SUV-9x16-1-1024x576.webp 1024w, https:\/\/www.carroaluguel.com\/blog\/wp-content\/uploads\/2021\/01\/SUV-9x16-1-1200x675.webp 1200w, https:\/\/www.carroaluguel.com\/blog\/wp-content\/uploads\/2021\/01\/SUV-9x16-1-1536x864.webp 1536w, https:\/\/www.carroaluguel.com\/blog\/wp-content\/uploads\/2021\/01\/SUV-9x16-1.webp 1600w\" data-sizes=\"auto\" data-orig-sizes=\"(max-width: 1600px) 100vw, 1600px\" \/><\/p>\n<p><span style=\"font-weight: 400;\">Esse \u00e9 um grupo muito procurado na loca\u00e7\u00e3o, por dispor de conforto para passageiros e excelente capacidade para bagagens. S\u00e3o autom\u00f3veis fortes, que enfrentam qualquer ch\u00e3o, ideais para todas as utiliza\u00e7\u00f5es. Modelos: Compass, Creta ou similares.<\/span><\/p>\n<h3><b>Minivan<\/b><\/h3>\n<p><img decoding=\"async\" class=\"lazyload alignnone wp-image-11217 size-full\" src=\"https:\/\/www.carroaluguel.com\/blog\/wp-content\/uploads\/2021\/01\/Minivan-9x16-1.webp\" data-orig-src=\"https:\/\/www.carroaluguel.com\/blog\/wp-content\/uploads\/2021\/01\/Minivan-9x16-1.webp\" alt=\"Minivan azul.\" width=\"1600\" height=\"900\" srcset=\"data:image\/svg+xml,%3Csvg%20xmlns%3D%27http%3A%2F%2Fwww.w3.org%2F2000%2Fsvg%27%20width%3D%271600%27%20height%3D%27900%27%20viewBox%3D%270%200%201600%20900%27%3E%3Crect%20width%3D%271600%27%20height%3D%27900%27%20fill-opacity%3D%220%22%2F%3E%3C%2Fsvg%3E\" data-srcset=\"https:\/\/www.carroaluguel.com\/blog\/wp-content\/uploads\/2021\/01\/Minivan-9x16-1-200x113.webp 200w, https:\/\/www.carroaluguel.com\/blog\/wp-content\/uploads\/2021\/01\/Minivan-9x16-1-300x169.webp 300w, https:\/\/www.carroaluguel.com\/blog\/wp-content\/uploads\/2021\/01\/Minivan-9x16-1-400x225.webp 400w, https:\/\/www.carroaluguel.com\/blog\/wp-content\/uploads\/2021\/01\/Minivan-9x16-1-600x338.webp 600w, https:\/\/www.carroaluguel.com\/blog\/wp-content\/uploads\/2021\/01\/Minivan-9x16-1-640x360.webp 640w, https:\/\/www.carroaluguel.com\/blog\/wp-content\/uploads\/2021\/01\/Minivan-9x16-1-768x432.webp 768w, https:\/\/www.carroaluguel.com\/blog\/wp-content\/uploads\/2021\/01\/Minivan-9x16-1-800x450.webp 800w, https:\/\/www.carroaluguel.com\/blog\/wp-content\/uploads\/2021\/01\/Minivan-9x16-1-1024x576.webp 1024w, https:\/\/www.carroaluguel.com\/blog\/wp-content\/uploads\/2021\/01\/Minivan-9x16-1-1200x675.webp 1200w, https:\/\/www.carroaluguel.com\/blog\/wp-content\/uploads\/2021\/01\/Minivan-9x16-1-1536x864.webp 1536w, https:\/\/www.carroaluguel.com\/blog\/wp-content\/uploads\/2021\/01\/Minivan-9x16-1.webp 1600w\" data-sizes=\"auto\" data-orig-sizes=\"(max-width: 1600px) 100vw, 1600px\" \/><\/p>\n<p><span style=\"font-weight: 400;\">S\u00e3o ve\u00edculos que possuem fila extra de bancos, podendo ser utilizados para levar bagagem, ou acomodar 7 pessoas (na capacidade m\u00e1xima de passageiros, o espa\u00e7o para bagagens \u00e9 reduzido). S\u00e3o flex, possuem 4 portas, ar condicionado e dire\u00e7\u00e3o assistida. Modelos: Dobl\u00f2, Spin ou similares.<\/span><\/p>\n<h3><b>Sedan<br \/>\n<img decoding=\"async\" class=\"lazyload alignnone wp-image-11216\" src=\"https:\/\/www.carroaluguel.com\/blog\/wp-content\/uploads\/2021\/01\/Sedan-9x16-1.webp\" data-orig-src=\"https:\/\/www.carroaluguel.com\/blog\/wp-content\/uploads\/2021\/01\/Sedan-9x16-1.webp\" alt=\"Sedan cinza-azulado.\" width=\"1600\" height=\"900\" srcset=\"data:image\/svg+xml,%3Csvg%20xmlns%3D%27http%3A%2F%2Fwww.w3.org%2F2000%2Fsvg%27%20width%3D%271600%27%20height%3D%27900%27%20viewBox%3D%270%200%201600%20900%27%3E%3Crect%20width%3D%271600%27%20height%3D%27900%27%20fill-opacity%3D%220%22%2F%3E%3C%2Fsvg%3E\" data-srcset=\"https:\/\/www.carroaluguel.com\/blog\/wp-content\/uploads\/2021\/01\/Sedan-9x16-1-200x113.webp 200w, https:\/\/www.carroaluguel.com\/blog\/wp-content\/uploads\/2021\/01\/Sedan-9x16-1-300x169.webp 300w, https:\/\/www.carroaluguel.com\/blog\/wp-content\/uploads\/2021\/01\/Sedan-9x16-1-400x225.webp 400w, https:\/\/www.carroaluguel.com\/blog\/wp-content\/uploads\/2021\/01\/Sedan-9x16-1-600x338.webp 600w, https:\/\/www.carroaluguel.com\/blog\/wp-content\/uploads\/2021\/01\/Sedan-9x16-1-640x360.webp 640w, https:\/\/www.carroaluguel.com\/blog\/wp-content\/uploads\/2021\/01\/Sedan-9x16-1-768x432.webp 768w, https:\/\/www.carroaluguel.com\/blog\/wp-content\/uploads\/2021\/01\/Sedan-9x16-1-800x450.webp 800w, https:\/\/www.carroaluguel.com\/blog\/wp-content\/uploads\/2021\/01\/Sedan-9x16-1-1024x576.webp 1024w, https:\/\/www.carroaluguel.com\/blog\/wp-content\/uploads\/2021\/01\/Sedan-9x16-1-1200x675.webp 1200w, https:\/\/www.carroaluguel.com\/blog\/wp-content\/uploads\/2021\/01\/Sedan-9x16-1-1536x864.webp 1536w, https:\/\/www.carroaluguel.com\/blog\/wp-content\/uploads\/2021\/01\/Sedan-9x16-1.webp 1600w\" data-sizes=\"auto\" data-orig-sizes=\"(max-width: 1600px) 100vw, 1600px\" \/><\/b><\/h3>\n<p><span style=\"font-weight: 400;\">A categoria engloba carros com transmiss\u00e3o autom\u00e1tica. Contam com grande porta-malas e motoriza\u00e7\u00e3o variada. S\u00e3o 4 portas, com capacidade para transporte de 5 passageiros. Um de seus diferenciais \u00e9 oferecer maior quantidade de acess\u00f3rios! Modelos: Corolla, Jetta, Cruze ou similares.<\/span><\/p>\n<p><span style=\"font-weight: 400;\">Agora que voc\u00ea j\u00e1 sabe quais s\u00e3o os grupos e modelos com os maiores porta-malas para alugar, aproveite para fazer um or\u00e7amento no nosso site. Voc\u00ea pode comparar ofertas das melhores locadoras do pa\u00eds.<\/span><\/p>\n","protected":false},"excerpt":{"rendered":"<p>Saiba quais s\u00e3o os ve\u00edculos que oferecem os maiores porta-malas do segmento, e est\u00e3o dispon\u00edveis para alugar em CarroAluguel.com. SUV&#8217;s, Minivans, Sedans, Autom\u00e1ticos e mais! Carros ideais para pegar a estrada com a fam\u00edlia e os amigos. <\/p>\n","protected":false},"author":1,"featured_media":11212,"comment_status":"open","ping_status":"open","sticky":false,"template":"","format":"standard","meta":{"footnotes":""},"categories":[944],"tags":[1033],"class_list":["post-8855","post","type-post","status-publish","format-standard","has-post-thumbnail","hentry","category-categorias-aluguel-de-carro","tag-lista"],"yoast_head":"<!-- This site is optimized with the Yoast SEO plugin v27.5 - https:\/\/yoast.com\/product\/yoast-seo-wordpress\/ -->\n<title>Carros para alugar com os maiores porta-malas | Blog CarroAluguel<\/title>\n<meta name=\"description\" content=\"Saiba quais s\u00e3o os ve\u00edculos que oferecem os maiores porta-malas do segmento: SUV&#039;s, Minivans, Sedans, Autom\u00e1ticos e mais!\" \/>\n<meta name=\"robots\" content=\"index, follow, max-snippet:-1, max-image-preview:large, max-video-preview:-1\" \/>\n<link rel=\"canonical\" href=\"https:\/\/www.carroaluguel.com\/blog\/carros-para-alugar-com-os-maiores-porta-malas\/\" \/>\n<meta property=\"og:locale\" content=\"pt_BR\" \/>\n<meta property=\"og:type\" content=\"article\" \/>\n<meta property=\"og:title\" content=\"Carros para alugar com os maiores porta-malas | Blog CarroAluguel\" \/>\n<meta property=\"og:description\" content=\"Saiba quais s\u00e3o os ve\u00edculos que oferecem os maiores porta-malas do segmento: SUV&#039;s, Minivans, Sedans, Autom\u00e1ticos e mais!\" \/>\n<meta property=\"og:url\" content=\"https:\/\/www.carroaluguel.com\/blog\/carros-para-alugar-com-os-maiores-porta-malas\/\" \/>\n<meta property=\"og:site_name\" content=\"Blog CarroAluguel\" \/>\n<meta property=\"article:publisher\" content=\"https:\/\/www.facebook.com\/CarroAluguelBR\" \/>\n<meta property=\"article:published_time\" content=\"2021-01-15T18:03:19+00:00\" \/>\n<meta property=\"article:modified_time\" content=\"2024-05-29T19:12:54+00:00\" \/>\n<meta property=\"og:image\" content=\"https:\/\/www.carroaluguel.com\/blog\/wp-content\/uploads\/2021\/01\/homem-colocando-malas-no-carro.webp\" \/>\n\t<meta property=\"og:image:width\" content=\"1200\" \/>\n\t<meta property=\"og:image:height\" content=\"900\" \/>\n\t<meta property=\"og:image:type\" content=\"image\/webp\" \/>\n<meta name=\"author\" content=\"blog\" \/>\n<meta name=\"twitter:card\" content=\"summary_large_image\" \/>\n<meta name=\"twitter:creator\" content=\"@CarroAluguel\" \/>\n<meta name=\"twitter:site\" content=\"@CarroAluguel\" \/>\n<meta name=\"twitter:label1\" content=\"Escrito por\" \/>\n\t<meta name=\"twitter:data1\" content=\"blog\" \/>\n\t<meta name=\"twitter:label2\" content=\"Est. tempo de leitura\" \/>\n\t<meta name=\"twitter:data2\" content=\"5 minutos\" \/>\n<script type=\"application\/ld+json\" class=\"yoast-schema-graph\">{\"@context\":\"https:\\\/\\\/schema.org\",\"@graph\":[{\"@type\":\"Article\",\"@id\":\"https:\\\/\\\/www.carroaluguel.com\\\/blog\\\/carros-para-alugar-com-os-maiores-porta-malas\\\/#article\",\"isPartOf\":{\"@id\":\"https:\\\/\\\/www.carroaluguel.com\\\/blog\\\/carros-para-alugar-com-os-maiores-porta-malas\\\/\"},\"author\":{\"name\":\"blog\",\"@id\":\"https:\\\/\\\/www.carroaluguel.com\\\/blog\\\/#\\\/schema\\\/person\\\/693414c3b2423315cf90fb75439be0e1\"},\"headline\":\"Carros para alugar com os maiores porta-malas\",\"datePublished\":\"2021-01-15T18:03:19+00:00\",\"dateModified\":\"2024-05-29T19:12:54+00:00\",\"mainEntityOfPage\":{\"@id\":\"https:\\\/\\\/www.carroaluguel.com\\\/blog\\\/carros-para-alugar-com-os-maiores-porta-malas\\\/\"},\"wordCount\":580,\"commentCount\":0,\"publisher\":{\"@id\":\"https:\\\/\\\/www.carroaluguel.com\\\/blog\\\/#organization\"},\"image\":{\"@id\":\"https:\\\/\\\/www.carroaluguel.com\\\/blog\\\/carros-para-alugar-com-os-maiores-porta-malas\\\/#primaryimage\"},\"thumbnailUrl\":\"https:\\\/\\\/www.carroaluguel.com\\\/blog\\\/wp-content\\\/uploads\\\/2021\\\/01\\\/homem-colocando-malas-no-carro.webp\",\"keywords\":[\"Lista\"],\"articleSection\":[\"Categorias de aluguel de carro\"],\"inLanguage\":\"pt-BR\",\"potentialAction\":[{\"@type\":\"CommentAction\",\"name\":\"Comment\",\"target\":[\"https:\\\/\\\/www.carroaluguel.com\\\/blog\\\/carros-para-alugar-com-os-maiores-porta-malas\\\/#respond\"]}]},{\"@type\":\"WebPage\",\"@id\":\"https:\\\/\\\/www.carroaluguel.com\\\/blog\\\/carros-para-alugar-com-os-maiores-porta-malas\\\/\",\"url\":\"https:\\\/\\\/www.carroaluguel.com\\\/blog\\\/carros-para-alugar-com-os-maiores-porta-malas\\\/\",\"name\":\"Carros para alugar com os maiores porta-malas | Blog CarroAluguel\",\"isPartOf\":{\"@id\":\"https:\\\/\\\/www.carroaluguel.com\\\/blog\\\/#website\"},\"primaryImageOfPage\":{\"@id\":\"https:\\\/\\\/www.carroaluguel.com\\\/blog\\\/carros-para-alugar-com-os-maiores-porta-malas\\\/#primaryimage\"},\"image\":{\"@id\":\"https:\\\/\\\/www.carroaluguel.com\\\/blog\\\/carros-para-alugar-com-os-maiores-porta-malas\\\/#primaryimage\"},\"thumbnailUrl\":\"https:\\\/\\\/www.carroaluguel.com\\\/blog\\\/wp-content\\\/uploads\\\/2021\\\/01\\\/homem-colocando-malas-no-carro.webp\",\"datePublished\":\"2021-01-15T18:03:19+00:00\",\"dateModified\":\"2024-05-29T19:12:54+00:00\",\"description\":\"Saiba quais s\u00e3o os ve\u00edculos que oferecem os maiores porta-malas do segmento: SUV's, Minivans, Sedans, Autom\u00e1ticos e mais!\",\"breadcrumb\":{\"@id\":\"https:\\\/\\\/www.carroaluguel.com\\\/blog\\\/carros-para-alugar-com-os-maiores-porta-malas\\\/#breadcrumb\"},\"inLanguage\":\"pt-BR\",\"potentialAction\":[{\"@type\":\"ReadAction\",\"target\":[\"https:\\\/\\\/www.carroaluguel.com\\\/blog\\\/carros-para-alugar-com-os-maiores-porta-malas\\\/\"]}]},{\"@type\":\"ImageObject\",\"inLanguage\":\"pt-BR\",\"@id\":\"https:\\\/\\\/www.carroaluguel.com\\\/blog\\\/carros-para-alugar-com-os-maiores-porta-malas\\\/#primaryimage\",\"url\":\"https:\\\/\\\/www.carroaluguel.com\\\/blog\\\/wp-content\\\/uploads\\\/2021\\\/01\\\/homem-colocando-malas-no-carro.webp\",\"contentUrl\":\"https:\\\/\\\/www.carroaluguel.com\\\/blog\\\/wp-content\\\/uploads\\\/2021\\\/01\\\/homem-colocando-malas-no-carro.webp\",\"width\":1200,\"height\":900,\"caption\":\"homem colocando malas no carro\"},{\"@type\":\"BreadcrumbList\",\"@id\":\"https:\\\/\\\/www.carroaluguel.com\\\/blog\\\/carros-para-alugar-com-os-maiores-porta-malas\\\/#breadcrumb\",\"itemListElement\":[{\"@type\":\"ListItem\",\"position\":1,\"name\":\"Home\",\"item\":\"https:\\\/\\\/www.carroaluguel.com\\\/blog\\\/\"},{\"@type\":\"ListItem\",\"position\":2,\"name\":\"Aluguel de carros\",\"item\":\"https:\\\/\\\/www.carroaluguel.com\\\/blog\\\/category\\\/aluguel-de-carros\\\/\"},{\"@type\":\"ListItem\",\"position\":3,\"name\":\"Categorias de aluguel de carro\",\"item\":\"https:\\\/\\\/www.carroaluguel.com\\\/blog\\\/category\\\/aluguel-de-carros\\\/categorias-aluguel-de-carro\\\/\"},{\"@type\":\"ListItem\",\"position\":4,\"name\":\"Carros para alugar com os maiores porta-malas\"}]},{\"@type\":\"WebSite\",\"@id\":\"https:\\\/\\\/www.carroaluguel.com\\\/blog\\\/#website\",\"url\":\"https:\\\/\\\/www.carroaluguel.com\\\/blog\\\/\",\"name\":\"Blog CarroAluguel\",\"description\":\"\",\"publisher\":{\"@id\":\"https:\\\/\\\/www.carroaluguel.com\\\/blog\\\/#organization\"},\"potentialAction\":[{\"@type\":\"SearchAction\",\"target\":{\"@type\":\"EntryPoint\",\"urlTemplate\":\"https:\\\/\\\/www.carroaluguel.com\\\/blog\\\/?s={search_term_string}\"},\"query-input\":{\"@type\":\"PropertyValueSpecification\",\"valueRequired\":true,\"valueName\":\"search_term_string\"}}],\"inLanguage\":\"pt-BR\"},{\"@type\":\"Organization\",\"@id\":\"https:\\\/\\\/www.carroaluguel.com\\\/blog\\\/#organization\",\"name\":\"CarroAluguel.com\",\"url\":\"https:\\\/\\\/www.carroaluguel.com\\\/blog\\\/\",\"logo\":{\"@type\":\"ImageObject\",\"inLanguage\":\"pt-BR\",\"@id\":\"https:\\\/\\\/www.carroaluguel.com\\\/blog\\\/#\\\/schema\\\/logo\\\/image\\\/\",\"url\":\"https:\\\/\\\/www.carroaluguel.com\\\/blog\\\/wp-content\\\/uploads\\\/2023\\\/08\\\/logo-carro-aluguel-BLOG-200x54-1.png\",\"contentUrl\":\"https:\\\/\\\/www.carroaluguel.com\\\/blog\\\/wp-content\\\/uploads\\\/2023\\\/08\\\/logo-carro-aluguel-BLOG-200x54-1.png\",\"width\":200,\"height\":54,\"caption\":\"CarroAluguel.com\"},\"image\":{\"@id\":\"https:\\\/\\\/www.carroaluguel.com\\\/blog\\\/#\\\/schema\\\/logo\\\/image\\\/\"},\"sameAs\":[\"https:\\\/\\\/www.facebook.com\\\/CarroAluguelBR\",\"https:\\\/\\\/x.com\\\/CarroAluguel\",\"https:\\\/\\\/www.instagram.com\\\/carroaluguel\\\/\"]},{\"@type\":\"Person\",\"@id\":\"https:\\\/\\\/www.carroaluguel.com\\\/blog\\\/#\\\/schema\\\/person\\\/693414c3b2423315cf90fb75439be0e1\",\"name\":\"blog\",\"image\":{\"@type\":\"ImageObject\",\"inLanguage\":\"pt-BR\",\"@id\":\"https:\\\/\\\/secure.gravatar.com\\\/avatar\\\/b8a3d64fc0b21db017f462a77f2c79b24cf3db4426d602430441f37f7d2ac037?s=96&d=mm&r=g\",\"url\":\"https:\\\/\\\/secure.gravatar.com\\\/avatar\\\/b8a3d64fc0b21db017f462a77f2c79b24cf3db4426d602430441f37f7d2ac037?s=96&d=mm&r=g\",\"contentUrl\":\"https:\\\/\\\/secure.gravatar.com\\\/avatar\\\/b8a3d64fc0b21db017f462a77f2c79b24cf3db4426d602430441f37f7d2ac037?s=96&d=mm&r=g\",\"caption\":\"blog\"},\"sameAs\":[\"https:\\\/\\\/carroaluguel.com\\\/blog\"],\"url\":\"https:\\\/\\\/www.carroaluguel.com\\\/blog\\\/author\\\/blog\\\/\"}]}<\/script>\n<!-- \/ Yoast SEO plugin. -->","yoast_head_json":{"title":"Carros para alugar com os maiores porta-malas | Blog CarroAluguel","description":"Saiba quais s\u00e3o os ve\u00edculos que oferecem os maiores porta-malas do segmento: SUV's, Minivans, Sedans, Autom\u00e1ticos e mais!","robots":{"index":"index","follow":"follow","max-snippet":"max-snippet:-1","max-image-preview":"max-image-preview:large","max-video-preview":"max-video-preview:-1"},"canonical":"https:\/\/www.carroaluguel.com\/blog\/carros-para-alugar-com-os-maiores-porta-malas\/","og_locale":"pt_BR","og_type":"article","og_title":"Carros para alugar com os maiores porta-malas | Blog CarroAluguel","og_description":"Saiba quais s\u00e3o os ve\u00edculos que oferecem os maiores porta-malas do segmento: SUV's, Minivans, Sedans, Autom\u00e1ticos e mais!","og_url":"https:\/\/www.carroaluguel.com\/blog\/carros-para-alugar-com-os-maiores-porta-malas\/","og_site_name":"Blog CarroAluguel","article_publisher":"https:\/\/www.facebook.com\/CarroAluguelBR","article_published_time":"2021-01-15T18:03:19+00:00","article_modified_time":"2024-05-29T19:12:54+00:00","og_image":[{"width":1200,"height":900,"url":"https:\/\/www.carroaluguel.com\/blog\/wp-content\/uploads\/2021\/01\/homem-colocando-malas-no-carro.webp","type":"image\/webp"}],"author":"blog","twitter_card":"summary_large_image","twitter_creator":"@CarroAluguel","twitter_site":"@CarroAluguel","twitter_misc":{"Escrito por":"blog","Est. tempo de leitura":"5 minutos"},"schema":{"@context":"https:\/\/schema.org","@graph":[{"@type":"Article","@id":"https:\/\/www.carroaluguel.com\/blog\/carros-para-alugar-com-os-maiores-porta-malas\/#article","isPartOf":{"@id":"https:\/\/www.carroaluguel.com\/blog\/carros-para-alugar-com-os-maiores-porta-malas\/"},"author":{"name":"blog","@id":"https:\/\/www.carroaluguel.com\/blog\/#\/schema\/person\/693414c3b2423315cf90fb75439be0e1"},"headline":"Carros para alugar com os maiores porta-malas","datePublished":"2021-01-15T18:03:19+00:00","dateModified":"2024-05-29T19:12:54+00:00","mainEntityOfPage":{"@id":"https:\/\/www.carroaluguel.com\/blog\/carros-para-alugar-com-os-maiores-porta-malas\/"},"wordCount":580,"commentCount":0,"publisher":{"@id":"https:\/\/www.carroaluguel.com\/blog\/#organization"},"image":{"@id":"https:\/\/www.carroaluguel.com\/blog\/carros-para-alugar-com-os-maiores-porta-malas\/#primaryimage"},"thumbnailUrl":"https:\/\/www.carroaluguel.com\/blog\/wp-content\/uploads\/2021\/01\/homem-colocando-malas-no-carro.webp","keywords":["Lista"],"articleSection":["Categorias de aluguel de carro"],"inLanguage":"pt-BR","potentialAction":[{"@type":"CommentAction","name":"Comment","target":["https:\/\/www.carroaluguel.com\/blog\/carros-para-alugar-com-os-maiores-porta-malas\/#respond"]}]},{"@type":"WebPage","@id":"https:\/\/www.carroaluguel.com\/blog\/carros-para-alugar-com-os-maiores-porta-malas\/","url":"https:\/\/www.carroaluguel.com\/blog\/carros-para-alugar-com-os-maiores-porta-malas\/","name":"Carros para alugar com os maiores porta-malas | Blog CarroAluguel","isPartOf":{"@id":"https:\/\/www.carroaluguel.com\/blog\/#website"},"primaryImageOfPage":{"@id":"https:\/\/www.carroaluguel.com\/blog\/carros-para-alugar-com-os-maiores-porta-malas\/#primaryimage"},"image":{"@id":"https:\/\/www.carroaluguel.com\/blog\/carros-para-alugar-com-os-maiores-porta-malas\/#primaryimage"},"thumbnailUrl":"https:\/\/www.carroaluguel.com\/blog\/wp-content\/uploads\/2021\/01\/homem-colocando-malas-no-carro.webp","datePublished":"2021-01-15T18:03:19+00:00","dateModified":"2024-05-29T19:12:54+00:00","description":"Saiba quais s\u00e3o os ve\u00edculos que oferecem os maiores porta-malas do segmento: SUV's, Minivans, Sedans, Autom\u00e1ticos e mais!","breadcrumb":{"@id":"https:\/\/www.carroaluguel.com\/blog\/carros-para-alugar-com-os-maiores-porta-malas\/#breadcrumb"},"inLanguage":"pt-BR","potentialAction":[{"@type":"ReadAction","target":["https:\/\/www.carroaluguel.com\/blog\/carros-para-alugar-com-os-maiores-porta-malas\/"]}]},{"@type":"ImageObject","inLanguage":"pt-BR","@id":"https:\/\/www.carroaluguel.com\/blog\/carros-para-alugar-com-os-maiores-porta-malas\/#primaryimage","url":"https:\/\/www.carroaluguel.com\/blog\/wp-content\/uploads\/2021\/01\/homem-colocando-malas-no-carro.webp","contentUrl":"https:\/\/www.carroaluguel.com\/blog\/wp-content\/uploads\/2021\/01\/homem-colocando-malas-no-carro.webp","width":1200,"height":900,"caption":"homem colocando malas no carro"},{"@type":"BreadcrumbList","@id":"https:\/\/www.carroaluguel.com\/blog\/carros-para-alugar-com-os-maiores-porta-malas\/#breadcrumb","itemListElement":[{"@type":"ListItem","position":1,"name":"Home","item":"https:\/\/www.carroaluguel.com\/blog\/"},{"@type":"ListItem","position":2,"name":"Aluguel de carros","item":"https:\/\/www.carroaluguel.com\/blog\/category\/aluguel-de-carros\/"},{"@type":"ListItem","position":3,"name":"Categorias de aluguel de carro","item":"https:\/\/www.carroaluguel.com\/blog\/category\/aluguel-de-carros\/categorias-aluguel-de-carro\/"},{"@type":"ListItem","position":4,"name":"Carros para alugar com os maiores porta-malas"}]},{"@type":"WebSite","@id":"https:\/\/www.carroaluguel.com\/blog\/#website","url":"https:\/\/www.carroaluguel.com\/blog\/","name":"Blog CarroAluguel","description":"","publisher":{"@id":"https:\/\/www.carroaluguel.com\/blog\/#organization"},"potentialAction":[{"@type":"SearchAction","target":{"@type":"EntryPoint","urlTemplate":"https:\/\/www.carroaluguel.com\/blog\/?s={search_term_string}"},"query-input":{"@type":"PropertyValueSpecification","valueRequired":true,"valueName":"search_term_string"}}],"inLanguage":"pt-BR"},{"@type":"Organization","@id":"https:\/\/www.carroaluguel.com\/blog\/#organization","name":"CarroAluguel.com","url":"https:\/\/www.carroaluguel.com\/blog\/","logo":{"@type":"ImageObject","inLanguage":"pt-BR","@id":"https:\/\/www.carroaluguel.com\/blog\/#\/schema\/logo\/image\/","url":"https:\/\/www.carroaluguel.com\/blog\/wp-content\/uploads\/2023\/08\/logo-carro-aluguel-BLOG-200x54-1.png","contentUrl":"https:\/\/www.carroaluguel.com\/blog\/wp-content\/uploads\/2023\/08\/logo-carro-aluguel-BLOG-200x54-1.png","width":200,"height":54,"caption":"CarroAluguel.com"},"image":{"@id":"https:\/\/www.carroaluguel.com\/blog\/#\/schema\/logo\/image\/"},"sameAs":["https:\/\/www.facebook.com\/CarroAluguelBR","https:\/\/x.com\/CarroAluguel","https:\/\/www.instagram.com\/carroaluguel\/"]},{"@type":"Person","@id":"https:\/\/www.carroaluguel.com\/blog\/#\/schema\/person\/693414c3b2423315cf90fb75439be0e1","name":"blog","image":{"@type":"ImageObject","inLanguage":"pt-BR","@id":"https:\/\/secure.gravatar.com\/avatar\/b8a3d64fc0b21db017f462a77f2c79b24cf3db4426d602430441f37f7d2ac037?s=96&d=mm&r=g","url":"https:\/\/secure.gravatar.com\/avatar\/b8a3d64fc0b21db017f462a77f2c79b24cf3db4426d602430441f37f7d2ac037?s=96&d=mm&r=g","contentUrl":"https:\/\/secure.gravatar.com\/avatar\/b8a3d64fc0b21db017f462a77f2c79b24cf3db4426d602430441f37f7d2ac037?s=96&d=mm&r=g","caption":"blog"},"sameAs":["https:\/\/carroaluguel.com\/blog"],"url":"https:\/\/www.carroaluguel.com\/blog\/author\/blog\/"}]}},"_links":{"self":[{"href":"https:\/\/www.carroaluguel.com\/blog\/wp-json\/wp\/v2\/posts\/8855","targetHints":{"allow":["GET"]}}],"collection":[{"href":"https:\/\/www.carroaluguel.com\/blog\/wp-json\/wp\/v2\/posts"}],"about":[{"href":"https:\/\/www.carroaluguel.com\/blog\/wp-json\/wp\/v2\/types\/post"}],"author":[{"embeddable":true,"href":"https:\/\/www.carroaluguel.com\/blog\/wp-json\/wp\/v2\/users\/1"}],"replies":[{"embeddable":true,"href":"https:\/\/www.carroaluguel.com\/blog\/wp-json\/wp\/v2\/comments?post=8855"}],"version-history":[{"count":7,"href":"https:\/\/www.carroaluguel.com\/blog\/wp-json\/wp\/v2\/posts\/8855\/revisions"}],"predecessor-version":[{"id":11247,"href":"https:\/\/www.carroaluguel.com\/blog\/wp-json\/wp\/v2\/posts\/8855\/revisions\/11247"}],"wp:featuredmedia":[{"embeddable":true,"href":"https:\/\/www.carroaluguel.com\/blog\/wp-json\/wp\/v2\/media\/11212"}],"wp:attachment":[{"href":"https:\/\/www.carroaluguel.com\/blog\/wp-json\/wp\/v2\/media?parent=8855"}],"wp:term":[{"taxonomy":"category","embeddable":true,"href":"https:\/\/www.carroaluguel.com\/blog\/wp-json\/wp\/v2\/categories?post=8855"},{"taxonomy":"post_tag","embeddable":true,"href":"https:\/\/www.carroaluguel.com\/blog\/wp-json\/wp\/v2\/tags?post=8855"}],"curies":[{"name":"wp","href":"https:\/\/api.w.org\/{rel}","templated":true}]}}