{"id":9571,"date":"2023-08-02T13:00:29","date_gmt":"2023-08-02T13:00:29","guid":{"rendered":"https:\/\/www.carroaluguel.com\/blog\/?p=9571"},"modified":"2023-09-22T12:33:52","modified_gmt":"2023-09-22T12:33:52","slug":"15-lugares-para-conher-no-interior-de-sao-paulo","status":"publish","type":"post","link":"https:\/\/www.carroaluguel.com\/blog\/15-lugares-para-conher-no-interior-de-sao-paulo\/","title":{"rendered":"15 lugares para conhecer no interior de S\u00e3o Paulo"},"content":{"rendered":"<p><span class=\"TextRun SCXW35158779 BCX0\" lang=\"PT-PT\" xml:lang=\"PT-PT\" data-contrast=\"none\"><span class=\"NormalTextRun SCXW35158779 BCX0\">A rotina agitada na capital paulista tem tirado seu sono e voc\u00ea precisa de um descanso urgente? Descubra <\/span><\/span><span class=\"TextRun SCXW35158779 BCX0\" lang=\"PT-PT\" xml:lang=\"PT-PT\" data-contrast=\"none\"><span class=\"NormalTextRun SCXW35158779 BCX0\">15 lugares para conhecer no interior de S\u00e3o Paulo <\/span><\/span><span class=\"TextRun SCXW35158779 BCX0\" lang=\"PT-PT\" xml:lang=\"PT-PT\" data-contrast=\"none\"><span class=\"NormalTextRun SCXW35158779 BCX0\">ao lado de amigos, familiares ou sozinho(a) e escape, por um momento, da vida inquieta da metr\u00f3pole!<\/span><\/span><span class=\"EOP SCXW35158779 BCX0\" data-ccp-props=\"{&quot;134233117&quot;:false,&quot;134233118&quot;:false,&quot;201341983&quot;:0,&quot;335559738&quot;:0,&quot;335559739&quot;:0,&quot;335559740&quot;:259}\">\u00a0<\/span><\/p>\n<h2 aria-level=\"1\"><span data-contrast=\"none\">Interior de S\u00e3o Paulo: lugar de experi\u00eancias \u00fanicas<\/span><span data-ccp-props=\"{&quot;134245418&quot;:true,&quot;134245529&quot;:true,&quot;201341983&quot;:0,&quot;335559738&quot;:240,&quot;335559739&quot;:0,&quot;335559740&quot;:259}\">\u00a0<\/span><\/h2>\n<p><span data-contrast=\"none\">A capital paulista \u00e9 conhecida pelo seu corre-corre di\u00e1rio. Seja no tr\u00e2nsito congestionado, nas grandes filas e at\u00e9 na dist\u00e2ncia entre bairros, participar dessa rotina pode desencadear aquele cansa\u00e7o. Nesse caso, a busca por uma rotina mais amena tende a ser uma sa\u00edda. Pensando nisso, vale a pena lembrar que o interior de S\u00e3o Paulo esconde um belo segredo: h\u00e1 destinos tur\u00edsticos cativantes para o lazer e descanso aos quem precisam. <\/span><span data-ccp-props=\"{&quot;134233117&quot;:false,&quot;134233118&quot;:false,&quot;201341983&quot;:0,&quot;335559738&quot;:0,&quot;335559739&quot;:0,&quot;335559740&quot;:259}\">\u00a0<\/span><\/p>\n<p><span data-contrast=\"none\">Com centenas de munic\u00edpios, o estado vem oferecendo experi\u00eancias para todos os gostos, desde as escapadas em meio \u00e0 natureza ou at\u00e9 pr\u00e1ticas para as devidas f\u00e9rias em fam\u00edlia. O fato \u00e9: o turismo no interior paulista cresce exponencialmente e sua beleza \u00e9 t\u00e3o diversa que surpreende at\u00e9 os mais experientes viajantes.<\/span><span data-ccp-props=\"{&quot;201341983&quot;:0,&quot;335559739&quot;:160,&quot;335559740&quot;:259}\">\u00a0<\/span><\/p>\n<p><span data-contrast=\"none\">Sendo assim, reunimos 15 cidades imperd\u00edveis fora da agita\u00e7\u00e3o paulistana para um lazer \u00fanico. Ah, e todas elas acess\u00edveis a partir da pr\u00f3pria capital. Aprecie o nosso guia e se deslumbre com essas maravilhas que encantam al\u00e9m dos limites da metr\u00f3pole!<\/span><span data-ccp-props=\"{&quot;134233117&quot;:false,&quot;134233118&quot;:false,&quot;201341983&quot;:0,&quot;335559738&quot;:0,&quot;335559739&quot;:0,&quot;335559740&quot;:259}\">\u00a0<\/span><\/p>\n<h3 aria-level=\"2\"><b><span data-contrast=\"none\">\u00c1guas de Lind\u00f3ia<\/span><\/b><span data-contrast=\"none\">: o encanto das \u00e1guas termais a aproximadamente 2h30 de S\u00e3o Paulo<\/span><span data-ccp-props=\"{&quot;134245418&quot;:true,&quot;134245529&quot;:true,&quot;201341983&quot;:0,&quot;335559738&quot;:40,&quot;335559739&quot;:0,&quot;335559740&quot;:259}\">\u00a0<\/span><\/h3>\n<div id=\"attachment_10543\" style=\"width: 1210px\" class=\"wp-caption aligncenter\"><img decoding=\"async\" aria-describedby=\"caption-attachment-10543\" class=\"lazyload wp-image-10543 size-full\" src=\"https:\/\/www.carroaluguel.com\/blog\/wp-content\/uploads\/2023\/09\/aguas-de-lindoia.webp\" data-orig-src=\"https:\/\/www.carroaluguel.com\/blog\/wp-content\/uploads\/2023\/09\/aguas-de-lindoia.webp\" alt=\"P\u00f3rtico de entrada para \u00c1guas de Lind\u00f3ia\" width=\"1200\" height=\"900\" srcset=\"data:image\/svg+xml,%3Csvg%20xmlns%3D%27http%3A%2F%2Fwww.w3.org%2F2000%2Fsvg%27%20width%3D%271200%27%20height%3D%27900%27%20viewBox%3D%270%200%201200%20900%27%3E%3Crect%20width%3D%271200%27%20height%3D%27900%27%20fill-opacity%3D%220%22%2F%3E%3C%2Fsvg%3E\" data-srcset=\"https:\/\/www.carroaluguel.com\/blog\/wp-content\/uploads\/2023\/09\/aguas-de-lindoia-200x150.webp 200w, https:\/\/www.carroaluguel.com\/blog\/wp-content\/uploads\/2023\/09\/aguas-de-lindoia-300x225.webp 300w, https:\/\/www.carroaluguel.com\/blog\/wp-content\/uploads\/2023\/09\/aguas-de-lindoia-400x300.webp 400w, https:\/\/www.carroaluguel.com\/blog\/wp-content\/uploads\/2023\/09\/aguas-de-lindoia-600x450.webp 600w, https:\/\/www.carroaluguel.com\/blog\/wp-content\/uploads\/2023\/09\/aguas-de-lindoia-768x576.webp 768w, https:\/\/www.carroaluguel.com\/blog\/wp-content\/uploads\/2023\/09\/aguas-de-lindoia-800x600.webp 800w, https:\/\/www.carroaluguel.com\/blog\/wp-content\/uploads\/2023\/09\/aguas-de-lindoia-1024x768.webp 1024w, https:\/\/www.carroaluguel.com\/blog\/wp-content\/uploads\/2023\/09\/aguas-de-lindoia.webp 1200w\" data-sizes=\"auto\" data-orig-sizes=\"(max-width: 1200px) 100vw, 1200px\" \/><p id=\"caption-attachment-10543\" class=\"wp-caption-text\">\u00c1guas de Lind\u00f3ia<\/p><\/div>\n<p><span data-ccp-props=\"{&quot;134233117&quot;:false,&quot;134233118&quot;:false,&quot;201341983&quot;:0,&quot;335559738&quot;:0,&quot;335559739&quot;:0,&quot;335559740&quot;:259}\">\u00a0<\/span><span data-contrast=\"none\">Destino perfeito para quem busca o bem-estar. Considerada uma das melhores cidades do mundo em hidroterapia (gra\u00e7as \u00e0s \u00e1guas minerais de poder curativo), \u00c1guas de Lind\u00f3ia \u00e9 ainda um para\u00edso para os amantes da natureza e do ecoturismo, com suas belas paisagens. Uma delas \u00e9 o Morro Pelado, ponto panor\u00e2mico acima dos 1.400m de altitude. A pra\u00e7a Adhemar de Barros, outro cart\u00e3o-postal, encanta pela tranquilidade. E para os f\u00e3s de automobilismo, o encontro anual de carros antigos \u00e9 um evento imperd\u00edvel.<\/span><span data-ccp-props=\"{&quot;134233117&quot;:false,&quot;134233118&quot;:false,&quot;201341983&quot;:0,&quot;335559738&quot;:0,&quot;335559739&quot;:0,&quot;335559740&quot;:259}\">\u00a0<\/span><\/p>\n<h3><b><span data-contrast=\"none\">Serra Negra<\/span><\/b><span data-contrast=\"none\">: ampla beleza natural no interior de S\u00e3o Paulo<\/span><\/h3>\n<div id=\"attachment_10541\" style=\"width: 1210px\" class=\"wp-caption aligncenter\"><img decoding=\"async\" aria-describedby=\"caption-attachment-10541\" class=\"lazyload wp-image-10541 size-full\" src=\"https:\/\/www.carroaluguel.com\/blog\/wp-content\/uploads\/2023\/09\/serra-negra.webp\" data-orig-src=\"https:\/\/www.carroaluguel.com\/blog\/wp-content\/uploads\/2023\/09\/serra-negra.webp\" alt=\"Montanhas da Mantiqueira rodeiam a cidade de Serra Negra\" width=\"1200\" height=\"900\" srcset=\"data:image\/svg+xml,%3Csvg%20xmlns%3D%27http%3A%2F%2Fwww.w3.org%2F2000%2Fsvg%27%20width%3D%271200%27%20height%3D%27900%27%20viewBox%3D%270%200%201200%20900%27%3E%3Crect%20width%3D%271200%27%20height%3D%27900%27%20fill-opacity%3D%220%22%2F%3E%3C%2Fsvg%3E\" data-srcset=\"https:\/\/www.carroaluguel.com\/blog\/wp-content\/uploads\/2023\/09\/serra-negra-200x150.webp 200w, https:\/\/www.carroaluguel.com\/blog\/wp-content\/uploads\/2023\/09\/serra-negra-300x225.webp 300w, https:\/\/www.carroaluguel.com\/blog\/wp-content\/uploads\/2023\/09\/serra-negra-400x300.webp 400w, https:\/\/www.carroaluguel.com\/blog\/wp-content\/uploads\/2023\/09\/serra-negra-600x450.webp 600w, https:\/\/www.carroaluguel.com\/blog\/wp-content\/uploads\/2023\/09\/serra-negra-768x576.webp 768w, https:\/\/www.carroaluguel.com\/blog\/wp-content\/uploads\/2023\/09\/serra-negra-800x600.webp 800w, https:\/\/www.carroaluguel.com\/blog\/wp-content\/uploads\/2023\/09\/serra-negra-1024x768.webp 1024w, https:\/\/www.carroaluguel.com\/blog\/wp-content\/uploads\/2023\/09\/serra-negra.webp 1200w\" data-sizes=\"auto\" data-orig-sizes=\"(max-width: 1200px) 100vw, 1200px\" \/><p id=\"caption-attachment-10541\" class=\"wp-caption-text\">Serra Negra<\/p><\/div>\n<p><span data-contrast=\"none\">Localizada na Serra da Mantiqueira, Serra Negra \u00e9 um verdadeiro ref\u00fagio. Conhecida como \u2018Cidade Sa\u00fade\u2019, tornou-se famosa pelas propriedades medicinais de suas \u00e1guas minerais, atraindo visitantes de todo o pa\u00eds. Possui ainda v\u00e1rios pontos tur\u00edsticos, dentre eles o Telef\u00e9rico, o Pico da Fonseca e a Disneyl\u00e2ndia dos Rob\u00f4s. Para os amantes das compras, o com\u00e9rcio \u00e9 forte em roupas de couro e malhas, al\u00e9m dos produtos artesanais de latic\u00ednios. Ou seja, Serra Negra combina bem-estar, lazer e gastronomia num s\u00f3 destino.<\/span><span data-ccp-props=\"{&quot;134233117&quot;:false,&quot;134233118&quot;:false,&quot;201341983&quot;:0,&quot;335559738&quot;:0,&quot;335559739&quot;:0,&quot;335559740&quot;:259}\">\u00a0<\/span><\/p>\n<h3><b><span data-contrast=\"none\">\u00c1guas de S\u00e3o Pedro<\/span><\/b><span data-contrast=\"none\">: renove as energias a 2h30 de S\u00e3o Paulo<\/span><span data-ccp-props=\"{&quot;134245418&quot;:true,&quot;134245529&quot;:true,&quot;201341983&quot;:0,&quot;335559738&quot;:40,&quot;335559739&quot;:0,&quot;335559740&quot;:259}\">\u00a0<\/span><\/h3>\n<div id=\"attachment_10544\" style=\"width: 1210px\" class=\"wp-caption aligncenter\"><img decoding=\"async\" aria-describedby=\"caption-attachment-10544\" class=\"lazyload wp-image-10544 size-full\" src=\"https:\/\/www.carroaluguel.com\/blog\/wp-content\/uploads\/2023\/09\/aguas-de-sao-pedro.webp\" data-orig-src=\"https:\/\/www.carroaluguel.com\/blog\/wp-content\/uploads\/2023\/09\/aguas-de-sao-pedro.webp\" alt=\"C\u00f3rrego e alamedas em \u00c1guas de S\u00e3o Pedro\" width=\"1200\" height=\"900\" srcset=\"data:image\/svg+xml,%3Csvg%20xmlns%3D%27http%3A%2F%2Fwww.w3.org%2F2000%2Fsvg%27%20width%3D%271200%27%20height%3D%27900%27%20viewBox%3D%270%200%201200%20900%27%3E%3Crect%20width%3D%271200%27%20height%3D%27900%27%20fill-opacity%3D%220%22%2F%3E%3C%2Fsvg%3E\" data-srcset=\"https:\/\/www.carroaluguel.com\/blog\/wp-content\/uploads\/2023\/09\/aguas-de-sao-pedro-200x150.webp 200w, https:\/\/www.carroaluguel.com\/blog\/wp-content\/uploads\/2023\/09\/aguas-de-sao-pedro-300x225.webp 300w, https:\/\/www.carroaluguel.com\/blog\/wp-content\/uploads\/2023\/09\/aguas-de-sao-pedro-400x300.webp 400w, https:\/\/www.carroaluguel.com\/blog\/wp-content\/uploads\/2023\/09\/aguas-de-sao-pedro-600x450.webp 600w, https:\/\/www.carroaluguel.com\/blog\/wp-content\/uploads\/2023\/09\/aguas-de-sao-pedro-768x576.webp 768w, https:\/\/www.carroaluguel.com\/blog\/wp-content\/uploads\/2023\/09\/aguas-de-sao-pedro-800x600.webp 800w, https:\/\/www.carroaluguel.com\/blog\/wp-content\/uploads\/2023\/09\/aguas-de-sao-pedro-1024x768.webp 1024w, https:\/\/www.carroaluguel.com\/blog\/wp-content\/uploads\/2023\/09\/aguas-de-sao-pedro.webp 1200w\" data-sizes=\"auto\" data-orig-sizes=\"(max-width: 1200px) 100vw, 1200px\" \/><p id=\"caption-attachment-10544\" class=\"wp-caption-text\">\u00c1guas de S\u00e3o Pedro<\/p><\/div>\n<p><span data-contrast=\"none\">Tamb\u00e9m famosa pelas fontes de \u00e1guas termais, a charmosa \u00c1guas de S\u00e3o Pedro \u00e9 perfeita para quem busca um reduto para relaxar. Seus spas e fontes terap\u00eauticas, por exemplo, s\u00e3o reconhecidos nacionalmente. Considerado o menor munic\u00edpio paulista, h\u00e1 diversos atrativos para serem explorados, como o Jardim Sensorial, onde os visitantes t\u00eam um contato mais \u00edntimo com a natureza. J\u00e1 o Museu Gustavo Teixeira e a Casa do Escultor s\u00e3o obrigat\u00f3rios para os amantes da cultura. Na culin\u00e1ria, destaca-se o famoso \u2018Peixe na Telha\u2019. Ou seja: \u00e9 um lugar que combina diversas op\u00e7\u00f5es tur\u00edsticas.<\/span><span data-ccp-props=\"{&quot;134233117&quot;:false,&quot;134233118&quot;:false,&quot;201341983&quot;:0,&quot;335559738&quot;:0,&quot;335559739&quot;:0,&quot;335559740&quot;:259}\">\u00a0<\/span><\/p>\n<h3><b><span data-contrast=\"none\">Atibaia<\/span><\/b><span data-contrast=\"none\">: clima agrad\u00e1vel a apenas 1h da capital<\/span><span data-ccp-props=\"{&quot;134245418&quot;:true,&quot;134245529&quot;:true,&quot;201341983&quot;:0,&quot;335559738&quot;:40,&quot;335559739&quot;:0,&quot;335559740&quot;:259}\">\u00a0<\/span><\/h3>\n<div id=\"attachment_10545\" style=\"width: 1210px\" class=\"wp-caption aligncenter\"><img decoding=\"async\" aria-describedby=\"caption-attachment-10545\" class=\"lazyload wp-image-10545 size-full\" src=\"https:\/\/www.carroaluguel.com\/blog\/wp-content\/uploads\/2023\/09\/atibaia.webp\" data-orig-src=\"https:\/\/www.carroaluguel.com\/blog\/wp-content\/uploads\/2023\/09\/atibaia.webp\" alt=\"Jardim do Lago em Atibaia\" width=\"1200\" height=\"900\" srcset=\"data:image\/svg+xml,%3Csvg%20xmlns%3D%27http%3A%2F%2Fwww.w3.org%2F2000%2Fsvg%27%20width%3D%271200%27%20height%3D%27900%27%20viewBox%3D%270%200%201200%20900%27%3E%3Crect%20width%3D%271200%27%20height%3D%27900%27%20fill-opacity%3D%220%22%2F%3E%3C%2Fsvg%3E\" data-srcset=\"https:\/\/www.carroaluguel.com\/blog\/wp-content\/uploads\/2023\/09\/atibaia-200x150.webp 200w, https:\/\/www.carroaluguel.com\/blog\/wp-content\/uploads\/2023\/09\/atibaia-300x225.webp 300w, https:\/\/www.carroaluguel.com\/blog\/wp-content\/uploads\/2023\/09\/atibaia-400x300.webp 400w, https:\/\/www.carroaluguel.com\/blog\/wp-content\/uploads\/2023\/09\/atibaia-600x450.webp 600w, https:\/\/www.carroaluguel.com\/blog\/wp-content\/uploads\/2023\/09\/atibaia-768x576.webp 768w, https:\/\/www.carroaluguel.com\/blog\/wp-content\/uploads\/2023\/09\/atibaia-800x600.webp 800w, https:\/\/www.carroaluguel.com\/blog\/wp-content\/uploads\/2023\/09\/atibaia-1024x768.webp 1024w, https:\/\/www.carroaluguel.com\/blog\/wp-content\/uploads\/2023\/09\/atibaia.webp 1200w\" data-sizes=\"auto\" data-orig-sizes=\"(max-width: 1200px) 100vw, 1200px\" \/><p id=\"caption-attachment-10545\" class=\"wp-caption-text\">Atibaia<\/p><\/div>\n<p><span data-contrast=\"none\">Deseja respirar um ar mais puro? Atibaia \u00e9 o destino! Conhecida pelo clima agrad\u00e1vel, o destaque fica para sua qualidade do ar. A Pedra Grande, principal ponto tur\u00edstico, tornou-se o local ideal para os amantes do ecoturismo. L\u00e1 \u00e9 poss\u00edvel fazer trilhas, voo livre e apreciar uma vista panor\u00e2mica \u00fanica. O Parque Edmundo Zanoni \u00e9 outro destaque. A cidade tamb\u00e9m \u00e9 famosa pela Festa das Flores e Morangos. N\u00e3o deixe de provar os pratos \u00e0 base da fruta, como fondues e tortas. Atibaia \u00e9 a fuga perfeita da correria de S\u00e3o Paulo.<\/span><span data-ccp-props=\"{&quot;134233117&quot;:false,&quot;134233118&quot;:false,&quot;201341983&quot;:0,&quot;335559738&quot;:0,&quot;335559739&quot;:0,&quot;335559740&quot;:259}\">\u00a0<\/span><\/p>\n<h3><b><span data-contrast=\"none\">Socorro<\/span><\/b><span data-contrast=\"none\">: natureza exuberante a aproximadamente 2h de S\u00e3o Paulo<\/span><span data-ccp-props=\"{&quot;134245418&quot;:true,&quot;134245529&quot;:true,&quot;201341983&quot;:0,&quot;335559738&quot;:40,&quot;335559739&quot;:0,&quot;335559740&quot;:259}\">\u00a0<\/span><\/h3>\n<div id=\"attachment_10542\" style=\"width: 1210px\" class=\"wp-caption aligncenter\"><img decoding=\"async\" aria-describedby=\"caption-attachment-10542\" class=\"lazyload wp-image-10542 size-full\" src=\"https:\/\/www.carroaluguel.com\/blog\/wp-content\/uploads\/2023\/09\/socorro.webp\" data-orig-src=\"https:\/\/www.carroaluguel.com\/blog\/wp-content\/uploads\/2023\/09\/socorro.webp\" alt=\"P\u00f3rtico de entrada para a cidade de Socorro\" width=\"1200\" height=\"900\" srcset=\"data:image\/svg+xml,%3Csvg%20xmlns%3D%27http%3A%2F%2Fwww.w3.org%2F2000%2Fsvg%27%20width%3D%271200%27%20height%3D%27900%27%20viewBox%3D%270%200%201200%20900%27%3E%3Crect%20width%3D%271200%27%20height%3D%27900%27%20fill-opacity%3D%220%22%2F%3E%3C%2Fsvg%3E\" data-srcset=\"https:\/\/www.carroaluguel.com\/blog\/wp-content\/uploads\/2023\/09\/socorro-200x150.webp 200w, https:\/\/www.carroaluguel.com\/blog\/wp-content\/uploads\/2023\/09\/socorro-300x225.webp 300w, https:\/\/www.carroaluguel.com\/blog\/wp-content\/uploads\/2023\/09\/socorro-400x300.webp 400w, https:\/\/www.carroaluguel.com\/blog\/wp-content\/uploads\/2023\/09\/socorro-600x450.webp 600w, https:\/\/www.carroaluguel.com\/blog\/wp-content\/uploads\/2023\/09\/socorro-768x576.webp 768w, https:\/\/www.carroaluguel.com\/blog\/wp-content\/uploads\/2023\/09\/socorro-800x600.webp 800w, https:\/\/www.carroaluguel.com\/blog\/wp-content\/uploads\/2023\/09\/socorro-1024x768.webp 1024w, https:\/\/www.carroaluguel.com\/blog\/wp-content\/uploads\/2023\/09\/socorro.webp 1200w\" data-sizes=\"auto\" data-orig-sizes=\"(max-width: 1200px) 100vw, 1200px\" \/><p id=\"caption-attachment-10542\" class=\"wp-caption-text\">Socorro<\/p><\/div>\n<p><span data-contrast=\"none\">Conhecida como \u2018Cidade da Aventura\u2019, Socorro oferece uma variedade de atividades: rafting, tirolesa, rapel e trilhas s\u00e3o algumas op\u00e7\u00f5es. Al\u00e9m disso, as belas cachoeiras e rios cristalinos s\u00e3o perfeitos para banhos revigorantes e momentos de relaxamento. Na \u00e1rea urbana e arredores da Pra\u00e7a da Matriz, \u00e9 poss\u00edvel apreciar constru\u00e7\u00e3o antigas, lojas de artesanato e caf\u00e9s aconchegantes. A gastronomia local merece destaque pelos pratos da culin\u00e1ria caipira. Ah, e n\u00e3o deixe de visitar a Feira Permanente de Malhas, onde s\u00e3o encontrados vestu\u00e1rios de alta qualidade a pre\u00e7os acess\u00edveis!<\/span><span data-ccp-props=\"{&quot;134233117&quot;:false,&quot;134233118&quot;:false,&quot;201341983&quot;:0,&quot;335559738&quot;:0,&quot;335559739&quot;:0,&quot;335559740&quot;:259}\">\u00a0<\/span><\/p>\n<h3 aria-level=\"2\"><b><span data-contrast=\"none\">Cunha<\/span><\/b><span data-contrast=\"none\">: desconectando de S\u00e3o Paulo a apenas 3h da capital<\/span><span data-ccp-props=\"{&quot;134245418&quot;:true,&quot;134245529&quot;:true,&quot;201341983&quot;:0,&quot;335559738&quot;:40,&quot;335559739&quot;:0,&quot;335559740&quot;:259}\">\u00a0<\/span><\/h3>\n<div id=\"attachment_10549\" style=\"width: 1210px\" class=\"wp-caption aligncenter\"><img decoding=\"async\" aria-describedby=\"caption-attachment-10549\" class=\"lazyload wp-image-10549 size-full\" src=\"https:\/\/www.carroaluguel.com\/blog\/wp-content\/uploads\/2023\/09\/cunha.webp\" data-orig-src=\"https:\/\/www.carroaluguel.com\/blog\/wp-content\/uploads\/2023\/09\/cunha.webp\" alt=\"Corredeira de rio cercada por floresta em Cunha\" width=\"1200\" height=\"900\" srcset=\"data:image\/svg+xml,%3Csvg%20xmlns%3D%27http%3A%2F%2Fwww.w3.org%2F2000%2Fsvg%27%20width%3D%271200%27%20height%3D%27900%27%20viewBox%3D%270%200%201200%20900%27%3E%3Crect%20width%3D%271200%27%20height%3D%27900%27%20fill-opacity%3D%220%22%2F%3E%3C%2Fsvg%3E\" data-srcset=\"https:\/\/www.carroaluguel.com\/blog\/wp-content\/uploads\/2023\/09\/cunha-200x150.webp 200w, https:\/\/www.carroaluguel.com\/blog\/wp-content\/uploads\/2023\/09\/cunha-300x225.webp 300w, https:\/\/www.carroaluguel.com\/blog\/wp-content\/uploads\/2023\/09\/cunha-400x300.webp 400w, https:\/\/www.carroaluguel.com\/blog\/wp-content\/uploads\/2023\/09\/cunha-600x450.webp 600w, https:\/\/www.carroaluguel.com\/blog\/wp-content\/uploads\/2023\/09\/cunha-768x576.webp 768w, https:\/\/www.carroaluguel.com\/blog\/wp-content\/uploads\/2023\/09\/cunha-800x600.webp 800w, https:\/\/www.carroaluguel.com\/blog\/wp-content\/uploads\/2023\/09\/cunha-1024x768.webp 1024w, https:\/\/www.carroaluguel.com\/blog\/wp-content\/uploads\/2023\/09\/cunha.webp 1200w\" data-sizes=\"auto\" data-orig-sizes=\"(max-width: 1200px) 100vw, 1200px\" \/><p id=\"caption-attachment-10549\" class=\"wp-caption-text\">Cunha<\/p><\/div>\n<p><span data-contrast=\"none\">Tranquila, a cidade \u00e9 ideal para quem busca se reconectar com a natureza e relaxar em meio \u00e0s paisagens deslumbrantes. Repleta de montanhas, cachoeiras e trilhas, em Cunha os amantes de ecoturismo e aventura ter\u00e3o muito a explorar. A cidade tamb\u00e9m abriga uma rica cultura hist\u00f3rica, com igrejas, pra\u00e7as e constru\u00e7\u00f5es antigas. Cunha \u00e9 ainda famosa por sua produ\u00e7\u00e3o de cer\u00e2mica artesanal. Andando pelos arredores \u00e9 poss\u00edvel visitar ateli\u00eas e conhecer o trabalho dos artistas locais. Experi\u00eancia \u00fanica, onde a arte, a natureza e hist\u00f3ria se encontram.<\/span><span data-ccp-props=\"{&quot;134233117&quot;:false,&quot;134233118&quot;:false,&quot;201341983&quot;:0,&quot;335559738&quot;:0,&quot;335559739&quot;:0,&quot;335559740&quot;:259}\">\u00a0<\/span><\/p>\n<h3><b><span data-contrast=\"none\">Barra Bonita<\/span><\/b><span data-contrast=\"none\">: 4h da capital para desfrutar do turismo fluvial<\/span><span data-ccp-props=\"{&quot;134245418&quot;:true,&quot;134245529&quot;:true,&quot;201341983&quot;:0,&quot;335559738&quot;:40,&quot;335559739&quot;:0,&quot;335559740&quot;:259}\">\u00a0<\/span><\/h3>\n<div id=\"attachment_10546\" style=\"width: 1210px\" class=\"wp-caption aligncenter\"><img decoding=\"async\" aria-describedby=\"caption-attachment-10546\" class=\"lazyload wp-image-10546 size-full\" src=\"https:\/\/www.carroaluguel.com\/blog\/wp-content\/uploads\/2023\/09\/barra-bonita.webp\" data-orig-src=\"https:\/\/www.carroaluguel.com\/blog\/wp-content\/uploads\/2023\/09\/barra-bonita.webp\" alt=\"Monumento dos tr\u00eas elementos b\u00e1sicos da economia de Barra Bonita na Pra\u00e7a da Rotat\u00f3ria.\" width=\"1200\" height=\"900\" srcset=\"data:image\/svg+xml,%3Csvg%20xmlns%3D%27http%3A%2F%2Fwww.w3.org%2F2000%2Fsvg%27%20width%3D%271200%27%20height%3D%27900%27%20viewBox%3D%270%200%201200%20900%27%3E%3Crect%20width%3D%271200%27%20height%3D%27900%27%20fill-opacity%3D%220%22%2F%3E%3C%2Fsvg%3E\" data-srcset=\"https:\/\/www.carroaluguel.com\/blog\/wp-content\/uploads\/2023\/09\/barra-bonita-200x150.webp 200w, https:\/\/www.carroaluguel.com\/blog\/wp-content\/uploads\/2023\/09\/barra-bonita-300x225.webp 300w, https:\/\/www.carroaluguel.com\/blog\/wp-content\/uploads\/2023\/09\/barra-bonita-400x300.webp 400w, https:\/\/www.carroaluguel.com\/blog\/wp-content\/uploads\/2023\/09\/barra-bonita-600x450.webp 600w, https:\/\/www.carroaluguel.com\/blog\/wp-content\/uploads\/2023\/09\/barra-bonita-768x576.webp 768w, https:\/\/www.carroaluguel.com\/blog\/wp-content\/uploads\/2023\/09\/barra-bonita-800x600.webp 800w, https:\/\/www.carroaluguel.com\/blog\/wp-content\/uploads\/2023\/09\/barra-bonita-1024x768.webp 1024w, https:\/\/www.carroaluguel.com\/blog\/wp-content\/uploads\/2023\/09\/barra-bonita.webp 1200w\" data-sizes=\"auto\" data-orig-sizes=\"(max-width: 1200px) 100vw, 1200px\" \/><p id=\"caption-attachment-10546\" class=\"wp-caption-text\">Barra Bonita<\/p><\/div>\n<p><span data-contrast=\"none\">H\u00e1 uma raz\u00e3o para que Barra Bonita seja conhecida como \u2018P\u00e9rola o Tiet\u00ea\u2019: o local \u00e9 um verdadeiro para\u00edso do turismo fluvial. Tendo o lend\u00e1rio Rio Tiet\u00ea como cen\u00e1rio principal, h\u00e1 como desfrutar de passeios de barcos, mergulhos e pescarias, tudo isso em \u00e1guas cristalinas, o oposto da capital. A cidade possui \u00f3tima infraestrutura para receber turistas, com hot\u00e9is, restaurantes e diversas op\u00e7\u00f5es de lazer. Passeios guiados levam os visitantes \u00e0 grandiosa e imponente usina hidrel\u00e9trica. Portanto, tenha a certeza: Barra Bonita \u00e9 um destino perfeito para relaxar, de atmosfera tranquila e acolhedora.<\/span><span data-ccp-props=\"{&quot;134233117&quot;:false,&quot;134233118&quot;:false,&quot;201341983&quot;:0,&quot;335559738&quot;:0,&quot;335559739&quot;:0,&quot;335559740&quot;:259}\">\u00a0<\/span><\/p>\n<h3 aria-level=\"2\"><b><span data-contrast=\"none\">Boituva<\/span><\/b><span data-contrast=\"none\">: superando limites e voando pelos c\u00e9us a 1h30 de S\u00e3o Paulo<\/span><span data-ccp-props=\"{&quot;134245418&quot;:true,&quot;134245529&quot;:true,&quot;201341983&quot;:0,&quot;335559738&quot;:40,&quot;335559739&quot;:0,&quot;335559740&quot;:259}\">\u00a0<\/span><\/h3>\n<div id=\"attachment_10547\" style=\"width: 1210px\" class=\"wp-caption aligncenter\"><img decoding=\"async\" aria-describedby=\"caption-attachment-10547\" class=\"lazyload wp-image-10547 size-full\" src=\"https:\/\/www.carroaluguel.com\/blog\/wp-content\/uploads\/2023\/09\/boituva.webp\" data-orig-src=\"https:\/\/www.carroaluguel.com\/blog\/wp-content\/uploads\/2023\/09\/boituva.webp\" alt=\"Patos sendo observados por turistas no Parque Ecol\u00f3gico Eug\u00eanio Walter em Boituva\" width=\"1200\" height=\"900\" srcset=\"data:image\/svg+xml,%3Csvg%20xmlns%3D%27http%3A%2F%2Fwww.w3.org%2F2000%2Fsvg%27%20width%3D%271200%27%20height%3D%27900%27%20viewBox%3D%270%200%201200%20900%27%3E%3Crect%20width%3D%271200%27%20height%3D%27900%27%20fill-opacity%3D%220%22%2F%3E%3C%2Fsvg%3E\" data-srcset=\"https:\/\/www.carroaluguel.com\/blog\/wp-content\/uploads\/2023\/09\/boituva-200x150.webp 200w, https:\/\/www.carroaluguel.com\/blog\/wp-content\/uploads\/2023\/09\/boituva-300x225.webp 300w, https:\/\/www.carroaluguel.com\/blog\/wp-content\/uploads\/2023\/09\/boituva-400x300.webp 400w, https:\/\/www.carroaluguel.com\/blog\/wp-content\/uploads\/2023\/09\/boituva-600x450.webp 600w, https:\/\/www.carroaluguel.com\/blog\/wp-content\/uploads\/2023\/09\/boituva-768x576.webp 768w, https:\/\/www.carroaluguel.com\/blog\/wp-content\/uploads\/2023\/09\/boituva-800x600.webp 800w, https:\/\/www.carroaluguel.com\/blog\/wp-content\/uploads\/2023\/09\/boituva-1024x768.webp 1024w, https:\/\/www.carroaluguel.com\/blog\/wp-content\/uploads\/2023\/09\/boituva.webp 1200w\" data-sizes=\"auto\" data-orig-sizes=\"(max-width: 1200px) 100vw, 1200px\" \/><p id=\"caption-attachment-10547\" class=\"wp-caption-text\">Boituva<\/p><\/div>\n<p><span data-contrast=\"none\">Os aventureiros de plant\u00e3o podem se preparar para conhecer a \u2018Capital do Paraquedismo\u2019. Boituva oferece infraestrutura completa para saltos de paraquedas inesquec\u00edveis, proporcionando a sensa\u00e7\u00e3o de liberdade aliada \u00e0 adrenalina. Al\u00e9m disso, a cidade \u00e9 famosa pelos incr\u00edveis passeios de bal\u00e3o de ar quente, permitindo ao turista flutuar acima das nuvens e apreciar vistas panor\u00e2micas de tirar o f\u00f4lego. Seja para um aventureiro destemido ou para aqueles que buscam novas experi\u00eancias tur\u00edsticas, Boituva \u00e9 o destino perfeito no interior de S\u00e3o Paulo para tais desafios na supera\u00e7\u00e3o de limites.<\/span><span data-ccp-props=\"{&quot;134233117&quot;:false,&quot;134233118&quot;:false,&quot;201341983&quot;:0,&quot;335559738&quot;:0,&quot;335559739&quot;:0,&quot;335559740&quot;:259}\">\u00a0<\/span><\/p>\n<h3 aria-level=\"2\"><b><span data-contrast=\"none\">Itu<\/span><\/b><span data-contrast=\"none\">: hist\u00f3rias e exageros a aproximadamente 1h da capital<\/span><span data-ccp-props=\"{&quot;134245418&quot;:true,&quot;134245529&quot;:true,&quot;201341983&quot;:0,&quot;335559738&quot;:40,&quot;335559739&quot;:0,&quot;335559740&quot;:259}\">\u00a0<\/span><\/h3>\n<div id=\"attachment_10535\" style=\"width: 1210px\" class=\"wp-caption aligncenter\"><img decoding=\"async\" aria-describedby=\"caption-attachment-10535\" class=\"lazyload wp-image-10535 size-full\" src=\"https:\/\/www.carroaluguel.com\/blog\/wp-content\/uploads\/2023\/09\/itu.webp\" data-orig-src=\"https:\/\/www.carroaluguel.com\/blog\/wp-content\/uploads\/2023\/09\/itu.webp\" alt=\"Orelh\u00e3o gigante, turistas e moradores em pra\u00e7a de It\u00fa\" width=\"1200\" height=\"900\" srcset=\"data:image\/svg+xml,%3Csvg%20xmlns%3D%27http%3A%2F%2Fwww.w3.org%2F2000%2Fsvg%27%20width%3D%271200%27%20height%3D%27900%27%20viewBox%3D%270%200%201200%20900%27%3E%3Crect%20width%3D%271200%27%20height%3D%27900%27%20fill-opacity%3D%220%22%2F%3E%3C%2Fsvg%3E\" data-srcset=\"https:\/\/www.carroaluguel.com\/blog\/wp-content\/uploads\/2023\/09\/itu-200x150.webp 200w, https:\/\/www.carroaluguel.com\/blog\/wp-content\/uploads\/2023\/09\/itu-300x225.webp 300w, https:\/\/www.carroaluguel.com\/blog\/wp-content\/uploads\/2023\/09\/itu-400x300.webp 400w, https:\/\/www.carroaluguel.com\/blog\/wp-content\/uploads\/2023\/09\/itu-600x450.webp 600w, https:\/\/www.carroaluguel.com\/blog\/wp-content\/uploads\/2023\/09\/itu-768x576.webp 768w, https:\/\/www.carroaluguel.com\/blog\/wp-content\/uploads\/2023\/09\/itu-800x600.webp 800w, https:\/\/www.carroaluguel.com\/blog\/wp-content\/uploads\/2023\/09\/itu-1024x768.webp 1024w, https:\/\/www.carroaluguel.com\/blog\/wp-content\/uploads\/2023\/09\/itu.webp 1200w\" data-sizes=\"auto\" data-orig-sizes=\"(max-width: 1200px) 100vw, 1200px\" \/><p id=\"caption-attachment-10535\" class=\"wp-caption-text\">It\u00fa<\/p><\/div>\n<p><span data-contrast=\"none\">Itu \u00e9 conhecida pela rica hist\u00f3ria e suas demasias em algumas constru\u00e7\u00f5es espalhadas pela cidade. Al\u00e9m de preservar um valioso patrim\u00f4nio arquitet\u00f4nico, com belos im\u00f3veis coloniais e pra\u00e7as charmosas, Itu apresenta objetos gigantes que adornam suas ruas, como orelh\u00f5es e chaleiras, al\u00e9m de uma r\u00e9plica do rel\u00f3gio de sol. Tais elementos extravagantes s\u00e3o um marco da cidade e atraem a curiosidade de visitantes. Mas h\u00e1 diversos outros atrativos, como a Casa Imperial e o Museu da Energia. Na gastronomia, n\u00e3o deixe de experimentar o \u2018P\u00e3o de Itu\u2019, iguaria irresist\u00edvel e parte da tradi\u00e7\u00e3o culin\u00e1ria.<\/span><span data-ccp-props=\"{&quot;134233117&quot;:false,&quot;134233118&quot;:false,&quot;201341983&quot;:0,&quot;335559738&quot;:0,&quot;335559739&quot;:0,&quot;335559740&quot;:259}\">\u00a0<\/span><\/p>\n<h3 aria-level=\"2\"><b><span data-contrast=\"none\">Pedra Bela<\/span><\/b><span data-contrast=\"none\">: 2h separam S\u00e3o Paulo desse bel\u00edssimo local<\/span><span data-ccp-props=\"{&quot;134245418&quot;:true,&quot;134245529&quot;:true,&quot;201341983&quot;:0,&quot;335559738&quot;:40,&quot;335559739&quot;:0,&quot;335559740&quot;:259}\">\u00a0<\/span><\/h3>\n<div id=\"attachment_10539\" style=\"width: 1210px\" class=\"wp-caption aligncenter\"><img decoding=\"async\" aria-describedby=\"caption-attachment-10539\" class=\"lazyload wp-image-10539 size-full\" src=\"https:\/\/www.carroaluguel.com\/blog\/wp-content\/uploads\/2023\/09\/pedra-bela.webp\" data-orig-src=\"https:\/\/www.carroaluguel.com\/blog\/wp-content\/uploads\/2023\/09\/pedra-bela.webp\" alt=\"Montanhas e morros comp\u00f5em a paisagem de Pedra Bela\" width=\"1200\" height=\"900\" srcset=\"data:image\/svg+xml,%3Csvg%20xmlns%3D%27http%3A%2F%2Fwww.w3.org%2F2000%2Fsvg%27%20width%3D%271200%27%20height%3D%27900%27%20viewBox%3D%270%200%201200%20900%27%3E%3Crect%20width%3D%271200%27%20height%3D%27900%27%20fill-opacity%3D%220%22%2F%3E%3C%2Fsvg%3E\" data-srcset=\"https:\/\/www.carroaluguel.com\/blog\/wp-content\/uploads\/2023\/09\/pedra-bela-200x150.webp 200w, https:\/\/www.carroaluguel.com\/blog\/wp-content\/uploads\/2023\/09\/pedra-bela-300x225.webp 300w, https:\/\/www.carroaluguel.com\/blog\/wp-content\/uploads\/2023\/09\/pedra-bela-400x300.webp 400w, https:\/\/www.carroaluguel.com\/blog\/wp-content\/uploads\/2023\/09\/pedra-bela-600x450.webp 600w, https:\/\/www.carroaluguel.com\/blog\/wp-content\/uploads\/2023\/09\/pedra-bela-768x576.webp 768w, https:\/\/www.carroaluguel.com\/blog\/wp-content\/uploads\/2023\/09\/pedra-bela-800x600.webp 800w, https:\/\/www.carroaluguel.com\/blog\/wp-content\/uploads\/2023\/09\/pedra-bela-1024x768.webp 1024w, https:\/\/www.carroaluguel.com\/blog\/wp-content\/uploads\/2023\/09\/pedra-bela.webp 1200w\" data-sizes=\"auto\" data-orig-sizes=\"(max-width: 1200px) 100vw, 1200px\" \/><p id=\"caption-attachment-10539\" class=\"wp-caption-text\">Pedra Bela<\/p><\/div>\n<p><span data-contrast=\"none\">Em Pedra Bela encontra-se uma das maiores tirolesas das Am\u00e9ricas, com 1.800m de extens\u00e3o. Ou seja, adrenalina pura numa velocidade m\u00e9dia de 97 km\/h. E mais: a cidade possui duas not\u00e1veis cachoeiras (Boca da Mata e Ant\u00f4nio Souza), al\u00e9m de corredeiras instagram\u00e1veis. Op\u00e7\u00f5es de rapel n\u00e3o faltam para os visitantes que optam por desbravar Pedra Bela. Ali\u00e1s, uma das mais ic\u00f4nicas forma\u00e7\u00f5es rochosas da Mantiqueira \u00e9 a Pedra do Santu\u00e1rio, com uma formosa igreja no topo. H\u00e1 tamb\u00e9m a Pedra Maria Ant\u00f4nia, que foi local de vig\u00edlia na \u00e9poca da Revolu\u00e7\u00e3o Constitucionalista.<\/span><span data-ccp-props=\"{&quot;134233117&quot;:false,&quot;134233118&quot;:false,&quot;201341983&quot;:0,&quot;335559738&quot;:0,&quot;335559739&quot;:0,&quot;335559740&quot;:259}\">\u00a0<\/span><\/p>\n<h3 aria-level=\"2\"><b><span data-contrast=\"none\">Joan\u00f3polis<\/span><\/b><span data-contrast=\"none\">: 2h e voc\u00ea se depara com grandes reservas nativas<\/span><\/h3>\n<div id=\"attachment_10537\" style=\"width: 1210px\" class=\"wp-caption aligncenter\"><img decoding=\"async\" aria-describedby=\"caption-attachment-10537\" class=\"lazyload wp-image-10537 size-full\" src=\"https:\/\/www.carroaluguel.com\/blog\/wp-content\/uploads\/2023\/09\/joanopolis.webp\" data-orig-src=\"https:\/\/www.carroaluguel.com\/blog\/wp-content\/uploads\/2023\/09\/joanopolis.webp\" alt=\"Estrada e, ao fundo, a Cachoeira dos Pretos em Joan\u00f3polis\" width=\"1200\" height=\"900\" srcset=\"data:image\/svg+xml,%3Csvg%20xmlns%3D%27http%3A%2F%2Fwww.w3.org%2F2000%2Fsvg%27%20width%3D%271200%27%20height%3D%27900%27%20viewBox%3D%270%200%201200%20900%27%3E%3Crect%20width%3D%271200%27%20height%3D%27900%27%20fill-opacity%3D%220%22%2F%3E%3C%2Fsvg%3E\" data-srcset=\"https:\/\/www.carroaluguel.com\/blog\/wp-content\/uploads\/2023\/09\/joanopolis-200x150.webp 200w, https:\/\/www.carroaluguel.com\/blog\/wp-content\/uploads\/2023\/09\/joanopolis-300x225.webp 300w, https:\/\/www.carroaluguel.com\/blog\/wp-content\/uploads\/2023\/09\/joanopolis-400x300.webp 400w, https:\/\/www.carroaluguel.com\/blog\/wp-content\/uploads\/2023\/09\/joanopolis-600x450.webp 600w, https:\/\/www.carroaluguel.com\/blog\/wp-content\/uploads\/2023\/09\/joanopolis-768x576.webp 768w, https:\/\/www.carroaluguel.com\/blog\/wp-content\/uploads\/2023\/09\/joanopolis-800x600.webp 800w, https:\/\/www.carroaluguel.com\/blog\/wp-content\/uploads\/2023\/09\/joanopolis-1024x768.webp 1024w, https:\/\/www.carroaluguel.com\/blog\/wp-content\/uploads\/2023\/09\/joanopolis.webp 1200w\" data-sizes=\"auto\" data-orig-sizes=\"(max-width: 1200px) 100vw, 1200px\" \/><p id=\"caption-attachment-10537\" class=\"wp-caption-text\">Joan\u00f3polis<\/p><\/div>\n<p><span data-contrast=\"none\">J\u00e1 ouviu falar na \u2018Capital do Lobisomem\u2019? Pois ela existe e se chama Joan\u00f3polis. A cidade possui uma das maiores reservas de mata nativa do estado e \u00e9 um atrativo no interior de S\u00e3o Paulo. E \u00e9 em meio a essas florestas e vilas que as lendas sobre a criatura surgiram, espalhando-se ao p\u00e9 da Serra da Mantiqueira. Ali\u00e1s, num dos principais atrativos, a Cachoeira dos Pretos,fica a famosa Casa do Lobisomem. Toda a localidade \u00e9 uma APA (\u00c1rea de Prote\u00e7\u00e3o Ambiental) com ampla infraestrutura para visita\u00e7\u00e3o. A hist\u00f3ria da cachoeira \u00e9 remetida a uma fam\u00edlia portuguesa, Preto de Oliveira, o que deu origem ao nome do bairro e \u00e0 queda d\u2019\u00e1gua.<\/span><span data-ccp-props=\"{&quot;134233117&quot;:false,&quot;134233118&quot;:false,&quot;201341983&quot;:0,&quot;335559738&quot;:0,&quot;335559739&quot;:0,&quot;335559740&quot;:259}\">\u00a0<\/span><\/p>\n<h3 aria-level=\"2\"><b><span data-contrast=\"none\">Ribeir\u00e3o Preto<\/span><\/b><span data-contrast=\"none\">: vibrante capital do interior de S\u00e3o Paulo a 4 horas da capital<\/span><\/h3>\n<div id=\"attachment_10540\" style=\"width: 1210px\" class=\"wp-caption aligncenter\"><img decoding=\"async\" aria-describedby=\"caption-attachment-10540\" class=\"lazyload wp-image-10540 size-full\" src=\"https:\/\/www.carroaluguel.com\/blog\/wp-content\/uploads\/2023\/09\/ribeirao-preto.webp\" data-orig-src=\"https:\/\/www.carroaluguel.com\/blog\/wp-content\/uploads\/2023\/09\/ribeirao-preto.webp\" alt=\"Bairro de Ribeir\u00e3o Preto\" width=\"1200\" height=\"900\" srcset=\"data:image\/svg+xml,%3Csvg%20xmlns%3D%27http%3A%2F%2Fwww.w3.org%2F2000%2Fsvg%27%20width%3D%271200%27%20height%3D%27900%27%20viewBox%3D%270%200%201200%20900%27%3E%3Crect%20width%3D%271200%27%20height%3D%27900%27%20fill-opacity%3D%220%22%2F%3E%3C%2Fsvg%3E\" data-srcset=\"https:\/\/www.carroaluguel.com\/blog\/wp-content\/uploads\/2023\/09\/ribeirao-preto-200x150.webp 200w, https:\/\/www.carroaluguel.com\/blog\/wp-content\/uploads\/2023\/09\/ribeirao-preto-300x225.webp 300w, https:\/\/www.carroaluguel.com\/blog\/wp-content\/uploads\/2023\/09\/ribeirao-preto-400x300.webp 400w, https:\/\/www.carroaluguel.com\/blog\/wp-content\/uploads\/2023\/09\/ribeirao-preto-600x450.webp 600w, https:\/\/www.carroaluguel.com\/blog\/wp-content\/uploads\/2023\/09\/ribeirao-preto-768x576.webp 768w, https:\/\/www.carroaluguel.com\/blog\/wp-content\/uploads\/2023\/09\/ribeirao-preto-800x600.webp 800w, https:\/\/www.carroaluguel.com\/blog\/wp-content\/uploads\/2023\/09\/ribeirao-preto-1024x768.webp 1024w, https:\/\/www.carroaluguel.com\/blog\/wp-content\/uploads\/2023\/09\/ribeirao-preto.webp 1200w\" data-sizes=\"auto\" data-orig-sizes=\"(max-width: 1200px) 100vw, 1200px\" \/><p id=\"caption-attachment-10540\" class=\"wp-caption-text\">Ribeir\u00e3o Preto<\/p><\/div>\n<p><span data-contrast=\"none\">Ribeir\u00e3o Preto \u00e9 fascinante! Por ser uma cidade universit\u00e1ria, possui ampla vida noturna. \u00c9 uma das regi\u00f5es mais pr\u00f3speras do estado. Devido a isso, \u00e9 conhecida como a Calif\u00f3rnia brasileira. O clima quente, t\u00e3o comum o ano todo, assinala o famoso e saboroso chope gelado. Ali\u00e1s, a cidade conta com diversos bares e cervejarias renomadas. E as op\u00e7\u00f5es gastron\u00f4micas s\u00e3o muitas. Sua vida cultural \u00e9 outra caracter\u00edstica singular, com seus museus e galerias de arte, al\u00e9m dos teatros que garantem espet\u00e1culos oriundos de outras cidades. Ou seja, ali se entrela\u00e7am sabores, diversidade cultural e momentos inesquec\u00edveis.<\/span><span data-ccp-props=\"{&quot;134233117&quot;:false,&quot;134233118&quot;:false,&quot;201341983&quot;:0,&quot;335559738&quot;:0,&quot;335559739&quot;:0,&quot;335559740&quot;:259}\">\u00a0<\/span><\/p>\n<h3><b><span data-contrast=\"none\">Jaguari\u00fana<\/span><\/b><span data-contrast=\"none\">: 2h de S\u00e3o Paulo para conhecer uma das maiores festas de rodeio do pa\u00eds<\/span><span data-ccp-props=\"{&quot;134245418&quot;:true,&quot;134245529&quot;:true,&quot;201341983&quot;:0,&quot;335559738&quot;:40,&quot;335559739&quot;:0,&quot;335559740&quot;:259}\">\u00a0<\/span><\/h3>\n<div id=\"attachment_10536\" style=\"width: 1210px\" class=\"wp-caption aligncenter\"><img decoding=\"async\" aria-describedby=\"caption-attachment-10536\" class=\"lazyload wp-image-10536 size-full\" src=\"https:\/\/www.carroaluguel.com\/blog\/wp-content\/uploads\/2023\/09\/jaguariuna.webp\" data-orig-src=\"https:\/\/www.carroaluguel.com\/blog\/wp-content\/uploads\/2023\/09\/jaguariuna.webp\" alt=\"Trem Maria-fuma\u00e7a em Jaguari\u00fana\" width=\"1200\" height=\"900\" srcset=\"data:image\/svg+xml,%3Csvg%20xmlns%3D%27http%3A%2F%2Fwww.w3.org%2F2000%2Fsvg%27%20width%3D%271200%27%20height%3D%27900%27%20viewBox%3D%270%200%201200%20900%27%3E%3Crect%20width%3D%271200%27%20height%3D%27900%27%20fill-opacity%3D%220%22%2F%3E%3C%2Fsvg%3E\" data-srcset=\"https:\/\/www.carroaluguel.com\/blog\/wp-content\/uploads\/2023\/09\/jaguariuna-200x150.webp 200w, https:\/\/www.carroaluguel.com\/blog\/wp-content\/uploads\/2023\/09\/jaguariuna-300x225.webp 300w, https:\/\/www.carroaluguel.com\/blog\/wp-content\/uploads\/2023\/09\/jaguariuna-400x300.webp 400w, https:\/\/www.carroaluguel.com\/blog\/wp-content\/uploads\/2023\/09\/jaguariuna-600x450.webp 600w, https:\/\/www.carroaluguel.com\/blog\/wp-content\/uploads\/2023\/09\/jaguariuna-768x576.webp 768w, https:\/\/www.carroaluguel.com\/blog\/wp-content\/uploads\/2023\/09\/jaguariuna-800x600.webp 800w, https:\/\/www.carroaluguel.com\/blog\/wp-content\/uploads\/2023\/09\/jaguariuna-1024x768.webp 1024w, https:\/\/www.carroaluguel.com\/blog\/wp-content\/uploads\/2023\/09\/jaguariuna.webp 1200w\" data-sizes=\"auto\" data-orig-sizes=\"(max-width: 1200px) 100vw, 1200px\" \/><p id=\"caption-attachment-10536\" class=\"wp-caption-text\">Jaguari\u00fana<\/p><\/div>\n<p style=\"text-align: left;\"><span data-contrast=\"none\">Jaguari\u00fana segue intoc\u00e1vel no Mapa do Circuito Nacional de Rodeios e j\u00e1 realiza o evento h\u00e1 mais de 20 anos. Pr\u00f3xima a Campinas, tem sido um \u00f3timo destino tur\u00edstico para quem desbrava o interior. O centro cultural da cidade abriga a antiga esta\u00e7\u00e3o ferrovi\u00e1ria. Restaurado, do local sai o passeio de Maria-fuma\u00e7a. Jaguari\u00fana tamb\u00e9m \u00e9 conhecida pelos parques e pra\u00e7as. Portanto, vale as visitas ao Parque dos Lagos (com seus pedalinhos e jardins), Parque Linear (com academias ao ar livre, corredor ecol\u00f3gico, ciclovia) e a Pra\u00e7a dos Imigrantes (homenagem aos povos italianos e portugueses).<\/span><span data-ccp-props=\"{&quot;134233117&quot;:false,&quot;134233118&quot;:false,&quot;201341983&quot;:0,&quot;335559738&quot;:0,&quot;335559739&quot;:0,&quot;335559740&quot;:259}\">\u00a0<\/span><\/p>\n<h3 aria-level=\"2\"><b><span data-contrast=\"none\">Monte Alegre do Sul<\/span><\/b><span data-contrast=\"none\">: o ic\u00f4nico circuito das \u00e1guas no interior de S\u00e3o Paulo<\/span><span data-ccp-props=\"{&quot;134245418&quot;:true,&quot;134245529&quot;:true,&quot;201341983&quot;:0,&quot;335559738&quot;:40,&quot;335559739&quot;:0,&quot;335559740&quot;:259}\">\u00a0<\/span><\/h3>\n<div id=\"attachment_10538\" style=\"width: 1210px\" class=\"wp-caption aligncenter\"><img decoding=\"async\" aria-describedby=\"caption-attachment-10538\" class=\"lazyload wp-image-10538 size-full\" src=\"https:\/\/www.carroaluguel.com\/blog\/wp-content\/uploads\/2023\/09\/monte-alegre-do-sul.webp\" data-orig-src=\"https:\/\/www.carroaluguel.com\/blog\/wp-content\/uploads\/2023\/09\/monte-alegre-do-sul.webp\" alt=\"P\u00f3rtico de entrada para a cidade de Monte Alegre do Sul\" width=\"1200\" height=\"900\" srcset=\"data:image\/svg+xml,%3Csvg%20xmlns%3D%27http%3A%2F%2Fwww.w3.org%2F2000%2Fsvg%27%20width%3D%271200%27%20height%3D%27900%27%20viewBox%3D%270%200%201200%20900%27%3E%3Crect%20width%3D%271200%27%20height%3D%27900%27%20fill-opacity%3D%220%22%2F%3E%3C%2Fsvg%3E\" data-srcset=\"https:\/\/www.carroaluguel.com\/blog\/wp-content\/uploads\/2023\/09\/monte-alegre-do-sul-200x150.webp 200w, https:\/\/www.carroaluguel.com\/blog\/wp-content\/uploads\/2023\/09\/monte-alegre-do-sul-300x225.webp 300w, https:\/\/www.carroaluguel.com\/blog\/wp-content\/uploads\/2023\/09\/monte-alegre-do-sul-400x300.webp 400w, https:\/\/www.carroaluguel.com\/blog\/wp-content\/uploads\/2023\/09\/monte-alegre-do-sul-600x450.webp 600w, https:\/\/www.carroaluguel.com\/blog\/wp-content\/uploads\/2023\/09\/monte-alegre-do-sul-768x576.webp 768w, https:\/\/www.carroaluguel.com\/blog\/wp-content\/uploads\/2023\/09\/monte-alegre-do-sul-800x600.webp 800w, https:\/\/www.carroaluguel.com\/blog\/wp-content\/uploads\/2023\/09\/monte-alegre-do-sul-1024x768.webp 1024w, https:\/\/www.carroaluguel.com\/blog\/wp-content\/uploads\/2023\/09\/monte-alegre-do-sul.webp 1200w\" data-sizes=\"auto\" data-orig-sizes=\"(max-width: 1200px) 100vw, 1200px\" \/><p id=\"caption-attachment-10538\" class=\"wp-caption-text\">Monte Alegre do Sul<\/p><\/div>\n<p><span data-contrast=\"none\">Pr\u00f3xima a Serra Negra, Monte Alegre do Sul tamb\u00e9m se qualifica pelo clima bastante agrad\u00e1vel. Na regi\u00e3o, os visitantes podem se beneficiar com a ampla presen\u00e7a de suas \u00e1guas, tanto para relaxamento quanto para o tratamento de doen\u00e7as. No que se refere \u00e0 hist\u00f3ria, as linhas f\u00e9rreas foram de extrema import\u00e2ncia para a cidade. Isso pode ser observado no Projeto Mem\u00f3ria, que faz uma viagem inesquec\u00edvel no tempo, levando-nos inclusive \u00e0 \u00e9poca da Maria-fuma\u00e7a. Quem busca momentos instagram\u00e1veis e belas fotografias, a dica \u00e9 o Morro do Cruzeiro e sua vista maravilhosa.<\/span><span data-ccp-props=\"{&quot;134233117&quot;:false,&quot;134233118&quot;:false,&quot;201341983&quot;:0,&quot;335559738&quot;:0,&quot;335559739&quot;:0,&quot;335559740&quot;:259}\">\u00a0<\/span><\/p>\n<h3 aria-level=\"2\"><b><span data-contrast=\"none\">Indaiatuba<\/span><\/b><span data-contrast=\"none\">: 1h30 separam S\u00e3o Paulo de um dos principais polos econ\u00f4micos do interior<\/span><span data-ccp-props=\"{&quot;134245418&quot;:true,&quot;134245529&quot;:true,&quot;201341983&quot;:0,&quot;335559738&quot;:40,&quot;335559739&quot;:0,&quot;335559740&quot;:259}\">\u00a0<\/span><\/h3>\n<div id=\"attachment_10534\" style=\"width: 1210px\" class=\"wp-caption aligncenter\"><img decoding=\"async\" aria-describedby=\"caption-attachment-10534\" class=\"lazyload wp-image-10534 size-full\" src=\"https:\/\/www.carroaluguel.com\/blog\/wp-content\/uploads\/2023\/09\/indaiatuba.webp\" data-orig-src=\"https:\/\/www.carroaluguel.com\/blog\/wp-content\/uploads\/2023\/09\/indaiatuba.webp\" alt=\"Parque Ecol\u00f3gico em Indaiatuba\" width=\"1200\" height=\"900\" srcset=\"data:image\/svg+xml,%3Csvg%20xmlns%3D%27http%3A%2F%2Fwww.w3.org%2F2000%2Fsvg%27%20width%3D%271200%27%20height%3D%27900%27%20viewBox%3D%270%200%201200%20900%27%3E%3Crect%20width%3D%271200%27%20height%3D%27900%27%20fill-opacity%3D%220%22%2F%3E%3C%2Fsvg%3E\" data-srcset=\"https:\/\/www.carroaluguel.com\/blog\/wp-content\/uploads\/2023\/09\/indaiatuba-200x150.webp 200w, https:\/\/www.carroaluguel.com\/blog\/wp-content\/uploads\/2023\/09\/indaiatuba-300x225.webp 300w, https:\/\/www.carroaluguel.com\/blog\/wp-content\/uploads\/2023\/09\/indaiatuba-400x300.webp 400w, https:\/\/www.carroaluguel.com\/blog\/wp-content\/uploads\/2023\/09\/indaiatuba-600x450.webp 600w, https:\/\/www.carroaluguel.com\/blog\/wp-content\/uploads\/2023\/09\/indaiatuba-768x576.webp 768w, https:\/\/www.carroaluguel.com\/blog\/wp-content\/uploads\/2023\/09\/indaiatuba-800x600.webp 800w, https:\/\/www.carroaluguel.com\/blog\/wp-content\/uploads\/2023\/09\/indaiatuba-1024x768.webp 1024w, https:\/\/www.carroaluguel.com\/blog\/wp-content\/uploads\/2023\/09\/indaiatuba.webp 1200w\" data-sizes=\"auto\" data-orig-sizes=\"(max-width: 1200px) 100vw, 1200px\" \/><p id=\"caption-attachment-10534\" class=\"wp-caption-text\">Indaiatuba<\/p><\/div>\n<p><span data-contrast=\"none\">Sabe qual \u00e9 o lema de Indaiatuba? \u2018<\/span><i><span data-contrast=\"none\">Nosso sol tem calor de amizade<\/span><\/i><span data-contrast=\"none\">\u2019. Isso \u00e9 fato: a cidade entrega o clima ideal para quem deseja momentos amistosos. Repleta de bares e op\u00e7\u00f5es gastron\u00f4micas para investidas noturnas, durante o dia \u00e9 poss\u00edvel visitar o Parque Ecol\u00f3gico (que corta a cidade em 80% de sua totalidade) e o Parque Tem\u00e1tico (anexado a ele), com animais gigantes de fibra compondo a paisagem. J\u00e1 no Casar\u00e3o Pau Preto est\u00e3o a Biblioteca P\u00fablica, a Funda\u00e7\u00e3o Pr\u00f3-Mem\u00f3ria e o Museu Municipal. O Museu Ferrovi\u00e1rio \u00e9 outro atrativo bastante visitado. Situada ao lado do aeroporto de Viracopos, Indaiatuba tem se destacado como um dos principais polos econ\u00f4micos do interior.<\/span><\/p>\n<h2 aria-level=\"1\"><span data-contrast=\"none\">Interior de S\u00e3o Paulo: muito a oferecer!<\/span><span data-ccp-props=\"{&quot;134245418&quot;:true,&quot;134245529&quot;:true,&quot;201341983&quot;:0,&quot;335559738&quot;:240,&quot;335559739&quot;:0,&quot;335559740&quot;:259}\">\u00a0<\/span><\/h2>\n<p><span data-contrast=\"none\">Notou como n\u00e3o h\u00e1 necessidade de percorrer longas dist\u00e2ncias no intuito de eliminar o estresse? Os <\/span><b><span data-contrast=\"none\">15 lugares para conhecer no interior de S\u00e3o Paulo<\/span><\/b><span data-contrast=\"none\"> por si s\u00f3 trazem caracter\u00edsticas \u00fanicas, tanto para quem precisa relaxar quanto para os que buscam por uma rotina diversificada.<\/span><span data-ccp-props=\"{&quot;134233117&quot;:false,&quot;134233118&quot;:false,&quot;201341983&quot;:0,&quot;335559738&quot;:0,&quot;335559739&quot;:0,&quot;335559740&quot;:259}\">\u00a0<\/span><\/p>\n<p><span data-contrast=\"none\">E se voc\u00ea deseja um merecido descanso, por\u00e9m, n\u00e3o abre m\u00e3o da comodidade, que tal optar pelo <\/span><b><span data-contrast=\"none\">aluguel de carro<\/span><\/b><span data-contrast=\"none\"> ao idealizar um desses destinos? A <\/span><strong><a href=\"http:\/\/www.carroaluguel.com\/\">www.carroaluguel.com<\/a><\/strong><span data-contrast=\"none\"> \u00e9 a rota certa para quem quer economia e conforto, com parcelamento em at\u00e9 10x sem juros, pagamento somente na retirada do ve\u00edculo e a garantia do melhor pre\u00e7o e disponibilidade. Visite o site e fa\u00e7a voc\u00ea mesmo a compara\u00e7\u00e3o, optando pela prote\u00e7\u00e3o e conveni\u00eancia em todos os momentos das suas viagens!<\/span><span data-ccp-props=\"{&quot;134233117&quot;:false,&quot;134233118&quot;:false,&quot;201341983&quot;:0,&quot;335559738&quot;:0,&quot;335559739&quot;:0,&quot;335559740&quot;:259}\">\u00a0<\/span><\/p>\n<p>&nbsp;<\/p>\n","protected":false},"excerpt":{"rendered":"<p>A rotina agitada na capital paulista tem tirado seu sono  [&#8230;]<\/p>\n","protected":false},"author":1,"featured_media":10548,"comment_status":"open","ping_status":"open","sticky":false,"template":"","format":"standard","meta":{"footnotes":""},"categories":[317],"tags":[],"class_list":["post-9571","post","type-post","status-publish","format-standard","has-post-thumbnail","hentry","category-dicas-para-viajar"],"yoast_head":"<!-- This site is optimized with the Yoast SEO plugin v27.5 - https:\/\/yoast.com\/product\/yoast-seo-wordpress\/ -->\n<title>15 lugares para conhecer no interior de S\u00e3o Paulo<\/title>\n<meta name=\"description\" content=\"Descubra 15 lugares para conhecer no interior de S\u00e3o Paulo ao lado de amigos, familiares. E escape, por um momento, da vida agitada.\" \/>\n<meta name=\"robots\" content=\"index, follow, max-snippet:-1, max-image-preview:large, max-video-preview:-1\" \/>\n<link rel=\"canonical\" href=\"https:\/\/www.carroaluguel.com\/blog\/15-lugares-para-conher-no-interior-de-sao-paulo\/\" \/>\n<meta property=\"og:locale\" content=\"pt_BR\" \/>\n<meta property=\"og:type\" content=\"article\" \/>\n<meta property=\"og:title\" content=\"15 lugares para conhecer no interior de S\u00e3o Paulo\" \/>\n<meta property=\"og:description\" content=\"Descubra 15 lugares para conhecer no interior de S\u00e3o Paulo ao lado de amigos, familiares. E escape, por um momento, da vida agitada.\" \/>\n<meta property=\"og:url\" content=\"https:\/\/www.carroaluguel.com\/blog\/15-lugares-para-conher-no-interior-de-sao-paulo\/\" \/>\n<meta property=\"og:site_name\" content=\"Blog CarroAluguel\" \/>\n<meta property=\"article:publisher\" content=\"https:\/\/www.facebook.com\/CarroAluguelBR\" \/>\n<meta property=\"article:published_time\" content=\"2023-08-02T13:00:29+00:00\" \/>\n<meta property=\"article:modified_time\" content=\"2023-09-22T12:33:52+00:00\" \/>\n<meta property=\"og:image\" content=\"https:\/\/www.carroaluguel.com\/blog\/wp-content\/uploads\/2023\/09\/capa.webp\" \/>\n\t<meta property=\"og:image:width\" content=\"1920\" \/>\n\t<meta property=\"og:image:height\" content=\"1440\" \/>\n\t<meta property=\"og:image:type\" content=\"image\/webp\" \/>\n<meta name=\"author\" content=\"blog\" \/>\n<meta name=\"twitter:card\" content=\"summary_large_image\" \/>\n<meta name=\"twitter:creator\" content=\"@CarroAluguel\" \/>\n<meta name=\"twitter:site\" content=\"@CarroAluguel\" \/>\n<meta name=\"twitter:label1\" content=\"Escrito por\" \/>\n\t<meta name=\"twitter:data1\" content=\"blog\" \/>\n\t<meta name=\"twitter:label2\" content=\"Est. tempo de leitura\" \/>\n\t<meta name=\"twitter:data2\" content=\"15 minutos\" \/>\n<script type=\"application\/ld+json\" class=\"yoast-schema-graph\">{\"@context\":\"https:\\\/\\\/schema.org\",\"@graph\":[{\"@type\":\"Article\",\"@id\":\"https:\\\/\\\/www.carroaluguel.com\\\/blog\\\/15-lugares-para-conher-no-interior-de-sao-paulo\\\/#article\",\"isPartOf\":{\"@id\":\"https:\\\/\\\/www.carroaluguel.com\\\/blog\\\/15-lugares-para-conher-no-interior-de-sao-paulo\\\/\"},\"author\":{\"name\":\"blog\",\"@id\":\"https:\\\/\\\/www.carroaluguel.com\\\/blog\\\/#\\\/schema\\\/person\\\/693414c3b2423315cf90fb75439be0e1\"},\"headline\":\"15 lugares para conhecer no interior de S\u00e3o Paulo\",\"datePublished\":\"2023-08-02T13:00:29+00:00\",\"dateModified\":\"2023-09-22T12:33:52+00:00\",\"mainEntityOfPage\":{\"@id\":\"https:\\\/\\\/www.carroaluguel.com\\\/blog\\\/15-lugares-para-conher-no-interior-de-sao-paulo\\\/\"},\"wordCount\":2246,\"commentCount\":3,\"publisher\":{\"@id\":\"https:\\\/\\\/www.carroaluguel.com\\\/blog\\\/#organization\"},\"image\":{\"@id\":\"https:\\\/\\\/www.carroaluguel.com\\\/blog\\\/15-lugares-para-conher-no-interior-de-sao-paulo\\\/#primaryimage\"},\"thumbnailUrl\":\"https:\\\/\\\/www.carroaluguel.com\\\/blog\\\/wp-content\\\/uploads\\\/2023\\\/09\\\/capa.webp\",\"articleSection\":[\"Dicas para Viajar\"],\"inLanguage\":\"pt-BR\",\"potentialAction\":[{\"@type\":\"CommentAction\",\"name\":\"Comment\",\"target\":[\"https:\\\/\\\/www.carroaluguel.com\\\/blog\\\/15-lugares-para-conher-no-interior-de-sao-paulo\\\/#respond\"]}]},{\"@type\":\"WebPage\",\"@id\":\"https:\\\/\\\/www.carroaluguel.com\\\/blog\\\/15-lugares-para-conher-no-interior-de-sao-paulo\\\/\",\"url\":\"https:\\\/\\\/www.carroaluguel.com\\\/blog\\\/15-lugares-para-conher-no-interior-de-sao-paulo\\\/\",\"name\":\"15 lugares para conhecer no interior de S\u00e3o Paulo\",\"isPartOf\":{\"@id\":\"https:\\\/\\\/www.carroaluguel.com\\\/blog\\\/#website\"},\"primaryImageOfPage\":{\"@id\":\"https:\\\/\\\/www.carroaluguel.com\\\/blog\\\/15-lugares-para-conher-no-interior-de-sao-paulo\\\/#primaryimage\"},\"image\":{\"@id\":\"https:\\\/\\\/www.carroaluguel.com\\\/blog\\\/15-lugares-para-conher-no-interior-de-sao-paulo\\\/#primaryimage\"},\"thumbnailUrl\":\"https:\\\/\\\/www.carroaluguel.com\\\/blog\\\/wp-content\\\/uploads\\\/2023\\\/09\\\/capa.webp\",\"datePublished\":\"2023-08-02T13:00:29+00:00\",\"dateModified\":\"2023-09-22T12:33:52+00:00\",\"description\":\"Descubra 15 lugares para conhecer no interior de S\u00e3o Paulo ao lado de amigos, familiares. E escape, por um momento, da vida agitada.\",\"breadcrumb\":{\"@id\":\"https:\\\/\\\/www.carroaluguel.com\\\/blog\\\/15-lugares-para-conher-no-interior-de-sao-paulo\\\/#breadcrumb\"},\"inLanguage\":\"pt-BR\",\"potentialAction\":[{\"@type\":\"ReadAction\",\"target\":[\"https:\\\/\\\/www.carroaluguel.com\\\/blog\\\/15-lugares-para-conher-no-interior-de-sao-paulo\\\/\"]}]},{\"@type\":\"ImageObject\",\"inLanguage\":\"pt-BR\",\"@id\":\"https:\\\/\\\/www.carroaluguel.com\\\/blog\\\/15-lugares-para-conher-no-interior-de-sao-paulo\\\/#primaryimage\",\"url\":\"https:\\\/\\\/www.carroaluguel.com\\\/blog\\\/wp-content\\\/uploads\\\/2023\\\/09\\\/capa.webp\",\"contentUrl\":\"https:\\\/\\\/www.carroaluguel.com\\\/blog\\\/wp-content\\\/uploads\\\/2023\\\/09\\\/capa.webp\",\"width\":1920,\"height\":1440,\"caption\":\"Mirante do Cristo, pr\u00e9dios e turistas em \u00c1guas de Lind\u00f3ia\"},{\"@type\":\"BreadcrumbList\",\"@id\":\"https:\\\/\\\/www.carroaluguel.com\\\/blog\\\/15-lugares-para-conher-no-interior-de-sao-paulo\\\/#breadcrumb\",\"itemListElement\":[{\"@type\":\"ListItem\",\"position\":1,\"name\":\"Home\",\"item\":\"https:\\\/\\\/www.carroaluguel.com\\\/blog\\\/\"},{\"@type\":\"ListItem\",\"position\":2,\"name\":\"Dicas\",\"item\":\"https:\\\/\\\/www.carroaluguel.com\\\/blog\\\/category\\\/dicas\\\/\"},{\"@type\":\"ListItem\",\"position\":3,\"name\":\"Dicas para Viajar\",\"item\":\"https:\\\/\\\/www.carroaluguel.com\\\/blog\\\/category\\\/dicas\\\/dicas-para-viajar\\\/\"},{\"@type\":\"ListItem\",\"position\":4,\"name\":\"15 lugares para conhecer no interior de S\u00e3o Paulo\"}]},{\"@type\":\"WebSite\",\"@id\":\"https:\\\/\\\/www.carroaluguel.com\\\/blog\\\/#website\",\"url\":\"https:\\\/\\\/www.carroaluguel.com\\\/blog\\\/\",\"name\":\"Blog CarroAluguel\",\"description\":\"\",\"publisher\":{\"@id\":\"https:\\\/\\\/www.carroaluguel.com\\\/blog\\\/#organization\"},\"potentialAction\":[{\"@type\":\"SearchAction\",\"target\":{\"@type\":\"EntryPoint\",\"urlTemplate\":\"https:\\\/\\\/www.carroaluguel.com\\\/blog\\\/?s={search_term_string}\"},\"query-input\":{\"@type\":\"PropertyValueSpecification\",\"valueRequired\":true,\"valueName\":\"search_term_string\"}}],\"inLanguage\":\"pt-BR\"},{\"@type\":\"Organization\",\"@id\":\"https:\\\/\\\/www.carroaluguel.com\\\/blog\\\/#organization\",\"name\":\"CarroAluguel.com\",\"url\":\"https:\\\/\\\/www.carroaluguel.com\\\/blog\\\/\",\"logo\":{\"@type\":\"ImageObject\",\"inLanguage\":\"pt-BR\",\"@id\":\"https:\\\/\\\/www.carroaluguel.com\\\/blog\\\/#\\\/schema\\\/logo\\\/image\\\/\",\"url\":\"https:\\\/\\\/www.carroaluguel.com\\\/blog\\\/wp-content\\\/uploads\\\/2023\\\/08\\\/logo-carro-aluguel-BLOG-200x54-1.png\",\"contentUrl\":\"https:\\\/\\\/www.carroaluguel.com\\\/blog\\\/wp-content\\\/uploads\\\/2023\\\/08\\\/logo-carro-aluguel-BLOG-200x54-1.png\",\"width\":200,\"height\":54,\"caption\":\"CarroAluguel.com\"},\"image\":{\"@id\":\"https:\\\/\\\/www.carroaluguel.com\\\/blog\\\/#\\\/schema\\\/logo\\\/image\\\/\"},\"sameAs\":[\"https:\\\/\\\/www.facebook.com\\\/CarroAluguelBR\",\"https:\\\/\\\/x.com\\\/CarroAluguel\",\"https:\\\/\\\/www.instagram.com\\\/carroaluguel\\\/\"]},{\"@type\":\"Person\",\"@id\":\"https:\\\/\\\/www.carroaluguel.com\\\/blog\\\/#\\\/schema\\\/person\\\/693414c3b2423315cf90fb75439be0e1\",\"name\":\"blog\",\"image\":{\"@type\":\"ImageObject\",\"inLanguage\":\"pt-BR\",\"@id\":\"https:\\\/\\\/secure.gravatar.com\\\/avatar\\\/b8a3d64fc0b21db017f462a77f2c79b24cf3db4426d602430441f37f7d2ac037?s=96&d=mm&r=g\",\"url\":\"https:\\\/\\\/secure.gravatar.com\\\/avatar\\\/b8a3d64fc0b21db017f462a77f2c79b24cf3db4426d602430441f37f7d2ac037?s=96&d=mm&r=g\",\"contentUrl\":\"https:\\\/\\\/secure.gravatar.com\\\/avatar\\\/b8a3d64fc0b21db017f462a77f2c79b24cf3db4426d602430441f37f7d2ac037?s=96&d=mm&r=g\",\"caption\":\"blog\"},\"sameAs\":[\"https:\\\/\\\/carroaluguel.com\\\/blog\"],\"url\":\"https:\\\/\\\/www.carroaluguel.com\\\/blog\\\/author\\\/blog\\\/\"}]}<\/script>\n<!-- \/ Yoast SEO plugin. -->","yoast_head_json":{"title":"15 lugares para conhecer no interior de S\u00e3o Paulo","description":"Descubra 15 lugares para conhecer no interior de S\u00e3o Paulo ao lado de amigos, familiares. E escape, por um momento, da vida agitada.","robots":{"index":"index","follow":"follow","max-snippet":"max-snippet:-1","max-image-preview":"max-image-preview:large","max-video-preview":"max-video-preview:-1"},"canonical":"https:\/\/www.carroaluguel.com\/blog\/15-lugares-para-conher-no-interior-de-sao-paulo\/","og_locale":"pt_BR","og_type":"article","og_title":"15 lugares para conhecer no interior de S\u00e3o Paulo","og_description":"Descubra 15 lugares para conhecer no interior de S\u00e3o Paulo ao lado de amigos, familiares. E escape, por um momento, da vida agitada.","og_url":"https:\/\/www.carroaluguel.com\/blog\/15-lugares-para-conher-no-interior-de-sao-paulo\/","og_site_name":"Blog CarroAluguel","article_publisher":"https:\/\/www.facebook.com\/CarroAluguelBR","article_published_time":"2023-08-02T13:00:29+00:00","article_modified_time":"2023-09-22T12:33:52+00:00","og_image":[{"width":1920,"height":1440,"url":"https:\/\/www.carroaluguel.com\/blog\/wp-content\/uploads\/2023\/09\/capa.webp","type":"image\/webp"}],"author":"blog","twitter_card":"summary_large_image","twitter_creator":"@CarroAluguel","twitter_site":"@CarroAluguel","twitter_misc":{"Escrito por":"blog","Est. tempo de leitura":"15 minutos"},"schema":{"@context":"https:\/\/schema.org","@graph":[{"@type":"Article","@id":"https:\/\/www.carroaluguel.com\/blog\/15-lugares-para-conher-no-interior-de-sao-paulo\/#article","isPartOf":{"@id":"https:\/\/www.carroaluguel.com\/blog\/15-lugares-para-conher-no-interior-de-sao-paulo\/"},"author":{"name":"blog","@id":"https:\/\/www.carroaluguel.com\/blog\/#\/schema\/person\/693414c3b2423315cf90fb75439be0e1"},"headline":"15 lugares para conhecer no interior de S\u00e3o Paulo","datePublished":"2023-08-02T13:00:29+00:00","dateModified":"2023-09-22T12:33:52+00:00","mainEntityOfPage":{"@id":"https:\/\/www.carroaluguel.com\/blog\/15-lugares-para-conher-no-interior-de-sao-paulo\/"},"wordCount":2246,"commentCount":3,"publisher":{"@id":"https:\/\/www.carroaluguel.com\/blog\/#organization"},"image":{"@id":"https:\/\/www.carroaluguel.com\/blog\/15-lugares-para-conher-no-interior-de-sao-paulo\/#primaryimage"},"thumbnailUrl":"https:\/\/www.carroaluguel.com\/blog\/wp-content\/uploads\/2023\/09\/capa.webp","articleSection":["Dicas para Viajar"],"inLanguage":"pt-BR","potentialAction":[{"@type":"CommentAction","name":"Comment","target":["https:\/\/www.carroaluguel.com\/blog\/15-lugares-para-conher-no-interior-de-sao-paulo\/#respond"]}]},{"@type":"WebPage","@id":"https:\/\/www.carroaluguel.com\/blog\/15-lugares-para-conher-no-interior-de-sao-paulo\/","url":"https:\/\/www.carroaluguel.com\/blog\/15-lugares-para-conher-no-interior-de-sao-paulo\/","name":"15 lugares para conhecer no interior de S\u00e3o Paulo","isPartOf":{"@id":"https:\/\/www.carroaluguel.com\/blog\/#website"},"primaryImageOfPage":{"@id":"https:\/\/www.carroaluguel.com\/blog\/15-lugares-para-conher-no-interior-de-sao-paulo\/#primaryimage"},"image":{"@id":"https:\/\/www.carroaluguel.com\/blog\/15-lugares-para-conher-no-interior-de-sao-paulo\/#primaryimage"},"thumbnailUrl":"https:\/\/www.carroaluguel.com\/blog\/wp-content\/uploads\/2023\/09\/capa.webp","datePublished":"2023-08-02T13:00:29+00:00","dateModified":"2023-09-22T12:33:52+00:00","description":"Descubra 15 lugares para conhecer no interior de S\u00e3o Paulo ao lado de amigos, familiares. E escape, por um momento, da vida agitada.","breadcrumb":{"@id":"https:\/\/www.carroaluguel.com\/blog\/15-lugares-para-conher-no-interior-de-sao-paulo\/#breadcrumb"},"inLanguage":"pt-BR","potentialAction":[{"@type":"ReadAction","target":["https:\/\/www.carroaluguel.com\/blog\/15-lugares-para-conher-no-interior-de-sao-paulo\/"]}]},{"@type":"ImageObject","inLanguage":"pt-BR","@id":"https:\/\/www.carroaluguel.com\/blog\/15-lugares-para-conher-no-interior-de-sao-paulo\/#primaryimage","url":"https:\/\/www.carroaluguel.com\/blog\/wp-content\/uploads\/2023\/09\/capa.webp","contentUrl":"https:\/\/www.carroaluguel.com\/blog\/wp-content\/uploads\/2023\/09\/capa.webp","width":1920,"height":1440,"caption":"Mirante do Cristo, pr\u00e9dios e turistas em \u00c1guas de Lind\u00f3ia"},{"@type":"BreadcrumbList","@id":"https:\/\/www.carroaluguel.com\/blog\/15-lugares-para-conher-no-interior-de-sao-paulo\/#breadcrumb","itemListElement":[{"@type":"ListItem","position":1,"name":"Home","item":"https:\/\/www.carroaluguel.com\/blog\/"},{"@type":"ListItem","position":2,"name":"Dicas","item":"https:\/\/www.carroaluguel.com\/blog\/category\/dicas\/"},{"@type":"ListItem","position":3,"name":"Dicas para Viajar","item":"https:\/\/www.carroaluguel.com\/blog\/category\/dicas\/dicas-para-viajar\/"},{"@type":"ListItem","position":4,"name":"15 lugares para conhecer no interior de S\u00e3o Paulo"}]},{"@type":"WebSite","@id":"https:\/\/www.carroaluguel.com\/blog\/#website","url":"https:\/\/www.carroaluguel.com\/blog\/","name":"Blog CarroAluguel","description":"","publisher":{"@id":"https:\/\/www.carroaluguel.com\/blog\/#organization"},"potentialAction":[{"@type":"SearchAction","target":{"@type":"EntryPoint","urlTemplate":"https:\/\/www.carroaluguel.com\/blog\/?s={search_term_string}"},"query-input":{"@type":"PropertyValueSpecification","valueRequired":true,"valueName":"search_term_string"}}],"inLanguage":"pt-BR"},{"@type":"Organization","@id":"https:\/\/www.carroaluguel.com\/blog\/#organization","name":"CarroAluguel.com","url":"https:\/\/www.carroaluguel.com\/blog\/","logo":{"@type":"ImageObject","inLanguage":"pt-BR","@id":"https:\/\/www.carroaluguel.com\/blog\/#\/schema\/logo\/image\/","url":"https:\/\/www.carroaluguel.com\/blog\/wp-content\/uploads\/2023\/08\/logo-carro-aluguel-BLOG-200x54-1.png","contentUrl":"https:\/\/www.carroaluguel.com\/blog\/wp-content\/uploads\/2023\/08\/logo-carro-aluguel-BLOG-200x54-1.png","width":200,"height":54,"caption":"CarroAluguel.com"},"image":{"@id":"https:\/\/www.carroaluguel.com\/blog\/#\/schema\/logo\/image\/"},"sameAs":["https:\/\/www.facebook.com\/CarroAluguelBR","https:\/\/x.com\/CarroAluguel","https:\/\/www.instagram.com\/carroaluguel\/"]},{"@type":"Person","@id":"https:\/\/www.carroaluguel.com\/blog\/#\/schema\/person\/693414c3b2423315cf90fb75439be0e1","name":"blog","image":{"@type":"ImageObject","inLanguage":"pt-BR","@id":"https:\/\/secure.gravatar.com\/avatar\/b8a3d64fc0b21db017f462a77f2c79b24cf3db4426d602430441f37f7d2ac037?s=96&d=mm&r=g","url":"https:\/\/secure.gravatar.com\/avatar\/b8a3d64fc0b21db017f462a77f2c79b24cf3db4426d602430441f37f7d2ac037?s=96&d=mm&r=g","contentUrl":"https:\/\/secure.gravatar.com\/avatar\/b8a3d64fc0b21db017f462a77f2c79b24cf3db4426d602430441f37f7d2ac037?s=96&d=mm&r=g","caption":"blog"},"sameAs":["https:\/\/carroaluguel.com\/blog"],"url":"https:\/\/www.carroaluguel.com\/blog\/author\/blog\/"}]}},"_links":{"self":[{"href":"https:\/\/www.carroaluguel.com\/blog\/wp-json\/wp\/v2\/posts\/9571","targetHints":{"allow":["GET"]}}],"collection":[{"href":"https:\/\/www.carroaluguel.com\/blog\/wp-json\/wp\/v2\/posts"}],"about":[{"href":"https:\/\/www.carroaluguel.com\/blog\/wp-json\/wp\/v2\/types\/post"}],"author":[{"embeddable":true,"href":"https:\/\/www.carroaluguel.com\/blog\/wp-json\/wp\/v2\/users\/1"}],"replies":[{"embeddable":true,"href":"https:\/\/www.carroaluguel.com\/blog\/wp-json\/wp\/v2\/comments?post=9571"}],"version-history":[{"count":16,"href":"https:\/\/www.carroaluguel.com\/blog\/wp-json\/wp\/v2\/posts\/9571\/revisions"}],"predecessor-version":[{"id":11066,"href":"https:\/\/www.carroaluguel.com\/blog\/wp-json\/wp\/v2\/posts\/9571\/revisions\/11066"}],"wp:featuredmedia":[{"embeddable":true,"href":"https:\/\/www.carroaluguel.com\/blog\/wp-json\/wp\/v2\/media\/10548"}],"wp:attachment":[{"href":"https:\/\/www.carroaluguel.com\/blog\/wp-json\/wp\/v2\/media?parent=9571"}],"wp:term":[{"taxonomy":"category","embeddable":true,"href":"https:\/\/www.carroaluguel.com\/blog\/wp-json\/wp\/v2\/categories?post=9571"},{"taxonomy":"post_tag","embeddable":true,"href":"https:\/\/www.carroaluguel.com\/blog\/wp-json\/wp\/v2\/tags?post=9571"}],"curies":[{"name":"wp","href":"https:\/\/api.w.org\/{rel}","templated":true}]}}